{"id":12423,"date":"2022-03-28T17:34:53","date_gmt":"2022-03-28T23:34:53","guid":{"rendered":"https:\/\/queretaronetwork.tv\/?p=12423"},"modified":"2022-03-28T17:37:42","modified_gmt":"2022-03-28T23:37:42","slug":"estrechan-lazos-universidades-tecnologicas-y-politecnicas-del-estado-y-la-empresa-siemens","status":"publish","type":"post","link":"https:\/\/queretaronetwork.tv\/estrechan-lazos-universidades-tecnologicas-y-politecnicas-del-estado-y-la-empresa-siemens\/","title":{"rendered":"Estrechan lazos Universidades Tecnol\u00f3gicas y Polit\u00e9cnicas del estado y la empresa SIEMENS"},"content":{"rendered":"<p style=\"text-align: justify;\">Con la firma del convenio entre las Universidades Tecnol\u00f3gicas y Polit\u00e9cnicas del estado de Quer\u00e9taro y la empresa SIEMENS se materializan las ventajas de nuestro modelo de crecimiento de la triple h\u00e9lice, afirm\u00f3 el gobernador, Mauricio Kuri Gonz\u00e1lez; quien enfatiz\u00f3 que, para el gobierno, ir de la mano con las comunidades educativas y productivas representa que vamos juntos, fijando el rumbo del desarrollo de Quer\u00e9taro.<\/p>\n<p style=\"text-align: justify;\">Desde la Universidad Aeron\u00e1utica en Quer\u00e9taro, el mandatario estatal celebr\u00f3 que hoy SIEMENS, una empresa l\u00edder global en tecnolog\u00eda y firmemente enraizada en Quer\u00e9taro, ponga a disposici\u00f3n de las universidades tecnol\u00f3gicas y polit\u00e9cnicas, generosos recursos, su experiencia y liderazgo en innovaci\u00f3n para generar soluciones y herramientas en el campo del conocimiento.<\/p>\n<p style=\"text-align: justify;\">\u201cLe aplaudo y le agradezco de coraz\u00f3n a empresas como Siemens que le est\u00e1 apostando mucho a Quer\u00e9taro\u2026 a las y los estudiantes les digo: no se pongan ning\u00fan techo, la competencia est\u00e1 muy fuerte all\u00e1 afuera\u2026 la triple h\u00e9lice se puso ya en Quer\u00e9taro, ya es una ra\u00edz de los queretanos y hay que apostarle 100 por ciento\u201d, precis\u00f3.<\/p>\n<p style=\"text-align: justify;\">El vicepresidente y gerente general para M\u00e9xico y Centroam\u00e9rica de SIEMENS, Alejandro Canela Mart\u00ednez, celebr\u00f3 que Quer\u00e9taro sea el primer estado que firme esta alianza en todo el pa\u00eds, la cual implica impulsar el desarrollo profesional de docentes y estudiantes de cada una de las universidades firmantes, a trav\u00e9s de la certificaci\u00f3n por medio de la Plataforma Mendix, de manera gratuita.<\/p>\n<p style=\"text-align: justify;\">El rector de la Universidad Aeron\u00e1utica en Quer\u00e9taro, Enrique Gerardo Sosa Guti\u00e9rrez, asever\u00f3 que el convenio que hoy se suscribe permitir\u00e1 que la educaci\u00f3n tecnol\u00f3gica en el estado se oriente hacia las principales tendencias de la industria que es el desarrollo de la plataforma Low Code, l\u00edder en la industria, y con ello reforzar las capacidades del estado en la transici\u00f3n hacia la industria 4.0.<\/p>\n<p style=\"text-align: justify;\">El secretario de Desarrollo Sustentable, Marco Antonio Del Prete Tercero, aplaudi\u00f3 la firma del convenio que permitir\u00e1 potenciar el desarrollo de estudiantes y profesores. A\u00f1adi\u00f3 que esta firma es el reflejo de la Triple H\u00e9lice, a trav\u00e9s de la cual se afina la necesidad de la industria en estrecha colaboraci\u00f3n con la academia y el talento queretano.<\/p>\n<p style=\"text-align: justify;\">La secretaria de Educaci\u00f3n, Martha Elena Soto Obreg\u00f3n, se\u00f1al\u00f3 que a trav\u00e9s de este convenio de colaboraci\u00f3n, se capacitar\u00e1 a 600 estudiantes de diversas universidades y 100 profesores, por lo que en Quer\u00e9taro la Triple H\u00e9lice no es un discurso, es una realidad.<\/p>\n<p style=\"text-align: justify;\">El titular del Poder Ejecutivo estatal fungi\u00f3 como testigo de honor en la firma del convenio de colaboraci\u00f3n entre la Universidad Aeron\u00e1utica en Quer\u00e9taro (UNAQ), la Universidad Tecnol\u00f3gica de Quer\u00e9taro (UTEQ), la Universidad Tecnol\u00f3gica de Corregidora (UTC), la Universidad Tecnol\u00f3gica de San Juan del R\u00edo (UTSJR), la Universidad Polit\u00e9cnica de Quer\u00e9taro (UPQ), la Universidad Polit\u00e9cnica de Santa Rosa J\u00e1uregui (UPSRJ) y representantes de la empresa SIEMENS.<\/p>\n<p style=\"text-align: justify;\">En este marco, el mandatario queretano entreg\u00f3 reconocimientos a docentes de las Universidades Tecnol\u00f3gicas y Polit\u00e9cnicas que participaron en la capacitaci\u00f3n de la empresa Siemens, a trav\u00e9s de la Plataforma Mendix; acto que presenciaron los presidentes municipales de El Marqu\u00e9s, Enrique Vega Carriles; de Col\u00f3n, Manuel Montes Hern\u00e1ndez; los senadores Estrella Rojas Loreto y Alfredo Botello Montes; las secretarias del Trabajo, Liliana San Mart\u00edn Castillo; y de la Juventud, Virginia Hern\u00e1ndez V\u00e1zquez.<\/p>\n","protected":false},"excerpt":{"rendered":"<p>Con la firma del convenio entre las Universidades Tecnol\u00f3gicas y Polit\u00e9cnicas del estado de Quer\u00e9taro y la empresa<\/p>\n","protected":false},"author":2,"featured_media":12424,"comment_status":"open","ping_status":"closed","sticky":false,"template":"","format":"standard","meta":{"jetpack_post_was_ever_published":false,"_jetpack_newsletter_access":"","_jetpack_dont_email_post_to_subs":false,"_jetpack_newsletter_tier_id":0,"_jetpack_memberships_contains_paywalled_content":false,"_jetpack_memberships_contains_paid_content":false,"footnotes":"","jetpack_publicize_message":"","jetpack_publicize_feature_enabled":true,"jetpack_social_post_already_shared":true,"jetpack_social_options":{"image_generator_settings":{"template":"highway","default_image_id":0,"font":"","enabled":false},"version":2}},"categories":[973,102],"tags":[],"class_list":["post-12423","post","type-post","status-publish","format-standard","has-post-thumbnail","hentry","category-estado","category-queretaro"],"yoast_head":"<!-- This site is optimized with the Yoast SEO plugin v26.4 - https:\/\/yoast.com\/wordpress\/plugins\/seo\/ -->\n<title>Estrechan lazos Universidades Tecnol\u00f3gicas y Polit\u00e9cnicas del estado y la empresa SIEMENS -<\/title>\n<meta name=\"description\" content=\"Con la firma del convenio entre las Universidades Tecnol\u00f3gicas y Polit\u00e9cnicas del estado de Quer\u00e9taro y la empresa SIEMENS se materializan las ventajas de nuestro modelo de crecimiento de la triple h\u00e9lice, afirm\u00f3 el gobernador, Mauricio Kuri Gonz\u00e1lez.\" \/>\n<meta name=\"robots\" content=\"index, follow, max-snippet:-1, max-image-preview:large, max-video-preview:-1\" \/>\n<link rel=\"canonical\" href=\"https:\/\/queretaronetwork.tv\/estrechan-lazos-universidades-tecnologicas-y-politecnicas-del-estado-y-la-empresa-siemens\/\" \/>\n<meta property=\"og:locale\" content=\"es_MX\" \/>\n<meta property=\"og:type\" content=\"article\" \/>\n<meta property=\"og:title\" content=\"Estrechan lazos Universidades Tecnol\u00f3gicas y Polit\u00e9cnicas del estado y la empresa SIEMENS -\" \/>\n<meta property=\"og:description\" content=\"Con la firma del convenio entre las Universidades Tecnol\u00f3gicas y Polit\u00e9cnicas del estado de Quer\u00e9taro y la empresa SIEMENS se materializan las ventajas de nuestro modelo de crecimiento de la triple h\u00e9lice, afirm\u00f3 el gobernador, Mauricio Kuri Gonz\u00e1lez.\" \/>\n<meta property=\"og:url\" content=\"https:\/\/queretaronetwork.tv\/estrechan-lazos-universidades-tecnologicas-y-politecnicas-del-estado-y-la-empresa-siemens\/\" \/>\n<meta property=\"article:publisher\" content=\"https:\/\/www.facebook.com\/QroNTV\/\" \/>\n<meta property=\"article:published_time\" content=\"2022-03-28T23:34:53+00:00\" \/>\n<meta property=\"article:modified_time\" content=\"2022-03-28T23:37:42+00:00\" \/>\n<meta property=\"og:image\" content=\"https:\/\/i0.wp.com\/queretaronetwork.tv\/wp-content\/uploads\/2022\/03\/71_273_35674_1440222241_msg-750582363-29366.jpg?fit=1280%2C853&ssl=1\" \/>\n\t<meta property=\"og:image:width\" content=\"1280\" \/>\n\t<meta property=\"og:image:height\" content=\"853\" \/>\n\t<meta property=\"og:image:type\" content=\"image\/jpeg\" \/>\n<meta name=\"author\" content=\"Editorial QNTV\" \/>\n<meta name=\"twitter:card\" content=\"summary_large_image\" \/>\n<meta name=\"twitter:creator\" content=\"@QNTV6\" \/>\n<meta name=\"twitter:site\" content=\"@QNTV6\" \/>\n<meta name=\"twitter:label1\" content=\"Escrito por\" \/>\n\t<meta name=\"twitter:data1\" content=\"Editorial QNTV\" \/>\n\t<meta name=\"twitter:label2\" content=\"Tiempo de lectura\" \/>\n\t<meta name=\"twitter:data2\" content=\"3 minutos\" \/>\n<script type=\"application\/ld+json\" class=\"yoast-schema-graph\">{\"@context\":\"https:\/\/schema.org\",\"@graph\":[{\"@type\":\"Article\",\"@id\":\"https:\/\/queretaronetwork.tv\/estrechan-lazos-universidades-tecnologicas-y-politecnicas-del-estado-y-la-empresa-siemens\/#article\",\"isPartOf\":{\"@id\":\"https:\/\/queretaronetwork.tv\/estrechan-lazos-universidades-tecnologicas-y-politecnicas-del-estado-y-la-empresa-siemens\/\"},\"author\":{\"name\":\"Editorial QNTV\",\"@id\":\"https:\/\/queretaronetwork.tv\/#\/schema\/person\/1200b23397cd8ce55a25cb08ca51b5f2\"},\"headline\":\"Estrechan lazos Universidades Tecnol\u00f3gicas y Polit\u00e9cnicas del estado y la empresa SIEMENS\",\"datePublished\":\"2022-03-28T23:34:53+00:00\",\"dateModified\":\"2022-03-28T23:37:42+00:00\",\"mainEntityOfPage\":{\"@id\":\"https:\/\/queretaronetwork.tv\/estrechan-lazos-universidades-tecnologicas-y-politecnicas-del-estado-y-la-empresa-siemens\/\"},\"wordCount\":618,\"commentCount\":0,\"publisher\":{\"@id\":\"https:\/\/queretaronetwork.tv\/#organization\"},\"image\":{\"@id\":\"https:\/\/queretaronetwork.tv\/estrechan-lazos-universidades-tecnologicas-y-politecnicas-del-estado-y-la-empresa-siemens\/#primaryimage\"},\"thumbnailUrl\":\"https:\/\/i0.wp.com\/queretaronetwork.tv\/wp-content\/uploads\/2022\/03\/71_273_35674_1440222241_msg-750582363-29366.jpg?fit=1280%2C853&ssl=1\",\"articleSection\":[\"Estado\",\"Quer\u00e9taro\"],\"inLanguage\":\"es\",\"potentialAction\":[{\"@type\":\"CommentAction\",\"name\":\"Comment\",\"target\":[\"https:\/\/queretaronetwork.tv\/estrechan-lazos-universidades-tecnologicas-y-politecnicas-del-estado-y-la-empresa-siemens\/#respond\"]}]},{\"@type\":\"WebPage\",\"@id\":\"https:\/\/queretaronetwork.tv\/estrechan-lazos-universidades-tecnologicas-y-politecnicas-del-estado-y-la-empresa-siemens\/\",\"url\":\"https:\/\/queretaronetwork.tv\/estrechan-lazos-universidades-tecnologicas-y-politecnicas-del-estado-y-la-empresa-siemens\/\",\"name\":\"Estrechan lazos Universidades Tecnol\u00f3gicas y Polit\u00e9cnicas del estado y la empresa SIEMENS -\",\"isPartOf\":{\"@id\":\"https:\/\/queretaronetwork.tv\/#website\"},\"primaryImageOfPage\":{\"@id\":\"https:\/\/queretaronetwork.tv\/estrechan-lazos-universidades-tecnologicas-y-politecnicas-del-estado-y-la-empresa-siemens\/#primaryimage\"},\"image\":{\"@id\":\"https:\/\/queretaronetwork.tv\/estrechan-lazos-universidades-tecnologicas-y-politecnicas-del-estado-y-la-empresa-siemens\/#primaryimage\"},\"thumbnailUrl\":\"https:\/\/i0.wp.com\/queretaronetwork.tv\/wp-content\/uploads\/2022\/03\/71_273_35674_1440222241_msg-750582363-29366.jpg?fit=1280%2C853&ssl=1\",\"datePublished\":\"2022-03-28T23:34:53+00:00\",\"dateModified\":\"2022-03-28T23:37:42+00:00\",\"description\":\"Con la firma del convenio entre las Universidades Tecnol\u00f3gicas y Polit\u00e9cnicas del estado de Quer\u00e9taro y la empresa SIEMENS se materializan las ventajas de nuestro modelo de crecimiento de la triple h\u00e9lice, afirm\u00f3 el gobernador, Mauricio Kuri Gonz\u00e1lez.\",\"breadcrumb\":{\"@id\":\"https:\/\/queretaronetwork.tv\/estrechan-lazos-universidades-tecnologicas-y-politecnicas-del-estado-y-la-empresa-siemens\/#breadcrumb\"},\"inLanguage\":\"es\",\"potentialAction\":[{\"@type\":\"ReadAction\",\"target\":[\"https:\/\/queretaronetwork.tv\/estrechan-lazos-universidades-tecnologicas-y-politecnicas-del-estado-y-la-empresa-siemens\/\"]}]},{\"@type\":\"ImageObject\",\"inLanguage\":\"es\",\"@id\":\"https:\/\/queretaronetwork.tv\/estrechan-lazos-universidades-tecnologicas-y-politecnicas-del-estado-y-la-empresa-siemens\/#primaryimage\",\"url\":\"https:\/\/i0.wp.com\/queretaronetwork.tv\/wp-content\/uploads\/2022\/03\/71_273_35674_1440222241_msg-750582363-29366.jpg?fit=1280%2C853&ssl=1\",\"contentUrl\":\"https:\/\/i0.wp.com\/queretaronetwork.tv\/wp-content\/uploads\/2022\/03\/71_273_35674_1440222241_msg-750582363-29366.jpg?fit=1280%2C853&ssl=1\",\"width\":1280,\"height\":853},{\"@type\":\"BreadcrumbList\",\"@id\":\"https:\/\/queretaronetwork.tv\/estrechan-lazos-universidades-tecnologicas-y-politecnicas-del-estado-y-la-empresa-siemens\/#breadcrumb\",\"itemListElement\":[{\"@type\":\"ListItem\",\"position\":1,\"name\":\"Inicio\",\"item\":\"https:\/\/queretaronetwork.tv\/\"},{\"@type\":\"ListItem\",\"position\":2,\"name\":\"Estrechan lazos Universidades Tecnol\u00f3gicas y Polit\u00e9cnicas del estado y la empresa SIEMENS\"}]},{\"@type\":\"WebSite\",\"@id\":\"https:\/\/queretaronetwork.tv\/#website\",\"url\":\"https:\/\/queretaronetwork.tv\/\",\"name\":\"Quer\u00e9taro Network TV\",\"description\":\"Medio de Comunicaci\u00f3n Digital, Noticias y Canal de Tv ONLine\",\"publisher\":{\"@id\":\"https:\/\/queretaronetwork.tv\/#organization\"},\"potentialAction\":[{\"@type\":\"SearchAction\",\"target\":{\"@type\":\"EntryPoint\",\"urlTemplate\":\"https:\/\/queretaronetwork.tv\/?s={search_term_string}\"},\"query-input\":{\"@type\":\"PropertyValueSpecification\",\"valueRequired\":true,\"valueName\":\"search_term_string\"}}],\"inLanguage\":\"es\"},{\"@type\":\"Organization\",\"@id\":\"https:\/\/queretaronetwork.tv\/#organization\",\"name\":\"Quer\u00e9taro Network TV\",\"url\":\"https:\/\/queretaronetwork.tv\/\",\"logo\":{\"@type\":\"ImageObject\",\"inLanguage\":\"es\",\"@id\":\"https:\/\/queretaronetwork.tv\/#\/schema\/logo\/image\/\",\"url\":\"https:\/\/i0.wp.com\/queretaronetwork.tv\/wp-content\/uploads\/2020\/02\/LOGONUEVOCIRCULARQNTV2020-e1595007713656.png?fit=583%2C564&ssl=1\",\"contentUrl\":\"https:\/\/i0.wp.com\/queretaronetwork.tv\/wp-content\/uploads\/2020\/02\/LOGONUEVOCIRCULARQNTV2020-e1595007713656.png?fit=583%2C564&ssl=1\",\"width\":583,\"height\":564,\"caption\":\"Quer\u00e9taro Network TV\"},\"image\":{\"@id\":\"https:\/\/queretaronetwork.tv\/#\/schema\/logo\/image\/\"},\"sameAs\":[\"https:\/\/www.facebook.com\/QroNTV\/\",\"https:\/\/x.com\/QNTV6\",\"https:\/\/www.instagram.com\/queretaronetworktv\/\",\"https:\/\/www.youtube.com\/channel\/UCav1cE_tCaccVZOLJpqZIyA?view_as=subscriber\"]},{\"@type\":\"Person\",\"@id\":\"https:\/\/queretaronetwork.tv\/#\/schema\/person\/1200b23397cd8ce55a25cb08ca51b5f2\",\"name\":\"Editorial QNTV\",\"image\":{\"@type\":\"ImageObject\",\"inLanguage\":\"es\",\"@id\":\"https:\/\/queretaronetwork.tv\/#\/schema\/person\/image\/\",\"url\":\"https:\/\/secure.gravatar.com\/avatar\/c736b7feb12a69c0911796e1381d5be7aa79cd6ca5a0cb325913d75e4c0cdcbd?s=96&d=mm&r=g\",\"contentUrl\":\"https:\/\/secure.gravatar.com\/avatar\/c736b7feb12a69c0911796e1381d5be7aa79cd6ca5a0cb325913d75e4c0cdcbd?s=96&d=mm&r=g\",\"caption\":\"Editorial QNTV\"},\"url\":\"https:\/\/queretaronetwork.tv\/author\/editorial\/\"}]}<\/script>\n<!-- \/ Yoast SEO plugin. -->","yoast_head_json":{"title":"Estrechan lazos Universidades Tecnol\u00f3gicas y Polit\u00e9cnicas del estado y la empresa SIEMENS -","description":"Con la firma del convenio entre las Universidades Tecnol\u00f3gicas y Polit\u00e9cnicas del estado de Quer\u00e9taro y la empresa SIEMENS se materializan las ventajas de nuestro modelo de crecimiento de la triple h\u00e9lice, afirm\u00f3 el gobernador, Mauricio Kuri Gonz\u00e1lez.","robots":{"index":"index","follow":"follow","max-snippet":"max-snippet:-1","max-image-preview":"max-image-preview:large","max-video-preview":"max-video-preview:-1"},"canonical":"https:\/\/queretaronetwork.tv\/estrechan-lazos-universidades-tecnologicas-y-politecnicas-del-estado-y-la-empresa-siemens\/","og_locale":"es_MX","og_type":"article","og_title":"Estrechan lazos Universidades Tecnol\u00f3gicas y Polit\u00e9cnicas del estado y la empresa SIEMENS -","og_description":"Con la firma del convenio entre las Universidades Tecnol\u00f3gicas y Polit\u00e9cnicas del estado de Quer\u00e9taro y la empresa SIEMENS se materializan las ventajas de nuestro modelo de crecimiento de la triple h\u00e9lice, afirm\u00f3 el gobernador, Mauricio Kuri Gonz\u00e1lez.","og_url":"https:\/\/queretaronetwork.tv\/estrechan-lazos-universidades-tecnologicas-y-politecnicas-del-estado-y-la-empresa-siemens\/","article_publisher":"https:\/\/www.facebook.com\/QroNTV\/","article_published_time":"2022-03-28T23:34:53+00:00","article_modified_time":"2022-03-28T23:37:42+00:00","og_image":[{"width":1280,"height":853,"url":"https:\/\/i0.wp.com\/queretaronetwork.tv\/wp-content\/uploads\/2022\/03\/71_273_35674_1440222241_msg-750582363-29366.jpg?fit=1280%2C853&ssl=1","type":"image\/jpeg"}],"author":"Editorial QNTV","twitter_card":"summary_large_image","twitter_creator":"@QNTV6","twitter_site":"@QNTV6","twitter_misc":{"Escrito por":"Editorial QNTV","Tiempo de lectura":"3 minutos"},"schema":{"@context":"https:\/\/schema.org","@graph":[{"@type":"Article","@id":"https:\/\/queretaronetwork.tv\/estrechan-lazos-universidades-tecnologicas-y-politecnicas-del-estado-y-la-empresa-siemens\/#article","isPartOf":{"@id":"https:\/\/queretaronetwork.tv\/estrechan-lazos-universidades-tecnologicas-y-politecnicas-del-estado-y-la-empresa-siemens\/"},"author":{"name":"Editorial QNTV","@id":"https:\/\/queretaronetwork.tv\/#\/schema\/person\/1200b23397cd8ce55a25cb08ca51b5f2"},"headline":"Estrechan lazos Universidades Tecnol\u00f3gicas y Polit\u00e9cnicas del estado y la empresa SIEMENS","datePublished":"2022-03-28T23:34:53+00:00","dateModified":"2022-03-28T23:37:42+00:00","mainEntityOfPage":{"@id":"https:\/\/queretaronetwork.tv\/estrechan-lazos-universidades-tecnologicas-y-politecnicas-del-estado-y-la-empresa-siemens\/"},"wordCount":618,"commentCount":0,"publisher":{"@id":"https:\/\/queretaronetwork.tv\/#organization"},"image":{"@id":"https:\/\/queretaronetwork.tv\/estrechan-lazos-universidades-tecnologicas-y-politecnicas-del-estado-y-la-empresa-siemens\/#primaryimage"},"thumbnailUrl":"https:\/\/i0.wp.com\/queretaronetwork.tv\/wp-content\/uploads\/2022\/03\/71_273_35674_1440222241_msg-750582363-29366.jpg?fit=1280%2C853&ssl=1","articleSection":["Estado","Quer\u00e9taro"],"inLanguage":"es","potentialAction":[{"@type":"CommentAction","name":"Comment","target":["https:\/\/queretaronetwork.tv\/estrechan-lazos-universidades-tecnologicas-y-politecnicas-del-estado-y-la-empresa-siemens\/#respond"]}]},{"@type":"WebPage","@id":"https:\/\/queretaronetwork.tv\/estrechan-lazos-universidades-tecnologicas-y-politecnicas-del-estado-y-la-empresa-siemens\/","url":"https:\/\/queretaronetwork.tv\/estrechan-lazos-universidades-tecnologicas-y-politecnicas-del-estado-y-la-empresa-siemens\/","name":"Estrechan lazos Universidades Tecnol\u00f3gicas y Polit\u00e9cnicas del estado y la empresa SIEMENS -","isPartOf":{"@id":"https:\/\/queretaronetwork.tv\/#website"},"primaryImageOfPage":{"@id":"https:\/\/queretaronetwork.tv\/estrechan-lazos-universidades-tecnologicas-y-politecnicas-del-estado-y-la-empresa-siemens\/#primaryimage"},"image":{"@id":"https:\/\/queretaronetwork.tv\/estrechan-lazos-universidades-tecnologicas-y-politecnicas-del-estado-y-la-empresa-siemens\/#primaryimage"},"thumbnailUrl":"https:\/\/i0.wp.com\/queretaronetwork.tv\/wp-content\/uploads\/2022\/03\/71_273_35674_1440222241_msg-750582363-29366.jpg?fit=1280%2C853&ssl=1","datePublished":"2022-03-28T23:34:53+00:00","dateModified":"2022-03-28T23:37:42+00:00","description":"Con la firma del convenio entre las Universidades Tecnol\u00f3gicas y Polit\u00e9cnicas del estado de Quer\u00e9taro y la empresa SIEMENS se materializan las ventajas de nuestro modelo de crecimiento de la triple h\u00e9lice, afirm\u00f3 el gobernador, Mauricio Kuri Gonz\u00e1lez.","breadcrumb":{"@id":"https:\/\/queretaronetwork.tv\/estrechan-lazos-universidades-tecnologicas-y-politecnicas-del-estado-y-la-empresa-siemens\/#breadcrumb"},"inLanguage":"es","potentialAction":[{"@type":"ReadAction","target":["https:\/\/queretaronetwork.tv\/estrechan-lazos-universidades-tecnologicas-y-politecnicas-del-estado-y-la-empresa-siemens\/"]}]},{"@type":"ImageObject","inLanguage":"es","@id":"https:\/\/queretaronetwork.tv\/estrechan-lazos-universidades-tecnologicas-y-politecnicas-del-estado-y-la-empresa-siemens\/#primaryimage","url":"https:\/\/i0.wp.com\/queretaronetwork.tv\/wp-content\/uploads\/2022\/03\/71_273_35674_1440222241_msg-750582363-29366.jpg?fit=1280%2C853&ssl=1","contentUrl":"https:\/\/i0.wp.com\/queretaronetwork.tv\/wp-content\/uploads\/2022\/03\/71_273_35674_1440222241_msg-750582363-29366.jpg?fit=1280%2C853&ssl=1","width":1280,"height":853},{"@type":"BreadcrumbList","@id":"https:\/\/queretaronetwork.tv\/estrechan-lazos-universidades-tecnologicas-y-politecnicas-del-estado-y-la-empresa-siemens\/#breadcrumb","itemListElement":[{"@type":"ListItem","position":1,"name":"Inicio","item":"https:\/\/queretaronetwork.tv\/"},{"@type":"ListItem","position":2,"name":"Estrechan lazos Universidades Tecnol\u00f3gicas y Polit\u00e9cnicas del estado y la empresa SIEMENS"}]},{"@type":"WebSite","@id":"https:\/\/queretaronetwork.tv\/#website","url":"https:\/\/queretaronetwork.tv\/","name":"Quer\u00e9taro Network TV","description":"Medio de Comunicaci\u00f3n Digital, Noticias y Canal de Tv ONLine","publisher":{"@id":"https:\/\/queretaronetwork.tv\/#organization"},"potentialAction":[{"@type":"SearchAction","target":{"@type":"EntryPoint","urlTemplate":"https:\/\/queretaronetwork.tv\/?s={search_term_string}"},"query-input":{"@type":"PropertyValueSpecification","valueRequired":true,"valueName":"search_term_string"}}],"inLanguage":"es"},{"@type":"Organization","@id":"https:\/\/queretaronetwork.tv\/#organization","name":"Quer\u00e9taro Network TV","url":"https:\/\/queretaronetwork.tv\/","logo":{"@type":"ImageObject","inLanguage":"es","@id":"https:\/\/queretaronetwork.tv\/#\/schema\/logo\/image\/","url":"https:\/\/i0.wp.com\/queretaronetwork.tv\/wp-content\/uploads\/2020\/02\/LOGONUEVOCIRCULARQNTV2020-e1595007713656.png?fit=583%2C564&ssl=1","contentUrl":"https:\/\/i0.wp.com\/queretaronetwork.tv\/wp-content\/uploads\/2020\/02\/LOGONUEVOCIRCULARQNTV2020-e1595007713656.png?fit=583%2C564&ssl=1","width":583,"height":564,"caption":"Quer\u00e9taro Network TV"},"image":{"@id":"https:\/\/queretaronetwork.tv\/#\/schema\/logo\/image\/"},"sameAs":["https:\/\/www.facebook.com\/QroNTV\/","https:\/\/x.com\/QNTV6","https:\/\/www.instagram.com\/queretaronetworktv\/","https:\/\/www.youtube.com\/channel\/UCav1cE_tCaccVZOLJpqZIyA?view_as=subscriber"]},{"@type":"Person","@id":"https:\/\/queretaronetwork.tv\/#\/schema\/person\/1200b23397cd8ce55a25cb08ca51b5f2","name":"Editorial QNTV","image":{"@type":"ImageObject","inLanguage":"es","@id":"https:\/\/queretaronetwork.tv\/#\/schema\/person\/image\/","url":"https:\/\/secure.gravatar.com\/avatar\/c736b7feb12a69c0911796e1381d5be7aa79cd6ca5a0cb325913d75e4c0cdcbd?s=96&d=mm&r=g","contentUrl":"https:\/\/secure.gravatar.com\/avatar\/c736b7feb12a69c0911796e1381d5be7aa79cd6ca5a0cb325913d75e4c0cdcbd?s=96&d=mm&r=g","caption":"Editorial QNTV"},"url":"https:\/\/queretaronetwork.tv\/author\/editorial\/"}]}},"jetpack_publicize_connections":[],"featured_image_urls":{"full":["https:\/\/i0.wp.com\/queretaronetwork.tv\/wp-content\/uploads\/2022\/03\/71_273_35674_1440222241_msg-750582363-29366.jpg?fit=1280%2C853&ssl=1",1280,853,false],"thumbnail":["https:\/\/i0.wp.com\/queretaronetwork.tv\/wp-content\/uploads\/2022\/03\/71_273_35674_1440222241_msg-750582363-29366.jpg?resize=150%2C150&ssl=1",150,150,true],"medium":["https:\/\/i0.wp.com\/queretaronetwork.tv\/wp-content\/uploads\/2022\/03\/71_273_35674_1440222241_msg-750582363-29366.jpg?fit=300%2C200&ssl=1",300,200,true],"medium_large":["https:\/\/i0.wp.com\/queretaronetwork.tv\/wp-content\/uploads\/2022\/03\/71_273_35674_1440222241_msg-750582363-29366.jpg?fit=640%2C427&ssl=1",640,427,true],"large":["https:\/\/i0.wp.com\/queretaronetwork.tv\/wp-content\/uploads\/2022\/03\/71_273_35674_1440222241_msg-750582363-29366.jpg?fit=640%2C426&ssl=1",640,426,true],"1536x1536":["https:\/\/i0.wp.com\/queretaronetwork.tv\/wp-content\/uploads\/2022\/03\/71_273_35674_1440222241_msg-750582363-29366.jpg?fit=1280%2C853&ssl=1",1280,853,true],"2048x2048":["https:\/\/i0.wp.com\/queretaronetwork.tv\/wp-content\/uploads\/2022\/03\/71_273_35674_1440222241_msg-750582363-29366.jpg?fit=1280%2C853&ssl=1",1280,853,true],"darknews-slider-full":["https:\/\/i0.wp.com\/queretaronetwork.tv\/wp-content\/uploads\/2022\/03\/71_273_35674_1440222241_msg-750582363-29366.jpg?resize=1280%2C720&ssl=1",1280,720,true],"darknews-featured":["https:\/\/i0.wp.com\/queretaronetwork.tv\/wp-content\/uploads\/2022\/03\/71_273_35674_1440222241_msg-750582363-29366.jpg?fit=1024%2C682&ssl=1",1024,682,true],"darknews-medium":["https:\/\/i0.wp.com\/queretaronetwork.tv\/wp-content\/uploads\/2022\/03\/71_273_35674_1440222241_msg-750582363-29366.jpg?resize=720%2C530&ssl=1",720,530,true],"darknews-medium-square":["https:\/\/i0.wp.com\/queretaronetwork.tv\/wp-content\/uploads\/2022\/03\/71_273_35674_1440222241_msg-750582363-29366.jpg?resize=350%2C350&ssl=1",350,350,true]},"author_info":{"info":["Editorial QNTV"]},"category_info":"<a href=\"https:\/\/queretaronetwork.tv\/category\/estado\/\" rel=\"category tag\">Estado<\/a> <a href=\"https:\/\/queretaronetwork.tv\/category\/local\/queretaro\/\" rel=\"category tag\">Quer\u00e9taro<\/a>","tag_info":"Quer\u00e9taro","comment_count":"0","jetpack_featured_media_url":"https:\/\/i0.wp.com\/queretaronetwork.tv\/wp-content\/uploads\/2022\/03\/71_273_35674_1440222241_msg-750582363-29366.jpg?fit=1280%2C853&ssl=1","jetpack_likes_enabled":true,"jetpack-related-posts":[{"id":15157,"url":"https:\/\/queretaronetwork.tv\/anuncian-en-alemania-creacion-del-consorcio-de-universidades-tecnologicas-y-politecnicas-del-estado-de-queretaro\/","url_meta":{"origin":12423,"position":0},"title":"Anuncian en Alemania creaci\u00f3n del Consorcio de Universidades Tecnol\u00f3gicas y Polit\u00e9cnicas del Estado de Quer\u00e9taro","author":"Editorial QNTV","date":"2 junio, 2022","format":false,"excerpt":"En el marco de la Feria Hannover Messe, autoridades educativas de Quer\u00e9taro anunciaron la creaci\u00f3n del Consorcio de Universidades Tecnol\u00f3gicas y Polit\u00e9cnicas del Estado de Quer\u00e9taro, con la finalidad de coordinar los esfuerzos de las seis instituciones participantes, a fin de incrementar su impacto a nivel local e internacional. De\u2026","rel":"","context":"En &quot;Internacional&quot;","block_context":{"text":"Internacional","link":"https:\/\/queretaronetwork.tv\/category\/internacional\/"},"img":{"alt_text":"","src":"https:\/\/i0.wp.com\/queretaronetwork.tv\/wp-content\/uploads\/2022\/06\/71_273_36406_1640468506_AC1C80ED-2732-4251-A645-7EA95C654155.jpeg?fit=898%2C1200&ssl=1&resize=350%2C200","width":350,"height":200,"srcset":"https:\/\/i0.wp.com\/queretaronetwork.tv\/wp-content\/uploads\/2022\/06\/71_273_36406_1640468506_AC1C80ED-2732-4251-A645-7EA95C654155.jpeg?fit=898%2C1200&ssl=1&resize=350%2C200 1x, https:\/\/i0.wp.com\/queretaronetwork.tv\/wp-content\/uploads\/2022\/06\/71_273_36406_1640468506_AC1C80ED-2732-4251-A645-7EA95C654155.jpeg?fit=898%2C1200&ssl=1&resize=525%2C300 1.5x, https:\/\/i0.wp.com\/queretaronetwork.tv\/wp-content\/uploads\/2022\/06\/71_273_36406_1640468506_AC1C80ED-2732-4251-A645-7EA95C654155.jpeg?fit=898%2C1200&ssl=1&resize=700%2C400 2x"},"classes":[]},{"id":21290,"url":"https:\/\/queretaronetwork.tv\/universidades-tecnologicas-y-politecnicas-apuestan-por-la-internacionalizacion\/","url_meta":{"origin":12423,"position":1},"title":"Universidades Tecnol\u00f3gicas y Polit\u00e9cnicas apuestan por la Internacionalizaci\u00f3n","author":"Editorial QNTV","date":"8 septiembre, 2022","format":false,"excerpt":"En representaci\u00f3n del gobernador, Mauricio Kuri Gonz\u00e1lez, la secretaria de Educaci\u00f3n, Martha Elena Soto Obreg\u00f3n, atestigu\u00f3 la firma del Memor\u00e1ndum de Entendimiento entre el organismo Study Buenos Aires y las seis Universidades Tecnol\u00f3gicas y Polit\u00e9cnicas de Quer\u00e9taro, que tiene como objetivo generar oportunidades de internacionalizaci\u00f3n para universitarios. Soto Obreg\u00f3n destac\u00f3\u2026","rel":"","context":"En &quot;Estado&quot;","block_context":{"text":"Estado","link":"https:\/\/queretaronetwork.tv\/category\/estado\/"},"img":{"alt_text":"","src":"https:\/\/i0.wp.com\/queretaronetwork.tv\/wp-content\/uploads\/2022\/09\/71_273_37589_876476734_08092022_Memora__769_ndum_de_Entendimiento_007.jpeg?fit=1200%2C800&ssl=1&resize=350%2C200","width":350,"height":200,"srcset":"https:\/\/i0.wp.com\/queretaronetwork.tv\/wp-content\/uploads\/2022\/09\/71_273_37589_876476734_08092022_Memora__769_ndum_de_Entendimiento_007.jpeg?fit=1200%2C800&ssl=1&resize=350%2C200 1x, https:\/\/i0.wp.com\/queretaronetwork.tv\/wp-content\/uploads\/2022\/09\/71_273_37589_876476734_08092022_Memora__769_ndum_de_Entendimiento_007.jpeg?fit=1200%2C800&ssl=1&resize=525%2C300 1.5x, https:\/\/i0.wp.com\/queretaronetwork.tv\/wp-content\/uploads\/2022\/09\/71_273_37589_876476734_08092022_Memora__769_ndum_de_Entendimiento_007.jpeg?fit=1200%2C800&ssl=1&resize=700%2C400 2x, https:\/\/i0.wp.com\/queretaronetwork.tv\/wp-content\/uploads\/2022\/09\/71_273_37589_876476734_08092022_Memora__769_ndum_de_Entendimiento_007.jpeg?fit=1200%2C800&ssl=1&resize=1050%2C600 3x"},"classes":[]},{"id":20614,"url":"https:\/\/queretaronetwork.tv\/exploran-universidades-tecnologicas-y-politecnicas-de-queretaro-oportunidades-de-colaboracion-con-brasil\/","url_meta":{"origin":12423,"position":2},"title":"Exploran Universidades Tecnol\u00f3gicas y Polit\u00e9cnicas de Quer\u00e9taro oportunidades de colaboraci\u00f3n con Brasil","author":"Editorial QNTV","date":"25 agosto, 2022","format":false,"excerpt":"La secretaria de Educaci\u00f3n, Martha Elena Soto Obreg\u00f3n, acompa\u00f1ada del Embajador de Brasil en M\u00e9xico, Fernando Coimbra, encabez\u00f3 el encuentro de cooperaci\u00f3n de los ecosistemas de innovaci\u00f3n universitario entre Quer\u00e9taro y Brasil, realizado con el apoyo de la Universidad Tecnol\u00f3gica de Quer\u00e9taro (UTEQ), en el cual se estableci\u00f3 la posibilidad\u2026","rel":"","context":"En &quot;Estado&quot;","block_context":{"text":"Estado","link":"https:\/\/queretaronetwork.tv\/category\/estado\/"},"img":{"alt_text":"","src":"https:\/\/i0.wp.com\/queretaronetwork.tv\/wp-content\/uploads\/2022\/08\/71_273_37407_1103844838_575F1B91-8A3C-477A-B304-9D7250566D13.jpeg?fit=1200%2C800&ssl=1&resize=350%2C200","width":350,"height":200,"srcset":"https:\/\/i0.wp.com\/queretaronetwork.tv\/wp-content\/uploads\/2022\/08\/71_273_37407_1103844838_575F1B91-8A3C-477A-B304-9D7250566D13.jpeg?fit=1200%2C800&ssl=1&resize=350%2C200 1x, https:\/\/i0.wp.com\/queretaronetwork.tv\/wp-content\/uploads\/2022\/08\/71_273_37407_1103844838_575F1B91-8A3C-477A-B304-9D7250566D13.jpeg?fit=1200%2C800&ssl=1&resize=525%2C300 1.5x, https:\/\/i0.wp.com\/queretaronetwork.tv\/wp-content\/uploads\/2022\/08\/71_273_37407_1103844838_575F1B91-8A3C-477A-B304-9D7250566D13.jpeg?fit=1200%2C800&ssl=1&resize=700%2C400 2x, https:\/\/i0.wp.com\/queretaronetwork.tv\/wp-content\/uploads\/2022\/08\/71_273_37407_1103844838_575F1B91-8A3C-477A-B304-9D7250566D13.jpeg?fit=1200%2C800&ssl=1&resize=1050%2C600 3x"},"classes":[]},{"id":12980,"url":"https:\/\/queretaronetwork.tv\/queretaro-punta-de-lanza-a-nivel-nacional-en-la-triple-helice-martha-soto\/","url_meta":{"origin":12423,"position":3},"title":"Quer\u00e9taro punta de lanza a nivel nacional en la Triple H\u00e9lice: Martha Soto","author":"Editorial QNTV","date":"13 abril, 2022","format":false,"excerpt":"La titular de la Secretar\u00eda de Educaci\u00f3n en el Estado de Quer\u00e9taro (SEDEQ), Martha Elena Soto Obreg\u00f3n, se\u00f1al\u00f3 que en la entidad el compromiso con las nuevas generaciones es permanente, esto durante la firma de una alianza con la empresa alemana SIEMENS, lo que deriva en impulsar el desarrollo profesional\u2026","rel":"","context":"En &quot;Local&quot;","block_context":{"text":"Local","link":"https:\/\/queretaronetwork.tv\/category\/local\/"},"img":{"alt_text":"","src":"https:\/\/i0.wp.com\/queretaronetwork.tv\/wp-content\/uploads\/2022\/04\/71_273_35795_274222642_photo1649882360_2.jpeg?fit=1200%2C613&ssl=1&resize=350%2C200","width":350,"height":200,"srcset":"https:\/\/i0.wp.com\/queretaronetwork.tv\/wp-content\/uploads\/2022\/04\/71_273_35795_274222642_photo1649882360_2.jpeg?fit=1200%2C613&ssl=1&resize=350%2C200 1x, https:\/\/i0.wp.com\/queretaronetwork.tv\/wp-content\/uploads\/2022\/04\/71_273_35795_274222642_photo1649882360_2.jpeg?fit=1200%2C613&ssl=1&resize=525%2C300 1.5x, https:\/\/i0.wp.com\/queretaronetwork.tv\/wp-content\/uploads\/2022\/04\/71_273_35795_274222642_photo1649882360_2.jpeg?fit=1200%2C613&ssl=1&resize=700%2C400 2x, https:\/\/i0.wp.com\/queretaronetwork.tv\/wp-content\/uploads\/2022\/04\/71_273_35795_274222642_photo1649882360_2.jpeg?fit=1200%2C613&ssl=1&resize=1050%2C600 3x"},"classes":[]},{"id":25172,"url":"https:\/\/queretaronetwork.tv\/crean-asociacion-nacional-para-fortalecer-educacion-superior\/","url_meta":{"origin":12423,"position":4},"title":"Crean Asociaci\u00f3n Nacional para fortalecer educaci\u00f3n superior","author":"Nalleli Ruiz","date":"8 diciembre, 2022","format":false,"excerpt":"El rector de la Universidad Tecnol\u00f3gica de Quer\u00e9taro (UTEQ), Jos\u00e9 Carlos Arredondo Vel\u00e1zquez, fue electo como integrante del Consejo Directivo fundador de la Asociaci\u00f3n Nacional de Universidades del Subsistema Tecnol\u00f3gico (ANUSTEC), organismo de reciente creaci\u00f3n que aglomera a todas las Instituciones de Educaci\u00f3n Superior Tecnol\u00f3gicas y Polit\u00e9cnicas de M\u00e9xico, para\u2026","rel":"","context":"En &quot;Estado&quot;","block_context":{"text":"Estado","link":"https:\/\/queretaronetwork.tv\/category\/estado\/"},"img":{"alt_text":"","src":"https:\/\/i0.wp.com\/queretaronetwork.tv\/wp-content\/uploads\/2022\/12\/71_273_38680_179958683_482A1CF0-9D06-49F3-8EA0-E658FB49F489.jpeg?fit=1200%2C800&ssl=1&resize=350%2C200","width":350,"height":200,"srcset":"https:\/\/i0.wp.com\/queretaronetwork.tv\/wp-content\/uploads\/2022\/12\/71_273_38680_179958683_482A1CF0-9D06-49F3-8EA0-E658FB49F489.jpeg?fit=1200%2C800&ssl=1&resize=350%2C200 1x, https:\/\/i0.wp.com\/queretaronetwork.tv\/wp-content\/uploads\/2022\/12\/71_273_38680_179958683_482A1CF0-9D06-49F3-8EA0-E658FB49F489.jpeg?fit=1200%2C800&ssl=1&resize=525%2C300 1.5x, https:\/\/i0.wp.com\/queretaronetwork.tv\/wp-content\/uploads\/2022\/12\/71_273_38680_179958683_482A1CF0-9D06-49F3-8EA0-E658FB49F489.jpeg?fit=1200%2C800&ssl=1&resize=700%2C400 2x, https:\/\/i0.wp.com\/queretaronetwork.tv\/wp-content\/uploads\/2022\/12\/71_273_38680_179958683_482A1CF0-9D06-49F3-8EA0-E658FB49F489.jpeg?fit=1200%2C800&ssl=1&resize=1050%2C600 3x"},"classes":[]},{"id":12880,"url":"https:\/\/queretaronetwork.tv\/universidades-tecnologicas-desarrollan-la-unidad-de-inteligencia-estrategica-e-innovacion-4-0\/","url_meta":{"origin":12423,"position":5},"title":"Universidades Tecnol\u00f3gicas desarrollan la Unidad de Inteligencia Estrat\u00e9gica e Innovaci\u00f3n 4.0","author":"Editorial QNTV","date":"11 abril, 2022","format":false,"excerpt":"La Universidad Tecnol\u00f3gica de Quer\u00e9taro (UTEQ) fue sede de la reuni\u00f3n entre rectores y autoridades de distintas Universidades Tecnol\u00f3gicas y Polit\u00e9cnicas de M\u00e9xico para la creaci\u00f3n de la Unidad de Inteligencia Estrat\u00e9gica e Innovaci\u00f3n 4.0, que permita, a trav\u00e9s del trabajo colaborativo, consolidar la formaci\u00f3n de profesionistas y generar contribuciones\u2026","rel":"","context":"En &quot;Local&quot;","block_context":{"text":"Local","link":"https:\/\/queretaronetwork.tv\/category\/local\/"},"img":{"alt_text":"","src":"https:\/\/i0.wp.com\/queretaronetwork.tv\/wp-content\/uploads\/2022\/04\/71_273_35769_1666188477_5.jpg?fit=1200%2C800&ssl=1&resize=350%2C200","width":350,"height":200,"srcset":"https:\/\/i0.wp.com\/queretaronetwork.tv\/wp-content\/uploads\/2022\/04\/71_273_35769_1666188477_5.jpg?fit=1200%2C800&ssl=1&resize=350%2C200 1x, https:\/\/i0.wp.com\/queretaronetwork.tv\/wp-content\/uploads\/2022\/04\/71_273_35769_1666188477_5.jpg?fit=1200%2C800&ssl=1&resize=525%2C300 1.5x, https:\/\/i0.wp.com\/queretaronetwork.tv\/wp-content\/uploads\/2022\/04\/71_273_35769_1666188477_5.jpg?fit=1200%2C800&ssl=1&resize=700%2C400 2x, https:\/\/i0.wp.com\/queretaronetwork.tv\/wp-content\/uploads\/2022\/04\/71_273_35769_1666188477_5.jpg?fit=1200%2C800&ssl=1&resize=1050%2C600 3x"},"classes":[]}],"jetpack_sharing_enabled":true,"jetpack_shortlink":"https:\/\/wp.me\/pardhb-3en","_links":{"self":[{"href":"https:\/\/queretaronetwork.tv\/wp-json\/wp\/v2\/posts\/12423","targetHints":{"allow":["GET"]}}],"collection":[{"href":"https:\/\/queretaronetwork.tv\/wp-json\/wp\/v2\/posts"}],"about":[{"href":"https:\/\/queretaronetwork.tv\/wp-json\/wp\/v2\/types\/post"}],"author":[{"embeddable":true,"href":"https:\/\/queretaronetwork.tv\/wp-json\/wp\/v2\/users\/2"}],"replies":[{"embeddable":true,"href":"https:\/\/queretaronetwork.tv\/wp-json\/wp\/v2\/comments?post=12423"}],"version-history":[{"count":1,"href":"https:\/\/queretaronetwork.tv\/wp-json\/wp\/v2\/posts\/12423\/revisions"}],"predecessor-version":[{"id":12425,"href":"https:\/\/queretaronetwork.tv\/wp-json\/wp\/v2\/posts\/12423\/revisions\/12425"}],"wp:featuredmedia":[{"embeddable":true,"href":"https:\/\/queretaronetwork.tv\/wp-json\/wp\/v2\/media\/12424"}],"wp:attachment":[{"href":"https:\/\/queretaronetwork.tv\/wp-json\/wp\/v2\/media?parent=12423"}],"wp:term":[{"taxonomy":"category","embeddable":true,"href":"https:\/\/queretaronetwork.tv\/wp-json\/wp\/v2\/categories?post=12423"},{"taxonomy":"post_tag","embeddable":true,"href":"https:\/\/queretaronetwork.tv\/wp-json\/wp\/v2\/tags?post=12423"}],"curies":[{"name":"wp","href":"https:\/\/api.w.org\/{rel}","templated":true}]}}