{"id":15281,"date":"2022-06-03T14:56:35","date_gmt":"2022-06-03T19:56:35","guid":{"rendered":"https:\/\/queretaronetwork.tv\/?p=15281"},"modified":"2022-06-03T14:56:35","modified_gmt":"2022-06-03T19:56:35","slug":"en-2022-se-construiran-7-5-kilometros-de-ciclovia-en-queretaro","status":"publish","type":"post","link":"https:\/\/queretaronetwork.tv\/en-2022-se-construiran-7-5-kilometros-de-ciclovia-en-queretaro\/","title":{"rendered":"En 2022 se construir\u00e1n 7.5 kil\u00f3metros de ciclov\u00eda en Quer\u00e9taro"},"content":{"rendered":"<p style=\"text-align: justify;\"><strong>Esta ma\u00f1ana el Presidente Municipal sostuvo una rodada por las calles del Centro Hist\u00f3rico, previo a anunciar la construcci\u00f3n de 7.5 kil\u00f3metros de ciclov\u00eda en el marco del D\u00eda Internacional de la Bicicleta.<\/strong><\/p>\n<p style=\"text-align: justify;\">La rodada sali\u00f3 de la Alameda Hidalgo y termino en la Secretar\u00eda de Movilidad ubicada en la Vecindad del Agua Limpia, donde se realiz\u00f3 el anuncio. De acuerdo al alcalde, se invertir\u00e1n 12 millones de pesos en esta infraestructura para la bicicleta, la cual se sumar\u00e1n a los 285 kil\u00f3metros de ciclov\u00eda con los que cuenta la ciudad.<\/p>\n<p style=\"text-align: justify;\">\u201cPara el uso de la bicicleta en el municipio de Quer\u00e9taro contamos con 285 kil\u00f3metros de ciclov\u00eda, divididos en diferentes tipos de infraestructura: carril compartido, ciclocarril y ciclov\u00eda. Este a\u00f1o construiremos 7.5 kil\u00f3metros de ciclov\u00eda, para que los ciudadanos transiten por una zona segura en la capital, invertiremos 12 millones de pesos que ya est\u00e1n contemplados en el programa de obra anual, nuestro compromiso es seguir trabajando por mantener y salvaguardar la seguridad de los ciclistas en nuestro municipio\u201d, explic\u00f3.<\/p>\n<p style=\"text-align: justify;\">A\u00f1adi\u00f3 que esto se suma a las acciones que se realizan desde la administraci\u00f3n municipal para fomentar el uso de la bicicleta, como lo es el programa de bicicletas compartidas, la biciv\u00eda recreativa los domingos y el mejoramiento de la ciclov\u00eda de Ezequiel Montes.<\/p>\n<p style=\"text-align: justify;\">Por su parte el secretario de movilidad municipal, Rodrigo Vega Maestre, inform\u00f3 que la tasa de veh\u00edculos motorizados en Quer\u00e9taro se increment\u00f3 en un 50 por ciento del 2016 a 2021, por lo que urge tomar medidas para fomentar pol\u00edticas p\u00fablicas de transporte sustentable.<\/p>\n<p style=\"text-align: justify;\">\u201cEs un eslab\u00f3n muy importante, en v\u00edas de una movilidad sostenible. Tenemos n\u00fameros de la tasa de motorizaci\u00f3n que tenemos en el municipio ha aumentado un 50 por ciento de 2016 a 2021, 416 veh\u00edculos por cada mil habitantes, esto es insostenible para 10 a\u00f1os, para el 2030 no podemos seguir con esa inercia\u201d, dijo.<\/p>\n<p style=\"text-align: justify;\">Con informaci\u00f3n de El Queretano Digital.<\/p>\n","protected":false},"excerpt":{"rendered":"<p>Esta ma\u00f1ana el Presidente Municipal sostuvo una rodada por las calles del Centro Hist\u00f3rico, previo a anunciar la<\/p>\n","protected":false},"author":2,"featured_media":15283,"comment_status":"open","ping_status":"closed","sticky":false,"template":"","format":"standard","meta":{"jetpack_post_was_ever_published":false,"_jetpack_newsletter_access":"","_jetpack_dont_email_post_to_subs":false,"_jetpack_newsletter_tier_id":0,"_jetpack_memberships_contains_paywalled_content":false,"_jetpack_memberships_contains_paid_content":false,"footnotes":"","jetpack_publicize_message":"","jetpack_publicize_feature_enabled":true,"jetpack_social_post_already_shared":true,"jetpack_social_options":{"image_generator_settings":{"template":"highway","default_image_id":0,"font":"","enabled":false},"version":2}},"categories":[973,102],"tags":[],"class_list":["post-15281","post","type-post","status-publish","format-standard","has-post-thumbnail","hentry","category-estado","category-queretaro"],"yoast_head":"<!-- This site is optimized with the Yoast SEO plugin v26.4 - https:\/\/yoast.com\/wordpress\/plugins\/seo\/ -->\n<title>En 2022 se construir\u00e1n 7.5 kil\u00f3metros de ciclov\u00eda en Quer\u00e9taro -<\/title>\n<meta name=\"description\" content=\"Esta ma\u00f1ana el Presidente Municipal sostuvo una rodada por las calles del Centro Hist\u00f3rico, previo a anunciar la construcci\u00f3n de 7.5 kil\u00f3metros de ciclov\u00eda en el marco del D\u00eda Internacional de la Bicicleta.\" \/>\n<meta name=\"robots\" content=\"index, follow, max-snippet:-1, max-image-preview:large, max-video-preview:-1\" \/>\n<link rel=\"canonical\" href=\"https:\/\/queretaronetwork.tv\/en-2022-se-construiran-7-5-kilometros-de-ciclovia-en-queretaro\/\" \/>\n<meta property=\"og:locale\" content=\"es_MX\" \/>\n<meta property=\"og:type\" content=\"article\" \/>\n<meta property=\"og:title\" content=\"En 2022 se construir\u00e1n 7.5 kil\u00f3metros de ciclov\u00eda en Quer\u00e9taro -\" \/>\n<meta property=\"og:description\" content=\"Esta ma\u00f1ana el Presidente Municipal sostuvo una rodada por las calles del Centro Hist\u00f3rico, previo a anunciar la construcci\u00f3n de 7.5 kil\u00f3metros de ciclov\u00eda en el marco del D\u00eda Internacional de la Bicicleta.\" \/>\n<meta property=\"og:url\" content=\"https:\/\/queretaronetwork.tv\/en-2022-se-construiran-7-5-kilometros-de-ciclovia-en-queretaro\/\" \/>\n<meta property=\"article:publisher\" content=\"https:\/\/www.facebook.com\/QroNTV\/\" \/>\n<meta property=\"article:published_time\" content=\"2022-06-03T19:56:35+00:00\" \/>\n<meta property=\"og:image\" content=\"https:\/\/i0.wp.com\/queretaronetwork.tv\/wp-content\/uploads\/2022\/06\/descarga-14-1.jpg?fit=481%2C300&ssl=1\" \/>\n\t<meta property=\"og:image:width\" content=\"481\" \/>\n\t<meta property=\"og:image:height\" content=\"300\" \/>\n\t<meta property=\"og:image:type\" content=\"image\/jpeg\" \/>\n<meta name=\"author\" content=\"Editorial QNTV\" \/>\n<meta name=\"twitter:card\" content=\"summary_large_image\" \/>\n<meta name=\"twitter:creator\" content=\"@QNTV6\" \/>\n<meta name=\"twitter:site\" content=\"@QNTV6\" \/>\n<meta name=\"twitter:label1\" content=\"Escrito por\" \/>\n\t<meta name=\"twitter:data1\" content=\"Editorial QNTV\" \/>\n\t<meta name=\"twitter:label2\" content=\"Tiempo de lectura\" \/>\n\t<meta name=\"twitter:data2\" content=\"2 minutos\" \/>\n<script type=\"application\/ld+json\" class=\"yoast-schema-graph\">{\"@context\":\"https:\/\/schema.org\",\"@graph\":[{\"@type\":\"Article\",\"@id\":\"https:\/\/queretaronetwork.tv\/en-2022-se-construiran-7-5-kilometros-de-ciclovia-en-queretaro\/#article\",\"isPartOf\":{\"@id\":\"https:\/\/queretaronetwork.tv\/en-2022-se-construiran-7-5-kilometros-de-ciclovia-en-queretaro\/\"},\"author\":{\"name\":\"Editorial QNTV\",\"@id\":\"https:\/\/queretaronetwork.tv\/#\/schema\/person\/1200b23397cd8ce55a25cb08ca51b5f2\"},\"headline\":\"En 2022 se construir\u00e1n 7.5 kil\u00f3metros de ciclov\u00eda en Quer\u00e9taro\",\"datePublished\":\"2022-06-03T19:56:35+00:00\",\"mainEntityOfPage\":{\"@id\":\"https:\/\/queretaronetwork.tv\/en-2022-se-construiran-7-5-kilometros-de-ciclovia-en-queretaro\/\"},\"wordCount\":351,\"commentCount\":0,\"publisher\":{\"@id\":\"https:\/\/queretaronetwork.tv\/#organization\"},\"image\":{\"@id\":\"https:\/\/queretaronetwork.tv\/en-2022-se-construiran-7-5-kilometros-de-ciclovia-en-queretaro\/#primaryimage\"},\"thumbnailUrl\":\"https:\/\/i0.wp.com\/queretaronetwork.tv\/wp-content\/uploads\/2022\/06\/descarga-14-1.jpg?fit=481%2C300&ssl=1\",\"articleSection\":[\"Estado\",\"Quer\u00e9taro\"],\"inLanguage\":\"es\",\"potentialAction\":[{\"@type\":\"CommentAction\",\"name\":\"Comment\",\"target\":[\"https:\/\/queretaronetwork.tv\/en-2022-se-construiran-7-5-kilometros-de-ciclovia-en-queretaro\/#respond\"]}]},{\"@type\":\"WebPage\",\"@id\":\"https:\/\/queretaronetwork.tv\/en-2022-se-construiran-7-5-kilometros-de-ciclovia-en-queretaro\/\",\"url\":\"https:\/\/queretaronetwork.tv\/en-2022-se-construiran-7-5-kilometros-de-ciclovia-en-queretaro\/\",\"name\":\"En 2022 se construir\u00e1n 7.5 kil\u00f3metros de ciclov\u00eda en Quer\u00e9taro -\",\"isPartOf\":{\"@id\":\"https:\/\/queretaronetwork.tv\/#website\"},\"primaryImageOfPage\":{\"@id\":\"https:\/\/queretaronetwork.tv\/en-2022-se-construiran-7-5-kilometros-de-ciclovia-en-queretaro\/#primaryimage\"},\"image\":{\"@id\":\"https:\/\/queretaronetwork.tv\/en-2022-se-construiran-7-5-kilometros-de-ciclovia-en-queretaro\/#primaryimage\"},\"thumbnailUrl\":\"https:\/\/i0.wp.com\/queretaronetwork.tv\/wp-content\/uploads\/2022\/06\/descarga-14-1.jpg?fit=481%2C300&ssl=1\",\"datePublished\":\"2022-06-03T19:56:35+00:00\",\"description\":\"Esta ma\u00f1ana el Presidente Municipal sostuvo una rodada por las calles del Centro Hist\u00f3rico, previo a anunciar la construcci\u00f3n de 7.5 kil\u00f3metros de ciclov\u00eda en el marco del D\u00eda Internacional de la Bicicleta.\",\"breadcrumb\":{\"@id\":\"https:\/\/queretaronetwork.tv\/en-2022-se-construiran-7-5-kilometros-de-ciclovia-en-queretaro\/#breadcrumb\"},\"inLanguage\":\"es\",\"potentialAction\":[{\"@type\":\"ReadAction\",\"target\":[\"https:\/\/queretaronetwork.tv\/en-2022-se-construiran-7-5-kilometros-de-ciclovia-en-queretaro\/\"]}]},{\"@type\":\"ImageObject\",\"inLanguage\":\"es\",\"@id\":\"https:\/\/queretaronetwork.tv\/en-2022-se-construiran-7-5-kilometros-de-ciclovia-en-queretaro\/#primaryimage\",\"url\":\"https:\/\/i0.wp.com\/queretaronetwork.tv\/wp-content\/uploads\/2022\/06\/descarga-14-1.jpg?fit=481%2C300&ssl=1\",\"contentUrl\":\"https:\/\/i0.wp.com\/queretaronetwork.tv\/wp-content\/uploads\/2022\/06\/descarga-14-1.jpg?fit=481%2C300&ssl=1\",\"width\":481,\"height\":300},{\"@type\":\"BreadcrumbList\",\"@id\":\"https:\/\/queretaronetwork.tv\/en-2022-se-construiran-7-5-kilometros-de-ciclovia-en-queretaro\/#breadcrumb\",\"itemListElement\":[{\"@type\":\"ListItem\",\"position\":1,\"name\":\"Inicio\",\"item\":\"https:\/\/queretaronetwork.tv\/\"},{\"@type\":\"ListItem\",\"position\":2,\"name\":\"En 2022 se construir\u00e1n 7.5 kil\u00f3metros de ciclov\u00eda en Quer\u00e9taro\"}]},{\"@type\":\"WebSite\",\"@id\":\"https:\/\/queretaronetwork.tv\/#website\",\"url\":\"https:\/\/queretaronetwork.tv\/\",\"name\":\"Quer\u00e9taro Network TV\",\"description\":\"Medio de Comunicaci\u00f3n Digital, Noticias y Canal de Tv ONLine\",\"publisher\":{\"@id\":\"https:\/\/queretaronetwork.tv\/#organization\"},\"potentialAction\":[{\"@type\":\"SearchAction\",\"target\":{\"@type\":\"EntryPoint\",\"urlTemplate\":\"https:\/\/queretaronetwork.tv\/?s={search_term_string}\"},\"query-input\":{\"@type\":\"PropertyValueSpecification\",\"valueRequired\":true,\"valueName\":\"search_term_string\"}}],\"inLanguage\":\"es\"},{\"@type\":\"Organization\",\"@id\":\"https:\/\/queretaronetwork.tv\/#organization\",\"name\":\"Quer\u00e9taro Network TV\",\"url\":\"https:\/\/queretaronetwork.tv\/\",\"logo\":{\"@type\":\"ImageObject\",\"inLanguage\":\"es\",\"@id\":\"https:\/\/queretaronetwork.tv\/#\/schema\/logo\/image\/\",\"url\":\"https:\/\/i0.wp.com\/queretaronetwork.tv\/wp-content\/uploads\/2020\/02\/LOGONUEVOCIRCULARQNTV2020-e1595007713656.png?fit=583%2C564&ssl=1\",\"contentUrl\":\"https:\/\/i0.wp.com\/queretaronetwork.tv\/wp-content\/uploads\/2020\/02\/LOGONUEVOCIRCULARQNTV2020-e1595007713656.png?fit=583%2C564&ssl=1\",\"width\":583,\"height\":564,\"caption\":\"Quer\u00e9taro Network TV\"},\"image\":{\"@id\":\"https:\/\/queretaronetwork.tv\/#\/schema\/logo\/image\/\"},\"sameAs\":[\"https:\/\/www.facebook.com\/QroNTV\/\",\"https:\/\/x.com\/QNTV6\",\"https:\/\/www.instagram.com\/queretaronetworktv\/\",\"https:\/\/www.youtube.com\/channel\/UCav1cE_tCaccVZOLJpqZIyA?view_as=subscriber\"]},{\"@type\":\"Person\",\"@id\":\"https:\/\/queretaronetwork.tv\/#\/schema\/person\/1200b23397cd8ce55a25cb08ca51b5f2\",\"name\":\"Editorial QNTV\",\"image\":{\"@type\":\"ImageObject\",\"inLanguage\":\"es\",\"@id\":\"https:\/\/queretaronetwork.tv\/#\/schema\/person\/image\/\",\"url\":\"https:\/\/secure.gravatar.com\/avatar\/c736b7feb12a69c0911796e1381d5be7aa79cd6ca5a0cb325913d75e4c0cdcbd?s=96&d=mm&r=g\",\"contentUrl\":\"https:\/\/secure.gravatar.com\/avatar\/c736b7feb12a69c0911796e1381d5be7aa79cd6ca5a0cb325913d75e4c0cdcbd?s=96&d=mm&r=g\",\"caption\":\"Editorial QNTV\"},\"url\":\"https:\/\/queretaronetwork.tv\/author\/editorial\/\"}]}<\/script>\n<!-- \/ Yoast SEO plugin. -->","yoast_head_json":{"title":"En 2022 se construir\u00e1n 7.5 kil\u00f3metros de ciclov\u00eda en Quer\u00e9taro -","description":"Esta ma\u00f1ana el Presidente Municipal sostuvo una rodada por las calles del Centro Hist\u00f3rico, previo a anunciar la construcci\u00f3n de 7.5 kil\u00f3metros de ciclov\u00eda en el marco del D\u00eda Internacional de la Bicicleta.","robots":{"index":"index","follow":"follow","max-snippet":"max-snippet:-1","max-image-preview":"max-image-preview:large","max-video-preview":"max-video-preview:-1"},"canonical":"https:\/\/queretaronetwork.tv\/en-2022-se-construiran-7-5-kilometros-de-ciclovia-en-queretaro\/","og_locale":"es_MX","og_type":"article","og_title":"En 2022 se construir\u00e1n 7.5 kil\u00f3metros de ciclov\u00eda en Quer\u00e9taro -","og_description":"Esta ma\u00f1ana el Presidente Municipal sostuvo una rodada por las calles del Centro Hist\u00f3rico, previo a anunciar la construcci\u00f3n de 7.5 kil\u00f3metros de ciclov\u00eda en el marco del D\u00eda Internacional de la Bicicleta.","og_url":"https:\/\/queretaronetwork.tv\/en-2022-se-construiran-7-5-kilometros-de-ciclovia-en-queretaro\/","article_publisher":"https:\/\/www.facebook.com\/QroNTV\/","article_published_time":"2022-06-03T19:56:35+00:00","og_image":[{"width":481,"height":300,"url":"https:\/\/i0.wp.com\/queretaronetwork.tv\/wp-content\/uploads\/2022\/06\/descarga-14-1.jpg?fit=481%2C300&ssl=1","type":"image\/jpeg"}],"author":"Editorial QNTV","twitter_card":"summary_large_image","twitter_creator":"@QNTV6","twitter_site":"@QNTV6","twitter_misc":{"Escrito por":"Editorial QNTV","Tiempo de lectura":"2 minutos"},"schema":{"@context":"https:\/\/schema.org","@graph":[{"@type":"Article","@id":"https:\/\/queretaronetwork.tv\/en-2022-se-construiran-7-5-kilometros-de-ciclovia-en-queretaro\/#article","isPartOf":{"@id":"https:\/\/queretaronetwork.tv\/en-2022-se-construiran-7-5-kilometros-de-ciclovia-en-queretaro\/"},"author":{"name":"Editorial QNTV","@id":"https:\/\/queretaronetwork.tv\/#\/schema\/person\/1200b23397cd8ce55a25cb08ca51b5f2"},"headline":"En 2022 se construir\u00e1n 7.5 kil\u00f3metros de ciclov\u00eda en Quer\u00e9taro","datePublished":"2022-06-03T19:56:35+00:00","mainEntityOfPage":{"@id":"https:\/\/queretaronetwork.tv\/en-2022-se-construiran-7-5-kilometros-de-ciclovia-en-queretaro\/"},"wordCount":351,"commentCount":0,"publisher":{"@id":"https:\/\/queretaronetwork.tv\/#organization"},"image":{"@id":"https:\/\/queretaronetwork.tv\/en-2022-se-construiran-7-5-kilometros-de-ciclovia-en-queretaro\/#primaryimage"},"thumbnailUrl":"https:\/\/i0.wp.com\/queretaronetwork.tv\/wp-content\/uploads\/2022\/06\/descarga-14-1.jpg?fit=481%2C300&ssl=1","articleSection":["Estado","Quer\u00e9taro"],"inLanguage":"es","potentialAction":[{"@type":"CommentAction","name":"Comment","target":["https:\/\/queretaronetwork.tv\/en-2022-se-construiran-7-5-kilometros-de-ciclovia-en-queretaro\/#respond"]}]},{"@type":"WebPage","@id":"https:\/\/queretaronetwork.tv\/en-2022-se-construiran-7-5-kilometros-de-ciclovia-en-queretaro\/","url":"https:\/\/queretaronetwork.tv\/en-2022-se-construiran-7-5-kilometros-de-ciclovia-en-queretaro\/","name":"En 2022 se construir\u00e1n 7.5 kil\u00f3metros de ciclov\u00eda en Quer\u00e9taro -","isPartOf":{"@id":"https:\/\/queretaronetwork.tv\/#website"},"primaryImageOfPage":{"@id":"https:\/\/queretaronetwork.tv\/en-2022-se-construiran-7-5-kilometros-de-ciclovia-en-queretaro\/#primaryimage"},"image":{"@id":"https:\/\/queretaronetwork.tv\/en-2022-se-construiran-7-5-kilometros-de-ciclovia-en-queretaro\/#primaryimage"},"thumbnailUrl":"https:\/\/i0.wp.com\/queretaronetwork.tv\/wp-content\/uploads\/2022\/06\/descarga-14-1.jpg?fit=481%2C300&ssl=1","datePublished":"2022-06-03T19:56:35+00:00","description":"Esta ma\u00f1ana el Presidente Municipal sostuvo una rodada por las calles del Centro Hist\u00f3rico, previo a anunciar la construcci\u00f3n de 7.5 kil\u00f3metros de ciclov\u00eda en el marco del D\u00eda Internacional de la Bicicleta.","breadcrumb":{"@id":"https:\/\/queretaronetwork.tv\/en-2022-se-construiran-7-5-kilometros-de-ciclovia-en-queretaro\/#breadcrumb"},"inLanguage":"es","potentialAction":[{"@type":"ReadAction","target":["https:\/\/queretaronetwork.tv\/en-2022-se-construiran-7-5-kilometros-de-ciclovia-en-queretaro\/"]}]},{"@type":"ImageObject","inLanguage":"es","@id":"https:\/\/queretaronetwork.tv\/en-2022-se-construiran-7-5-kilometros-de-ciclovia-en-queretaro\/#primaryimage","url":"https:\/\/i0.wp.com\/queretaronetwork.tv\/wp-content\/uploads\/2022\/06\/descarga-14-1.jpg?fit=481%2C300&ssl=1","contentUrl":"https:\/\/i0.wp.com\/queretaronetwork.tv\/wp-content\/uploads\/2022\/06\/descarga-14-1.jpg?fit=481%2C300&ssl=1","width":481,"height":300},{"@type":"BreadcrumbList","@id":"https:\/\/queretaronetwork.tv\/en-2022-se-construiran-7-5-kilometros-de-ciclovia-en-queretaro\/#breadcrumb","itemListElement":[{"@type":"ListItem","position":1,"name":"Inicio","item":"https:\/\/queretaronetwork.tv\/"},{"@type":"ListItem","position":2,"name":"En 2022 se construir\u00e1n 7.5 kil\u00f3metros de ciclov\u00eda en Quer\u00e9taro"}]},{"@type":"WebSite","@id":"https:\/\/queretaronetwork.tv\/#website","url":"https:\/\/queretaronetwork.tv\/","name":"Quer\u00e9taro Network TV","description":"Medio de Comunicaci\u00f3n Digital, Noticias y Canal de Tv ONLine","publisher":{"@id":"https:\/\/queretaronetwork.tv\/#organization"},"potentialAction":[{"@type":"SearchAction","target":{"@type":"EntryPoint","urlTemplate":"https:\/\/queretaronetwork.tv\/?s={search_term_string}"},"query-input":{"@type":"PropertyValueSpecification","valueRequired":true,"valueName":"search_term_string"}}],"inLanguage":"es"},{"@type":"Organization","@id":"https:\/\/queretaronetwork.tv\/#organization","name":"Quer\u00e9taro Network TV","url":"https:\/\/queretaronetwork.tv\/","logo":{"@type":"ImageObject","inLanguage":"es","@id":"https:\/\/queretaronetwork.tv\/#\/schema\/logo\/image\/","url":"https:\/\/i0.wp.com\/queretaronetwork.tv\/wp-content\/uploads\/2020\/02\/LOGONUEVOCIRCULARQNTV2020-e1595007713656.png?fit=583%2C564&ssl=1","contentUrl":"https:\/\/i0.wp.com\/queretaronetwork.tv\/wp-content\/uploads\/2020\/02\/LOGONUEVOCIRCULARQNTV2020-e1595007713656.png?fit=583%2C564&ssl=1","width":583,"height":564,"caption":"Quer\u00e9taro Network TV"},"image":{"@id":"https:\/\/queretaronetwork.tv\/#\/schema\/logo\/image\/"},"sameAs":["https:\/\/www.facebook.com\/QroNTV\/","https:\/\/x.com\/QNTV6","https:\/\/www.instagram.com\/queretaronetworktv\/","https:\/\/www.youtube.com\/channel\/UCav1cE_tCaccVZOLJpqZIyA?view_as=subscriber"]},{"@type":"Person","@id":"https:\/\/queretaronetwork.tv\/#\/schema\/person\/1200b23397cd8ce55a25cb08ca51b5f2","name":"Editorial QNTV","image":{"@type":"ImageObject","inLanguage":"es","@id":"https:\/\/queretaronetwork.tv\/#\/schema\/person\/image\/","url":"https:\/\/secure.gravatar.com\/avatar\/c736b7feb12a69c0911796e1381d5be7aa79cd6ca5a0cb325913d75e4c0cdcbd?s=96&d=mm&r=g","contentUrl":"https:\/\/secure.gravatar.com\/avatar\/c736b7feb12a69c0911796e1381d5be7aa79cd6ca5a0cb325913d75e4c0cdcbd?s=96&d=mm&r=g","caption":"Editorial QNTV"},"url":"https:\/\/queretaronetwork.tv\/author\/editorial\/"}]}},"jetpack_publicize_connections":[],"featured_image_urls":{"full":["https:\/\/i0.wp.com\/queretaronetwork.tv\/wp-content\/uploads\/2022\/06\/descarga-14-1.jpg?fit=481%2C300&ssl=1",481,300,false],"thumbnail":["https:\/\/i0.wp.com\/queretaronetwork.tv\/wp-content\/uploads\/2022\/06\/descarga-14-1.jpg?resize=150%2C150&ssl=1",150,150,true],"medium":["https:\/\/i0.wp.com\/queretaronetwork.tv\/wp-content\/uploads\/2022\/06\/descarga-14-1.jpg?fit=300%2C187&ssl=1",300,187,true],"medium_large":["https:\/\/i0.wp.com\/queretaronetwork.tv\/wp-content\/uploads\/2022\/06\/descarga-14-1.jpg?fit=481%2C300&ssl=1",481,300,true],"large":["https:\/\/i0.wp.com\/queretaronetwork.tv\/wp-content\/uploads\/2022\/06\/descarga-14-1.jpg?fit=481%2C300&ssl=1",481,300,true],"1536x1536":["https:\/\/i0.wp.com\/queretaronetwork.tv\/wp-content\/uploads\/2022\/06\/descarga-14-1.jpg?fit=481%2C300&ssl=1",481,300,true],"2048x2048":["https:\/\/i0.wp.com\/queretaronetwork.tv\/wp-content\/uploads\/2022\/06\/descarga-14-1.jpg?fit=481%2C300&ssl=1",481,300,true],"darknews-slider-full":["https:\/\/i0.wp.com\/queretaronetwork.tv\/wp-content\/uploads\/2022\/06\/descarga-14-1.jpg?resize=481%2C300&ssl=1",481,300,true],"darknews-featured":["https:\/\/i0.wp.com\/queretaronetwork.tv\/wp-content\/uploads\/2022\/06\/descarga-14-1.jpg?fit=481%2C300&ssl=1",481,300,true],"darknews-medium":["https:\/\/i0.wp.com\/queretaronetwork.tv\/wp-content\/uploads\/2022\/06\/descarga-14-1.jpg?resize=481%2C300&ssl=1",481,300,true],"darknews-medium-square":["https:\/\/i0.wp.com\/queretaronetwork.tv\/wp-content\/uploads\/2022\/06\/descarga-14-1.jpg?resize=350%2C300&ssl=1",350,300,true]},"author_info":{"info":["Editorial QNTV"]},"category_info":"<a href=\"https:\/\/queretaronetwork.tv\/category\/estado\/\" rel=\"category tag\">Estado<\/a> <a href=\"https:\/\/queretaronetwork.tv\/category\/local\/queretaro\/\" rel=\"category tag\">Quer\u00e9taro<\/a>","tag_info":"Quer\u00e9taro","comment_count":"0","jetpack_featured_media_url":"https:\/\/i0.wp.com\/queretaronetwork.tv\/wp-content\/uploads\/2022\/06\/descarga-14-1.jpg?fit=481%2C300&ssl=1","jetpack_likes_enabled":true,"jetpack-related-posts":[{"id":30503,"url":"https:\/\/queretaronetwork.tv\/al-85-modernizacion-de-carretera-queretaro-chichimequillas\/","url_meta":{"origin":15281,"position":0},"title":"Al 85 % modernizaci\u00f3n de carretera Quer\u00e9taro-Chichimequillas","author":"Editorial QNTV","date":"19 julio, 2023","format":false,"excerpt":"La modernizaci\u00f3n de la carretera Quer\u00e9taro-Chichimequillas presenta un avance del 85 %; gobernador supervisa el proyecto","rel":"","context":"En &quot;Quer\u00e9taro&quot;","block_context":{"text":"Quer\u00e9taro","link":"https:\/\/queretaronetwork.tv\/category\/local\/queretaro\/"},"img":{"alt_text":"","src":"https:\/\/i0.wp.com\/queretaronetwork.tv\/wp-content\/uploads\/2023\/07\/CHICHIMEQUILLASOBRA.jpg?fit=1200%2C800&ssl=1&resize=350%2C200","width":350,"height":200,"srcset":"https:\/\/i0.wp.com\/queretaronetwork.tv\/wp-content\/uploads\/2023\/07\/CHICHIMEQUILLASOBRA.jpg?fit=1200%2C800&ssl=1&resize=350%2C200 1x, https:\/\/i0.wp.com\/queretaronetwork.tv\/wp-content\/uploads\/2023\/07\/CHICHIMEQUILLASOBRA.jpg?fit=1200%2C800&ssl=1&resize=525%2C300 1.5x, https:\/\/i0.wp.com\/queretaronetwork.tv\/wp-content\/uploads\/2023\/07\/CHICHIMEQUILLASOBRA.jpg?fit=1200%2C800&ssl=1&resize=700%2C400 2x, https:\/\/i0.wp.com\/queretaronetwork.tv\/wp-content\/uploads\/2023\/07\/CHICHIMEQUILLASOBRA.jpg?fit=1200%2C800&ssl=1&resize=1050%2C600 3x"},"classes":[]},{"id":14474,"url":"https:\/\/queretaronetwork.tv\/atenderan-seguridad-vial-en-villas-del-cimatario\/","url_meta":{"origin":15281,"position":1},"title":"Atender\u00e1n seguridad vial en Villas del Cimatario.","author":"Editorial QNTV","date":"23 mayo, 2022","format":false,"excerpt":"*Habr\u00e1 delimitaci\u00f3n f\u00edsica segura para la ciclov\u00eda en Prolongaci\u00f3n Pasteur Sur. *Regidora promueve una visi\u00f3n integral de la seguridad vial del municipio. La Secretar\u00eda de Movilidad del municipio de Quer\u00e9taro realizar\u00e1 mediciones y estudios para elaborar una propuesta de un cruce seguro en Prolongaci\u00f3n Pasteur Sur, mediante la implementaci\u00f3n de\u2026","rel":"","context":"En &quot;Local&quot;","block_context":{"text":"Local","link":"https:\/\/queretaronetwork.tv\/category\/local\/"},"img":{"alt_text":"","src":"https:\/\/i0.wp.com\/queretaronetwork.tv\/wp-content\/uploads\/2022\/05\/Regidora-Ivonne.jpg?fit=1200%2C675&ssl=1&resize=350%2C200","width":350,"height":200,"srcset":"https:\/\/i0.wp.com\/queretaronetwork.tv\/wp-content\/uploads\/2022\/05\/Regidora-Ivonne.jpg?fit=1200%2C675&ssl=1&resize=350%2C200 1x, https:\/\/i0.wp.com\/queretaronetwork.tv\/wp-content\/uploads\/2022\/05\/Regidora-Ivonne.jpg?fit=1200%2C675&ssl=1&resize=525%2C300 1.5x, https:\/\/i0.wp.com\/queretaronetwork.tv\/wp-content\/uploads\/2022\/05\/Regidora-Ivonne.jpg?fit=1200%2C675&ssl=1&resize=700%2C400 2x, https:\/\/i0.wp.com\/queretaronetwork.tv\/wp-content\/uploads\/2022\/05\/Regidora-Ivonne.jpg?fit=1200%2C675&ssl=1&resize=1050%2C600 3x"},"classes":[]},{"id":28912,"url":"https:\/\/queretaronetwork.tv\/cruces-peligrosos-para-el-ciclista-en-queretaro\/","url_meta":{"origin":15281,"position":2},"title":"Cruces peligrosos para el ciclista en Quer\u00e9taro","author":"Nalleli Ruiz","date":"20 abril, 2023","format":false,"excerpt":"Aunque Quer\u00e9taro es la segunda ciudad en el pa\u00eds con mayor infraestructura ciclista, pues cuenta con 308 kil\u00f3metros para que los ciudadanos hagan sus desplazamientos usando la bicicleta, tambi\u00e9n tiene cinco cruces peligrosos para que puedan circular. Estos cruces se ubican en Quintas de Marqu\u00e9s, Zaragoza, Arboledas, Paseo de la\u2026","rel":"","context":"En &quot;Estado&quot;","block_context":{"text":"Estado","link":"https:\/\/queretaronetwork.tv\/category\/estado\/"},"img":{"alt_text":"","src":"https:\/\/i0.wp.com\/queretaronetwork.tv\/wp-content\/uploads\/2023\/04\/ciclistas11-1160x700-1.jpg?fit=1160%2C700&ssl=1&resize=350%2C200","width":350,"height":200,"srcset":"https:\/\/i0.wp.com\/queretaronetwork.tv\/wp-content\/uploads\/2023\/04\/ciclistas11-1160x700-1.jpg?fit=1160%2C700&ssl=1&resize=350%2C200 1x, https:\/\/i0.wp.com\/queretaronetwork.tv\/wp-content\/uploads\/2023\/04\/ciclistas11-1160x700-1.jpg?fit=1160%2C700&ssl=1&resize=525%2C300 1.5x, https:\/\/i0.wp.com\/queretaronetwork.tv\/wp-content\/uploads\/2023\/04\/ciclistas11-1160x700-1.jpg?fit=1160%2C700&ssl=1&resize=700%2C400 2x, https:\/\/i0.wp.com\/queretaronetwork.tv\/wp-content\/uploads\/2023\/04\/ciclistas11-1160x700-1.jpg?fit=1160%2C700&ssl=1&resize=1050%2C600 3x"},"classes":[]},{"id":29011,"url":"https:\/\/queretaronetwork.tv\/realiza-cei-mantenimiento-del-circuito-universidades\/","url_meta":{"origin":15281,"position":3},"title":"Realiza CEI mantenimiento del Circuito Universidades","author":"Nalleli Ruiz","date":"24 abril, 2023","format":false,"excerpt":"El sector de Obras P\u00fablicas del Estado, a trav\u00e9s de la Comisi\u00f3n Estatal de Infraestructura (CEI), informa que, con el apoyo de\u00a0las brigadas de conservaci\u00f3n, \u00a0realiza el mantenimiento de la Carretera Estatal 41 Circuito Universidades, con un avance del 90% y una inversi\u00f3n de m\u00e1s de 10 millones de pesos.\u2026","rel":"","context":"En &quot;Estado&quot;","block_context":{"text":"Estado","link":"https:\/\/queretaronetwork.tv\/category\/estado\/"},"img":{"alt_text":"","src":"https:\/\/i0.wp.com\/queretaronetwork.tv\/wp-content\/uploads\/2023\/04\/71_273_40223_26788734_FOTO3_CEI_016_2023_Se_realiza_mantenimiento_de_casi_10_km_en_Circuito_Universidades-scaled.jpg?fit=1200%2C798&ssl=1&resize=350%2C200","width":350,"height":200,"srcset":"https:\/\/i0.wp.com\/queretaronetwork.tv\/wp-content\/uploads\/2023\/04\/71_273_40223_26788734_FOTO3_CEI_016_2023_Se_realiza_mantenimiento_de_casi_10_km_en_Circuito_Universidades-scaled.jpg?fit=1200%2C798&ssl=1&resize=350%2C200 1x, https:\/\/i0.wp.com\/queretaronetwork.tv\/wp-content\/uploads\/2023\/04\/71_273_40223_26788734_FOTO3_CEI_016_2023_Se_realiza_mantenimiento_de_casi_10_km_en_Circuito_Universidades-scaled.jpg?fit=1200%2C798&ssl=1&resize=525%2C300 1.5x, https:\/\/i0.wp.com\/queretaronetwork.tv\/wp-content\/uploads\/2023\/04\/71_273_40223_26788734_FOTO3_CEI_016_2023_Se_realiza_mantenimiento_de_casi_10_km_en_Circuito_Universidades-scaled.jpg?fit=1200%2C798&ssl=1&resize=700%2C400 2x, https:\/\/i0.wp.com\/queretaronetwork.tv\/wp-content\/uploads\/2023\/04\/71_273_40223_26788734_FOTO3_CEI_016_2023_Se_realiza_mantenimiento_de_casi_10_km_en_Circuito_Universidades-scaled.jpg?fit=1200%2C798&ssl=1&resize=1050%2C600 3x"},"classes":[]},{"id":32061,"url":"https:\/\/queretaronetwork.tv\/propone-felifer-acciones-para-promover-la-bicicleta-como-medio-de-transporte\/","url_meta":{"origin":15281,"position":4},"title":"Propone Felifer acciones para promover la bicicleta como medio de transporte","author":"Editorial QNTV","date":"21 mayo, 2024","format":false,"excerpt":"Con el objetivo de fomentar el uso de la bicicleta como medio de transporte diario, el candidato a presidente municipal de Quer\u00e9taro por el PAN, PRI y PRD, Felifer Mac\u00edas, propone una serie de acciones para convertir a la ciudad en l\u00edder ciclista de traslados. \u201cLe vamos a entrar con\u2026","rel":"","context":"En &quot;QNTV&quot;","block_context":{"text":"QNTV","link":"https:\/\/queretaronetwork.tv\/category\/qntv\/"},"img":{"alt_text":"","src":"https:\/\/i0.wp.com\/queretaronetwork.tv\/wp-content\/uploads\/2024\/05\/WhatsApp-Image-2024-05-20-at-14.12.36.jpeg?fit=1200%2C800&ssl=1&resize=350%2C200","width":350,"height":200,"srcset":"https:\/\/i0.wp.com\/queretaronetwork.tv\/wp-content\/uploads\/2024\/05\/WhatsApp-Image-2024-05-20-at-14.12.36.jpeg?fit=1200%2C800&ssl=1&resize=350%2C200 1x, https:\/\/i0.wp.com\/queretaronetwork.tv\/wp-content\/uploads\/2024\/05\/WhatsApp-Image-2024-05-20-at-14.12.36.jpeg?fit=1200%2C800&ssl=1&resize=525%2C300 1.5x, https:\/\/i0.wp.com\/queretaronetwork.tv\/wp-content\/uploads\/2024\/05\/WhatsApp-Image-2024-05-20-at-14.12.36.jpeg?fit=1200%2C800&ssl=1&resize=700%2C400 2x, https:\/\/i0.wp.com\/queretaronetwork.tv\/wp-content\/uploads\/2024\/05\/WhatsApp-Image-2024-05-20-at-14.12.36.jpeg?fit=1200%2C800&ssl=1&resize=1050%2C600 3x"},"classes":[]},{"id":2261,"url":"https:\/\/queretaronetwork.tv\/13-millones-de-pesos-para-preservar-sitios-y-monumentos-del-centro-historico-luis-nava\/","url_meta":{"origin":15281,"position":5},"title":"13 millones de pesos para preservar sitios y monumentos del Centro Hist\u00f3rico: Luis Nava.","author":"Editorial QNTV","date":"10 junio, 2019","format":false,"excerpt":"\u2022 Destac\u00f3 el Alcalde la importancia del Congreso Regional de Ciudades Patrimonio que se realizar\u00e1 el a\u00f1o que entra en la capital del estado. \u2022 Por otro lado se inform\u00f3 que las Secretar\u00edas de Movilidad y Obras P\u00fablicas atender\u00e1n zonas de riesgo en las ciclov\u00edas. El Presidente Municipal de Quer\u00e9taro,\u2026","rel":"","context":"En &quot;Local&quot;","block_context":{"text":"Local","link":"https:\/\/queretaronetwork.tv\/category\/local\/"},"img":{"alt_text":"","src":"https:\/\/i0.wp.com\/queretaronetwork.tv\/wp-content\/uploads\/2019\/06\/81635ab7-faa3-4e69-99cf-43f7f903b498.jpg?fit=1200%2C799&ssl=1&resize=350%2C200","width":350,"height":200,"srcset":"https:\/\/i0.wp.com\/queretaronetwork.tv\/wp-content\/uploads\/2019\/06\/81635ab7-faa3-4e69-99cf-43f7f903b498.jpg?fit=1200%2C799&ssl=1&resize=350%2C200 1x, https:\/\/i0.wp.com\/queretaronetwork.tv\/wp-content\/uploads\/2019\/06\/81635ab7-faa3-4e69-99cf-43f7f903b498.jpg?fit=1200%2C799&ssl=1&resize=525%2C300 1.5x, https:\/\/i0.wp.com\/queretaronetwork.tv\/wp-content\/uploads\/2019\/06\/81635ab7-faa3-4e69-99cf-43f7f903b498.jpg?fit=1200%2C799&ssl=1&resize=700%2C400 2x, https:\/\/i0.wp.com\/queretaronetwork.tv\/wp-content\/uploads\/2019\/06\/81635ab7-faa3-4e69-99cf-43f7f903b498.jpg?fit=1200%2C799&ssl=1&resize=1050%2C600 3x"},"classes":[]}],"jetpack_sharing_enabled":true,"jetpack_shortlink":"https:\/\/wp.me\/pardhb-3Yt","_links":{"self":[{"href":"https:\/\/queretaronetwork.tv\/wp-json\/wp\/v2\/posts\/15281","targetHints":{"allow":["GET"]}}],"collection":[{"href":"https:\/\/queretaronetwork.tv\/wp-json\/wp\/v2\/posts"}],"about":[{"href":"https:\/\/queretaronetwork.tv\/wp-json\/wp\/v2\/types\/post"}],"author":[{"embeddable":true,"href":"https:\/\/queretaronetwork.tv\/wp-json\/wp\/v2\/users\/2"}],"replies":[{"embeddable":true,"href":"https:\/\/queretaronetwork.tv\/wp-json\/wp\/v2\/comments?post=15281"}],"version-history":[{"count":1,"href":"https:\/\/queretaronetwork.tv\/wp-json\/wp\/v2\/posts\/15281\/revisions"}],"predecessor-version":[{"id":15284,"href":"https:\/\/queretaronetwork.tv\/wp-json\/wp\/v2\/posts\/15281\/revisions\/15284"}],"wp:featuredmedia":[{"embeddable":true,"href":"https:\/\/queretaronetwork.tv\/wp-json\/wp\/v2\/media\/15283"}],"wp:attachment":[{"href":"https:\/\/queretaronetwork.tv\/wp-json\/wp\/v2\/media?parent=15281"}],"wp:term":[{"taxonomy":"category","embeddable":true,"href":"https:\/\/queretaronetwork.tv\/wp-json\/wp\/v2\/categories?post=15281"},{"taxonomy":"post_tag","embeddable":true,"href":"https:\/\/queretaronetwork.tv\/wp-json\/wp\/v2\/tags?post=15281"}],"curies":[{"name":"wp","href":"https:\/\/api.w.org\/{rel}","templated":true}]}}