{"id":15982,"date":"2022-06-17T12:49:05","date_gmt":"2022-06-17T17:49:05","guid":{"rendered":"https:\/\/queretaronetwork.tv\/?p=15982"},"modified":"2022-06-17T12:49:05","modified_gmt":"2022-06-17T17:49:05","slug":"realiza-upq-primer-coloquio-de-formacion-y-actualizacion-educativa","status":"publish","type":"post","link":"https:\/\/queretaronetwork.tv\/realiza-upq-primer-coloquio-de-formacion-y-actualizacion-educativa\/","title":{"rendered":"Realiza UPQ primer Coloquio de Formaci\u00f3n y Actualizaci\u00f3n Educativa"},"content":{"rendered":"<p style=\"text-align: justify;\">Con la finalidad de exponer la situaci\u00f3n actual de la ense\u00f1anza docente e intercambiar buenas pr\u00e1cticas en este \u00e1mbito, a favor de las y los estudiantes, la Universidad Polit\u00e9cnica de Quer\u00e9taro (UPQ) inaugur\u00f3 el primer Coloquio de Formaci\u00f3n y Actualizaci\u00f3n Educativa, el cual estar\u00e1 vigente hasta el 17 de junio.<\/p>\n<p style=\"text-align: justify;\">El rector de la instituci\u00f3n, Carlos Contreras, puntualiz\u00f3 que este coloquio busca responder a las necesidades sociales de una formaci\u00f3n integral para las y los profesionistas, a fin de que se integren adecuadamente a la industria y sector productivo.<\/p>\n<p style=\"text-align: justify;\">El programa del coloquio ofrece ponencias por parte de expertos de la UPQ, la Universidad de Guanajuato, la Universidad Cuauht\u00e9moc, el Colegio Saint Agustine de Quer\u00e9taro, el Centro Estatal de Salud Mental y la Defensor\u00eda de los Derechos Humanos del Estado de Quer\u00e9taro.<\/p>\n<p style=\"text-align: justify;\">Las conferencias abordar\u00e1n temas como el Sistema de Zero Asignaturas Reprobadas (ZAR), el dise\u00f1o de estrategias para la ense\u00f1anza de matem\u00e1ticas; habilidades socioemocionales, y la convivencia postpandemia en los entornos educativos. Los interesados puede consultar el programa en:\u00a0<a href=\"https:\/\/bit.ly\/3HqGU0p\">https:\/\/bit.ly\/3HqGU0p<\/a>, y seguir las exposiciones en la cuenta de Facebook @UPQoficial.<\/p>\n","protected":false},"excerpt":{"rendered":"<p>Con la finalidad de exponer la situaci\u00f3n actual de la ense\u00f1anza docente e intercambiar buenas pr\u00e1cticas en este<\/p>\n","protected":false},"author":2,"featured_media":15983,"comment_status":"open","ping_status":"closed","sticky":false,"template":"","format":"standard","meta":{"jetpack_post_was_ever_published":false,"_jetpack_newsletter_access":"","_jetpack_dont_email_post_to_subs":false,"_jetpack_newsletter_tier_id":0,"_jetpack_memberships_contains_paywalled_content":false,"_jetpack_memberships_contains_paid_content":false,"footnotes":"","jetpack_publicize_message":"","jetpack_publicize_feature_enabled":true,"jetpack_social_post_already_shared":true,"jetpack_social_options":{"image_generator_settings":{"template":"highway","default_image_id":0,"font":"","enabled":false},"version":2}},"categories":[973,102],"tags":[],"class_list":["post-15982","post","type-post","status-publish","format-standard","has-post-thumbnail","hentry","category-estado","category-queretaro"],"yoast_head":"<!-- This site is optimized with the Yoast SEO plugin v26.4 - https:\/\/yoast.com\/wordpress\/plugins\/seo\/ -->\n<title>Realiza UPQ primer Coloquio de Formaci\u00f3n y Actualizaci\u00f3n Educativa -<\/title>\n<meta name=\"robots\" content=\"index, follow, max-snippet:-1, max-image-preview:large, max-video-preview:-1\" \/>\n<link rel=\"canonical\" href=\"https:\/\/queretaronetwork.tv\/realiza-upq-primer-coloquio-de-formacion-y-actualizacion-educativa\/\" \/>\n<meta property=\"og:locale\" content=\"es_MX\" \/>\n<meta property=\"og:type\" content=\"article\" \/>\n<meta property=\"og:title\" content=\"Realiza UPQ primer Coloquio de Formaci\u00f3n y Actualizaci\u00f3n Educativa -\" \/>\n<meta property=\"og:description\" content=\"Con la finalidad de exponer la situaci\u00f3n actual de la ense\u00f1anza docente e intercambiar buenas pr\u00e1cticas en este\" \/>\n<meta property=\"og:url\" content=\"https:\/\/queretaronetwork.tv\/realiza-upq-primer-coloquio-de-formacion-y-actualizacion-educativa\/\" \/>\n<meta property=\"article:publisher\" content=\"https:\/\/www.facebook.com\/QroNTV\/\" \/>\n<meta property=\"article:published_time\" content=\"2022-06-17T17:49:05+00:00\" \/>\n<meta property=\"og:image\" content=\"https:\/\/i0.wp.com\/queretaronetwork.tv\/wp-content\/uploads\/2022\/06\/71_273_36568_1100534683_16_06_UPQ_COLOQUIO1-scaled.jpg?fit=2560%2C1707&ssl=1\" \/>\n\t<meta property=\"og:image:width\" content=\"2560\" \/>\n\t<meta property=\"og:image:height\" content=\"1707\" \/>\n\t<meta property=\"og:image:type\" content=\"image\/jpeg\" \/>\n<meta name=\"author\" content=\"Editorial QNTV\" \/>\n<meta name=\"twitter:card\" content=\"summary_large_image\" \/>\n<meta name=\"twitter:creator\" content=\"@QNTV6\" \/>\n<meta name=\"twitter:site\" content=\"@QNTV6\" \/>\n<meta name=\"twitter:label1\" content=\"Escrito por\" \/>\n\t<meta name=\"twitter:data1\" content=\"Editorial QNTV\" \/>\n\t<meta name=\"twitter:label2\" content=\"Tiempo de lectura\" \/>\n\t<meta name=\"twitter:data2\" content=\"1 minuto\" \/>\n<script type=\"application\/ld+json\" class=\"yoast-schema-graph\">{\"@context\":\"https:\/\/schema.org\",\"@graph\":[{\"@type\":\"Article\",\"@id\":\"https:\/\/queretaronetwork.tv\/realiza-upq-primer-coloquio-de-formacion-y-actualizacion-educativa\/#article\",\"isPartOf\":{\"@id\":\"https:\/\/queretaronetwork.tv\/realiza-upq-primer-coloquio-de-formacion-y-actualizacion-educativa\/\"},\"author\":{\"name\":\"Editorial QNTV\",\"@id\":\"https:\/\/queretaronetwork.tv\/#\/schema\/person\/1200b23397cd8ce55a25cb08ca51b5f2\"},\"headline\":\"Realiza UPQ primer Coloquio de Formaci\u00f3n y Actualizaci\u00f3n Educativa\",\"datePublished\":\"2022-06-17T17:49:05+00:00\",\"mainEntityOfPage\":{\"@id\":\"https:\/\/queretaronetwork.tv\/realiza-upq-primer-coloquio-de-formacion-y-actualizacion-educativa\/\"},\"wordCount\":212,\"commentCount\":0,\"publisher\":{\"@id\":\"https:\/\/queretaronetwork.tv\/#organization\"},\"image\":{\"@id\":\"https:\/\/queretaronetwork.tv\/realiza-upq-primer-coloquio-de-formacion-y-actualizacion-educativa\/#primaryimage\"},\"thumbnailUrl\":\"https:\/\/i0.wp.com\/queretaronetwork.tv\/wp-content\/uploads\/2022\/06\/71_273_36568_1100534683_16_06_UPQ_COLOQUIO1-scaled.jpg?fit=2560%2C1707&ssl=1\",\"articleSection\":[\"Estado\",\"Quer\u00e9taro\"],\"inLanguage\":\"es\",\"potentialAction\":[{\"@type\":\"CommentAction\",\"name\":\"Comment\",\"target\":[\"https:\/\/queretaronetwork.tv\/realiza-upq-primer-coloquio-de-formacion-y-actualizacion-educativa\/#respond\"]}]},{\"@type\":\"WebPage\",\"@id\":\"https:\/\/queretaronetwork.tv\/realiza-upq-primer-coloquio-de-formacion-y-actualizacion-educativa\/\",\"url\":\"https:\/\/queretaronetwork.tv\/realiza-upq-primer-coloquio-de-formacion-y-actualizacion-educativa\/\",\"name\":\"Realiza UPQ primer Coloquio de Formaci\u00f3n y Actualizaci\u00f3n Educativa -\",\"isPartOf\":{\"@id\":\"https:\/\/queretaronetwork.tv\/#website\"},\"primaryImageOfPage\":{\"@id\":\"https:\/\/queretaronetwork.tv\/realiza-upq-primer-coloquio-de-formacion-y-actualizacion-educativa\/#primaryimage\"},\"image\":{\"@id\":\"https:\/\/queretaronetwork.tv\/realiza-upq-primer-coloquio-de-formacion-y-actualizacion-educativa\/#primaryimage\"},\"thumbnailUrl\":\"https:\/\/i0.wp.com\/queretaronetwork.tv\/wp-content\/uploads\/2022\/06\/71_273_36568_1100534683_16_06_UPQ_COLOQUIO1-scaled.jpg?fit=2560%2C1707&ssl=1\",\"datePublished\":\"2022-06-17T17:49:05+00:00\",\"breadcrumb\":{\"@id\":\"https:\/\/queretaronetwork.tv\/realiza-upq-primer-coloquio-de-formacion-y-actualizacion-educativa\/#breadcrumb\"},\"inLanguage\":\"es\",\"potentialAction\":[{\"@type\":\"ReadAction\",\"target\":[\"https:\/\/queretaronetwork.tv\/realiza-upq-primer-coloquio-de-formacion-y-actualizacion-educativa\/\"]}]},{\"@type\":\"ImageObject\",\"inLanguage\":\"es\",\"@id\":\"https:\/\/queretaronetwork.tv\/realiza-upq-primer-coloquio-de-formacion-y-actualizacion-educativa\/#primaryimage\",\"url\":\"https:\/\/i0.wp.com\/queretaronetwork.tv\/wp-content\/uploads\/2022\/06\/71_273_36568_1100534683_16_06_UPQ_COLOQUIO1-scaled.jpg?fit=2560%2C1707&ssl=1\",\"contentUrl\":\"https:\/\/i0.wp.com\/queretaronetwork.tv\/wp-content\/uploads\/2022\/06\/71_273_36568_1100534683_16_06_UPQ_COLOQUIO1-scaled.jpg?fit=2560%2C1707&ssl=1\",\"width\":2560,\"height\":1707},{\"@type\":\"BreadcrumbList\",\"@id\":\"https:\/\/queretaronetwork.tv\/realiza-upq-primer-coloquio-de-formacion-y-actualizacion-educativa\/#breadcrumb\",\"itemListElement\":[{\"@type\":\"ListItem\",\"position\":1,\"name\":\"Inicio\",\"item\":\"https:\/\/queretaronetwork.tv\/\"},{\"@type\":\"ListItem\",\"position\":2,\"name\":\"Realiza UPQ primer Coloquio de Formaci\u00f3n y Actualizaci\u00f3n Educativa\"}]},{\"@type\":\"WebSite\",\"@id\":\"https:\/\/queretaronetwork.tv\/#website\",\"url\":\"https:\/\/queretaronetwork.tv\/\",\"name\":\"Quer\u00e9taro Network TV\",\"description\":\"Medio de Comunicaci\u00f3n Digital, Noticias y Canal de Tv ONLine\",\"publisher\":{\"@id\":\"https:\/\/queretaronetwork.tv\/#organization\"},\"potentialAction\":[{\"@type\":\"SearchAction\",\"target\":{\"@type\":\"EntryPoint\",\"urlTemplate\":\"https:\/\/queretaronetwork.tv\/?s={search_term_string}\"},\"query-input\":{\"@type\":\"PropertyValueSpecification\",\"valueRequired\":true,\"valueName\":\"search_term_string\"}}],\"inLanguage\":\"es\"},{\"@type\":\"Organization\",\"@id\":\"https:\/\/queretaronetwork.tv\/#organization\",\"name\":\"Quer\u00e9taro Network TV\",\"url\":\"https:\/\/queretaronetwork.tv\/\",\"logo\":{\"@type\":\"ImageObject\",\"inLanguage\":\"es\",\"@id\":\"https:\/\/queretaronetwork.tv\/#\/schema\/logo\/image\/\",\"url\":\"https:\/\/i0.wp.com\/queretaronetwork.tv\/wp-content\/uploads\/2020\/02\/LOGONUEVOCIRCULARQNTV2020-e1595007713656.png?fit=583%2C564&ssl=1\",\"contentUrl\":\"https:\/\/i0.wp.com\/queretaronetwork.tv\/wp-content\/uploads\/2020\/02\/LOGONUEVOCIRCULARQNTV2020-e1595007713656.png?fit=583%2C564&ssl=1\",\"width\":583,\"height\":564,\"caption\":\"Quer\u00e9taro Network TV\"},\"image\":{\"@id\":\"https:\/\/queretaronetwork.tv\/#\/schema\/logo\/image\/\"},\"sameAs\":[\"https:\/\/www.facebook.com\/QroNTV\/\",\"https:\/\/x.com\/QNTV6\",\"https:\/\/www.instagram.com\/queretaronetworktv\/\",\"https:\/\/www.youtube.com\/channel\/UCav1cE_tCaccVZOLJpqZIyA?view_as=subscriber\"]},{\"@type\":\"Person\",\"@id\":\"https:\/\/queretaronetwork.tv\/#\/schema\/person\/1200b23397cd8ce55a25cb08ca51b5f2\",\"name\":\"Editorial QNTV\",\"image\":{\"@type\":\"ImageObject\",\"inLanguage\":\"es\",\"@id\":\"https:\/\/queretaronetwork.tv\/#\/schema\/person\/image\/\",\"url\":\"https:\/\/secure.gravatar.com\/avatar\/c736b7feb12a69c0911796e1381d5be7aa79cd6ca5a0cb325913d75e4c0cdcbd?s=96&d=mm&r=g\",\"contentUrl\":\"https:\/\/secure.gravatar.com\/avatar\/c736b7feb12a69c0911796e1381d5be7aa79cd6ca5a0cb325913d75e4c0cdcbd?s=96&d=mm&r=g\",\"caption\":\"Editorial QNTV\"},\"url\":\"https:\/\/queretaronetwork.tv\/author\/editorial\/\"}]}<\/script>\n<!-- \/ Yoast SEO plugin. -->","yoast_head_json":{"title":"Realiza UPQ primer Coloquio de Formaci\u00f3n y Actualizaci\u00f3n Educativa -","robots":{"index":"index","follow":"follow","max-snippet":"max-snippet:-1","max-image-preview":"max-image-preview:large","max-video-preview":"max-video-preview:-1"},"canonical":"https:\/\/queretaronetwork.tv\/realiza-upq-primer-coloquio-de-formacion-y-actualizacion-educativa\/","og_locale":"es_MX","og_type":"article","og_title":"Realiza UPQ primer Coloquio de Formaci\u00f3n y Actualizaci\u00f3n Educativa -","og_description":"Con la finalidad de exponer la situaci\u00f3n actual de la ense\u00f1anza docente e intercambiar buenas pr\u00e1cticas en este","og_url":"https:\/\/queretaronetwork.tv\/realiza-upq-primer-coloquio-de-formacion-y-actualizacion-educativa\/","article_publisher":"https:\/\/www.facebook.com\/QroNTV\/","article_published_time":"2022-06-17T17:49:05+00:00","og_image":[{"width":2560,"height":1707,"url":"https:\/\/i0.wp.com\/queretaronetwork.tv\/wp-content\/uploads\/2022\/06\/71_273_36568_1100534683_16_06_UPQ_COLOQUIO1-scaled.jpg?fit=2560%2C1707&ssl=1","type":"image\/jpeg"}],"author":"Editorial QNTV","twitter_card":"summary_large_image","twitter_creator":"@QNTV6","twitter_site":"@QNTV6","twitter_misc":{"Escrito por":"Editorial QNTV","Tiempo de lectura":"1 minuto"},"schema":{"@context":"https:\/\/schema.org","@graph":[{"@type":"Article","@id":"https:\/\/queretaronetwork.tv\/realiza-upq-primer-coloquio-de-formacion-y-actualizacion-educativa\/#article","isPartOf":{"@id":"https:\/\/queretaronetwork.tv\/realiza-upq-primer-coloquio-de-formacion-y-actualizacion-educativa\/"},"author":{"name":"Editorial QNTV","@id":"https:\/\/queretaronetwork.tv\/#\/schema\/person\/1200b23397cd8ce55a25cb08ca51b5f2"},"headline":"Realiza UPQ primer Coloquio de Formaci\u00f3n y Actualizaci\u00f3n Educativa","datePublished":"2022-06-17T17:49:05+00:00","mainEntityOfPage":{"@id":"https:\/\/queretaronetwork.tv\/realiza-upq-primer-coloquio-de-formacion-y-actualizacion-educativa\/"},"wordCount":212,"commentCount":0,"publisher":{"@id":"https:\/\/queretaronetwork.tv\/#organization"},"image":{"@id":"https:\/\/queretaronetwork.tv\/realiza-upq-primer-coloquio-de-formacion-y-actualizacion-educativa\/#primaryimage"},"thumbnailUrl":"https:\/\/i0.wp.com\/queretaronetwork.tv\/wp-content\/uploads\/2022\/06\/71_273_36568_1100534683_16_06_UPQ_COLOQUIO1-scaled.jpg?fit=2560%2C1707&ssl=1","articleSection":["Estado","Quer\u00e9taro"],"inLanguage":"es","potentialAction":[{"@type":"CommentAction","name":"Comment","target":["https:\/\/queretaronetwork.tv\/realiza-upq-primer-coloquio-de-formacion-y-actualizacion-educativa\/#respond"]}]},{"@type":"WebPage","@id":"https:\/\/queretaronetwork.tv\/realiza-upq-primer-coloquio-de-formacion-y-actualizacion-educativa\/","url":"https:\/\/queretaronetwork.tv\/realiza-upq-primer-coloquio-de-formacion-y-actualizacion-educativa\/","name":"Realiza UPQ primer Coloquio de Formaci\u00f3n y Actualizaci\u00f3n Educativa -","isPartOf":{"@id":"https:\/\/queretaronetwork.tv\/#website"},"primaryImageOfPage":{"@id":"https:\/\/queretaronetwork.tv\/realiza-upq-primer-coloquio-de-formacion-y-actualizacion-educativa\/#primaryimage"},"image":{"@id":"https:\/\/queretaronetwork.tv\/realiza-upq-primer-coloquio-de-formacion-y-actualizacion-educativa\/#primaryimage"},"thumbnailUrl":"https:\/\/i0.wp.com\/queretaronetwork.tv\/wp-content\/uploads\/2022\/06\/71_273_36568_1100534683_16_06_UPQ_COLOQUIO1-scaled.jpg?fit=2560%2C1707&ssl=1","datePublished":"2022-06-17T17:49:05+00:00","breadcrumb":{"@id":"https:\/\/queretaronetwork.tv\/realiza-upq-primer-coloquio-de-formacion-y-actualizacion-educativa\/#breadcrumb"},"inLanguage":"es","potentialAction":[{"@type":"ReadAction","target":["https:\/\/queretaronetwork.tv\/realiza-upq-primer-coloquio-de-formacion-y-actualizacion-educativa\/"]}]},{"@type":"ImageObject","inLanguage":"es","@id":"https:\/\/queretaronetwork.tv\/realiza-upq-primer-coloquio-de-formacion-y-actualizacion-educativa\/#primaryimage","url":"https:\/\/i0.wp.com\/queretaronetwork.tv\/wp-content\/uploads\/2022\/06\/71_273_36568_1100534683_16_06_UPQ_COLOQUIO1-scaled.jpg?fit=2560%2C1707&ssl=1","contentUrl":"https:\/\/i0.wp.com\/queretaronetwork.tv\/wp-content\/uploads\/2022\/06\/71_273_36568_1100534683_16_06_UPQ_COLOQUIO1-scaled.jpg?fit=2560%2C1707&ssl=1","width":2560,"height":1707},{"@type":"BreadcrumbList","@id":"https:\/\/queretaronetwork.tv\/realiza-upq-primer-coloquio-de-formacion-y-actualizacion-educativa\/#breadcrumb","itemListElement":[{"@type":"ListItem","position":1,"name":"Inicio","item":"https:\/\/queretaronetwork.tv\/"},{"@type":"ListItem","position":2,"name":"Realiza UPQ primer Coloquio de Formaci\u00f3n y Actualizaci\u00f3n Educativa"}]},{"@type":"WebSite","@id":"https:\/\/queretaronetwork.tv\/#website","url":"https:\/\/queretaronetwork.tv\/","name":"Quer\u00e9taro Network TV","description":"Medio de Comunicaci\u00f3n Digital, Noticias y Canal de Tv ONLine","publisher":{"@id":"https:\/\/queretaronetwork.tv\/#organization"},"potentialAction":[{"@type":"SearchAction","target":{"@type":"EntryPoint","urlTemplate":"https:\/\/queretaronetwork.tv\/?s={search_term_string}"},"query-input":{"@type":"PropertyValueSpecification","valueRequired":true,"valueName":"search_term_string"}}],"inLanguage":"es"},{"@type":"Organization","@id":"https:\/\/queretaronetwork.tv\/#organization","name":"Quer\u00e9taro Network TV","url":"https:\/\/queretaronetwork.tv\/","logo":{"@type":"ImageObject","inLanguage":"es","@id":"https:\/\/queretaronetwork.tv\/#\/schema\/logo\/image\/","url":"https:\/\/i0.wp.com\/queretaronetwork.tv\/wp-content\/uploads\/2020\/02\/LOGONUEVOCIRCULARQNTV2020-e1595007713656.png?fit=583%2C564&ssl=1","contentUrl":"https:\/\/i0.wp.com\/queretaronetwork.tv\/wp-content\/uploads\/2020\/02\/LOGONUEVOCIRCULARQNTV2020-e1595007713656.png?fit=583%2C564&ssl=1","width":583,"height":564,"caption":"Quer\u00e9taro Network TV"},"image":{"@id":"https:\/\/queretaronetwork.tv\/#\/schema\/logo\/image\/"},"sameAs":["https:\/\/www.facebook.com\/QroNTV\/","https:\/\/x.com\/QNTV6","https:\/\/www.instagram.com\/queretaronetworktv\/","https:\/\/www.youtube.com\/channel\/UCav1cE_tCaccVZOLJpqZIyA?view_as=subscriber"]},{"@type":"Person","@id":"https:\/\/queretaronetwork.tv\/#\/schema\/person\/1200b23397cd8ce55a25cb08ca51b5f2","name":"Editorial QNTV","image":{"@type":"ImageObject","inLanguage":"es","@id":"https:\/\/queretaronetwork.tv\/#\/schema\/person\/image\/","url":"https:\/\/secure.gravatar.com\/avatar\/c736b7feb12a69c0911796e1381d5be7aa79cd6ca5a0cb325913d75e4c0cdcbd?s=96&d=mm&r=g","contentUrl":"https:\/\/secure.gravatar.com\/avatar\/c736b7feb12a69c0911796e1381d5be7aa79cd6ca5a0cb325913d75e4c0cdcbd?s=96&d=mm&r=g","caption":"Editorial QNTV"},"url":"https:\/\/queretaronetwork.tv\/author\/editorial\/"}]}},"jetpack_publicize_connections":[],"featured_image_urls":{"full":["https:\/\/i0.wp.com\/queretaronetwork.tv\/wp-content\/uploads\/2022\/06\/71_273_36568_1100534683_16_06_UPQ_COLOQUIO1-scaled.jpg?fit=2560%2C1707&ssl=1",2560,1707,false],"thumbnail":["https:\/\/i0.wp.com\/queretaronetwork.tv\/wp-content\/uploads\/2022\/06\/71_273_36568_1100534683_16_06_UPQ_COLOQUIO1-scaled.jpg?resize=150%2C150&ssl=1",150,150,true],"medium":["https:\/\/i0.wp.com\/queretaronetwork.tv\/wp-content\/uploads\/2022\/06\/71_273_36568_1100534683_16_06_UPQ_COLOQUIO1-scaled.jpg?fit=300%2C200&ssl=1",300,200,true],"medium_large":["https:\/\/i0.wp.com\/queretaronetwork.tv\/wp-content\/uploads\/2022\/06\/71_273_36568_1100534683_16_06_UPQ_COLOQUIO1-scaled.jpg?fit=640%2C427&ssl=1",640,427,true],"large":["https:\/\/i0.wp.com\/queretaronetwork.tv\/wp-content\/uploads\/2022\/06\/71_273_36568_1100534683_16_06_UPQ_COLOQUIO1-scaled.jpg?fit=640%2C427&ssl=1",640,427,true],"1536x1536":["https:\/\/i0.wp.com\/queretaronetwork.tv\/wp-content\/uploads\/2022\/06\/71_273_36568_1100534683_16_06_UPQ_COLOQUIO1-scaled.jpg?fit=1536%2C1024&ssl=1",1536,1024,true],"2048x2048":["https:\/\/i0.wp.com\/queretaronetwork.tv\/wp-content\/uploads\/2022\/06\/71_273_36568_1100534683_16_06_UPQ_COLOQUIO1-scaled.jpg?fit=2048%2C1365&ssl=1",2048,1365,true],"darknews-slider-full":["https:\/\/i0.wp.com\/queretaronetwork.tv\/wp-content\/uploads\/2022\/06\/71_273_36568_1100534683_16_06_UPQ_COLOQUIO1-scaled.jpg?resize=1280%2C720&ssl=1",1280,720,true],"darknews-featured":["https:\/\/i0.wp.com\/queretaronetwork.tv\/wp-content\/uploads\/2022\/06\/71_273_36568_1100534683_16_06_UPQ_COLOQUIO1-scaled.jpg?fit=1024%2C683&ssl=1",1024,683,true],"darknews-medium":["https:\/\/i0.wp.com\/queretaronetwork.tv\/wp-content\/uploads\/2022\/06\/71_273_36568_1100534683_16_06_UPQ_COLOQUIO1-scaled.jpg?resize=720%2C530&ssl=1",720,530,true],"darknews-medium-square":["https:\/\/i0.wp.com\/queretaronetwork.tv\/wp-content\/uploads\/2022\/06\/71_273_36568_1100534683_16_06_UPQ_COLOQUIO1-scaled.jpg?resize=350%2C350&ssl=1",350,350,true]},"author_info":{"info":["Editorial QNTV"]},"category_info":"<a href=\"https:\/\/queretaronetwork.tv\/category\/estado\/\" rel=\"category tag\">Estado<\/a> <a href=\"https:\/\/queretaronetwork.tv\/category\/local\/queretaro\/\" rel=\"category tag\">Quer\u00e9taro<\/a>","tag_info":"Quer\u00e9taro","comment_count":"0","jetpack_featured_media_url":"https:\/\/i0.wp.com\/queretaronetwork.tv\/wp-content\/uploads\/2022\/06\/71_273_36568_1100534683_16_06_UPQ_COLOQUIO1-scaled.jpg?fit=2560%2C1707&ssl=1","jetpack_likes_enabled":true,"jetpack-related-posts":[{"id":19319,"url":"https:\/\/queretaronetwork.tv\/utc-organiza-coloquio-internacional-sobre-inclusion-social-en-el-turismo\/","url_meta":{"origin":15982,"position":0},"title":"UTC organiza Coloquio Internacional sobre inclusi\u00f3n social en el turismo","author":"Editorial QNTV","date":"5 agosto, 2022","format":false,"excerpt":"Con el objetivo de generar un espacio de convergencia entre estudiantes, docentes, investigadores y prestadores de servicios de turismo, dio inicio el Coloquio Internacional \u201cExperiencias del Sector Tur\u00edstico bajo la Inclusi\u00f3n Social\u201d, organizado por la Universidad Tecnol\u00f3gica de Corregidora (UTC) e inaugurado por la titular de la Secretar\u00eda de Turismo\u2026","rel":"","context":"En &quot;Estado&quot;","block_context":{"text":"Estado","link":"https:\/\/queretaronetwork.tv\/category\/estado\/"},"img":{"alt_text":"","src":"https:\/\/i0.wp.com\/queretaronetwork.tv\/wp-content\/uploads\/2022\/08\/71_273_37180_1576177086_04_08_2022_UTC_ARRANCA_COLOQUIO_SOBRE_TURISMO_DE_INCLUSIO__769_N_SOCIAL1.jpg?fit=1200%2C788&ssl=1&resize=350%2C200","width":350,"height":200,"srcset":"https:\/\/i0.wp.com\/queretaronetwork.tv\/wp-content\/uploads\/2022\/08\/71_273_37180_1576177086_04_08_2022_UTC_ARRANCA_COLOQUIO_SOBRE_TURISMO_DE_INCLUSIO__769_N_SOCIAL1.jpg?fit=1200%2C788&ssl=1&resize=350%2C200 1x, https:\/\/i0.wp.com\/queretaronetwork.tv\/wp-content\/uploads\/2022\/08\/71_273_37180_1576177086_04_08_2022_UTC_ARRANCA_COLOQUIO_SOBRE_TURISMO_DE_INCLUSIO__769_N_SOCIAL1.jpg?fit=1200%2C788&ssl=1&resize=525%2C300 1.5x, https:\/\/i0.wp.com\/queretaronetwork.tv\/wp-content\/uploads\/2022\/08\/71_273_37180_1576177086_04_08_2022_UTC_ARRANCA_COLOQUIO_SOBRE_TURISMO_DE_INCLUSIO__769_N_SOCIAL1.jpg?fit=1200%2C788&ssl=1&resize=700%2C400 2x, https:\/\/i0.wp.com\/queretaronetwork.tv\/wp-content\/uploads\/2022\/08\/71_273_37180_1576177086_04_08_2022_UTC_ARRANCA_COLOQUIO_SOBRE_TURISMO_DE_INCLUSIO__769_N_SOCIAL1.jpg?fit=1200%2C788&ssl=1&resize=1050%2C600 3x"},"classes":[]},{"id":29687,"url":"https:\/\/queretaronetwork.tv\/realiza-upsrj-coloquio-de-metrologia\/","url_meta":{"origin":15982,"position":1},"title":"Realiza UPSRJ Coloquio de Metrolog\u00eda","author":"Nalleli Ruiz","date":"23 mayo, 2023","format":false,"excerpt":"La Universidad Polit\u00e9cnica de Santa Rosa J\u00e1uregui (UPSRJ), a trav\u00e9s de la carrera de Ingenier\u00eda en Metrolog\u00eda Industrial llev\u00f3 a cabo su VIII Coloquio en la materia con el tema: Mediciones que respaldan el sistema alimentario mundial. Este evento, realizado en el marco del D\u00eda Mundial de la Metrolog\u00eda, tiene\u2026","rel":"","context":"En &quot;Educaci\u00f3n&quot;","block_context":{"text":"Educaci\u00f3n","link":"https:\/\/queretaronetwork.tv\/category\/educacion\/"},"img":{"alt_text":"","src":"https:\/\/i0.wp.com\/queretaronetwork.tv\/wp-content\/uploads\/2023\/05\/71_273_40655_573555540_Di__769_aMM01.jpeg?fit=1200%2C707&ssl=1&resize=350%2C200","width":350,"height":200,"srcset":"https:\/\/i0.wp.com\/queretaronetwork.tv\/wp-content\/uploads\/2023\/05\/71_273_40655_573555540_Di__769_aMM01.jpeg?fit=1200%2C707&ssl=1&resize=350%2C200 1x, https:\/\/i0.wp.com\/queretaronetwork.tv\/wp-content\/uploads\/2023\/05\/71_273_40655_573555540_Di__769_aMM01.jpeg?fit=1200%2C707&ssl=1&resize=525%2C300 1.5x, https:\/\/i0.wp.com\/queretaronetwork.tv\/wp-content\/uploads\/2023\/05\/71_273_40655_573555540_Di__769_aMM01.jpeg?fit=1200%2C707&ssl=1&resize=700%2C400 2x, https:\/\/i0.wp.com\/queretaronetwork.tv\/wp-content\/uploads\/2023\/05\/71_273_40655_573555540_Di__769_aMM01.jpeg?fit=1200%2C707&ssl=1&resize=1050%2C600 3x"},"classes":[]},{"id":11365,"url":"https:\/\/queretaronetwork.tv\/arranca-upq-tv-en-programacion-de-rtq\/","url_meta":{"origin":15982,"position":2},"title":"Arranca UPQ TV en programaci\u00f3n de RTQ","author":"Editorial QNTV","date":"15 febrero, 2022","format":false,"excerpt":"La Universidad Polit\u00e9cnica de Quer\u00e9taro (UPQ), arranc\u00f3 con UPQ TV su primera emisi\u00f3n en el programa \u201cLos Universitarios\u201d de Radio y Televisi\u00f3n Quer\u00e9taro (RTQ). En este primer cap\u00edtulo se abord\u00f3 la oferta acad\u00e9mica, cultural y deportiva de la Universidad, as\u00ed como el Modelo de Formaci\u00f3n Dual e informaci\u00f3n del primer\u2026","rel":"","context":"En &quot;Local&quot;","block_context":{"text":"Local","link":"https:\/\/queretaronetwork.tv\/category\/local\/"},"img":{"alt_text":"","src":"https:\/\/i0.wp.com\/queretaronetwork.tv\/wp-content\/uploads\/2022\/02\/71_273_35375_1146517900_UPQ_TV_1.png?fit=1200%2C671&ssl=1&resize=350%2C200","width":350,"height":200,"srcset":"https:\/\/i0.wp.com\/queretaronetwork.tv\/wp-content\/uploads\/2022\/02\/71_273_35375_1146517900_UPQ_TV_1.png?fit=1200%2C671&ssl=1&resize=350%2C200 1x, https:\/\/i0.wp.com\/queretaronetwork.tv\/wp-content\/uploads\/2022\/02\/71_273_35375_1146517900_UPQ_TV_1.png?fit=1200%2C671&ssl=1&resize=525%2C300 1.5x, https:\/\/i0.wp.com\/queretaronetwork.tv\/wp-content\/uploads\/2022\/02\/71_273_35375_1146517900_UPQ_TV_1.png?fit=1200%2C671&ssl=1&resize=700%2C400 2x, https:\/\/i0.wp.com\/queretaronetwork.tv\/wp-content\/uploads\/2022\/02\/71_273_35375_1146517900_UPQ_TV_1.png?fit=1200%2C671&ssl=1&resize=1050%2C600 3x"},"classes":[]},{"id":27475,"url":"https:\/\/queretaronetwork.tv\/reconoce-claudia-ruiz-massieu-la-formacion-educativa-en-la-upq\/","url_meta":{"origin":15982,"position":3},"title":"Reconoce Claudia Ruiz Massieu la formaci\u00f3n educativa en la UPQ","author":"Nalleli Ruiz","date":"21 febrero, 2023","format":false,"excerpt":"El distintivo de \u201c\u00danica Universidad Automotriz de M\u00e9xico\u201d que posee la Universidad Polit\u00e9cnica de Quer\u00e9taro (UPQ), representa una ventaja competitiva para formar profesionistas que hagan crecer la cadena de valor en Norteam\u00e9rica, destac\u00f3 la senadora, Claudia Ruiz Massieu, durante un di\u00e1logo con la comunidad estudiantil de esta instituci\u00f3n.\u00a0 De la\u2026","rel":"","context":"En &quot;Educaci\u00f3n&quot;","block_context":{"text":"Educaci\u00f3n","link":"https:\/\/queretaronetwork.tv\/category\/educacion\/"},"img":{"alt_text":"","src":"https:\/\/i0.wp.com\/queretaronetwork.tv\/wp-content\/uploads\/2023\/02\/71_273_39386_1385261605_67467160-5156-4BA8-BDA6-F6F62DBB9508.jpeg?fit=1200%2C585&ssl=1&resize=350%2C200","width":350,"height":200,"srcset":"https:\/\/i0.wp.com\/queretaronetwork.tv\/wp-content\/uploads\/2023\/02\/71_273_39386_1385261605_67467160-5156-4BA8-BDA6-F6F62DBB9508.jpeg?fit=1200%2C585&ssl=1&resize=350%2C200 1x, https:\/\/i0.wp.com\/queretaronetwork.tv\/wp-content\/uploads\/2023\/02\/71_273_39386_1385261605_67467160-5156-4BA8-BDA6-F6F62DBB9508.jpeg?fit=1200%2C585&ssl=1&resize=525%2C300 1.5x, https:\/\/i0.wp.com\/queretaronetwork.tv\/wp-content\/uploads\/2023\/02\/71_273_39386_1385261605_67467160-5156-4BA8-BDA6-F6F62DBB9508.jpeg?fit=1200%2C585&ssl=1&resize=700%2C400 2x, https:\/\/i0.wp.com\/queretaronetwork.tv\/wp-content\/uploads\/2023\/02\/71_273_39386_1385261605_67467160-5156-4BA8-BDA6-F6F62DBB9508.jpeg?fit=1200%2C585&ssl=1&resize=1050%2C600 3x"},"classes":[]},{"id":18798,"url":"https:\/\/queretaronetwork.tv\/upq-crea-programa-de-verano\/","url_meta":{"origin":15982,"position":4},"title":"UPQ crea programa de verano","author":"Editorial QNTV","date":"28 julio, 2022","format":false,"excerpt":"Para fomentar habilidades tecnol\u00f3gicas en ni\u00f1as y ni\u00f1os de 5 a 15 a\u00f1os, la Universidad Polit\u00e9cnica de Quer\u00e9taro (UPQ) elabor\u00f3 el programa de verano \u201cUPQues\u201d, el cual se realizar\u00e1 del 1 al 26 de agosto en las inmediaciones de la instituci\u00f3n. \u201cCon este programa queremos ampliar el alcance educativo de\u2026","rel":"","context":"En &quot;Estado&quot;","block_context":{"text":"Estado","link":"https:\/\/queretaronetwork.tv\/category\/estado\/"},"img":{"alt_text":"","src":"https:\/\/i0.wp.com\/queretaronetwork.tv\/wp-content\/uploads\/2022\/07\/71_273_37093_1120020782_28_07_22_UPQ_UPQues.png?fit=1200%2C1132&ssl=1&resize=350%2C200","width":350,"height":200,"srcset":"https:\/\/i0.wp.com\/queretaronetwork.tv\/wp-content\/uploads\/2022\/07\/71_273_37093_1120020782_28_07_22_UPQ_UPQues.png?fit=1200%2C1132&ssl=1&resize=350%2C200 1x, https:\/\/i0.wp.com\/queretaronetwork.tv\/wp-content\/uploads\/2022\/07\/71_273_37093_1120020782_28_07_22_UPQ_UPQues.png?fit=1200%2C1132&ssl=1&resize=525%2C300 1.5x, https:\/\/i0.wp.com\/queretaronetwork.tv\/wp-content\/uploads\/2022\/07\/71_273_37093_1120020782_28_07_22_UPQ_UPQues.png?fit=1200%2C1132&ssl=1&resize=700%2C400 2x, https:\/\/i0.wp.com\/queretaronetwork.tv\/wp-content\/uploads\/2022\/07\/71_273_37093_1120020782_28_07_22_UPQ_UPQues.png?fit=1200%2C1132&ssl=1&resize=1050%2C600 3x"},"classes":[]},{"id":16675,"url":"https:\/\/queretaronetwork.tv\/encabeza-upq-taller-de-evaluacion-del-modelo-de-formacion-dual\/","url_meta":{"origin":15982,"position":5},"title":"Encabeza UPQ taller de evaluaci\u00f3n del Modelo de Formaci\u00f3n Dual","author":"Editorial QNTV","date":"27 junio, 2022","format":false,"excerpt":"Con el prop\u00f3sito de mejorar los programas acad\u00e9micos insertados en el Modelo de Formaci\u00f3n Dual, que permite la revalidaci\u00f3n de materias con desarrollo de proyectos para empresas, la Universidad Polit\u00e9cnica de Quer\u00e9taro (UPQ) fue sede del Taller Evaluadores de Universidades Duales, en el que participaron representantes de la UTEQ, UTSJR,\u2026","rel":"","context":"En &quot;Estado&quot;","block_context":{"text":"Estado","link":"https:\/\/queretaronetwork.tv\/category\/estado\/"},"img":{"alt_text":"","src":"https:\/\/i0.wp.com\/queretaronetwork.tv\/wp-content\/uploads\/2022\/06\/71_273_36713_717253911_27_06_22_UPQ_TALLER1_1-scaled.jpg?fit=1200%2C800&ssl=1&resize=350%2C200","width":350,"height":200,"srcset":"https:\/\/i0.wp.com\/queretaronetwork.tv\/wp-content\/uploads\/2022\/06\/71_273_36713_717253911_27_06_22_UPQ_TALLER1_1-scaled.jpg?fit=1200%2C800&ssl=1&resize=350%2C200 1x, https:\/\/i0.wp.com\/queretaronetwork.tv\/wp-content\/uploads\/2022\/06\/71_273_36713_717253911_27_06_22_UPQ_TALLER1_1-scaled.jpg?fit=1200%2C800&ssl=1&resize=525%2C300 1.5x, https:\/\/i0.wp.com\/queretaronetwork.tv\/wp-content\/uploads\/2022\/06\/71_273_36713_717253911_27_06_22_UPQ_TALLER1_1-scaled.jpg?fit=1200%2C800&ssl=1&resize=700%2C400 2x, https:\/\/i0.wp.com\/queretaronetwork.tv\/wp-content\/uploads\/2022\/06\/71_273_36713_717253911_27_06_22_UPQ_TALLER1_1-scaled.jpg?fit=1200%2C800&ssl=1&resize=1050%2C600 3x"},"classes":[]}],"jetpack_sharing_enabled":true,"jetpack_shortlink":"https:\/\/wp.me\/pardhb-49M","_links":{"self":[{"href":"https:\/\/queretaronetwork.tv\/wp-json\/wp\/v2\/posts\/15982","targetHints":{"allow":["GET"]}}],"collection":[{"href":"https:\/\/queretaronetwork.tv\/wp-json\/wp\/v2\/posts"}],"about":[{"href":"https:\/\/queretaronetwork.tv\/wp-json\/wp\/v2\/types\/post"}],"author":[{"embeddable":true,"href":"https:\/\/queretaronetwork.tv\/wp-json\/wp\/v2\/users\/2"}],"replies":[{"embeddable":true,"href":"https:\/\/queretaronetwork.tv\/wp-json\/wp\/v2\/comments?post=15982"}],"version-history":[{"count":1,"href":"https:\/\/queretaronetwork.tv\/wp-json\/wp\/v2\/posts\/15982\/revisions"}],"predecessor-version":[{"id":15984,"href":"https:\/\/queretaronetwork.tv\/wp-json\/wp\/v2\/posts\/15982\/revisions\/15984"}],"wp:featuredmedia":[{"embeddable":true,"href":"https:\/\/queretaronetwork.tv\/wp-json\/wp\/v2\/media\/15983"}],"wp:attachment":[{"href":"https:\/\/queretaronetwork.tv\/wp-json\/wp\/v2\/media?parent=15982"}],"wp:term":[{"taxonomy":"category","embeddable":true,"href":"https:\/\/queretaronetwork.tv\/wp-json\/wp\/v2\/categories?post=15982"},{"taxonomy":"post_tag","embeddable":true,"href":"https:\/\/queretaronetwork.tv\/wp-json\/wp\/v2\/tags?post=15982"}],"curies":[{"name":"wp","href":"https:\/\/api.w.org\/{rel}","templated":true}]}}