{"id":17101,"date":"2022-07-04T12:25:31","date_gmt":"2022-07-04T17:25:31","guid":{"rendered":"https:\/\/queretaronetwork.tv\/?p=17101"},"modified":"2022-07-04T12:25:31","modified_gmt":"2022-07-04T17:25:31","slug":"especialidades-en-fisioterapia-llegan-a-queretaro-cipecs","status":"publish","type":"post","link":"https:\/\/queretaronetwork.tv\/especialidades-en-fisioterapia-llegan-a-queretaro-cipecs\/","title":{"rendered":"Especialidades en fisioterapia llegan a Quer\u00e9taro: CIPECS"},"content":{"rendered":"<ul>\n<li style=\"text-align: justify;\"><em>Las especialidades de fisioterapia dermatofunicional y terapia manual osteop\u00e1tica cuentan con validez oficial de la SEP.<\/em><\/li>\n<\/ul>\n<p style=\"text-align: justify;\"><em>Quer\u00e9taro.<\/em> Con la incorporaci\u00f3n por primera vez en M\u00e9xico de la especialidad certificada en Fisioterapia Dermatofuncional, fue inaugurado en Quer\u00e9taro, el Centro Internacional de Posgrados y Especialidades en Ciencias de la Salud (CIPECS), mismo que ampliar\u00e1 la oferta educativa a fisioterapeutas del baj\u00edo de manera presencial y de Latinoam\u00e9rica de manera virtual.<\/p>\n<p style=\"text-align: justify;\">CIPECS tiene el objetivo de brindar a los profesionales en el \u00e1rea de la fisioterapia a nivel nacional e internacional \u00a0la posibilidad de continuar su preparaci\u00f3n especializada mediante formaciones bajo los est\u00e1ndares internacionales de pa\u00edses como Brasil y Espa\u00f1a implementando 2 planes de estudios: especialidad en fisioterapia dermatofuncional, y la especialidad en terapia manual osteop\u00e1tica, primer especialidad a nivel nacional ambas con validez oficial.<\/p>\n<p style=\"text-align: justify;\">Guillermo Carrillo, Director General de CIPECS, calific\u00f3 que el reconocimiento que tiene la fisioterapia es exponencial, as\u00ed como la demanda de servicio y la capacitaci\u00f3n, sin embargo dijo que \u201cla fisioterapia est\u00e1 en una crisis preocupante, ya que el egreso desmedido y las crisis econ\u00f3micas han colocado a la fisioterapia en una posici\u00f3n inc\u00f3moda y peligrosa, en donde se suma la falta de legislaci\u00f3n y la poca empat\u00eda de trabajar como gremios en Colegios, provocando una desvalorizaci\u00f3n a la profesi\u00f3n\u201d.<\/p>\n<p style=\"text-align: justify;\">Es por ello que despu\u00e9s de un an\u00e1lisis se tom\u00f3 la decisi\u00f3n de buscar las condiciones para abrir la primera especialidad en fisioterapia dermatofuncional de habla hispana en el mundo y la primera especialidad con validez oficial en Am\u00e9rica latina en Terapia Manual Osteop\u00e1tica, a trav\u00e9s la oferta educativa de CIPECS.<\/p>\n<p style=\"text-align: justify;\">Por su parte el Director operativo CIPECS, Dante Abisay Mosqueda Anaya, dijo que con este centro de posgrados nace una nueva era para la fisioterapia y su profesionalizaci\u00f3n en M\u00e9xico, y con ello dar el lugar que se merece dicha profesi\u00f3n en la rama de ciencias de la salud, resalt\u00f3 que CIPECS se consolida para la educaci\u00f3n continua de los fisioterapeutas y pioneros en la especializaci\u00f3n de la fisioterapia dermatofuncional, en osteopat\u00eda, en pediatr\u00eda, deportiva, entre otras.<\/p>\n<p style=\"text-align: justify;\">\u00a0Finalmente, la Doctora Patricia Froes Meyer, pionera mundial de la fisioterapia dermatofuncional, enfatiz\u00f3 que es importante que el sector salud y la fisioterapia se complementen de mejor manera, ya que es en la fisioterapia en donde la rehabilitaci\u00f3n puede llegar mucho m\u00e1s r\u00e1pido a los pacientes, reduciendo tiempos, tratamientos y costos en la recuperaci\u00f3n de una persona, por lo que celebr\u00f3 que ahora Quer\u00e9taro se haga un referente internacional en el reconocimiento oficial de la especialidad.<\/p>\n<p style=\"text-align: justify;\">En dicho evento se cont\u00f3 con la presencia de la Dra. Mar\u00eda Teresita Ortiz Ortiz, Jefa del Departamento de Ense\u00f1anza, Capacitaci\u00f3n e Investigaci\u00f3n, en representaci\u00f3n de la Secretar\u00eda de Salud del estado, as\u00ed como\u00a0 del\u00a0 Lic. Jorge Cervantes Acosta, Coordinador de Ciencia y Tecnolog\u00eda en representaci\u00f3n de la Secretar\u00eda Educaci\u00f3n en Quer\u00e9taro.<\/p>\n","protected":false},"excerpt":{"rendered":"<p>Las especialidades de fisioterapia dermatofunicional y terapia manual osteop\u00e1tica cuentan con validez oficial de la SEP. Quer\u00e9taro. Con<\/p>\n","protected":false},"author":2,"featured_media":17102,"comment_status":"open","ping_status":"closed","sticky":false,"template":"","format":"standard","meta":{"jetpack_post_was_ever_published":false,"_jetpack_newsletter_access":"","_jetpack_dont_email_post_to_subs":false,"_jetpack_newsletter_tier_id":0,"_jetpack_memberships_contains_paywalled_content":false,"_jetpack_memberships_contains_paid_content":false,"footnotes":"","jetpack_publicize_message":"","jetpack_publicize_feature_enabled":true,"jetpack_social_post_already_shared":true,"jetpack_social_options":{"image_generator_settings":{"template":"highway","default_image_id":0,"font":"","enabled":false},"version":2}},"categories":[175],"tags":[],"class_list":["post-17101","post","type-post","status-publish","format-standard","has-post-thumbnail","hentry","category-municipio-de-queretaro"],"yoast_head":"<!-- This site is optimized with the Yoast SEO plugin v26.4 - https:\/\/yoast.com\/wordpress\/plugins\/seo\/ -->\n<title>Especialidades en fisioterapia llegan a Quer\u00e9taro: CIPECS -<\/title>\n<meta name=\"description\" content=\"Las especialidades de fisioterapia dermatofunicional y terapia manual osteop\u00e1tica cuentan con validez oficial de la SEP.\" \/>\n<meta name=\"robots\" content=\"index, follow, max-snippet:-1, max-image-preview:large, max-video-preview:-1\" \/>\n<link rel=\"canonical\" href=\"https:\/\/queretaronetwork.tv\/especialidades-en-fisioterapia-llegan-a-queretaro-cipecs\/\" \/>\n<meta property=\"og:locale\" content=\"es_MX\" \/>\n<meta property=\"og:type\" content=\"article\" \/>\n<meta property=\"og:title\" content=\"Especialidades en fisioterapia llegan a Quer\u00e9taro: CIPECS -\" \/>\n<meta property=\"og:description\" content=\"Las especialidades de fisioterapia dermatofunicional y terapia manual osteop\u00e1tica cuentan con validez oficial de la SEP.\" \/>\n<meta property=\"og:url\" content=\"https:\/\/queretaronetwork.tv\/especialidades-en-fisioterapia-llegan-a-queretaro-cipecs\/\" \/>\n<meta property=\"article:publisher\" content=\"https:\/\/www.facebook.com\/QroNTV\/\" \/>\n<meta property=\"article:published_time\" content=\"2022-07-04T17:25:31+00:00\" \/>\n<meta property=\"og:image\" content=\"https:\/\/i0.wp.com\/queretaronetwork.tv\/wp-content\/uploads\/2022\/07\/WhatsApp-Image-2022-07-04-at-11.10.42-AM.jpeg?fit=1600%2C1044&ssl=1\" \/>\n\t<meta property=\"og:image:width\" content=\"1600\" \/>\n\t<meta property=\"og:image:height\" content=\"1044\" \/>\n\t<meta property=\"og:image:type\" content=\"image\/jpeg\" \/>\n<meta name=\"author\" content=\"Editorial QNTV\" \/>\n<meta name=\"twitter:card\" content=\"summary_large_image\" \/>\n<meta name=\"twitter:creator\" content=\"@QNTV6\" \/>\n<meta name=\"twitter:site\" content=\"@QNTV6\" \/>\n<meta name=\"twitter:label1\" content=\"Escrito por\" \/>\n\t<meta name=\"twitter:data1\" content=\"Editorial QNTV\" \/>\n\t<meta name=\"twitter:label2\" content=\"Tiempo de lectura\" \/>\n\t<meta name=\"twitter:data2\" content=\"3 minutos\" \/>\n<script type=\"application\/ld+json\" class=\"yoast-schema-graph\">{\"@context\":\"https:\/\/schema.org\",\"@graph\":[{\"@type\":\"Article\",\"@id\":\"https:\/\/queretaronetwork.tv\/especialidades-en-fisioterapia-llegan-a-queretaro-cipecs\/#article\",\"isPartOf\":{\"@id\":\"https:\/\/queretaronetwork.tv\/especialidades-en-fisioterapia-llegan-a-queretaro-cipecs\/\"},\"author\":{\"name\":\"Editorial QNTV\",\"@id\":\"https:\/\/queretaronetwork.tv\/#\/schema\/person\/1200b23397cd8ce55a25cb08ca51b5f2\"},\"headline\":\"Especialidades en fisioterapia llegan a Quer\u00e9taro: CIPECS\",\"datePublished\":\"2022-07-04T17:25:31+00:00\",\"mainEntityOfPage\":{\"@id\":\"https:\/\/queretaronetwork.tv\/especialidades-en-fisioterapia-llegan-a-queretaro-cipecs\/\"},\"wordCount\":524,\"commentCount\":0,\"publisher\":{\"@id\":\"https:\/\/queretaronetwork.tv\/#organization\"},\"image\":{\"@id\":\"https:\/\/queretaronetwork.tv\/especialidades-en-fisioterapia-llegan-a-queretaro-cipecs\/#primaryimage\"},\"thumbnailUrl\":\"https:\/\/i0.wp.com\/queretaronetwork.tv\/wp-content\/uploads\/2022\/07\/WhatsApp-Image-2022-07-04-at-11.10.42-AM.jpeg?fit=1600%2C1044&ssl=1\",\"articleSection\":[\"Municipio de Quer\u00e9taro\"],\"inLanguage\":\"es\",\"potentialAction\":[{\"@type\":\"CommentAction\",\"name\":\"Comment\",\"target\":[\"https:\/\/queretaronetwork.tv\/especialidades-en-fisioterapia-llegan-a-queretaro-cipecs\/#respond\"]}]},{\"@type\":\"WebPage\",\"@id\":\"https:\/\/queretaronetwork.tv\/especialidades-en-fisioterapia-llegan-a-queretaro-cipecs\/\",\"url\":\"https:\/\/queretaronetwork.tv\/especialidades-en-fisioterapia-llegan-a-queretaro-cipecs\/\",\"name\":\"Especialidades en fisioterapia llegan a Quer\u00e9taro: CIPECS -\",\"isPartOf\":{\"@id\":\"https:\/\/queretaronetwork.tv\/#website\"},\"primaryImageOfPage\":{\"@id\":\"https:\/\/queretaronetwork.tv\/especialidades-en-fisioterapia-llegan-a-queretaro-cipecs\/#primaryimage\"},\"image\":{\"@id\":\"https:\/\/queretaronetwork.tv\/especialidades-en-fisioterapia-llegan-a-queretaro-cipecs\/#primaryimage\"},\"thumbnailUrl\":\"https:\/\/i0.wp.com\/queretaronetwork.tv\/wp-content\/uploads\/2022\/07\/WhatsApp-Image-2022-07-04-at-11.10.42-AM.jpeg?fit=1600%2C1044&ssl=1\",\"datePublished\":\"2022-07-04T17:25:31+00:00\",\"description\":\"Las especialidades de fisioterapia dermatofunicional y terapia manual osteop\u00e1tica cuentan con validez oficial de la SEP.\",\"breadcrumb\":{\"@id\":\"https:\/\/queretaronetwork.tv\/especialidades-en-fisioterapia-llegan-a-queretaro-cipecs\/#breadcrumb\"},\"inLanguage\":\"es\",\"potentialAction\":[{\"@type\":\"ReadAction\",\"target\":[\"https:\/\/queretaronetwork.tv\/especialidades-en-fisioterapia-llegan-a-queretaro-cipecs\/\"]}]},{\"@type\":\"ImageObject\",\"inLanguage\":\"es\",\"@id\":\"https:\/\/queretaronetwork.tv\/especialidades-en-fisioterapia-llegan-a-queretaro-cipecs\/#primaryimage\",\"url\":\"https:\/\/i0.wp.com\/queretaronetwork.tv\/wp-content\/uploads\/2022\/07\/WhatsApp-Image-2022-07-04-at-11.10.42-AM.jpeg?fit=1600%2C1044&ssl=1\",\"contentUrl\":\"https:\/\/i0.wp.com\/queretaronetwork.tv\/wp-content\/uploads\/2022\/07\/WhatsApp-Image-2022-07-04-at-11.10.42-AM.jpeg?fit=1600%2C1044&ssl=1\",\"width\":1600,\"height\":1044},{\"@type\":\"BreadcrumbList\",\"@id\":\"https:\/\/queretaronetwork.tv\/especialidades-en-fisioterapia-llegan-a-queretaro-cipecs\/#breadcrumb\",\"itemListElement\":[{\"@type\":\"ListItem\",\"position\":1,\"name\":\"Inicio\",\"item\":\"https:\/\/queretaronetwork.tv\/\"},{\"@type\":\"ListItem\",\"position\":2,\"name\":\"Especialidades en fisioterapia llegan a Quer\u00e9taro: CIPECS\"}]},{\"@type\":\"WebSite\",\"@id\":\"https:\/\/queretaronetwork.tv\/#website\",\"url\":\"https:\/\/queretaronetwork.tv\/\",\"name\":\"Quer\u00e9taro Network TV\",\"description\":\"Medio de Comunicaci\u00f3n Digital, Noticias y Canal de Tv ONLine\",\"publisher\":{\"@id\":\"https:\/\/queretaronetwork.tv\/#organization\"},\"potentialAction\":[{\"@type\":\"SearchAction\",\"target\":{\"@type\":\"EntryPoint\",\"urlTemplate\":\"https:\/\/queretaronetwork.tv\/?s={search_term_string}\"},\"query-input\":{\"@type\":\"PropertyValueSpecification\",\"valueRequired\":true,\"valueName\":\"search_term_string\"}}],\"inLanguage\":\"es\"},{\"@type\":\"Organization\",\"@id\":\"https:\/\/queretaronetwork.tv\/#organization\",\"name\":\"Quer\u00e9taro Network TV\",\"url\":\"https:\/\/queretaronetwork.tv\/\",\"logo\":{\"@type\":\"ImageObject\",\"inLanguage\":\"es\",\"@id\":\"https:\/\/queretaronetwork.tv\/#\/schema\/logo\/image\/\",\"url\":\"https:\/\/i0.wp.com\/queretaronetwork.tv\/wp-content\/uploads\/2020\/02\/LOGONUEVOCIRCULARQNTV2020-e1595007713656.png?fit=583%2C564&ssl=1\",\"contentUrl\":\"https:\/\/i0.wp.com\/queretaronetwork.tv\/wp-content\/uploads\/2020\/02\/LOGONUEVOCIRCULARQNTV2020-e1595007713656.png?fit=583%2C564&ssl=1\",\"width\":583,\"height\":564,\"caption\":\"Quer\u00e9taro Network TV\"},\"image\":{\"@id\":\"https:\/\/queretaronetwork.tv\/#\/schema\/logo\/image\/\"},\"sameAs\":[\"https:\/\/www.facebook.com\/QroNTV\/\",\"https:\/\/x.com\/QNTV6\",\"https:\/\/www.instagram.com\/queretaronetworktv\/\",\"https:\/\/www.youtube.com\/channel\/UCav1cE_tCaccVZOLJpqZIyA?view_as=subscriber\"]},{\"@type\":\"Person\",\"@id\":\"https:\/\/queretaronetwork.tv\/#\/schema\/person\/1200b23397cd8ce55a25cb08ca51b5f2\",\"name\":\"Editorial QNTV\",\"image\":{\"@type\":\"ImageObject\",\"inLanguage\":\"es\",\"@id\":\"https:\/\/queretaronetwork.tv\/#\/schema\/person\/image\/\",\"url\":\"https:\/\/secure.gravatar.com\/avatar\/c736b7feb12a69c0911796e1381d5be7aa79cd6ca5a0cb325913d75e4c0cdcbd?s=96&d=mm&r=g\",\"contentUrl\":\"https:\/\/secure.gravatar.com\/avatar\/c736b7feb12a69c0911796e1381d5be7aa79cd6ca5a0cb325913d75e4c0cdcbd?s=96&d=mm&r=g\",\"caption\":\"Editorial QNTV\"},\"url\":\"https:\/\/queretaronetwork.tv\/author\/editorial\/\"}]}<\/script>\n<!-- \/ Yoast SEO plugin. -->","yoast_head_json":{"title":"Especialidades en fisioterapia llegan a Quer\u00e9taro: CIPECS -","description":"Las especialidades de fisioterapia dermatofunicional y terapia manual osteop\u00e1tica cuentan con validez oficial de la SEP.","robots":{"index":"index","follow":"follow","max-snippet":"max-snippet:-1","max-image-preview":"max-image-preview:large","max-video-preview":"max-video-preview:-1"},"canonical":"https:\/\/queretaronetwork.tv\/especialidades-en-fisioterapia-llegan-a-queretaro-cipecs\/","og_locale":"es_MX","og_type":"article","og_title":"Especialidades en fisioterapia llegan a Quer\u00e9taro: CIPECS -","og_description":"Las especialidades de fisioterapia dermatofunicional y terapia manual osteop\u00e1tica cuentan con validez oficial de la SEP.","og_url":"https:\/\/queretaronetwork.tv\/especialidades-en-fisioterapia-llegan-a-queretaro-cipecs\/","article_publisher":"https:\/\/www.facebook.com\/QroNTV\/","article_published_time":"2022-07-04T17:25:31+00:00","og_image":[{"width":1600,"height":1044,"url":"https:\/\/i0.wp.com\/queretaronetwork.tv\/wp-content\/uploads\/2022\/07\/WhatsApp-Image-2022-07-04-at-11.10.42-AM.jpeg?fit=1600%2C1044&ssl=1","type":"image\/jpeg"}],"author":"Editorial QNTV","twitter_card":"summary_large_image","twitter_creator":"@QNTV6","twitter_site":"@QNTV6","twitter_misc":{"Escrito por":"Editorial QNTV","Tiempo de lectura":"3 minutos"},"schema":{"@context":"https:\/\/schema.org","@graph":[{"@type":"Article","@id":"https:\/\/queretaronetwork.tv\/especialidades-en-fisioterapia-llegan-a-queretaro-cipecs\/#article","isPartOf":{"@id":"https:\/\/queretaronetwork.tv\/especialidades-en-fisioterapia-llegan-a-queretaro-cipecs\/"},"author":{"name":"Editorial QNTV","@id":"https:\/\/queretaronetwork.tv\/#\/schema\/person\/1200b23397cd8ce55a25cb08ca51b5f2"},"headline":"Especialidades en fisioterapia llegan a Quer\u00e9taro: CIPECS","datePublished":"2022-07-04T17:25:31+00:00","mainEntityOfPage":{"@id":"https:\/\/queretaronetwork.tv\/especialidades-en-fisioterapia-llegan-a-queretaro-cipecs\/"},"wordCount":524,"commentCount":0,"publisher":{"@id":"https:\/\/queretaronetwork.tv\/#organization"},"image":{"@id":"https:\/\/queretaronetwork.tv\/especialidades-en-fisioterapia-llegan-a-queretaro-cipecs\/#primaryimage"},"thumbnailUrl":"https:\/\/i0.wp.com\/queretaronetwork.tv\/wp-content\/uploads\/2022\/07\/WhatsApp-Image-2022-07-04-at-11.10.42-AM.jpeg?fit=1600%2C1044&ssl=1","articleSection":["Municipio de Quer\u00e9taro"],"inLanguage":"es","potentialAction":[{"@type":"CommentAction","name":"Comment","target":["https:\/\/queretaronetwork.tv\/especialidades-en-fisioterapia-llegan-a-queretaro-cipecs\/#respond"]}]},{"@type":"WebPage","@id":"https:\/\/queretaronetwork.tv\/especialidades-en-fisioterapia-llegan-a-queretaro-cipecs\/","url":"https:\/\/queretaronetwork.tv\/especialidades-en-fisioterapia-llegan-a-queretaro-cipecs\/","name":"Especialidades en fisioterapia llegan a Quer\u00e9taro: CIPECS -","isPartOf":{"@id":"https:\/\/queretaronetwork.tv\/#website"},"primaryImageOfPage":{"@id":"https:\/\/queretaronetwork.tv\/especialidades-en-fisioterapia-llegan-a-queretaro-cipecs\/#primaryimage"},"image":{"@id":"https:\/\/queretaronetwork.tv\/especialidades-en-fisioterapia-llegan-a-queretaro-cipecs\/#primaryimage"},"thumbnailUrl":"https:\/\/i0.wp.com\/queretaronetwork.tv\/wp-content\/uploads\/2022\/07\/WhatsApp-Image-2022-07-04-at-11.10.42-AM.jpeg?fit=1600%2C1044&ssl=1","datePublished":"2022-07-04T17:25:31+00:00","description":"Las especialidades de fisioterapia dermatofunicional y terapia manual osteop\u00e1tica cuentan con validez oficial de la SEP.","breadcrumb":{"@id":"https:\/\/queretaronetwork.tv\/especialidades-en-fisioterapia-llegan-a-queretaro-cipecs\/#breadcrumb"},"inLanguage":"es","potentialAction":[{"@type":"ReadAction","target":["https:\/\/queretaronetwork.tv\/especialidades-en-fisioterapia-llegan-a-queretaro-cipecs\/"]}]},{"@type":"ImageObject","inLanguage":"es","@id":"https:\/\/queretaronetwork.tv\/especialidades-en-fisioterapia-llegan-a-queretaro-cipecs\/#primaryimage","url":"https:\/\/i0.wp.com\/queretaronetwork.tv\/wp-content\/uploads\/2022\/07\/WhatsApp-Image-2022-07-04-at-11.10.42-AM.jpeg?fit=1600%2C1044&ssl=1","contentUrl":"https:\/\/i0.wp.com\/queretaronetwork.tv\/wp-content\/uploads\/2022\/07\/WhatsApp-Image-2022-07-04-at-11.10.42-AM.jpeg?fit=1600%2C1044&ssl=1","width":1600,"height":1044},{"@type":"BreadcrumbList","@id":"https:\/\/queretaronetwork.tv\/especialidades-en-fisioterapia-llegan-a-queretaro-cipecs\/#breadcrumb","itemListElement":[{"@type":"ListItem","position":1,"name":"Inicio","item":"https:\/\/queretaronetwork.tv\/"},{"@type":"ListItem","position":2,"name":"Especialidades en fisioterapia llegan a Quer\u00e9taro: CIPECS"}]},{"@type":"WebSite","@id":"https:\/\/queretaronetwork.tv\/#website","url":"https:\/\/queretaronetwork.tv\/","name":"Quer\u00e9taro Network TV","description":"Medio de Comunicaci\u00f3n Digital, Noticias y Canal de Tv ONLine","publisher":{"@id":"https:\/\/queretaronetwork.tv\/#organization"},"potentialAction":[{"@type":"SearchAction","target":{"@type":"EntryPoint","urlTemplate":"https:\/\/queretaronetwork.tv\/?s={search_term_string}"},"query-input":{"@type":"PropertyValueSpecification","valueRequired":true,"valueName":"search_term_string"}}],"inLanguage":"es"},{"@type":"Organization","@id":"https:\/\/queretaronetwork.tv\/#organization","name":"Quer\u00e9taro Network TV","url":"https:\/\/queretaronetwork.tv\/","logo":{"@type":"ImageObject","inLanguage":"es","@id":"https:\/\/queretaronetwork.tv\/#\/schema\/logo\/image\/","url":"https:\/\/i0.wp.com\/queretaronetwork.tv\/wp-content\/uploads\/2020\/02\/LOGONUEVOCIRCULARQNTV2020-e1595007713656.png?fit=583%2C564&ssl=1","contentUrl":"https:\/\/i0.wp.com\/queretaronetwork.tv\/wp-content\/uploads\/2020\/02\/LOGONUEVOCIRCULARQNTV2020-e1595007713656.png?fit=583%2C564&ssl=1","width":583,"height":564,"caption":"Quer\u00e9taro Network TV"},"image":{"@id":"https:\/\/queretaronetwork.tv\/#\/schema\/logo\/image\/"},"sameAs":["https:\/\/www.facebook.com\/QroNTV\/","https:\/\/x.com\/QNTV6","https:\/\/www.instagram.com\/queretaronetworktv\/","https:\/\/www.youtube.com\/channel\/UCav1cE_tCaccVZOLJpqZIyA?view_as=subscriber"]},{"@type":"Person","@id":"https:\/\/queretaronetwork.tv\/#\/schema\/person\/1200b23397cd8ce55a25cb08ca51b5f2","name":"Editorial QNTV","image":{"@type":"ImageObject","inLanguage":"es","@id":"https:\/\/queretaronetwork.tv\/#\/schema\/person\/image\/","url":"https:\/\/secure.gravatar.com\/avatar\/c736b7feb12a69c0911796e1381d5be7aa79cd6ca5a0cb325913d75e4c0cdcbd?s=96&d=mm&r=g","contentUrl":"https:\/\/secure.gravatar.com\/avatar\/c736b7feb12a69c0911796e1381d5be7aa79cd6ca5a0cb325913d75e4c0cdcbd?s=96&d=mm&r=g","caption":"Editorial QNTV"},"url":"https:\/\/queretaronetwork.tv\/author\/editorial\/"}]}},"jetpack_publicize_connections":[],"featured_image_urls":{"full":["https:\/\/i0.wp.com\/queretaronetwork.tv\/wp-content\/uploads\/2022\/07\/WhatsApp-Image-2022-07-04-at-11.10.42-AM.jpeg?fit=1600%2C1044&ssl=1",1600,1044,false],"thumbnail":["https:\/\/i0.wp.com\/queretaronetwork.tv\/wp-content\/uploads\/2022\/07\/WhatsApp-Image-2022-07-04-at-11.10.42-AM.jpeg?resize=150%2C150&ssl=1",150,150,true],"medium":["https:\/\/i0.wp.com\/queretaronetwork.tv\/wp-content\/uploads\/2022\/07\/WhatsApp-Image-2022-07-04-at-11.10.42-AM.jpeg?fit=300%2C196&ssl=1",300,196,true],"medium_large":["https:\/\/i0.wp.com\/queretaronetwork.tv\/wp-content\/uploads\/2022\/07\/WhatsApp-Image-2022-07-04-at-11.10.42-AM.jpeg?fit=640%2C418&ssl=1",640,418,true],"large":["https:\/\/i0.wp.com\/queretaronetwork.tv\/wp-content\/uploads\/2022\/07\/WhatsApp-Image-2022-07-04-at-11.10.42-AM.jpeg?fit=640%2C418&ssl=1",640,418,true],"1536x1536":["https:\/\/i0.wp.com\/queretaronetwork.tv\/wp-content\/uploads\/2022\/07\/WhatsApp-Image-2022-07-04-at-11.10.42-AM.jpeg?fit=1536%2C1002&ssl=1",1536,1002,true],"2048x2048":["https:\/\/i0.wp.com\/queretaronetwork.tv\/wp-content\/uploads\/2022\/07\/WhatsApp-Image-2022-07-04-at-11.10.42-AM.jpeg?fit=1600%2C1044&ssl=1",1600,1044,true],"darknews-slider-full":["https:\/\/i0.wp.com\/queretaronetwork.tv\/wp-content\/uploads\/2022\/07\/WhatsApp-Image-2022-07-04-at-11.10.42-AM.jpeg?resize=1280%2C720&ssl=1",1280,720,true],"darknews-featured":["https:\/\/i0.wp.com\/queretaronetwork.tv\/wp-content\/uploads\/2022\/07\/WhatsApp-Image-2022-07-04-at-11.10.42-AM.jpeg?fit=1024%2C668&ssl=1",1024,668,true],"darknews-medium":["https:\/\/i0.wp.com\/queretaronetwork.tv\/wp-content\/uploads\/2022\/07\/WhatsApp-Image-2022-07-04-at-11.10.42-AM.jpeg?resize=720%2C530&ssl=1",720,530,true],"darknews-medium-square":["https:\/\/i0.wp.com\/queretaronetwork.tv\/wp-content\/uploads\/2022\/07\/WhatsApp-Image-2022-07-04-at-11.10.42-AM.jpeg?resize=350%2C350&ssl=1",350,350,true]},"author_info":{"info":["Editorial QNTV"]},"category_info":"<a href=\"https:\/\/queretaronetwork.tv\/category\/municipio-de-queretaro\/\" rel=\"category tag\">Municipio de Quer\u00e9taro<\/a>","tag_info":"Municipio de Quer\u00e9taro","comment_count":"0","jetpack_featured_media_url":"https:\/\/i0.wp.com\/queretaronetwork.tv\/wp-content\/uploads\/2022\/07\/WhatsApp-Image-2022-07-04-at-11.10.42-AM.jpeg?fit=1600%2C1044&ssl=1","jetpack_likes_enabled":true,"jetpack-related-posts":[{"id":21669,"url":"https:\/\/queretaronetwork.tv\/realiza-upsrj-jornadas-de-fisioterapia-science-that-regenerates\/","url_meta":{"origin":17101,"position":0},"title":"Realiza UPSRJ Jornadas de Fisioterapia Science That Regenerates","author":"Editorial QNTV","date":"15 septiembre, 2022","format":false,"excerpt":"La carrera de Licenciatura en Terapia F\u00edsica de la Universidad Polit\u00e9cnica de Santa Rosa J\u00e1uregui (UPSRJ) organiz\u00f3 las 7a Jornadas de Fisioterapia, dirigidas a estudiantes y egresados, as\u00ed como alumnos de otras instituciones educativas que cuentan con la especialidad correspondiente. Las Jornadas de Fisioterapia buscan adentrar tanto a las y\u2026","rel":"","context":"En &quot;Municipio de San Juan del R\u00edo&quot;","block_context":{"text":"Municipio de San Juan del R\u00edo","link":"https:\/\/queretaronetwork.tv\/category\/municipio-de-san-juan-del-rio\/"},"img":{"alt_text":"","src":"https:\/\/i0.wp.com\/queretaronetwork.tv\/wp-content\/uploads\/2022\/09\/71_273_37678_1845297412_JornadasTF06-scaled.jpg?fit=1200%2C800&ssl=1&resize=350%2C200","width":350,"height":200,"srcset":"https:\/\/i0.wp.com\/queretaronetwork.tv\/wp-content\/uploads\/2022\/09\/71_273_37678_1845297412_JornadasTF06-scaled.jpg?fit=1200%2C800&ssl=1&resize=350%2C200 1x, https:\/\/i0.wp.com\/queretaronetwork.tv\/wp-content\/uploads\/2022\/09\/71_273_37678_1845297412_JornadasTF06-scaled.jpg?fit=1200%2C800&ssl=1&resize=525%2C300 1.5x, https:\/\/i0.wp.com\/queretaronetwork.tv\/wp-content\/uploads\/2022\/09\/71_273_37678_1845297412_JornadasTF06-scaled.jpg?fit=1200%2C800&ssl=1&resize=700%2C400 2x, https:\/\/i0.wp.com\/queretaronetwork.tv\/wp-content\/uploads\/2022\/09\/71_273_37678_1845297412_JornadasTF06-scaled.jpg?fit=1200%2C800&ssl=1&resize=1050%2C600 3x"},"classes":[]},{"id":11639,"url":"https:\/\/queretaronetwork.tv\/sesa-realiza-ceremonia-de-fin-de-cursos-de-especialidades-medicas\/","url_meta":{"origin":17101,"position":1},"title":"SESA realiza ceremonia de fin de cursos de especialidades m\u00e9dicas","author":"Editorial QNTV","date":"28 febrero, 2022","format":false,"excerpt":"La Secretar\u00eda de Salud del estado de Quer\u00e9taro (SESA) realiz\u00f3 la ceremonia de Fin de Cursos de Especialidad y de Bienvenida a nuevos M\u00e9dicos Residentes del Hospital General de Quer\u00e9taro. Durante el evento se destac\u00f3 la dif\u00edcil\u00a0\u00a0etapa que les toc\u00f3 vivir a los egresados, a causa de la pandemia por\u2026","rel":"","context":"En &quot;Estado&quot;","block_context":{"text":"Estado","link":"https:\/\/queretaronetwork.tv\/category\/estado\/"},"img":{"alt_text":"","src":"https:\/\/i0.wp.com\/queretaronetwork.tv\/wp-content\/uploads\/2022\/02\/71_273_35456_1844946230_FFF088CF-1461-4810-BFE6-4C4DCDCDC352.jpeg?fit=1100%2C734&ssl=1&resize=350%2C200","width":350,"height":200,"srcset":"https:\/\/i0.wp.com\/queretaronetwork.tv\/wp-content\/uploads\/2022\/02\/71_273_35456_1844946230_FFF088CF-1461-4810-BFE6-4C4DCDCDC352.jpeg?fit=1100%2C734&ssl=1&resize=350%2C200 1x, https:\/\/i0.wp.com\/queretaronetwork.tv\/wp-content\/uploads\/2022\/02\/71_273_35456_1844946230_FFF088CF-1461-4810-BFE6-4C4DCDCDC352.jpeg?fit=1100%2C734&ssl=1&resize=525%2C300 1.5x, https:\/\/i0.wp.com\/queretaronetwork.tv\/wp-content\/uploads\/2022\/02\/71_273_35456_1844946230_FFF088CF-1461-4810-BFE6-4C4DCDCDC352.jpeg?fit=1100%2C734&ssl=1&resize=700%2C400 2x, https:\/\/i0.wp.com\/queretaronetwork.tv\/wp-content\/uploads\/2022\/02\/71_273_35456_1844946230_FFF088CF-1461-4810-BFE6-4C4DCDCDC352.jpeg?fit=1100%2C734&ssl=1&resize=1050%2C600 3x"},"classes":[]},{"id":10555,"url":"https:\/\/queretaronetwork.tv\/invierte-gobierno-del-estado-36-6-mdp-en-la-clinica-post-covid-19\/","url_meta":{"origin":17101,"position":2},"title":"Invierte gobierno del estado 36.6 mdp en la cl\u00ednica post-COVID-19","author":"Editorial QNTV","date":"24 enero, 2022","format":false,"excerpt":"El gobernador del estado, Mauricio Kuri Gonz\u00e1lez, visit\u00f3 el nuevo Hospital General de Quer\u00e9taro, donde se lleva a cabo la construcci\u00f3n de la cl\u00ednica post-COVID-19, espacio que dijo, permitir\u00e1 brindar un servicio adicional a quienes padecieron esta enfermedad. La obra presenta un 21 por ciento de avance y se estima\u2026","rel":"","context":"En &quot;Covid-19&quot;","block_context":{"text":"Covid-19","link":"https:\/\/queretaronetwork.tv\/category\/covid-19\/"},"img":{"alt_text":"","src":"https:\/\/i0.wp.com\/queretaronetwork.tv\/wp-content\/uploads\/2022\/01\/71_273_35176_1247338046_831AC43B-0C19-480F-9BE0-96043F7C000E.jpeg?fit=1200%2C800&ssl=1&resize=350%2C200","width":350,"height":200,"srcset":"https:\/\/i0.wp.com\/queretaronetwork.tv\/wp-content\/uploads\/2022\/01\/71_273_35176_1247338046_831AC43B-0C19-480F-9BE0-96043F7C000E.jpeg?fit=1200%2C800&ssl=1&resize=350%2C200 1x, https:\/\/i0.wp.com\/queretaronetwork.tv\/wp-content\/uploads\/2022\/01\/71_273_35176_1247338046_831AC43B-0C19-480F-9BE0-96043F7C000E.jpeg?fit=1200%2C800&ssl=1&resize=525%2C300 1.5x, https:\/\/i0.wp.com\/queretaronetwork.tv\/wp-content\/uploads\/2022\/01\/71_273_35176_1247338046_831AC43B-0C19-480F-9BE0-96043F7C000E.jpeg?fit=1200%2C800&ssl=1&resize=700%2C400 2x, https:\/\/i0.wp.com\/queretaronetwork.tv\/wp-content\/uploads\/2022\/01\/71_273_35176_1247338046_831AC43B-0C19-480F-9BE0-96043F7C000E.jpeg?fit=1200%2C800&ssl=1&resize=1050%2C600 3x"},"classes":[]},{"id":22736,"url":"https:\/\/queretaronetwork.tv\/realiza-sesa-curso-de-inhaloterapia-y-oxigenoterapia\/","url_meta":{"origin":17101,"position":3},"title":"Realiza SESA curso de Inhaloterapia y Oxigenoterapia","author":"Editorial QNTV","date":"10 octubre, 2022","format":false,"excerpt":"La Secretar\u00eda de Salud (SESA) del estado de Quer\u00e9taro informa que realiz\u00f3 curso de Inhaloterapia y Oxigenoterapia en el Auditorio del Hospital General de San Juan del R\u00edo, donde se capacit\u00f3 a 75 profesionales de la salud de los Hospitales Generales de San Juan del R\u00edo, Cadereyta y Quer\u00e9taro con\u2026","rel":"","context":"En &quot;Municipio de San Juan del R\u00edo&quot;","block_context":{"text":"Municipio de San Juan del R\u00edo","link":"https:\/\/queretaronetwork.tv\/category\/municipio-de-san-juan-del-rio\/"},"img":{"alt_text":"","src":"https:\/\/i0.wp.com\/queretaronetwork.tv\/wp-content\/uploads\/2022\/10\/71_273_37971_2117327247_23E7BBE3-CA68-44E2-9724-8EF10D34D4D2.jpeg?fit=1200%2C900&ssl=1&resize=350%2C200","width":350,"height":200,"srcset":"https:\/\/i0.wp.com\/queretaronetwork.tv\/wp-content\/uploads\/2022\/10\/71_273_37971_2117327247_23E7BBE3-CA68-44E2-9724-8EF10D34D4D2.jpeg?fit=1200%2C900&ssl=1&resize=350%2C200 1x, https:\/\/i0.wp.com\/queretaronetwork.tv\/wp-content\/uploads\/2022\/10\/71_273_37971_2117327247_23E7BBE3-CA68-44E2-9724-8EF10D34D4D2.jpeg?fit=1200%2C900&ssl=1&resize=525%2C300 1.5x, https:\/\/i0.wp.com\/queretaronetwork.tv\/wp-content\/uploads\/2022\/10\/71_273_37971_2117327247_23E7BBE3-CA68-44E2-9724-8EF10D34D4D2.jpeg?fit=1200%2C900&ssl=1&resize=700%2C400 2x, https:\/\/i0.wp.com\/queretaronetwork.tv\/wp-content\/uploads\/2022\/10\/71_273_37971_2117327247_23E7BBE3-CA68-44E2-9724-8EF10D34D4D2.jpeg?fit=1200%2C900&ssl=1&resize=1050%2C600 3x"},"classes":[]},{"id":32663,"url":"https:\/\/queretaronetwork.tv\/visita-felifer-macias-el-centro-del-adulto-mayor-nanxu\/","url_meta":{"origin":17101,"position":4},"title":"Visita Felifer Mac\u00edas el Centro del Adulto Mayor N\u00e4nxu","author":"Editorial QNTV","date":"11 octubre, 2024","format":false,"excerpt":"\u2022 Destac\u00f3 la importancia de ofrecer espacios que impulsen la salud, la actividad f\u00edsica y el bienestar emocional de los adultos mayores. El presidente municipal de Quer\u00e9taro, Felifer Mac\u00edas, en compa\u00f1\u00eda de la presidenta del Patronato del Sistema Municipal DIF, Adriana Olvera de Mac\u00edas, visit\u00f3 el Centro del Adulto Mayor\u2026","rel":"","context":"En &quot;Municipio de Quer\u00e9taro&quot;","block_context":{"text":"Municipio de Quer\u00e9taro","link":"https:\/\/queretaronetwork.tv\/category\/municipio-de-queretaro\/"},"img":{"alt_text":"","src":"https:\/\/i0.wp.com\/queretaronetwork.tv\/wp-content\/uploads\/2024\/10\/Imagen-de-WhatsApp-2024-10-11-a-las-14.46.39_7ae9283f.jpg?fit=1200%2C800&ssl=1&resize=350%2C200","width":350,"height":200,"srcset":"https:\/\/i0.wp.com\/queretaronetwork.tv\/wp-content\/uploads\/2024\/10\/Imagen-de-WhatsApp-2024-10-11-a-las-14.46.39_7ae9283f.jpg?fit=1200%2C800&ssl=1&resize=350%2C200 1x, https:\/\/i0.wp.com\/queretaronetwork.tv\/wp-content\/uploads\/2024\/10\/Imagen-de-WhatsApp-2024-10-11-a-las-14.46.39_7ae9283f.jpg?fit=1200%2C800&ssl=1&resize=525%2C300 1.5x, https:\/\/i0.wp.com\/queretaronetwork.tv\/wp-content\/uploads\/2024\/10\/Imagen-de-WhatsApp-2024-10-11-a-las-14.46.39_7ae9283f.jpg?fit=1200%2C800&ssl=1&resize=700%2C400 2x, https:\/\/i0.wp.com\/queretaronetwork.tv\/wp-content\/uploads\/2024\/10\/Imagen-de-WhatsApp-2024-10-11-a-las-14.46.39_7ae9283f.jpg?fit=1200%2C800&ssl=1&resize=1050%2C600 3x"},"classes":[]},{"id":25363,"url":"https:\/\/queretaronetwork.tv\/imss-queretaro-realiza-sexta-procuracion-multiorganica\/","url_meta":{"origin":17101,"position":5},"title":"IMSS Quer\u00e9taro realiza sexta procuraci\u00f3n multiorg\u00e1nica","author":"Editorial QNTV","date":"19 diciembre, 2022","format":false,"excerpt":"En este procedimiento participaron equipos m\u00e9dicos de la Unidad M\u00e9dica de Alta Especialidad","rel":"","context":"En &quot;Municipio de Quer\u00e9taro&quot;","block_context":{"text":"Municipio de Quer\u00e9taro","link":"https:\/\/queretaronetwork.tv\/category\/municipio-de-queretaro\/"},"img":{"alt_text":"","src":"https:\/\/i0.wp.com\/queretaronetwork.tv\/wp-content\/uploads\/2022\/12\/IMSSPROCURACION.jpg?fit=1200%2C800&ssl=1&resize=350%2C200","width":350,"height":200,"srcset":"https:\/\/i0.wp.com\/queretaronetwork.tv\/wp-content\/uploads\/2022\/12\/IMSSPROCURACION.jpg?fit=1200%2C800&ssl=1&resize=350%2C200 1x, https:\/\/i0.wp.com\/queretaronetwork.tv\/wp-content\/uploads\/2022\/12\/IMSSPROCURACION.jpg?fit=1200%2C800&ssl=1&resize=525%2C300 1.5x, https:\/\/i0.wp.com\/queretaronetwork.tv\/wp-content\/uploads\/2022\/12\/IMSSPROCURACION.jpg?fit=1200%2C800&ssl=1&resize=700%2C400 2x, https:\/\/i0.wp.com\/queretaronetwork.tv\/wp-content\/uploads\/2022\/12\/IMSSPROCURACION.jpg?fit=1200%2C800&ssl=1&resize=1050%2C600 3x"},"classes":[]}],"jetpack_sharing_enabled":true,"jetpack_shortlink":"https:\/\/wp.me\/pardhb-4rP","_links":{"self":[{"href":"https:\/\/queretaronetwork.tv\/wp-json\/wp\/v2\/posts\/17101","targetHints":{"allow":["GET"]}}],"collection":[{"href":"https:\/\/queretaronetwork.tv\/wp-json\/wp\/v2\/posts"}],"about":[{"href":"https:\/\/queretaronetwork.tv\/wp-json\/wp\/v2\/types\/post"}],"author":[{"embeddable":true,"href":"https:\/\/queretaronetwork.tv\/wp-json\/wp\/v2\/users\/2"}],"replies":[{"embeddable":true,"href":"https:\/\/queretaronetwork.tv\/wp-json\/wp\/v2\/comments?post=17101"}],"version-history":[{"count":2,"href":"https:\/\/queretaronetwork.tv\/wp-json\/wp\/v2\/posts\/17101\/revisions"}],"predecessor-version":[{"id":17104,"href":"https:\/\/queretaronetwork.tv\/wp-json\/wp\/v2\/posts\/17101\/revisions\/17104"}],"wp:featuredmedia":[{"embeddable":true,"href":"https:\/\/queretaronetwork.tv\/wp-json\/wp\/v2\/media\/17102"}],"wp:attachment":[{"href":"https:\/\/queretaronetwork.tv\/wp-json\/wp\/v2\/media?parent=17101"}],"wp:term":[{"taxonomy":"category","embeddable":true,"href":"https:\/\/queretaronetwork.tv\/wp-json\/wp\/v2\/categories?post=17101"},{"taxonomy":"post_tag","embeddable":true,"href":"https:\/\/queretaronetwork.tv\/wp-json\/wp\/v2\/tags?post=17101"}],"curies":[{"name":"wp","href":"https:\/\/api.w.org\/{rel}","templated":true}]}}