{"id":17428,"date":"2022-07-06T17:41:38","date_gmt":"2022-07-06T22:41:38","guid":{"rendered":"https:\/\/queretaronetwork.tv\/?p=17428"},"modified":"2022-07-06T17:41:38","modified_gmt":"2022-07-06T22:41:38","slug":"exhorta-sesa-aplicar-medidas-preventivas-contra-las-infecciones-respiratorias-agudas","status":"publish","type":"post","link":"https:\/\/queretaronetwork.tv\/exhorta-sesa-aplicar-medidas-preventivas-contra-las-infecciones-respiratorias-agudas\/","title":{"rendered":"Exhorta SESA aplicar medidas preventivas contra las infecciones respiratorias agudas"},"content":{"rendered":"<p style=\"text-align: justify;\">La Secretar\u00eda de Salud (SESA) del Estado de Quer\u00e9taro informa que las infecciones respiratorias agudas est\u00e1n entre las causas m\u00e1s frecuentes de consulta o de ingreso a los establecimientos de atenci\u00f3n m\u00e9dica y afectan en especial a la poblaci\u00f3n menor de cinco a\u00f1os y a los adultos mayores.<\/p>\n<p style=\"text-align: justify;\">Se transmiten a trav\u00e9s de las gotas de saliva que las personas infectadas expulsan al toser o estornudar, o de las manos, que se contaminan al asear la nariz o cubrir la boca al estornudar, as\u00ed como a trav\u00e9s de art\u00edculos y superficies contaminados.<\/p>\n<p style=\"text-align: justify;\">Las personas enfermas pueden presentar algunos s\u00edntomas como fiebre, dolor de cabeza, tos, dolores musculares y\/o de articulaciones, de garganta, ojos llorosos, secreci\u00f3n nasal, malestar general, calosfr\u00edos, cansancio y en situaciones m\u00e1s graves hay dificultad para respirar.<\/p>\n<p style=\"text-align: justify;\">De acuerdo con la semana epidemiol\u00f3gica n\u00famero 24 en el estado de Quer\u00e9taro se han registrado 124 mil 728 casos de infecciones respiratorias agudas. Los tres municipios con mayor tasa de incidencia por esta causa son: Pe\u00f1amiller, Tolim\u00e1n y Arroyo Seco.<\/p>\n<p style=\"text-align: justify;\">SESA exhorta a seguir las siguientes recomendaciones para prevenir las infecciones respiratorias:<\/p>\n<ul>\n<li style=\"text-align: justify;\">Lavarse las manos de manera frecuente con agua y jab\u00f3n o utilizar soluciones alcoholadas a 70 por ciento.<\/li>\n<li>Usar cubreboca cuando se asista a reuniones o eventos en sitios p\u00fablicos o privados, sean lugares cerrados o al aire libre y en donde no se pueda mantener la distancia entre personas, as\u00ed como en el transporte p\u00fablico y al interior de las instituciones educativas.\n<ul>\n<li style=\"text-align: justify;\">Estornudar o toser en el \u00e1ngulo interno del brazo, denominado estornudo de etiqueta.<\/li>\n<li style=\"text-align: justify;\">Al presentar los primeros s\u00edntomas, acudir al m\u00e9dico y evitar automedicarse.<\/li>\n<li style=\"text-align: justify;\">No\u00a0\u00a0 tocar el rostro con las manos sucias, sobre todo ojos, nariz y boca.<\/li>\n<li style=\"text-align: justify;\">Limpiar y desinfectar superficies y objetos de uso com\u00fan<strong>\u00a0<\/strong>en casas, oficinas, sitios cerrados, centros de reuni\u00f3n, entre otros, y ventilar y permitir la entrada de luz solar.<\/li>\n<li style=\"text-align: justify;\">Mantener una sana distancia entre personas (de 1.5 metros).<\/li>\n<li style=\"text-align: justify;\">Evitar cambios bruscos de temperatura al utilizar aire acondicionado o ventiladores.<\/li>\n<li>Aplicar la vacuna de acuerdo con la Pol\u00edtica Nacional de Vacunaci\u00f3n\u00a0contra la enfermedad COVID-19.\n<ul>\n<li style=\"text-align: justify;\">Evitar en lo posible contacto con enfermos.<\/li>\n<li style=\"text-align: justify;\">En caso de estar enfermo, evitar acudir a lugares concurridos o masivos.<\/li>\n<li style=\"text-align: justify;\">En caso de presentar enfermedad respiratoria comunicarse al\u00a0<em>call center<\/em>\u00a0estatal 4421015205, para recibir orientaci\u00f3n m\u00e9dica.<\/li>\n<\/ul>\n<\/li>\n<\/ul>\n<\/li>\n<\/ul>\n","protected":false},"excerpt":{"rendered":"<p>La Secretar\u00eda de Salud (SESA) del Estado de Quer\u00e9taro informa que las infecciones respiratorias agudas est\u00e1n entre las<\/p>\n","protected":false},"author":2,"featured_media":17429,"comment_status":"open","ping_status":"closed","sticky":false,"template":"","format":"standard","meta":{"jetpack_post_was_ever_published":false,"_jetpack_newsletter_access":"","_jetpack_dont_email_post_to_subs":false,"_jetpack_newsletter_tier_id":0,"_jetpack_memberships_contains_paywalled_content":false,"_jetpack_memberships_contains_paid_content":false,"footnotes":"","jetpack_publicize_message":"","jetpack_publicize_feature_enabled":true,"jetpack_social_post_already_shared":true,"jetpack_social_options":{"image_generator_settings":{"template":"highway","default_image_id":0,"font":"","enabled":false},"version":2}},"categories":[102,2725],"tags":[],"class_list":["post-17428","post","type-post","status-publish","format-standard","has-post-thumbnail","hentry","category-queretaro","category-salud"],"yoast_head":"<!-- This site is optimized with the Yoast SEO plugin v26.4 - https:\/\/yoast.com\/wordpress\/plugins\/seo\/ -->\n<title>Exhorta SESA aplicar medidas preventivas contra las infecciones respiratorias agudas -<\/title>\n<meta name=\"description\" content=\"La Secretar\u00eda de Salud (SESA) del Estado de Quer\u00e9taro informa que las infecciones respiratorias agudas est\u00e1n entre las causas m\u00e1s frecuentes de consulta o de ingreso a los establecimientos de atenci\u00f3n m\u00e9dica y afectan en especial a la poblaci\u00f3n menor de cinco a\u00f1os y a los adultos mayores.\" \/>\n<meta name=\"robots\" content=\"index, follow, max-snippet:-1, max-image-preview:large, max-video-preview:-1\" \/>\n<link rel=\"canonical\" href=\"https:\/\/queretaronetwork.tv\/exhorta-sesa-aplicar-medidas-preventivas-contra-las-infecciones-respiratorias-agudas\/\" \/>\n<meta property=\"og:locale\" content=\"es_MX\" \/>\n<meta property=\"og:type\" content=\"article\" \/>\n<meta property=\"og:title\" content=\"Exhorta SESA aplicar medidas preventivas contra las infecciones respiratorias agudas -\" \/>\n<meta property=\"og:description\" content=\"La Secretar\u00eda de Salud (SESA) del Estado de Quer\u00e9taro informa que las infecciones respiratorias agudas est\u00e1n entre las causas m\u00e1s frecuentes de consulta o de ingreso a los establecimientos de atenci\u00f3n m\u00e9dica y afectan en especial a la poblaci\u00f3n menor de cinco a\u00f1os y a los adultos mayores.\" \/>\n<meta property=\"og:url\" content=\"https:\/\/queretaronetwork.tv\/exhorta-sesa-aplicar-medidas-preventivas-contra-las-infecciones-respiratorias-agudas\/\" \/>\n<meta property=\"article:publisher\" content=\"https:\/\/www.facebook.com\/QroNTV\/\" \/>\n<meta property=\"article:published_time\" content=\"2022-07-06T22:41:38+00:00\" \/>\n<meta property=\"og:image\" content=\"https:\/\/i0.wp.com\/queretaronetwork.tv\/wp-content\/uploads\/2022\/07\/71_273_36835_1922757617_1_0607_PREVENCION_INFECCIONES_RESPIRATORIAS.jpg?fit=564%2C935&ssl=1\" \/>\n\t<meta property=\"og:image:width\" content=\"564\" \/>\n\t<meta property=\"og:image:height\" content=\"935\" \/>\n\t<meta property=\"og:image:type\" content=\"image\/jpeg\" \/>\n<meta name=\"author\" content=\"Editorial QNTV\" \/>\n<meta name=\"twitter:card\" content=\"summary_large_image\" \/>\n<meta name=\"twitter:creator\" content=\"@QNTV6\" \/>\n<meta name=\"twitter:site\" content=\"@QNTV6\" \/>\n<meta name=\"twitter:label1\" content=\"Escrito por\" \/>\n\t<meta name=\"twitter:data1\" content=\"Editorial QNTV\" \/>\n\t<meta name=\"twitter:label2\" content=\"Tiempo de lectura\" \/>\n\t<meta name=\"twitter:data2\" content=\"2 minutos\" \/>\n<script type=\"application\/ld+json\" class=\"yoast-schema-graph\">{\"@context\":\"https:\/\/schema.org\",\"@graph\":[{\"@type\":\"Article\",\"@id\":\"https:\/\/queretaronetwork.tv\/exhorta-sesa-aplicar-medidas-preventivas-contra-las-infecciones-respiratorias-agudas\/#article\",\"isPartOf\":{\"@id\":\"https:\/\/queretaronetwork.tv\/exhorta-sesa-aplicar-medidas-preventivas-contra-las-infecciones-respiratorias-agudas\/\"},\"author\":{\"name\":\"Editorial QNTV\",\"@id\":\"https:\/\/queretaronetwork.tv\/#\/schema\/person\/1200b23397cd8ce55a25cb08ca51b5f2\"},\"headline\":\"Exhorta SESA aplicar medidas preventivas contra las infecciones respiratorias agudas\",\"datePublished\":\"2022-07-06T22:41:38+00:00\",\"mainEntityOfPage\":{\"@id\":\"https:\/\/queretaronetwork.tv\/exhorta-sesa-aplicar-medidas-preventivas-contra-las-infecciones-respiratorias-agudas\/\"},\"wordCount\":417,\"commentCount\":0,\"publisher\":{\"@id\":\"https:\/\/queretaronetwork.tv\/#organization\"},\"image\":{\"@id\":\"https:\/\/queretaronetwork.tv\/exhorta-sesa-aplicar-medidas-preventivas-contra-las-infecciones-respiratorias-agudas\/#primaryimage\"},\"thumbnailUrl\":\"https:\/\/i0.wp.com\/queretaronetwork.tv\/wp-content\/uploads\/2022\/07\/71_273_36835_1922757617_1_0607_PREVENCION_INFECCIONES_RESPIRATORIAS.jpg?fit=564%2C935&ssl=1\",\"articleSection\":[\"Quer\u00e9taro\",\"Salud\"],\"inLanguage\":\"es\",\"potentialAction\":[{\"@type\":\"CommentAction\",\"name\":\"Comment\",\"target\":[\"https:\/\/queretaronetwork.tv\/exhorta-sesa-aplicar-medidas-preventivas-contra-las-infecciones-respiratorias-agudas\/#respond\"]}]},{\"@type\":\"WebPage\",\"@id\":\"https:\/\/queretaronetwork.tv\/exhorta-sesa-aplicar-medidas-preventivas-contra-las-infecciones-respiratorias-agudas\/\",\"url\":\"https:\/\/queretaronetwork.tv\/exhorta-sesa-aplicar-medidas-preventivas-contra-las-infecciones-respiratorias-agudas\/\",\"name\":\"Exhorta SESA aplicar medidas preventivas contra las infecciones respiratorias agudas -\",\"isPartOf\":{\"@id\":\"https:\/\/queretaronetwork.tv\/#website\"},\"primaryImageOfPage\":{\"@id\":\"https:\/\/queretaronetwork.tv\/exhorta-sesa-aplicar-medidas-preventivas-contra-las-infecciones-respiratorias-agudas\/#primaryimage\"},\"image\":{\"@id\":\"https:\/\/queretaronetwork.tv\/exhorta-sesa-aplicar-medidas-preventivas-contra-las-infecciones-respiratorias-agudas\/#primaryimage\"},\"thumbnailUrl\":\"https:\/\/i0.wp.com\/queretaronetwork.tv\/wp-content\/uploads\/2022\/07\/71_273_36835_1922757617_1_0607_PREVENCION_INFECCIONES_RESPIRATORIAS.jpg?fit=564%2C935&ssl=1\",\"datePublished\":\"2022-07-06T22:41:38+00:00\",\"description\":\"La Secretar\u00eda de Salud (SESA) del Estado de Quer\u00e9taro informa que las infecciones respiratorias agudas est\u00e1n entre las causas m\u00e1s frecuentes de consulta o de ingreso a los establecimientos de atenci\u00f3n m\u00e9dica y afectan en especial a la poblaci\u00f3n menor de cinco a\u00f1os y a los adultos mayores.\",\"breadcrumb\":{\"@id\":\"https:\/\/queretaronetwork.tv\/exhorta-sesa-aplicar-medidas-preventivas-contra-las-infecciones-respiratorias-agudas\/#breadcrumb\"},\"inLanguage\":\"es\",\"potentialAction\":[{\"@type\":\"ReadAction\",\"target\":[\"https:\/\/queretaronetwork.tv\/exhorta-sesa-aplicar-medidas-preventivas-contra-las-infecciones-respiratorias-agudas\/\"]}]},{\"@type\":\"ImageObject\",\"inLanguage\":\"es\",\"@id\":\"https:\/\/queretaronetwork.tv\/exhorta-sesa-aplicar-medidas-preventivas-contra-las-infecciones-respiratorias-agudas\/#primaryimage\",\"url\":\"https:\/\/i0.wp.com\/queretaronetwork.tv\/wp-content\/uploads\/2022\/07\/71_273_36835_1922757617_1_0607_PREVENCION_INFECCIONES_RESPIRATORIAS.jpg?fit=564%2C935&ssl=1\",\"contentUrl\":\"https:\/\/i0.wp.com\/queretaronetwork.tv\/wp-content\/uploads\/2022\/07\/71_273_36835_1922757617_1_0607_PREVENCION_INFECCIONES_RESPIRATORIAS.jpg?fit=564%2C935&ssl=1\",\"width\":564,\"height\":935},{\"@type\":\"BreadcrumbList\",\"@id\":\"https:\/\/queretaronetwork.tv\/exhorta-sesa-aplicar-medidas-preventivas-contra-las-infecciones-respiratorias-agudas\/#breadcrumb\",\"itemListElement\":[{\"@type\":\"ListItem\",\"position\":1,\"name\":\"Inicio\",\"item\":\"https:\/\/queretaronetwork.tv\/\"},{\"@type\":\"ListItem\",\"position\":2,\"name\":\"Exhorta SESA aplicar medidas preventivas contra las infecciones respiratorias agudas\"}]},{\"@type\":\"WebSite\",\"@id\":\"https:\/\/queretaronetwork.tv\/#website\",\"url\":\"https:\/\/queretaronetwork.tv\/\",\"name\":\"Quer\u00e9taro Network TV\",\"description\":\"Medio de Comunicaci\u00f3n Digital, Noticias y Canal de Tv ONLine\",\"publisher\":{\"@id\":\"https:\/\/queretaronetwork.tv\/#organization\"},\"potentialAction\":[{\"@type\":\"SearchAction\",\"target\":{\"@type\":\"EntryPoint\",\"urlTemplate\":\"https:\/\/queretaronetwork.tv\/?s={search_term_string}\"},\"query-input\":{\"@type\":\"PropertyValueSpecification\",\"valueRequired\":true,\"valueName\":\"search_term_string\"}}],\"inLanguage\":\"es\"},{\"@type\":\"Organization\",\"@id\":\"https:\/\/queretaronetwork.tv\/#organization\",\"name\":\"Quer\u00e9taro Network TV\",\"url\":\"https:\/\/queretaronetwork.tv\/\",\"logo\":{\"@type\":\"ImageObject\",\"inLanguage\":\"es\",\"@id\":\"https:\/\/queretaronetwork.tv\/#\/schema\/logo\/image\/\",\"url\":\"https:\/\/i0.wp.com\/queretaronetwork.tv\/wp-content\/uploads\/2020\/02\/LOGONUEVOCIRCULARQNTV2020-e1595007713656.png?fit=583%2C564&ssl=1\",\"contentUrl\":\"https:\/\/i0.wp.com\/queretaronetwork.tv\/wp-content\/uploads\/2020\/02\/LOGONUEVOCIRCULARQNTV2020-e1595007713656.png?fit=583%2C564&ssl=1\",\"width\":583,\"height\":564,\"caption\":\"Quer\u00e9taro Network TV\"},\"image\":{\"@id\":\"https:\/\/queretaronetwork.tv\/#\/schema\/logo\/image\/\"},\"sameAs\":[\"https:\/\/www.facebook.com\/QroNTV\/\",\"https:\/\/x.com\/QNTV6\",\"https:\/\/www.instagram.com\/queretaronetworktv\/\",\"https:\/\/www.youtube.com\/channel\/UCav1cE_tCaccVZOLJpqZIyA?view_as=subscriber\"]},{\"@type\":\"Person\",\"@id\":\"https:\/\/queretaronetwork.tv\/#\/schema\/person\/1200b23397cd8ce55a25cb08ca51b5f2\",\"name\":\"Editorial QNTV\",\"image\":{\"@type\":\"ImageObject\",\"inLanguage\":\"es\",\"@id\":\"https:\/\/queretaronetwork.tv\/#\/schema\/person\/image\/\",\"url\":\"https:\/\/secure.gravatar.com\/avatar\/c736b7feb12a69c0911796e1381d5be7aa79cd6ca5a0cb325913d75e4c0cdcbd?s=96&d=mm&r=g\",\"contentUrl\":\"https:\/\/secure.gravatar.com\/avatar\/c736b7feb12a69c0911796e1381d5be7aa79cd6ca5a0cb325913d75e4c0cdcbd?s=96&d=mm&r=g\",\"caption\":\"Editorial QNTV\"},\"url\":\"https:\/\/queretaronetwork.tv\/author\/editorial\/\"}]}<\/script>\n<!-- \/ Yoast SEO plugin. -->","yoast_head_json":{"title":"Exhorta SESA aplicar medidas preventivas contra las infecciones respiratorias agudas -","description":"La Secretar\u00eda de Salud (SESA) del Estado de Quer\u00e9taro informa que las infecciones respiratorias agudas est\u00e1n entre las causas m\u00e1s frecuentes de consulta o de ingreso a los establecimientos de atenci\u00f3n m\u00e9dica y afectan en especial a la poblaci\u00f3n menor de cinco a\u00f1os y a los adultos mayores.","robots":{"index":"index","follow":"follow","max-snippet":"max-snippet:-1","max-image-preview":"max-image-preview:large","max-video-preview":"max-video-preview:-1"},"canonical":"https:\/\/queretaronetwork.tv\/exhorta-sesa-aplicar-medidas-preventivas-contra-las-infecciones-respiratorias-agudas\/","og_locale":"es_MX","og_type":"article","og_title":"Exhorta SESA aplicar medidas preventivas contra las infecciones respiratorias agudas -","og_description":"La Secretar\u00eda de Salud (SESA) del Estado de Quer\u00e9taro informa que las infecciones respiratorias agudas est\u00e1n entre las causas m\u00e1s frecuentes de consulta o de ingreso a los establecimientos de atenci\u00f3n m\u00e9dica y afectan en especial a la poblaci\u00f3n menor de cinco a\u00f1os y a los adultos mayores.","og_url":"https:\/\/queretaronetwork.tv\/exhorta-sesa-aplicar-medidas-preventivas-contra-las-infecciones-respiratorias-agudas\/","article_publisher":"https:\/\/www.facebook.com\/QroNTV\/","article_published_time":"2022-07-06T22:41:38+00:00","og_image":[{"width":564,"height":935,"url":"https:\/\/i0.wp.com\/queretaronetwork.tv\/wp-content\/uploads\/2022\/07\/71_273_36835_1922757617_1_0607_PREVENCION_INFECCIONES_RESPIRATORIAS.jpg?fit=564%2C935&ssl=1","type":"image\/jpeg"}],"author":"Editorial QNTV","twitter_card":"summary_large_image","twitter_creator":"@QNTV6","twitter_site":"@QNTV6","twitter_misc":{"Escrito por":"Editorial QNTV","Tiempo de lectura":"2 minutos"},"schema":{"@context":"https:\/\/schema.org","@graph":[{"@type":"Article","@id":"https:\/\/queretaronetwork.tv\/exhorta-sesa-aplicar-medidas-preventivas-contra-las-infecciones-respiratorias-agudas\/#article","isPartOf":{"@id":"https:\/\/queretaronetwork.tv\/exhorta-sesa-aplicar-medidas-preventivas-contra-las-infecciones-respiratorias-agudas\/"},"author":{"name":"Editorial QNTV","@id":"https:\/\/queretaronetwork.tv\/#\/schema\/person\/1200b23397cd8ce55a25cb08ca51b5f2"},"headline":"Exhorta SESA aplicar medidas preventivas contra las infecciones respiratorias agudas","datePublished":"2022-07-06T22:41:38+00:00","mainEntityOfPage":{"@id":"https:\/\/queretaronetwork.tv\/exhorta-sesa-aplicar-medidas-preventivas-contra-las-infecciones-respiratorias-agudas\/"},"wordCount":417,"commentCount":0,"publisher":{"@id":"https:\/\/queretaronetwork.tv\/#organization"},"image":{"@id":"https:\/\/queretaronetwork.tv\/exhorta-sesa-aplicar-medidas-preventivas-contra-las-infecciones-respiratorias-agudas\/#primaryimage"},"thumbnailUrl":"https:\/\/i0.wp.com\/queretaronetwork.tv\/wp-content\/uploads\/2022\/07\/71_273_36835_1922757617_1_0607_PREVENCION_INFECCIONES_RESPIRATORIAS.jpg?fit=564%2C935&ssl=1","articleSection":["Quer\u00e9taro","Salud"],"inLanguage":"es","potentialAction":[{"@type":"CommentAction","name":"Comment","target":["https:\/\/queretaronetwork.tv\/exhorta-sesa-aplicar-medidas-preventivas-contra-las-infecciones-respiratorias-agudas\/#respond"]}]},{"@type":"WebPage","@id":"https:\/\/queretaronetwork.tv\/exhorta-sesa-aplicar-medidas-preventivas-contra-las-infecciones-respiratorias-agudas\/","url":"https:\/\/queretaronetwork.tv\/exhorta-sesa-aplicar-medidas-preventivas-contra-las-infecciones-respiratorias-agudas\/","name":"Exhorta SESA aplicar medidas preventivas contra las infecciones respiratorias agudas -","isPartOf":{"@id":"https:\/\/queretaronetwork.tv\/#website"},"primaryImageOfPage":{"@id":"https:\/\/queretaronetwork.tv\/exhorta-sesa-aplicar-medidas-preventivas-contra-las-infecciones-respiratorias-agudas\/#primaryimage"},"image":{"@id":"https:\/\/queretaronetwork.tv\/exhorta-sesa-aplicar-medidas-preventivas-contra-las-infecciones-respiratorias-agudas\/#primaryimage"},"thumbnailUrl":"https:\/\/i0.wp.com\/queretaronetwork.tv\/wp-content\/uploads\/2022\/07\/71_273_36835_1922757617_1_0607_PREVENCION_INFECCIONES_RESPIRATORIAS.jpg?fit=564%2C935&ssl=1","datePublished":"2022-07-06T22:41:38+00:00","description":"La Secretar\u00eda de Salud (SESA) del Estado de Quer\u00e9taro informa que las infecciones respiratorias agudas est\u00e1n entre las causas m\u00e1s frecuentes de consulta o de ingreso a los establecimientos de atenci\u00f3n m\u00e9dica y afectan en especial a la poblaci\u00f3n menor de cinco a\u00f1os y a los adultos mayores.","breadcrumb":{"@id":"https:\/\/queretaronetwork.tv\/exhorta-sesa-aplicar-medidas-preventivas-contra-las-infecciones-respiratorias-agudas\/#breadcrumb"},"inLanguage":"es","potentialAction":[{"@type":"ReadAction","target":["https:\/\/queretaronetwork.tv\/exhorta-sesa-aplicar-medidas-preventivas-contra-las-infecciones-respiratorias-agudas\/"]}]},{"@type":"ImageObject","inLanguage":"es","@id":"https:\/\/queretaronetwork.tv\/exhorta-sesa-aplicar-medidas-preventivas-contra-las-infecciones-respiratorias-agudas\/#primaryimage","url":"https:\/\/i0.wp.com\/queretaronetwork.tv\/wp-content\/uploads\/2022\/07\/71_273_36835_1922757617_1_0607_PREVENCION_INFECCIONES_RESPIRATORIAS.jpg?fit=564%2C935&ssl=1","contentUrl":"https:\/\/i0.wp.com\/queretaronetwork.tv\/wp-content\/uploads\/2022\/07\/71_273_36835_1922757617_1_0607_PREVENCION_INFECCIONES_RESPIRATORIAS.jpg?fit=564%2C935&ssl=1","width":564,"height":935},{"@type":"BreadcrumbList","@id":"https:\/\/queretaronetwork.tv\/exhorta-sesa-aplicar-medidas-preventivas-contra-las-infecciones-respiratorias-agudas\/#breadcrumb","itemListElement":[{"@type":"ListItem","position":1,"name":"Inicio","item":"https:\/\/queretaronetwork.tv\/"},{"@type":"ListItem","position":2,"name":"Exhorta SESA aplicar medidas preventivas contra las infecciones respiratorias agudas"}]},{"@type":"WebSite","@id":"https:\/\/queretaronetwork.tv\/#website","url":"https:\/\/queretaronetwork.tv\/","name":"Quer\u00e9taro Network TV","description":"Medio de Comunicaci\u00f3n Digital, Noticias y Canal de Tv ONLine","publisher":{"@id":"https:\/\/queretaronetwork.tv\/#organization"},"potentialAction":[{"@type":"SearchAction","target":{"@type":"EntryPoint","urlTemplate":"https:\/\/queretaronetwork.tv\/?s={search_term_string}"},"query-input":{"@type":"PropertyValueSpecification","valueRequired":true,"valueName":"search_term_string"}}],"inLanguage":"es"},{"@type":"Organization","@id":"https:\/\/queretaronetwork.tv\/#organization","name":"Quer\u00e9taro Network TV","url":"https:\/\/queretaronetwork.tv\/","logo":{"@type":"ImageObject","inLanguage":"es","@id":"https:\/\/queretaronetwork.tv\/#\/schema\/logo\/image\/","url":"https:\/\/i0.wp.com\/queretaronetwork.tv\/wp-content\/uploads\/2020\/02\/LOGONUEVOCIRCULARQNTV2020-e1595007713656.png?fit=583%2C564&ssl=1","contentUrl":"https:\/\/i0.wp.com\/queretaronetwork.tv\/wp-content\/uploads\/2020\/02\/LOGONUEVOCIRCULARQNTV2020-e1595007713656.png?fit=583%2C564&ssl=1","width":583,"height":564,"caption":"Quer\u00e9taro Network TV"},"image":{"@id":"https:\/\/queretaronetwork.tv\/#\/schema\/logo\/image\/"},"sameAs":["https:\/\/www.facebook.com\/QroNTV\/","https:\/\/x.com\/QNTV6","https:\/\/www.instagram.com\/queretaronetworktv\/","https:\/\/www.youtube.com\/channel\/UCav1cE_tCaccVZOLJpqZIyA?view_as=subscriber"]},{"@type":"Person","@id":"https:\/\/queretaronetwork.tv\/#\/schema\/person\/1200b23397cd8ce55a25cb08ca51b5f2","name":"Editorial QNTV","image":{"@type":"ImageObject","inLanguage":"es","@id":"https:\/\/queretaronetwork.tv\/#\/schema\/person\/image\/","url":"https:\/\/secure.gravatar.com\/avatar\/c736b7feb12a69c0911796e1381d5be7aa79cd6ca5a0cb325913d75e4c0cdcbd?s=96&d=mm&r=g","contentUrl":"https:\/\/secure.gravatar.com\/avatar\/c736b7feb12a69c0911796e1381d5be7aa79cd6ca5a0cb325913d75e4c0cdcbd?s=96&d=mm&r=g","caption":"Editorial QNTV"},"url":"https:\/\/queretaronetwork.tv\/author\/editorial\/"}]}},"jetpack_publicize_connections":[],"featured_image_urls":{"full":["https:\/\/i0.wp.com\/queretaronetwork.tv\/wp-content\/uploads\/2022\/07\/71_273_36835_1922757617_1_0607_PREVENCION_INFECCIONES_RESPIRATORIAS.jpg?fit=564%2C935&ssl=1",564,935,false],"thumbnail":["https:\/\/i0.wp.com\/queretaronetwork.tv\/wp-content\/uploads\/2022\/07\/71_273_36835_1922757617_1_0607_PREVENCION_INFECCIONES_RESPIRATORIAS.jpg?resize=150%2C150&ssl=1",150,150,true],"medium":["https:\/\/i0.wp.com\/queretaronetwork.tv\/wp-content\/uploads\/2022\/07\/71_273_36835_1922757617_1_0607_PREVENCION_INFECCIONES_RESPIRATORIAS.jpg?fit=181%2C300&ssl=1",181,300,true],"medium_large":["https:\/\/i0.wp.com\/queretaronetwork.tv\/wp-content\/uploads\/2022\/07\/71_273_36835_1922757617_1_0607_PREVENCION_INFECCIONES_RESPIRATORIAS.jpg?fit=564%2C935&ssl=1",564,935,true],"large":["https:\/\/i0.wp.com\/queretaronetwork.tv\/wp-content\/uploads\/2022\/07\/71_273_36835_1922757617_1_0607_PREVENCION_INFECCIONES_RESPIRATORIAS.jpg?fit=564%2C935&ssl=1",564,935,true],"1536x1536":["https:\/\/i0.wp.com\/queretaronetwork.tv\/wp-content\/uploads\/2022\/07\/71_273_36835_1922757617_1_0607_PREVENCION_INFECCIONES_RESPIRATORIAS.jpg?fit=564%2C935&ssl=1",564,935,true],"2048x2048":["https:\/\/i0.wp.com\/queretaronetwork.tv\/wp-content\/uploads\/2022\/07\/71_273_36835_1922757617_1_0607_PREVENCION_INFECCIONES_RESPIRATORIAS.jpg?fit=564%2C935&ssl=1",564,935,true],"darknews-slider-full":["https:\/\/i0.wp.com\/queretaronetwork.tv\/wp-content\/uploads\/2022\/07\/71_273_36835_1922757617_1_0607_PREVENCION_INFECCIONES_RESPIRATORIAS.jpg?resize=564%2C720&ssl=1",564,720,true],"darknews-featured":["https:\/\/i0.wp.com\/queretaronetwork.tv\/wp-content\/uploads\/2022\/07\/71_273_36835_1922757617_1_0607_PREVENCION_INFECCIONES_RESPIRATORIAS.jpg?fit=564%2C935&ssl=1",564,935,true],"darknews-medium":["https:\/\/i0.wp.com\/queretaronetwork.tv\/wp-content\/uploads\/2022\/07\/71_273_36835_1922757617_1_0607_PREVENCION_INFECCIONES_RESPIRATORIAS.jpg?resize=564%2C530&ssl=1",564,530,true],"darknews-medium-square":["https:\/\/i0.wp.com\/queretaronetwork.tv\/wp-content\/uploads\/2022\/07\/71_273_36835_1922757617_1_0607_PREVENCION_INFECCIONES_RESPIRATORIAS.jpg?resize=350%2C350&ssl=1",350,350,true]},"author_info":{"info":["Editorial QNTV"]},"category_info":"<a href=\"https:\/\/queretaronetwork.tv\/category\/local\/queretaro\/\" rel=\"category tag\">Quer\u00e9taro<\/a> <a href=\"https:\/\/queretaronetwork.tv\/category\/salud\/\" rel=\"category tag\">Salud<\/a>","tag_info":"Salud","comment_count":"0","jetpack_featured_media_url":"https:\/\/i0.wp.com\/queretaronetwork.tv\/wp-content\/uploads\/2022\/07\/71_273_36835_1922757617_1_0607_PREVENCION_INFECCIONES_RESPIRATORIAS.jpg?fit=564%2C935&ssl=1","jetpack_likes_enabled":true,"jetpack-related-posts":[{"id":12397,"url":"https:\/\/queretaronetwork.tv\/llama-sesa-a-aplicarse-la-vacuna-contra-la-influenza\/","url_meta":{"origin":17428,"position":0},"title":"Llama SESA a aplicarse la vacuna contra la Influenza","author":"Editorial QNTV","date":"28 marzo, 2022","format":false,"excerpt":"La Secretar\u00eda de Salud del estado de Quer\u00e9taro (SESA), informa\u00a0que\u00a0en la temporada de fr\u00edo aumenta el riesgo de presentar infecciones respiratorias agudas, entre ellas la\u00a0Influenza, por lo que se\u00a0exhorta a las\u00a0mam\u00e1s, pap\u00e1s o tutores de menores de entre seis a 59 meses de edad, y a las\u00a0personas de 60 a\u00f1os\u2026","rel":"","context":"En &quot;Estado&quot;","block_context":{"text":"Estado","link":"https:\/\/queretaronetwork.tv\/category\/estado\/"},"img":{"alt_text":"","src":"https:\/\/i0.wp.com\/queretaronetwork.tv\/wp-content\/uploads\/2022\/03\/71_273_35664_807731597_03D156E4-68D3-4FEF-A0AD-3A25980ECEBB.jpeg?fit=1122%2C899&ssl=1&resize=350%2C200","width":350,"height":200,"srcset":"https:\/\/i0.wp.com\/queretaronetwork.tv\/wp-content\/uploads\/2022\/03\/71_273_35664_807731597_03D156E4-68D3-4FEF-A0AD-3A25980ECEBB.jpeg?fit=1122%2C899&ssl=1&resize=350%2C200 1x, https:\/\/i0.wp.com\/queretaronetwork.tv\/wp-content\/uploads\/2022\/03\/71_273_35664_807731597_03D156E4-68D3-4FEF-A0AD-3A25980ECEBB.jpeg?fit=1122%2C899&ssl=1&resize=525%2C300 1.5x, https:\/\/i0.wp.com\/queretaronetwork.tv\/wp-content\/uploads\/2022\/03\/71_273_35664_807731597_03D156E4-68D3-4FEF-A0AD-3A25980ECEBB.jpeg?fit=1122%2C899&ssl=1&resize=700%2C400 2x, https:\/\/i0.wp.com\/queretaronetwork.tv\/wp-content\/uploads\/2022\/03\/71_273_35664_807731597_03D156E4-68D3-4FEF-A0AD-3A25980ECEBB.jpeg?fit=1122%2C899&ssl=1&resize=1050%2C600 3x"},"classes":[]},{"id":23188,"url":"https:\/\/queretaronetwork.tv\/exhorta-sesa-a-grupos-de-riesgo-a-aplicarse-la-vacuna-contra-la-influenza\/","url_meta":{"origin":17428,"position":1},"title":"Exhorta SESA a grupos de riesgo a aplicarse la vacuna contra la Influenza","author":"Nalleli Ruiz","date":"24 octubre, 2022","format":false,"excerpt":"La Secretar\u00eda de Salud (SESA) del estado de Quer\u00e9taro informa que hasta el momento se han aplicado 95 mil 360 dosis de la vacuna contra la influenza, lo que significa un avance de 17.07 por ciento de la meta estatal programada. Durante la temporada de fr\u00edo se incrementa el riesgo\u2026","rel":"","context":"En &quot;Quer\u00e9taro&quot;","block_context":{"text":"Quer\u00e9taro","link":"https:\/\/queretaronetwork.tv\/category\/local\/queretaro\/"},"img":{"alt_text":"","src":"https:\/\/i0.wp.com\/queretaronetwork.tv\/wp-content\/uploads\/2022\/10\/71_273_38158_1428608343_A2063078-69A5-4773-B69A-687F1BAD8BB3.jpeg?fit=1200%2C846&ssl=1&resize=350%2C200","width":350,"height":200,"srcset":"https:\/\/i0.wp.com\/queretaronetwork.tv\/wp-content\/uploads\/2022\/10\/71_273_38158_1428608343_A2063078-69A5-4773-B69A-687F1BAD8BB3.jpeg?fit=1200%2C846&ssl=1&resize=350%2C200 1x, https:\/\/i0.wp.com\/queretaronetwork.tv\/wp-content\/uploads\/2022\/10\/71_273_38158_1428608343_A2063078-69A5-4773-B69A-687F1BAD8BB3.jpeg?fit=1200%2C846&ssl=1&resize=525%2C300 1.5x, https:\/\/i0.wp.com\/queretaronetwork.tv\/wp-content\/uploads\/2022\/10\/71_273_38158_1428608343_A2063078-69A5-4773-B69A-687F1BAD8BB3.jpeg?fit=1200%2C846&ssl=1&resize=700%2C400 2x, https:\/\/i0.wp.com\/queretaronetwork.tv\/wp-content\/uploads\/2022\/10\/71_273_38158_1428608343_A2063078-69A5-4773-B69A-687F1BAD8BB3.jpeg?fit=1200%2C846&ssl=1&resize=1050%2C600 3x"},"classes":[]},{"id":22986,"url":"https:\/\/queretaronetwork.tv\/llama-sesa-a-vacunarse-contra-la-influenza-en-la-temporada-de-frio\/","url_meta":{"origin":17428,"position":2},"title":"Llama SESA a vacunarse contra la influenza en la temporada de fr\u00edo","author":"Nalleli Ruiz","date":"18 octubre, 2022","format":false,"excerpt":"La Secretar\u00eda de Salud (SESA) del estado de Quer\u00e9taro informa que hasta el momento se han aplicado 56 mil 748 dosis de la vacuna contra la influenza, lo que significa un avance de 10.16 por ciento de la meta estatal programada. Durante la temporada de fr\u00edo se incrementa el riesgo\u2026","rel":"","context":"En &quot;Quer\u00e9taro&quot;","block_context":{"text":"Quer\u00e9taro","link":"https:\/\/queretaronetwork.tv\/category\/local\/queretaro\/"},"img":{"alt_text":"","src":"https:\/\/i0.wp.com\/queretaronetwork.tv\/wp-content\/uploads\/2022\/10\/71_273_38100_1788475809_1_1810_VACUNACION_CONTRA_INFUENZA.jpg?fit=1200%2C900&ssl=1&resize=350%2C200","width":350,"height":200,"srcset":"https:\/\/i0.wp.com\/queretaronetwork.tv\/wp-content\/uploads\/2022\/10\/71_273_38100_1788475809_1_1810_VACUNACION_CONTRA_INFUENZA.jpg?fit=1200%2C900&ssl=1&resize=350%2C200 1x, https:\/\/i0.wp.com\/queretaronetwork.tv\/wp-content\/uploads\/2022\/10\/71_273_38100_1788475809_1_1810_VACUNACION_CONTRA_INFUENZA.jpg?fit=1200%2C900&ssl=1&resize=525%2C300 1.5x, https:\/\/i0.wp.com\/queretaronetwork.tv\/wp-content\/uploads\/2022\/10\/71_273_38100_1788475809_1_1810_VACUNACION_CONTRA_INFUENZA.jpg?fit=1200%2C900&ssl=1&resize=700%2C400 2x, https:\/\/i0.wp.com\/queretaronetwork.tv\/wp-content\/uploads\/2022\/10\/71_273_38100_1788475809_1_1810_VACUNACION_CONTRA_INFUENZA.jpg?fit=1200%2C900&ssl=1&resize=1050%2C600 3x"},"classes":[]},{"id":11978,"url":"https:\/\/queretaronetwork.tv\/sesa-continua-con-la-vacunacion-contra-la-influenza-a-la-poblacion\/","url_meta":{"origin":17428,"position":3},"title":"SESA contin\u00faa con la vacunaci\u00f3n contra la Influenza a la poblaci\u00f3n","author":"Editorial QNTV","date":"14 marzo, 2022","format":false,"excerpt":"La Secretar\u00eda de Salud del estado de Quer\u00e9taro (SESA), informa que en la temporada de fr\u00edo aumenta el riesgo de presentar infecciones respiratorias agudas, entre ellas la Influenza, por lo que se exhorta a las mam\u00e1s, pap\u00e1s o tutores de menores de entre seis a 59 meses de edad, y\u2026","rel":"","context":"En &quot;Estado&quot;","block_context":{"text":"Estado","link":"https:\/\/queretaronetwork.tv\/category\/estado\/"},"img":{"alt_text":"","src":"https:\/\/i0.wp.com\/queretaronetwork.tv\/wp-content\/uploads\/2022\/03\/71_273_35555_1586854804_1_2.jpg?fit=997%2C1078&ssl=1&resize=350%2C200","width":350,"height":200,"srcset":"https:\/\/i0.wp.com\/queretaronetwork.tv\/wp-content\/uploads\/2022\/03\/71_273_35555_1586854804_1_2.jpg?fit=997%2C1078&ssl=1&resize=350%2C200 1x, https:\/\/i0.wp.com\/queretaronetwork.tv\/wp-content\/uploads\/2022\/03\/71_273_35555_1586854804_1_2.jpg?fit=997%2C1078&ssl=1&resize=525%2C300 1.5x, https:\/\/i0.wp.com\/queretaronetwork.tv\/wp-content\/uploads\/2022\/03\/71_273_35555_1586854804_1_2.jpg?fit=997%2C1078&ssl=1&resize=700%2C400 2x"},"classes":[]},{"id":11501,"url":"https:\/\/queretaronetwork.tv\/sesa-mantiene-vacunacion-contra-la-influenza-para-grupos-de-riesgo\/","url_meta":{"origin":17428,"position":4},"title":"SESA mantiene vacunaci\u00f3n contra la Influenza para grupos de riesgo","author":"Editorial QNTV","date":"21 febrero, 2022","format":false,"excerpt":"La Secretar\u00eda de Salud del estado de Quer\u00e9taro (SESA), informa\u00a0que\u00a0en la temporada de fr\u00edo aumenta el riesgo de presentar infecciones respiratorias agudas, entre ellas la\u00a0Influenza, por lo que se\u00a0exhorta para acudir a recibir la vacuna a las\u00a0mam\u00e1s, pap\u00e1s o tutores de menores de entre seis a 59 meses de edad,\u2026","rel":"","context":"En &quot;Municipio de Quer\u00e9taro&quot;","block_context":{"text":"Municipio de Quer\u00e9taro","link":"https:\/\/queretaronetwork.tv\/category\/municipio-de-queretaro\/"},"img":{"alt_text":"","src":"https:\/\/i0.wp.com\/queretaronetwork.tv\/wp-content\/uploads\/2022\/02\/1140-flu-vaccine-season-esp-scaled.jpeg?fit=1200%2C690&ssl=1&resize=350%2C200","width":350,"height":200,"srcset":"https:\/\/i0.wp.com\/queretaronetwork.tv\/wp-content\/uploads\/2022\/02\/1140-flu-vaccine-season-esp-scaled.jpeg?fit=1200%2C690&ssl=1&resize=350%2C200 1x, https:\/\/i0.wp.com\/queretaronetwork.tv\/wp-content\/uploads\/2022\/02\/1140-flu-vaccine-season-esp-scaled.jpeg?fit=1200%2C690&ssl=1&resize=525%2C300 1.5x, https:\/\/i0.wp.com\/queretaronetwork.tv\/wp-content\/uploads\/2022\/02\/1140-flu-vaccine-season-esp-scaled.jpeg?fit=1200%2C690&ssl=1&resize=700%2C400 2x, https:\/\/i0.wp.com\/queretaronetwork.tv\/wp-content\/uploads\/2022\/02\/1140-flu-vaccine-season-esp-scaled.jpeg?fit=1200%2C690&ssl=1&resize=1050%2C600 3x"},"classes":[]},{"id":11100,"url":"https:\/\/queretaronetwork.tv\/sesa-exhorta-a-grupos-de-riesgo-a-aplicarse-la-vacuna-contra-la-influenza\/","url_meta":{"origin":17428,"position":5},"title":"SESA exhorta a grupos de riesgo a aplicarse la vacuna contra la Influenza","author":"Editorial QNTV","date":"7 febrero, 2022","format":false,"excerpt":"La Secretar\u00eda de Salud del estado de Quer\u00e9taro (SESA), informa que en la temporada de fr\u00edo aumenta el riesgo de presentar infecciones respiratorias agudas, entre ellas la Influenza, por lo que se exhorta para acudir a recibir la vacuna a las mam\u00e1s, pap\u00e1s o tutores de menores de entre seis\u2026","rel":"","context":"En &quot;Estado&quot;","block_context":{"text":"Estado","link":"https:\/\/queretaronetwork.tv\/category\/estado\/"},"img":{"alt_text":"","src":"https:\/\/i0.wp.com\/queretaronetwork.tv\/wp-content\/uploads\/2022\/02\/71_273_35331_800027299_1.jpg?fit=1200%2C900&ssl=1&resize=350%2C200","width":350,"height":200,"srcset":"https:\/\/i0.wp.com\/queretaronetwork.tv\/wp-content\/uploads\/2022\/02\/71_273_35331_800027299_1.jpg?fit=1200%2C900&ssl=1&resize=350%2C200 1x, https:\/\/i0.wp.com\/queretaronetwork.tv\/wp-content\/uploads\/2022\/02\/71_273_35331_800027299_1.jpg?fit=1200%2C900&ssl=1&resize=525%2C300 1.5x, https:\/\/i0.wp.com\/queretaronetwork.tv\/wp-content\/uploads\/2022\/02\/71_273_35331_800027299_1.jpg?fit=1200%2C900&ssl=1&resize=700%2C400 2x, https:\/\/i0.wp.com\/queretaronetwork.tv\/wp-content\/uploads\/2022\/02\/71_273_35331_800027299_1.jpg?fit=1200%2C900&ssl=1&resize=1050%2C600 3x"},"classes":[]}],"jetpack_sharing_enabled":true,"jetpack_shortlink":"https:\/\/wp.me\/pardhb-4x6","_links":{"self":[{"href":"https:\/\/queretaronetwork.tv\/wp-json\/wp\/v2\/posts\/17428","targetHints":{"allow":["GET"]}}],"collection":[{"href":"https:\/\/queretaronetwork.tv\/wp-json\/wp\/v2\/posts"}],"about":[{"href":"https:\/\/queretaronetwork.tv\/wp-json\/wp\/v2\/types\/post"}],"author":[{"embeddable":true,"href":"https:\/\/queretaronetwork.tv\/wp-json\/wp\/v2\/users\/2"}],"replies":[{"embeddable":true,"href":"https:\/\/queretaronetwork.tv\/wp-json\/wp\/v2\/comments?post=17428"}],"version-history":[{"count":1,"href":"https:\/\/queretaronetwork.tv\/wp-json\/wp\/v2\/posts\/17428\/revisions"}],"predecessor-version":[{"id":17430,"href":"https:\/\/queretaronetwork.tv\/wp-json\/wp\/v2\/posts\/17428\/revisions\/17430"}],"wp:featuredmedia":[{"embeddable":true,"href":"https:\/\/queretaronetwork.tv\/wp-json\/wp\/v2\/media\/17429"}],"wp:attachment":[{"href":"https:\/\/queretaronetwork.tv\/wp-json\/wp\/v2\/media?parent=17428"}],"wp:term":[{"taxonomy":"category","embeddable":true,"href":"https:\/\/queretaronetwork.tv\/wp-json\/wp\/v2\/categories?post=17428"},{"taxonomy":"post_tag","embeddable":true,"href":"https:\/\/queretaronetwork.tv\/wp-json\/wp\/v2\/tags?post=17428"}],"curies":[{"name":"wp","href":"https:\/\/api.w.org\/{rel}","templated":true}]}}