{"id":18105,"date":"2022-07-15T16:04:31","date_gmt":"2022-07-15T21:04:31","guid":{"rendered":"https:\/\/queretaronetwork.tv\/?p=18105"},"modified":"2022-07-15T16:04:31","modified_gmt":"2022-07-15T21:04:31","slug":"denuncian-detencion-arbitraria-de-dueno-y-trabajador-de-divertican-durante-operativo-en-topilejo","status":"publish","type":"post","link":"https:\/\/queretaronetwork.tv\/denuncian-detencion-arbitraria-de-dueno-y-trabajador-de-divertican-durante-operativo-en-topilejo\/","title":{"rendered":"Denuncian detenci\u00f3n arbitraria de due\u00f1o y trabajador de Divertican durante operativo en Topilejo"},"content":{"rendered":"<p style=\"text-align: justify;\">Familiares,\u00a0amigos y clientes denunciaron la\u00a0<strong>detenci\u00f3n de arbitraria de Jesu\u0301s Antonio Contreras Servi\u0301n, due\u00f1o de la pensi\u00f3n y refugio canino Divertican, y de Antonio Miguel Guzm\u00e1n R\u00edos, trabajador<\/strong>\u00a0del lugar, durante el\u00a0<strong>operativo<\/strong>\u00a0en\u00a0<strong>Topilejo<\/strong>, Tlalpan, el pasado martes 12 de julio.<\/p>\n<p style=\"text-align: justify;\">Mediante un comunicado, se\u00f1alaron que Contreras\u00a0 y Guzm\u00e1n fueron arrestados durante el enfrentamiento entre fuerzas de seguridad y presuntos delincuentes relacionados con el ca\u0301rtel de Sinaloa, de acuerdo con la Secretari\u0301a de Seguridad Ciudadana de la Ciudad de M\u00e9xico, a cargo de Omar Garci\u0301a Harfuch.<\/p>\n<p style=\"text-align: justify;\">Aseguraron que Jesu\u0301s Antonio Contreras Servi\u0301n se ha\u00a0<strong>dedicado por ma\u0301s de 10 an\u0303os al cuidado y adiestramiento de perros en la pensio\u0301n y refugio ubicado en el kilo\u0301metro 28.5 de la carretera federal Me\u0301xico-Cuernavaca<\/strong>, cerca de donde se llevo\u0301 el enfrentamiento.<\/p>\n<p style=\"text-align: justify;\"><a href=\"https:\/\/i0.wp.com\/editorial.aristeguinoticias.com\/wp-content\/uploads\/2022\/07\/exigen-garcia-harfuch-liberar-dueno-trabajador-divertican-operativo-topilejo-2-14072022.png?ssl=1\"><img data-recalc-dims=\"1\" fetchpriority=\"high\" decoding=\"async\" class=\"alignnone size-full wp-image-1195271\" src=\"https:\/\/i0.wp.com\/editorial.aristeguinoticias.com\/wp-content\/uploads\/2022\/07\/exigen-garcia-harfuch-liberar-dueno-trabajador-divertican-operativo-topilejo-2-14072022.png?resize=588%2C768&#038;ssl=1\" sizes=\"(max-width: 588px) 100vw, 588px\" srcset=\"https:\/\/editorial.aristeguinoticias.com\/wp-content\/uploads\/2022\/07\/exigen-garcia-harfuch-liberar-dueno-trabajador-divertican-operativo-topilejo-2-14072022.png 588w, https:\/\/editorial.aristeguinoticias.com\/wp-content\/uploads\/2022\/07\/exigen-garcia-harfuch-liberar-dueno-trabajador-divertican-operativo-topilejo-2-14072022-250x327.png 250w, https:\/\/editorial.aristeguinoticias.com\/wp-content\/uploads\/2022\/07\/exigen-garcia-harfuch-liberar-dueno-trabajador-divertican-operativo-topilejo-2-14072022-298x389.png 298w, https:\/\/editorial.aristeguinoticias.com\/wp-content\/uploads\/2022\/07\/exigen-garcia-harfuch-liberar-dueno-trabajador-divertican-operativo-topilejo-2-14072022-295x385.png 295w, https:\/\/editorial.aristeguinoticias.com\/wp-content\/uploads\/2022\/07\/exigen-garcia-harfuch-liberar-dueno-trabajador-divertican-operativo-topilejo-2-14072022-205x268.png 205w, https:\/\/editorial.aristeguinoticias.com\/wp-content\/uploads\/2022\/07\/exigen-garcia-harfuch-liberar-dueno-trabajador-divertican-operativo-topilejo-2-14072022-120x157.png 120w\" alt=\"\" width=\"588\" height=\"768\" \/><\/a><\/p>\n<p style=\"text-align: justify;\">\u201cDebido a la cercani\u0301a de la pensio\u0301n con el lugar de dicho enfrentamiento, elementos de la Secretari\u0301a (capitalina) se llevaron, de manera arbitraria y sin tener relacio\u0301n alguna con el operativo, a Jesu\u0301s Antonio y Antonio Miguel y<strong>\u00a0dejaron escapar alrededor de 30 perros de los casi 50 que estaban a su cargo en ese momento\u201d, indicaron.<\/strong><\/p>\n<div class=\"page\" title=\"Page 1\">\n<div class=\"layoutArea\">\n<div class=\"column\">\n<p style=\"text-align: justify;\">Ante ello, familiares, amigos y clientes exigieron a Garci\u0301a Harfuch liberar a Jesu\u0301s Antonio Contreras Servi\u0301n y a Antonio Miguel Guzm\u00e1n Ri\u0301os, adem\u00e1s que sus nombres queden totalmente deslindados de cualquier acusacio\u0301n criminal sin fundamento.<\/p>\n<div class=\"page\" title=\"Page 1\">\n<div class=\"layoutArea\">\n<div class=\"column\">\n<p style=\"text-align: justify;\">Asimismo, dar informacio\u0301n precisa sobre el paradero de\u00a0Contreras Servi\u0301n\u00a0y\u00a0Guzm\u00e1n Ri\u0301os, su estado de salud y situacio\u0301n legal.<\/p>\n<p style=\"text-align: justify;\">Garc\u00eda Harfuch tuite\u00f3 esta tarde que cuatro personas detenidas quedaron en libertad: \u201cTras el operativo realizado en Topilejo, ya fueron ingresados 10 involucrados a Santa Martha Acatitla;\u00a0<strong>4 personas quedaron en libertad<\/strong>\u00a0despu\u00e9s de las entrevistas de los 10 detenidos que estaban en la casa de seguridad donde se asegur\u00f3 droga y armas de fuego de alto poder\u201d. No aclar\u00f3 la identidad ni las caracter\u00edsticas de los liberados.<\/p>\n<p style=\"text-align: justify;\">\u201cY su intervencio\u0301n directa en el caso para esclarecer el grave error cometido contra 2 ciudadanos inocentes, honestos, libres y miembros activos y productivos de la sociedad, por elementos a su cargo durante este operativo\u201d.<\/p>\n<p style=\"text-align: justify;\"><a href=\"https:\/\/i0.wp.com\/editorial.aristeguinoticias.com\/wp-content\/uploads\/2022\/07\/exigen-garcia-harfuch-liberar-dueno-trabajador-divertican-operativo-topilejo-3-14072022.png?ssl=1\"><img data-recalc-dims=\"1\" decoding=\"async\" class=\"alignnone size-large wp-image-1195272\" src=\"https:\/\/i0.wp.com\/editorial.aristeguinoticias.com\/wp-content\/uploads\/2022\/07\/exigen-garcia-harfuch-liberar-dueno-trabajador-divertican-operativo-topilejo-3-14072022-700x411.png?resize=640%2C376&#038;ssl=1\" sizes=\"(max-width: 700px) 100vw, 700px\" srcset=\"https:\/\/editorial.aristeguinoticias.com\/wp-content\/uploads\/2022\/07\/exigen-garcia-harfuch-liberar-dueno-trabajador-divertican-operativo-topilejo-3-14072022-700x411.png 700w, https:\/\/editorial.aristeguinoticias.com\/wp-content\/uploads\/2022\/07\/exigen-garcia-harfuch-liberar-dueno-trabajador-divertican-operativo-topilejo-3-14072022-250x147.png 250w, https:\/\/editorial.aristeguinoticias.com\/wp-content\/uploads\/2022\/07\/exigen-garcia-harfuch-liberar-dueno-trabajador-divertican-operativo-topilejo-3-14072022-628x368.png 628w, https:\/\/editorial.aristeguinoticias.com\/wp-content\/uploads\/2022\/07\/exigen-garcia-harfuch-liberar-dueno-trabajador-divertican-operativo-topilejo-3-14072022-298x175.png 298w, https:\/\/editorial.aristeguinoticias.com\/wp-content\/uploads\/2022\/07\/exigen-garcia-harfuch-liberar-dueno-trabajador-divertican-operativo-topilejo-3-14072022-295x173.png 295w, https:\/\/editorial.aristeguinoticias.com\/wp-content\/uploads\/2022\/07\/exigen-garcia-harfuch-liberar-dueno-trabajador-divertican-operativo-topilejo-3-14072022-205x120.png 205w, https:\/\/editorial.aristeguinoticias.com\/wp-content\/uploads\/2022\/07\/exigen-garcia-harfuch-liberar-dueno-trabajador-divertican-operativo-topilejo-3-14072022-138x80.png 138w, https:\/\/editorial.aristeguinoticias.com\/wp-content\/uploads\/2022\/07\/exigen-garcia-harfuch-liberar-dueno-trabajador-divertican-operativo-topilejo-3-14072022-120x70.png 120w, https:\/\/editorial.aristeguinoticias.com\/wp-content\/uploads\/2022\/07\/exigen-garcia-harfuch-liberar-dueno-trabajador-divertican-operativo-topilejo-3-14072022.png 726w\" alt=\"\" width=\"640\" height=\"376\" \/><\/a><\/p>\n<p style=\"text-align: justify;\">A la alcaldesa de Tlalpan, Alfa Gonzalez Magallanes, le demandaron atender e intervenir en el caso para asegurar que se respete la integridad fi\u0301sica de Jesu\u0301s Antonio Contreras Servi\u0301n y Antonio Miguel Guzm\u00e1n Ri\u0301os, \u201cdetenidos desde hace ma\u0301s de 48 horas y de quienes hasta el momento se desconoce su paradero y situacio\u0301n legal\u201d.<\/p>\n<p style=\"text-align: justify;\">Tambi\u00e9n pidieron su apoyo para la\u00a0<strong>atencio\u0301n a los perros que escaparon durante el operativo y asegurar el bienestar de los ma\u0301s de 50 que quedaron resguardados dentro del inmueble<\/strong>\u00a0sin cuidado, alimento y agua.<\/p>\n<p style=\"text-align: justify;\">A la jefa de\u00a0Gobierno de la Ciudad de Me\u0301xico, Claudia Sheinbaum Pardo, tambi\u00e9n le pidieron que intervenga en el caso.\u00a0\u00a0\u201cAntonio Contreras Servi\u0301n y Antonio Miguel Guzman Ri\u0301os (son) ciudadanos de la Ciudad de Me\u0301xico involucrados en una\u00a0<strong>situacio\u0301n sumamente grave por error de una autoridad<\/strong>\u00a0que, iro\u0301nicamente, deberi\u0301a estar al servicio de las personas buenas para cuidarlos y no para encerrarlos sin pruebas, sin fundamento y de manera ilegal\u201d.<\/p>\n<p>Con informaci\u00f3n de Aristegui Noticias.<\/p>\n<\/div>\n<\/div>\n<\/div>\n<\/div>\n<\/div>\n<\/div>\n","protected":false},"excerpt":{"rendered":"<p>Familiares,\u00a0amigos y clientes denunciaron la\u00a0detenci\u00f3n de arbitraria de Jesu\u0301s Antonio Contreras Servi\u0301n, due\u00f1o de la pensi\u00f3n y refugio<\/p>\n","protected":false},"author":2,"featured_media":18106,"comment_status":"open","ping_status":"closed","sticky":false,"template":"","format":"standard","meta":{"jetpack_post_was_ever_published":false,"_jetpack_newsletter_access":"","_jetpack_dont_email_post_to_subs":false,"_jetpack_newsletter_tier_id":0,"_jetpack_memberships_contains_paywalled_content":false,"_jetpack_memberships_contains_paid_content":false,"footnotes":"","jetpack_publicize_message":"","jetpack_publicize_feature_enabled":true,"jetpack_social_post_already_shared":true,"jetpack_social_options":{"image_generator_settings":{"template":"highway","default_image_id":0,"font":"","enabled":false},"version":2}},"categories":[3,31],"tags":[],"class_list":["post-18105","post","type-post","status-publish","format-standard","has-post-thumbnail","hentry","category-nacional","category-policiaca"],"yoast_head":"<!-- This site is optimized with the Yoast SEO plugin v26.4 - https:\/\/yoast.com\/wordpress\/plugins\/seo\/ -->\n<title>Denuncian detenci\u00f3n arbitraria de due\u00f1o y trabajador de Divertican durante operativo en Topilejo -<\/title>\n<meta name=\"description\" content=\"Familiares,\u00a0amigos y clientes denunciaron la\u00a0detenci\u00f3n de arbitraria de Jesu\u0301s Antonio Contreras Servi\u0301n, due\u00f1o de la pensi\u00f3n y refugio canino Divertican, y de Antonio Miguel Guzm\u00e1n R\u00edos, trabajador\u00a0del lugar, durante el\u00a0operativo\u00a0en\u00a0Topilejo, Tlalpan, el pasado martes 12 de julio.\" \/>\n<meta name=\"robots\" content=\"index, follow, max-snippet:-1, max-image-preview:large, max-video-preview:-1\" \/>\n<link rel=\"canonical\" href=\"https:\/\/queretaronetwork.tv\/denuncian-detencion-arbitraria-de-dueno-y-trabajador-de-divertican-durante-operativo-en-topilejo\/\" \/>\n<meta property=\"og:locale\" content=\"es_MX\" \/>\n<meta property=\"og:type\" content=\"article\" \/>\n<meta property=\"og:title\" content=\"Denuncian detenci\u00f3n arbitraria de due\u00f1o y trabajador de Divertican durante operativo en Topilejo -\" \/>\n<meta property=\"og:description\" content=\"Familiares,\u00a0amigos y clientes denunciaron la\u00a0detenci\u00f3n de arbitraria de Jesu\u0301s Antonio Contreras Servi\u0301n, due\u00f1o de la pensi\u00f3n y refugio canino Divertican, y de Antonio Miguel Guzm\u00e1n R\u00edos, trabajador\u00a0del lugar, durante el\u00a0operativo\u00a0en\u00a0Topilejo, Tlalpan, el pasado martes 12 de julio.\" \/>\n<meta property=\"og:url\" content=\"https:\/\/queretaronetwork.tv\/denuncian-detencion-arbitraria-de-dueno-y-trabajador-de-divertican-durante-operativo-en-topilejo\/\" \/>\n<meta property=\"article:publisher\" content=\"https:\/\/www.facebook.com\/QroNTV\/\" \/>\n<meta property=\"article:published_time\" content=\"2022-07-15T21:04:31+00:00\" \/>\n<meta property=\"og:image\" content=\"https:\/\/i0.wp.com\/queretaronetwork.tv\/wp-content\/uploads\/2022\/07\/exigen-garcia-harfuch-liberar-dueno-trabajador-divertican-operativo-topilejo-14072022.png?fit=1200%2C750&ssl=1\" \/>\n\t<meta property=\"og:image:width\" content=\"1200\" \/>\n\t<meta property=\"og:image:height\" content=\"750\" \/>\n\t<meta property=\"og:image:type\" content=\"image\/png\" \/>\n<meta name=\"author\" content=\"Editorial QNTV\" \/>\n<meta name=\"twitter:card\" content=\"summary_large_image\" \/>\n<meta name=\"twitter:creator\" content=\"@QNTV6\" \/>\n<meta name=\"twitter:site\" content=\"@QNTV6\" \/>\n<meta name=\"twitter:label1\" content=\"Escrito por\" \/>\n\t<meta name=\"twitter:data1\" content=\"Editorial QNTV\" \/>\n\t<meta name=\"twitter:label2\" content=\"Tiempo de lectura\" \/>\n\t<meta name=\"twitter:data2\" content=\"3 minutos\" \/>\n<script type=\"application\/ld+json\" class=\"yoast-schema-graph\">{\"@context\":\"https:\/\/schema.org\",\"@graph\":[{\"@type\":\"Article\",\"@id\":\"https:\/\/queretaronetwork.tv\/denuncian-detencion-arbitraria-de-dueno-y-trabajador-de-divertican-durante-operativo-en-topilejo\/#article\",\"isPartOf\":{\"@id\":\"https:\/\/queretaronetwork.tv\/denuncian-detencion-arbitraria-de-dueno-y-trabajador-de-divertican-durante-operativo-en-topilejo\/\"},\"author\":{\"name\":\"Editorial QNTV\",\"@id\":\"https:\/\/queretaronetwork.tv\/#\/schema\/person\/1200b23397cd8ce55a25cb08ca51b5f2\"},\"headline\":\"Denuncian detenci\u00f3n arbitraria de due\u00f1o y trabajador de Divertican durante operativo en Topilejo\",\"datePublished\":\"2022-07-15T21:04:31+00:00\",\"mainEntityOfPage\":{\"@id\":\"https:\/\/queretaronetwork.tv\/denuncian-detencion-arbitraria-de-dueno-y-trabajador-de-divertican-durante-operativo-en-topilejo\/\"},\"wordCount\":574,\"commentCount\":0,\"publisher\":{\"@id\":\"https:\/\/queretaronetwork.tv\/#organization\"},\"image\":{\"@id\":\"https:\/\/queretaronetwork.tv\/denuncian-detencion-arbitraria-de-dueno-y-trabajador-de-divertican-durante-operativo-en-topilejo\/#primaryimage\"},\"thumbnailUrl\":\"https:\/\/i0.wp.com\/queretaronetwork.tv\/wp-content\/uploads\/2022\/07\/exigen-garcia-harfuch-liberar-dueno-trabajador-divertican-operativo-topilejo-14072022.png?fit=1200%2C750&ssl=1\",\"articleSection\":[\"Nacional\",\"Policiaca\"],\"inLanguage\":\"es\",\"potentialAction\":[{\"@type\":\"CommentAction\",\"name\":\"Comment\",\"target\":[\"https:\/\/queretaronetwork.tv\/denuncian-detencion-arbitraria-de-dueno-y-trabajador-de-divertican-durante-operativo-en-topilejo\/#respond\"]}]},{\"@type\":\"WebPage\",\"@id\":\"https:\/\/queretaronetwork.tv\/denuncian-detencion-arbitraria-de-dueno-y-trabajador-de-divertican-durante-operativo-en-topilejo\/\",\"url\":\"https:\/\/queretaronetwork.tv\/denuncian-detencion-arbitraria-de-dueno-y-trabajador-de-divertican-durante-operativo-en-topilejo\/\",\"name\":\"Denuncian detenci\u00f3n arbitraria de due\u00f1o y trabajador de Divertican durante operativo en Topilejo -\",\"isPartOf\":{\"@id\":\"https:\/\/queretaronetwork.tv\/#website\"},\"primaryImageOfPage\":{\"@id\":\"https:\/\/queretaronetwork.tv\/denuncian-detencion-arbitraria-de-dueno-y-trabajador-de-divertican-durante-operativo-en-topilejo\/#primaryimage\"},\"image\":{\"@id\":\"https:\/\/queretaronetwork.tv\/denuncian-detencion-arbitraria-de-dueno-y-trabajador-de-divertican-durante-operativo-en-topilejo\/#primaryimage\"},\"thumbnailUrl\":\"https:\/\/i0.wp.com\/queretaronetwork.tv\/wp-content\/uploads\/2022\/07\/exigen-garcia-harfuch-liberar-dueno-trabajador-divertican-operativo-topilejo-14072022.png?fit=1200%2C750&ssl=1\",\"datePublished\":\"2022-07-15T21:04:31+00:00\",\"description\":\"Familiares,\u00a0amigos y clientes denunciaron la\u00a0detenci\u00f3n de arbitraria de Jesu\u0301s Antonio Contreras Servi\u0301n, due\u00f1o de la pensi\u00f3n y refugio canino Divertican, y de Antonio Miguel Guzm\u00e1n R\u00edos, trabajador\u00a0del lugar, durante el\u00a0operativo\u00a0en\u00a0Topilejo, Tlalpan, el pasado martes 12 de julio.\",\"breadcrumb\":{\"@id\":\"https:\/\/queretaronetwork.tv\/denuncian-detencion-arbitraria-de-dueno-y-trabajador-de-divertican-durante-operativo-en-topilejo\/#breadcrumb\"},\"inLanguage\":\"es\",\"potentialAction\":[{\"@type\":\"ReadAction\",\"target\":[\"https:\/\/queretaronetwork.tv\/denuncian-detencion-arbitraria-de-dueno-y-trabajador-de-divertican-durante-operativo-en-topilejo\/\"]}]},{\"@type\":\"ImageObject\",\"inLanguage\":\"es\",\"@id\":\"https:\/\/queretaronetwork.tv\/denuncian-detencion-arbitraria-de-dueno-y-trabajador-de-divertican-durante-operativo-en-topilejo\/#primaryimage\",\"url\":\"https:\/\/i0.wp.com\/queretaronetwork.tv\/wp-content\/uploads\/2022\/07\/exigen-garcia-harfuch-liberar-dueno-trabajador-divertican-operativo-topilejo-14072022.png?fit=1200%2C750&ssl=1\",\"contentUrl\":\"https:\/\/i0.wp.com\/queretaronetwork.tv\/wp-content\/uploads\/2022\/07\/exigen-garcia-harfuch-liberar-dueno-trabajador-divertican-operativo-topilejo-14072022.png?fit=1200%2C750&ssl=1\",\"width\":1200,\"height\":750},{\"@type\":\"BreadcrumbList\",\"@id\":\"https:\/\/queretaronetwork.tv\/denuncian-detencion-arbitraria-de-dueno-y-trabajador-de-divertican-durante-operativo-en-topilejo\/#breadcrumb\",\"itemListElement\":[{\"@type\":\"ListItem\",\"position\":1,\"name\":\"Inicio\",\"item\":\"https:\/\/queretaronetwork.tv\/\"},{\"@type\":\"ListItem\",\"position\":2,\"name\":\"Denuncian detenci\u00f3n arbitraria de due\u00f1o y trabajador de Divertican durante operativo en Topilejo\"}]},{\"@type\":\"WebSite\",\"@id\":\"https:\/\/queretaronetwork.tv\/#website\",\"url\":\"https:\/\/queretaronetwork.tv\/\",\"name\":\"Quer\u00e9taro Network TV\",\"description\":\"Medio de Comunicaci\u00f3n Digital, Noticias y Canal de Tv ONLine\",\"publisher\":{\"@id\":\"https:\/\/queretaronetwork.tv\/#organization\"},\"potentialAction\":[{\"@type\":\"SearchAction\",\"target\":{\"@type\":\"EntryPoint\",\"urlTemplate\":\"https:\/\/queretaronetwork.tv\/?s={search_term_string}\"},\"query-input\":{\"@type\":\"PropertyValueSpecification\",\"valueRequired\":true,\"valueName\":\"search_term_string\"}}],\"inLanguage\":\"es\"},{\"@type\":\"Organization\",\"@id\":\"https:\/\/queretaronetwork.tv\/#organization\",\"name\":\"Quer\u00e9taro Network TV\",\"url\":\"https:\/\/queretaronetwork.tv\/\",\"logo\":{\"@type\":\"ImageObject\",\"inLanguage\":\"es\",\"@id\":\"https:\/\/queretaronetwork.tv\/#\/schema\/logo\/image\/\",\"url\":\"https:\/\/i0.wp.com\/queretaronetwork.tv\/wp-content\/uploads\/2020\/02\/LOGONUEVOCIRCULARQNTV2020-e1595007713656.png?fit=583%2C564&ssl=1\",\"contentUrl\":\"https:\/\/i0.wp.com\/queretaronetwork.tv\/wp-content\/uploads\/2020\/02\/LOGONUEVOCIRCULARQNTV2020-e1595007713656.png?fit=583%2C564&ssl=1\",\"width\":583,\"height\":564,\"caption\":\"Quer\u00e9taro Network TV\"},\"image\":{\"@id\":\"https:\/\/queretaronetwork.tv\/#\/schema\/logo\/image\/\"},\"sameAs\":[\"https:\/\/www.facebook.com\/QroNTV\/\",\"https:\/\/x.com\/QNTV6\",\"https:\/\/www.instagram.com\/queretaronetworktv\/\",\"https:\/\/www.youtube.com\/channel\/UCav1cE_tCaccVZOLJpqZIyA?view_as=subscriber\"]},{\"@type\":\"Person\",\"@id\":\"https:\/\/queretaronetwork.tv\/#\/schema\/person\/1200b23397cd8ce55a25cb08ca51b5f2\",\"name\":\"Editorial QNTV\",\"image\":{\"@type\":\"ImageObject\",\"inLanguage\":\"es\",\"@id\":\"https:\/\/queretaronetwork.tv\/#\/schema\/person\/image\/\",\"url\":\"https:\/\/secure.gravatar.com\/avatar\/c736b7feb12a69c0911796e1381d5be7aa79cd6ca5a0cb325913d75e4c0cdcbd?s=96&d=mm&r=g\",\"contentUrl\":\"https:\/\/secure.gravatar.com\/avatar\/c736b7feb12a69c0911796e1381d5be7aa79cd6ca5a0cb325913d75e4c0cdcbd?s=96&d=mm&r=g\",\"caption\":\"Editorial QNTV\"},\"url\":\"https:\/\/queretaronetwork.tv\/author\/editorial\/\"}]}<\/script>\n<!-- \/ Yoast SEO plugin. -->","yoast_head_json":{"title":"Denuncian detenci\u00f3n arbitraria de due\u00f1o y trabajador de Divertican durante operativo en Topilejo -","description":"Familiares,\u00a0amigos y clientes denunciaron la\u00a0detenci\u00f3n de arbitraria de Jesu\u0301s Antonio Contreras Servi\u0301n, due\u00f1o de la pensi\u00f3n y refugio canino Divertican, y de Antonio Miguel Guzm\u00e1n R\u00edos, trabajador\u00a0del lugar, durante el\u00a0operativo\u00a0en\u00a0Topilejo, Tlalpan, el pasado martes 12 de julio.","robots":{"index":"index","follow":"follow","max-snippet":"max-snippet:-1","max-image-preview":"max-image-preview:large","max-video-preview":"max-video-preview:-1"},"canonical":"https:\/\/queretaronetwork.tv\/denuncian-detencion-arbitraria-de-dueno-y-trabajador-de-divertican-durante-operativo-en-topilejo\/","og_locale":"es_MX","og_type":"article","og_title":"Denuncian detenci\u00f3n arbitraria de due\u00f1o y trabajador de Divertican durante operativo en Topilejo -","og_description":"Familiares,\u00a0amigos y clientes denunciaron la\u00a0detenci\u00f3n de arbitraria de Jesu\u0301s Antonio Contreras Servi\u0301n, due\u00f1o de la pensi\u00f3n y refugio canino Divertican, y de Antonio Miguel Guzm\u00e1n R\u00edos, trabajador\u00a0del lugar, durante el\u00a0operativo\u00a0en\u00a0Topilejo, Tlalpan, el pasado martes 12 de julio.","og_url":"https:\/\/queretaronetwork.tv\/denuncian-detencion-arbitraria-de-dueno-y-trabajador-de-divertican-durante-operativo-en-topilejo\/","article_publisher":"https:\/\/www.facebook.com\/QroNTV\/","article_published_time":"2022-07-15T21:04:31+00:00","og_image":[{"width":1200,"height":750,"url":"https:\/\/i0.wp.com\/queretaronetwork.tv\/wp-content\/uploads\/2022\/07\/exigen-garcia-harfuch-liberar-dueno-trabajador-divertican-operativo-topilejo-14072022.png?fit=1200%2C750&ssl=1","type":"image\/png"}],"author":"Editorial QNTV","twitter_card":"summary_large_image","twitter_creator":"@QNTV6","twitter_site":"@QNTV6","twitter_misc":{"Escrito por":"Editorial QNTV","Tiempo de lectura":"3 minutos"},"schema":{"@context":"https:\/\/schema.org","@graph":[{"@type":"Article","@id":"https:\/\/queretaronetwork.tv\/denuncian-detencion-arbitraria-de-dueno-y-trabajador-de-divertican-durante-operativo-en-topilejo\/#article","isPartOf":{"@id":"https:\/\/queretaronetwork.tv\/denuncian-detencion-arbitraria-de-dueno-y-trabajador-de-divertican-durante-operativo-en-topilejo\/"},"author":{"name":"Editorial QNTV","@id":"https:\/\/queretaronetwork.tv\/#\/schema\/person\/1200b23397cd8ce55a25cb08ca51b5f2"},"headline":"Denuncian detenci\u00f3n arbitraria de due\u00f1o y trabajador de Divertican durante operativo en Topilejo","datePublished":"2022-07-15T21:04:31+00:00","mainEntityOfPage":{"@id":"https:\/\/queretaronetwork.tv\/denuncian-detencion-arbitraria-de-dueno-y-trabajador-de-divertican-durante-operativo-en-topilejo\/"},"wordCount":574,"commentCount":0,"publisher":{"@id":"https:\/\/queretaronetwork.tv\/#organization"},"image":{"@id":"https:\/\/queretaronetwork.tv\/denuncian-detencion-arbitraria-de-dueno-y-trabajador-de-divertican-durante-operativo-en-topilejo\/#primaryimage"},"thumbnailUrl":"https:\/\/i0.wp.com\/queretaronetwork.tv\/wp-content\/uploads\/2022\/07\/exigen-garcia-harfuch-liberar-dueno-trabajador-divertican-operativo-topilejo-14072022.png?fit=1200%2C750&ssl=1","articleSection":["Nacional","Policiaca"],"inLanguage":"es","potentialAction":[{"@type":"CommentAction","name":"Comment","target":["https:\/\/queretaronetwork.tv\/denuncian-detencion-arbitraria-de-dueno-y-trabajador-de-divertican-durante-operativo-en-topilejo\/#respond"]}]},{"@type":"WebPage","@id":"https:\/\/queretaronetwork.tv\/denuncian-detencion-arbitraria-de-dueno-y-trabajador-de-divertican-durante-operativo-en-topilejo\/","url":"https:\/\/queretaronetwork.tv\/denuncian-detencion-arbitraria-de-dueno-y-trabajador-de-divertican-durante-operativo-en-topilejo\/","name":"Denuncian detenci\u00f3n arbitraria de due\u00f1o y trabajador de Divertican durante operativo en Topilejo -","isPartOf":{"@id":"https:\/\/queretaronetwork.tv\/#website"},"primaryImageOfPage":{"@id":"https:\/\/queretaronetwork.tv\/denuncian-detencion-arbitraria-de-dueno-y-trabajador-de-divertican-durante-operativo-en-topilejo\/#primaryimage"},"image":{"@id":"https:\/\/queretaronetwork.tv\/denuncian-detencion-arbitraria-de-dueno-y-trabajador-de-divertican-durante-operativo-en-topilejo\/#primaryimage"},"thumbnailUrl":"https:\/\/i0.wp.com\/queretaronetwork.tv\/wp-content\/uploads\/2022\/07\/exigen-garcia-harfuch-liberar-dueno-trabajador-divertican-operativo-topilejo-14072022.png?fit=1200%2C750&ssl=1","datePublished":"2022-07-15T21:04:31+00:00","description":"Familiares,\u00a0amigos y clientes denunciaron la\u00a0detenci\u00f3n de arbitraria de Jesu\u0301s Antonio Contreras Servi\u0301n, due\u00f1o de la pensi\u00f3n y refugio canino Divertican, y de Antonio Miguel Guzm\u00e1n R\u00edos, trabajador\u00a0del lugar, durante el\u00a0operativo\u00a0en\u00a0Topilejo, Tlalpan, el pasado martes 12 de julio.","breadcrumb":{"@id":"https:\/\/queretaronetwork.tv\/denuncian-detencion-arbitraria-de-dueno-y-trabajador-de-divertican-durante-operativo-en-topilejo\/#breadcrumb"},"inLanguage":"es","potentialAction":[{"@type":"ReadAction","target":["https:\/\/queretaronetwork.tv\/denuncian-detencion-arbitraria-de-dueno-y-trabajador-de-divertican-durante-operativo-en-topilejo\/"]}]},{"@type":"ImageObject","inLanguage":"es","@id":"https:\/\/queretaronetwork.tv\/denuncian-detencion-arbitraria-de-dueno-y-trabajador-de-divertican-durante-operativo-en-topilejo\/#primaryimage","url":"https:\/\/i0.wp.com\/queretaronetwork.tv\/wp-content\/uploads\/2022\/07\/exigen-garcia-harfuch-liberar-dueno-trabajador-divertican-operativo-topilejo-14072022.png?fit=1200%2C750&ssl=1","contentUrl":"https:\/\/i0.wp.com\/queretaronetwork.tv\/wp-content\/uploads\/2022\/07\/exigen-garcia-harfuch-liberar-dueno-trabajador-divertican-operativo-topilejo-14072022.png?fit=1200%2C750&ssl=1","width":1200,"height":750},{"@type":"BreadcrumbList","@id":"https:\/\/queretaronetwork.tv\/denuncian-detencion-arbitraria-de-dueno-y-trabajador-de-divertican-durante-operativo-en-topilejo\/#breadcrumb","itemListElement":[{"@type":"ListItem","position":1,"name":"Inicio","item":"https:\/\/queretaronetwork.tv\/"},{"@type":"ListItem","position":2,"name":"Denuncian detenci\u00f3n arbitraria de due\u00f1o y trabajador de Divertican durante operativo en Topilejo"}]},{"@type":"WebSite","@id":"https:\/\/queretaronetwork.tv\/#website","url":"https:\/\/queretaronetwork.tv\/","name":"Quer\u00e9taro Network TV","description":"Medio de Comunicaci\u00f3n Digital, Noticias y Canal de Tv ONLine","publisher":{"@id":"https:\/\/queretaronetwork.tv\/#organization"},"potentialAction":[{"@type":"SearchAction","target":{"@type":"EntryPoint","urlTemplate":"https:\/\/queretaronetwork.tv\/?s={search_term_string}"},"query-input":{"@type":"PropertyValueSpecification","valueRequired":true,"valueName":"search_term_string"}}],"inLanguage":"es"},{"@type":"Organization","@id":"https:\/\/queretaronetwork.tv\/#organization","name":"Quer\u00e9taro Network TV","url":"https:\/\/queretaronetwork.tv\/","logo":{"@type":"ImageObject","inLanguage":"es","@id":"https:\/\/queretaronetwork.tv\/#\/schema\/logo\/image\/","url":"https:\/\/i0.wp.com\/queretaronetwork.tv\/wp-content\/uploads\/2020\/02\/LOGONUEVOCIRCULARQNTV2020-e1595007713656.png?fit=583%2C564&ssl=1","contentUrl":"https:\/\/i0.wp.com\/queretaronetwork.tv\/wp-content\/uploads\/2020\/02\/LOGONUEVOCIRCULARQNTV2020-e1595007713656.png?fit=583%2C564&ssl=1","width":583,"height":564,"caption":"Quer\u00e9taro Network TV"},"image":{"@id":"https:\/\/queretaronetwork.tv\/#\/schema\/logo\/image\/"},"sameAs":["https:\/\/www.facebook.com\/QroNTV\/","https:\/\/x.com\/QNTV6","https:\/\/www.instagram.com\/queretaronetworktv\/","https:\/\/www.youtube.com\/channel\/UCav1cE_tCaccVZOLJpqZIyA?view_as=subscriber"]},{"@type":"Person","@id":"https:\/\/queretaronetwork.tv\/#\/schema\/person\/1200b23397cd8ce55a25cb08ca51b5f2","name":"Editorial QNTV","image":{"@type":"ImageObject","inLanguage":"es","@id":"https:\/\/queretaronetwork.tv\/#\/schema\/person\/image\/","url":"https:\/\/secure.gravatar.com\/avatar\/c736b7feb12a69c0911796e1381d5be7aa79cd6ca5a0cb325913d75e4c0cdcbd?s=96&d=mm&r=g","contentUrl":"https:\/\/secure.gravatar.com\/avatar\/c736b7feb12a69c0911796e1381d5be7aa79cd6ca5a0cb325913d75e4c0cdcbd?s=96&d=mm&r=g","caption":"Editorial QNTV"},"url":"https:\/\/queretaronetwork.tv\/author\/editorial\/"}]}},"jetpack_publicize_connections":[],"featured_image_urls":{"full":["https:\/\/i0.wp.com\/queretaronetwork.tv\/wp-content\/uploads\/2022\/07\/exigen-garcia-harfuch-liberar-dueno-trabajador-divertican-operativo-topilejo-14072022.png?fit=1200%2C750&ssl=1",1200,750,false],"thumbnail":["https:\/\/i0.wp.com\/queretaronetwork.tv\/wp-content\/uploads\/2022\/07\/exigen-garcia-harfuch-liberar-dueno-trabajador-divertican-operativo-topilejo-14072022.png?resize=150%2C150&ssl=1",150,150,true],"medium":["https:\/\/i0.wp.com\/queretaronetwork.tv\/wp-content\/uploads\/2022\/07\/exigen-garcia-harfuch-liberar-dueno-trabajador-divertican-operativo-topilejo-14072022.png?fit=300%2C188&ssl=1",300,188,true],"medium_large":["https:\/\/i0.wp.com\/queretaronetwork.tv\/wp-content\/uploads\/2022\/07\/exigen-garcia-harfuch-liberar-dueno-trabajador-divertican-operativo-topilejo-14072022.png?fit=640%2C400&ssl=1",640,400,true],"large":["https:\/\/i0.wp.com\/queretaronetwork.tv\/wp-content\/uploads\/2022\/07\/exigen-garcia-harfuch-liberar-dueno-trabajador-divertican-operativo-topilejo-14072022.png?fit=640%2C400&ssl=1",640,400,true],"1536x1536":["https:\/\/i0.wp.com\/queretaronetwork.tv\/wp-content\/uploads\/2022\/07\/exigen-garcia-harfuch-liberar-dueno-trabajador-divertican-operativo-topilejo-14072022.png?fit=1200%2C750&ssl=1",1200,750,true],"2048x2048":["https:\/\/i0.wp.com\/queretaronetwork.tv\/wp-content\/uploads\/2022\/07\/exigen-garcia-harfuch-liberar-dueno-trabajador-divertican-operativo-topilejo-14072022.png?fit=1200%2C750&ssl=1",1200,750,true],"darknews-slider-full":["https:\/\/i0.wp.com\/queretaronetwork.tv\/wp-content\/uploads\/2022\/07\/exigen-garcia-harfuch-liberar-dueno-trabajador-divertican-operativo-topilejo-14072022.png?resize=1200%2C720&ssl=1",1200,720,true],"darknews-featured":["https:\/\/i0.wp.com\/queretaronetwork.tv\/wp-content\/uploads\/2022\/07\/exigen-garcia-harfuch-liberar-dueno-trabajador-divertican-operativo-topilejo-14072022.png?fit=1024%2C640&ssl=1",1024,640,true],"darknews-medium":["https:\/\/i0.wp.com\/queretaronetwork.tv\/wp-content\/uploads\/2022\/07\/exigen-garcia-harfuch-liberar-dueno-trabajador-divertican-operativo-topilejo-14072022.png?resize=720%2C530&ssl=1",720,530,true],"darknews-medium-square":["https:\/\/i0.wp.com\/queretaronetwork.tv\/wp-content\/uploads\/2022\/07\/exigen-garcia-harfuch-liberar-dueno-trabajador-divertican-operativo-topilejo-14072022.png?resize=350%2C350&ssl=1",350,350,true]},"author_info":{"info":["Editorial QNTV"]},"category_info":"<a href=\"https:\/\/queretaronetwork.tv\/category\/nacional\/\" rel=\"category tag\">Nacional<\/a> <a href=\"https:\/\/queretaronetwork.tv\/category\/policiaca\/\" rel=\"category tag\">Policiaca<\/a>","tag_info":"Policiaca","comment_count":"0","jetpack_featured_media_url":"https:\/\/i0.wp.com\/queretaronetwork.tv\/wp-content\/uploads\/2022\/07\/exigen-garcia-harfuch-liberar-dueno-trabajador-divertican-operativo-topilejo-14072022.png?fit=1200%2C750&ssl=1","jetpack_likes_enabled":true,"jetpack-related-posts":[{"id":17812,"url":"https:\/\/queretaronetwork.tv\/detenidos-en-topilejo-usaban-placas-de-los-chapitos\/","url_meta":{"origin":18105,"position":0},"title":"Detenidos en Topilejo usaban placas de Los Chapitos","author":"Editorial QNTV","date":"13 julio, 2022","format":false,"excerpt":"Los distintivos incluyen la imagen de un roedor, lo que hace alusi\u00f3n a Ovidio Guzm\u00e1n L\u00f3pez, a quien apodan como \u201cEl Rat\u00f3n\u201d La tarde de este martes 12 de julio\u00a0se registr\u00f3 un enfrentamiento\u00a0entre elementos de la\u00a0Secretar\u00eda de Seguridad Ciudadana de la Ciudad de M\u00e9xico (SSCCDMX)\u00a0y un grupo criminal de Sinaloa\u00a0a\u2026","rel":"","context":"En &quot;Nacional&quot;","block_context":{"text":"Nacional","link":"https:\/\/queretaronetwork.tv\/category\/nacional\/"},"img":{"alt_text":"","src":"https:\/\/i0.wp.com\/queretaronetwork.tv\/wp-content\/uploads\/2022\/07\/NOBFZKUCK5DUREGWRBR4WWSFSE.png?fit=768%2C432&ssl=1&resize=350%2C200","width":350,"height":200,"srcset":"https:\/\/i0.wp.com\/queretaronetwork.tv\/wp-content\/uploads\/2022\/07\/NOBFZKUCK5DUREGWRBR4WWSFSE.png?fit=768%2C432&ssl=1&resize=350%2C200 1x, https:\/\/i0.wp.com\/queretaronetwork.tv\/wp-content\/uploads\/2022\/07\/NOBFZKUCK5DUREGWRBR4WWSFSE.png?fit=768%2C432&ssl=1&resize=525%2C300 1.5x, https:\/\/i0.wp.com\/queretaronetwork.tv\/wp-content\/uploads\/2022\/07\/NOBFZKUCK5DUREGWRBR4WWSFSE.png?fit=768%2C432&ssl=1&resize=700%2C400 2x"},"classes":[]},{"id":17919,"url":"https:\/\/queretaronetwork.tv\/el-ponchis-el-nino-sicario-del-cartel-de-sinaloa-que-degollo-a-cuatro-personas-en-topilejo\/","url_meta":{"origin":18105,"position":1},"title":"\u201cEl Ponchis\u201d, el ni\u00f1o sicario del C\u00e1rtel de Sinaloa que degoll\u00f3 a cuatro personas en Topilejo","author":"Editorial QNTV","date":"14 julio, 2022","format":false,"excerpt":"Este martes 12 de julio, un enfrentamiento en Topilejo entre presuntos integrantes de la\u00a0facci\u00f3n del C\u00e1rtel de Sinaloa, \u201cLos Chapitos\u201d,\u00a0y oficiales de la Secretar\u00eda de Seguridad Ciudadana (SSC),\u00a0dej\u00f3 como saldo dos polic\u00edas heridos y 14 personas detenidas,\u00a0precis\u00f3 el jefe de la polic\u00eda capitalina, Omar Garc\u00eda Harfuch. Doce a\u00f1os antes, una\u2026","rel":"","context":"En &quot;Nacional&quot;","block_context":{"text":"Nacional","link":"https:\/\/queretaronetwork.tv\/category\/nacional\/"},"img":{"alt_text":"","src":"https:\/\/i0.wp.com\/queretaronetwork.tv\/wp-content\/uploads\/2022\/07\/IMN24BXMU5DAJCL7OPUWGXR7J4.png?fit=768%2C432&ssl=1&resize=350%2C200","width":350,"height":200,"srcset":"https:\/\/i0.wp.com\/queretaronetwork.tv\/wp-content\/uploads\/2022\/07\/IMN24BXMU5DAJCL7OPUWGXR7J4.png?fit=768%2C432&ssl=1&resize=350%2C200 1x, https:\/\/i0.wp.com\/queretaronetwork.tv\/wp-content\/uploads\/2022\/07\/IMN24BXMU5DAJCL7OPUWGXR7J4.png?fit=768%2C432&ssl=1&resize=525%2C300 1.5x, https:\/\/i0.wp.com\/queretaronetwork.tv\/wp-content\/uploads\/2022\/07\/IMN24BXMU5DAJCL7OPUWGXR7J4.png?fit=768%2C432&ssl=1&resize=700%2C400 2x"},"classes":[]},{"id":18350,"url":"https:\/\/queretaronetwork.tv\/los-vinculados-a-proceso-por-balacera-en-topilejo-fueron-trasladados-a-santa-martha-acatitla\/","url_meta":{"origin":18105,"position":2},"title":"Los vinculados a proceso por balacera en Topilejo fueron trasladados a Santa Martha Acatitla","author":"Editorial QNTV","date":"20 julio, 2022","format":false,"excerpt":"Tras m\u00e1s de ocho horas en la audiencia de vinculaci\u00f3n a proceso de los diez\u00a0detenidos en una balacera en Topilejo, alcald\u00eda Tlalpan de la Ciudad de M\u00e9xico, se llev\u00f3 a cabo su\u00a0traslado del Reclusorio Preventivo Varonil Norte al penal de Santa Martha Acatitla. Cerca de las 20:30 horas de este\u2026","rel":"","context":"En &quot;Nacional&quot;","block_context":{"text":"Nacional","link":"https:\/\/queretaronetwork.tv\/category\/nacional\/"},"img":{"alt_text":"","src":"https:\/\/i0.wp.com\/queretaronetwork.tv\/wp-content\/uploads\/2022\/07\/TB2EXDA42FF37P22JHCIHLDPKA.png?fit=768%2C512&ssl=1&resize=350%2C200","width":350,"height":200,"srcset":"https:\/\/i0.wp.com\/queretaronetwork.tv\/wp-content\/uploads\/2022\/07\/TB2EXDA42FF37P22JHCIHLDPKA.png?fit=768%2C512&ssl=1&resize=350%2C200 1x, https:\/\/i0.wp.com\/queretaronetwork.tv\/wp-content\/uploads\/2022\/07\/TB2EXDA42FF37P22JHCIHLDPKA.png?fit=768%2C512&ssl=1&resize=525%2C300 1.5x, https:\/\/i0.wp.com\/queretaronetwork.tv\/wp-content\/uploads\/2022\/07\/TB2EXDA42FF37P22JHCIHLDPKA.png?fit=768%2C512&ssl=1&resize=700%2C400 2x"},"classes":[]},{"id":17152,"url":"https:\/\/queretaronetwork.tv\/sonora-durazo-confirma-la-detencion-de-el-duranguillo-durante-operativo-en-altar-que-desato-balacera\/","url_meta":{"origin":18105,"position":3},"title":"Sonora: Durazo confirma la detenci\u00f3n de &#8216;El Duranguillo&#8217; durante operativo en Altar que desat\u00f3 balacera","author":"Editorial QNTV","date":"4 julio, 2022","format":false,"excerpt":"Los sujetos aprehendidos pertenecen a una facci\u00f3n del C\u00e1rtel de Sinaloa vinculada a los hijos de Joaqu\u00edn Guzm\u00e1n Loera 'El Chapo', seg\u00fan distintas versiones period\u00edsticas. El gobernador de Sonora, Alfonso Durazo,\u00a0confirm\u00f3 la detenci\u00f3n de Francisco \u201cT\u201d alias \u201cEl Duranguillo\u201d\u00a0durante el operativo que el Ej\u00e9rcito encabez\u00f3 el s\u00e1bado en el municipio\u2026","rel":"","context":"En &quot;Nacional&quot;","block_context":{"text":"Nacional","link":"https:\/\/queretaronetwork.tv\/category\/nacional\/"},"img":{"alt_text":"","src":"https:\/\/i0.wp.com\/queretaronetwork.tv\/wp-content\/uploads\/2022\/07\/enfrentamiento-altar-sonora-dos.png?fit=1200%2C750&ssl=1&resize=350%2C200","width":350,"height":200,"srcset":"https:\/\/i0.wp.com\/queretaronetwork.tv\/wp-content\/uploads\/2022\/07\/enfrentamiento-altar-sonora-dos.png?fit=1200%2C750&ssl=1&resize=350%2C200 1x, https:\/\/i0.wp.com\/queretaronetwork.tv\/wp-content\/uploads\/2022\/07\/enfrentamiento-altar-sonora-dos.png?fit=1200%2C750&ssl=1&resize=525%2C300 1.5x, https:\/\/i0.wp.com\/queretaronetwork.tv\/wp-content\/uploads\/2022\/07\/enfrentamiento-altar-sonora-dos.png?fit=1200%2C750&ssl=1&resize=700%2C400 2x, https:\/\/i0.wp.com\/queretaronetwork.tv\/wp-content\/uploads\/2022\/07\/enfrentamiento-altar-sonora-dos.png?fit=1200%2C750&ssl=1&resize=1050%2C600 3x"},"classes":[]},{"id":18025,"url":"https:\/\/queretaronetwork.tv\/liberan-a-cuatro-detenidos-tras-enfrentamiento-en-topilejo\/","url_meta":{"origin":18105,"position":4},"title":"Liberan a cuatro detenidos tras enfrentamiento en Topilejo","author":"Editorial QNTV","date":"15 julio, 2022","format":false,"excerpt":"Las autoridades de la\u00a0Ciudad de M\u00e9xico\u00a0confirmaron el ingreso a\u00a0Santa Martha Acatitla\u00a0de 10 detenidos tras el operativo realizado en la zona de\u00a0Topilejo, al sur de la\u00a0capital. Por medio de un bolet\u00edn, el secretario\u00a0Omar Garc\u00eda Harfuch\u00a0inform\u00f3 que cuatro personas quedaron en libertad tras realizarles entrevistas. https:\/\/twitter.com\/OHarfuch\/status\/1547726454028320768?s=20&t=XVICcHrn-uTpP9FdqX5P4w Actualmente, los 10 ingresados al penal\u2026","rel":"","context":"En &quot;Nacional&quot;","block_context":{"text":"Nacional","link":"https:\/\/queretaronetwork.tv\/category\/nacional\/"},"img":{"alt_text":"","src":"https:\/\/i0.wp.com\/queretaronetwork.tv\/wp-content\/uploads\/2022\/07\/liberan-a-cuatro-detenidos-tras-enfrentamiento-en-topilejo.png?fit=1200%2C675&ssl=1&resize=350%2C200","width":350,"height":200,"srcset":"https:\/\/i0.wp.com\/queretaronetwork.tv\/wp-content\/uploads\/2022\/07\/liberan-a-cuatro-detenidos-tras-enfrentamiento-en-topilejo.png?fit=1200%2C675&ssl=1&resize=350%2C200 1x, https:\/\/i0.wp.com\/queretaronetwork.tv\/wp-content\/uploads\/2022\/07\/liberan-a-cuatro-detenidos-tras-enfrentamiento-en-topilejo.png?fit=1200%2C675&ssl=1&resize=525%2C300 1.5x, https:\/\/i0.wp.com\/queretaronetwork.tv\/wp-content\/uploads\/2022\/07\/liberan-a-cuatro-detenidos-tras-enfrentamiento-en-topilejo.png?fit=1200%2C675&ssl=1&resize=700%2C400 2x, https:\/\/i0.wp.com\/queretaronetwork.tv\/wp-content\/uploads\/2022\/07\/liberan-a-cuatro-detenidos-tras-enfrentamiento-en-topilejo.png?fit=1200%2C675&ssl=1&resize=1050%2C600 3x"},"classes":[]},{"id":25873,"url":"https:\/\/queretaronetwork.tv\/cierran-aeropuertos-de-culiacan-y-mazatlan-tras-detencion-de-ovidio-guzman\/","url_meta":{"origin":18105,"position":5},"title":"Cierran aeropuertos de Culiac\u00e1n y Mazatl\u00e1n tras detenci\u00f3n de Ovidio Guzm\u00e1n","author":"Nalleli Ruiz","date":"5 enero, 2023","format":false,"excerpt":"El\u00a0Aeropuerto Internacional de Culiac\u00e1n, en el estado de Sinaloa, inform\u00f3 su\u00a0cierre\u00a0derivado de la\u00a0detenci\u00f3n de Ovidio Guzm\u00e1n, hijo de \u2018El Chapo\u2019 Guzm\u00e1n. \u201cPor seguridad de todos los pasajeros\u201d la suspensi\u00f3n de las operaciones durar\u00e1, al menos, hasta las 22:00 h de este jueves. https:\/\/twitter.com\/AeropuertoDeCUL\/status\/1611024136146669569?s=20&t=nqzqTTWHKlh-bmcrqQHCyw El\u00a0Aeropuerto Internacional de Mazatl\u00e1n\u00a0tambi\u00e9n inform\u00f3 su cierre\u2026","rel":"","context":"En &quot;Nacional&quot;","block_context":{"text":"Nacional","link":"https:\/\/queretaronetwork.tv\/category\/nacional\/"},"img":{"alt_text":"","src":"https:\/\/i0.wp.com\/queretaronetwork.tv\/wp-content\/uploads\/2023\/01\/El-aeropuerto-del-Reino-Unido-reinicia-algunos-vuelos-despues-del.jpg?fit=600%2C400&ssl=1&resize=350%2C200","width":350,"height":200,"srcset":"https:\/\/i0.wp.com\/queretaronetwork.tv\/wp-content\/uploads\/2023\/01\/El-aeropuerto-del-Reino-Unido-reinicia-algunos-vuelos-despues-del.jpg?fit=600%2C400&ssl=1&resize=350%2C200 1x, https:\/\/i0.wp.com\/queretaronetwork.tv\/wp-content\/uploads\/2023\/01\/El-aeropuerto-del-Reino-Unido-reinicia-algunos-vuelos-despues-del.jpg?fit=600%2C400&ssl=1&resize=525%2C300 1.5x"},"classes":[]}],"jetpack_sharing_enabled":true,"jetpack_shortlink":"https:\/\/wp.me\/pardhb-4I1","_links":{"self":[{"href":"https:\/\/queretaronetwork.tv\/wp-json\/wp\/v2\/posts\/18105","targetHints":{"allow":["GET"]}}],"collection":[{"href":"https:\/\/queretaronetwork.tv\/wp-json\/wp\/v2\/posts"}],"about":[{"href":"https:\/\/queretaronetwork.tv\/wp-json\/wp\/v2\/types\/post"}],"author":[{"embeddable":true,"href":"https:\/\/queretaronetwork.tv\/wp-json\/wp\/v2\/users\/2"}],"replies":[{"embeddable":true,"href":"https:\/\/queretaronetwork.tv\/wp-json\/wp\/v2\/comments?post=18105"}],"version-history":[{"count":1,"href":"https:\/\/queretaronetwork.tv\/wp-json\/wp\/v2\/posts\/18105\/revisions"}],"predecessor-version":[{"id":18107,"href":"https:\/\/queretaronetwork.tv\/wp-json\/wp\/v2\/posts\/18105\/revisions\/18107"}],"wp:featuredmedia":[{"embeddable":true,"href":"https:\/\/queretaronetwork.tv\/wp-json\/wp\/v2\/media\/18106"}],"wp:attachment":[{"href":"https:\/\/queretaronetwork.tv\/wp-json\/wp\/v2\/media?parent=18105"}],"wp:term":[{"taxonomy":"category","embeddable":true,"href":"https:\/\/queretaronetwork.tv\/wp-json\/wp\/v2\/categories?post=18105"},{"taxonomy":"post_tag","embeddable":true,"href":"https:\/\/queretaronetwork.tv\/wp-json\/wp\/v2\/tags?post=18105"}],"curies":[{"name":"wp","href":"https:\/\/api.w.org\/{rel}","templated":true}]}}