{"id":18376,"date":"2022-07-20T15:56:13","date_gmt":"2022-07-20T20:56:13","guid":{"rendered":"https:\/\/queretaronetwork.tv\/?p=18376"},"modified":"2022-07-20T15:56:13","modified_gmt":"2022-07-20T20:56:13","slug":"atestiguo-gobernador-firma-de-convenio-entre-la-unaq-y-testia","status":"publish","type":"post","link":"https:\/\/queretaronetwork.tv\/atestiguo-gobernador-firma-de-convenio-entre-la-unaq-y-testia\/","title":{"rendered":"Atestigu\u00f3 Gobernador firma de convenio entre la UNAQ y Testia"},"content":{"rendered":"<p style=\"text-align: justify;\">Se llev\u00f3 a cabo la firma de un convenio de cooperaci\u00f3n entre el rector de la Universidad Aeron\u00e1utica en Quer\u00e9taro (UNAQ), Enrique Gerardo Sosa Guti\u00e9rrez y el director de Desarrollo y Colaboraci\u00f3n de Testia Group International, Nicol\u00e1s Forunier, mediante el cual ambas partes se comprometen al intercambio de estrategias y el planteamiento de nuevos proyectos que fortalezcan el sector aeroespacial en la entidad.<\/p>\n<p style=\"text-align: justify;\">El gobernador del estado, Mauricio Kuri Gonz\u00e1lez, fungi\u00f3 como testigo de honor de esta firma, la cual se realiz\u00f3 en el marco de la Farnborough International Airshow, en Reino Unido.<\/p>\n<p style=\"text-align: justify;\">Dicho acuerdo estipula tambi\u00e9n el desarrollo conjunto de un programa para capacitar, calificar y certificar al personal de ensayos no destructivos (END), quienes se especializan en realizar cualquier tipo de prueba sobre un material sin alterar su forma ni sus propiedades f\u00edsicas, qu\u00edmicas, mec\u00e1nicas o dimensionales, siendo vital para el an\u00e1lisis r\u00e1pido y eficiente de estructuras, componentes y ensamblajes.<\/p>\n<p style=\"text-align: justify;\">Bajo esta premisa, el mandatario estatal destac\u00f3 que gracias al entendimiento y a las metas compartidas, tanto la empresa como la Universidad destinar\u00e1n sus esfuerzos al desarrollo operativo sin dejar de lado el crecimiento personal, lo que asegura el progreso y dinamismo de la regi\u00f3n.<\/p>\n<p style=\"text-align: justify;\">Asegur\u00f3 que Quer\u00e9taro est\u00e1 listo para llegar al siguiente nivel, ya que el futuro del estado se encuentra en el escenario internacional, a trav\u00e9s de cimentar buenas relaciones con el mundo y de trabajar muy de cerca con las empresas m\u00e1s sobresalientes de su rubro.<\/p>\n<p style=\"text-align: justify;\">En su intervenci\u00f3n, Nicol\u00e1s Forunier reconoci\u00f3 el talento queretano, por lo cual indic\u00f3 que se prestar\u00e1 especial inter\u00e9s a la elaboraci\u00f3n de programas de formaci\u00f3n educativa, as\u00ed como en la consolidaci\u00f3n de centros de entrenamiento especializados para potenciar las habilidades de la mano de obra estatal.<\/p>\n<p style=\"text-align: justify;\">Del mismo modo, agradeci\u00f3 la disposici\u00f3n y el acompa\u00f1amiento del gobierno del estado como facilitador durante los procesos de asentamiento y evoluci\u00f3n de las empresas locales y extranjeras, con el \u00fanico fin de promover mejores oportunidades para las familias queretanas y la econom\u00eda de la entidad.<\/p>\n<p style=\"text-align: justify;\">Testia es una empresa del grupo Airbus, cuenta con 30 a\u00f1os de experiencia en\u00a0inspecciones de aeroestructuras\u00a0y\u00a0ensayos no destructivos; mantiene presencia en el mundo con instalaciones en Europa, Norteam\u00e9rica y Asia, lo que lo convierte en una soluci\u00f3n global a las necesidades de la industria.<\/p>\n<p style=\"text-align: justify;\">El mandatario estatal estuvo acompa\u00f1ado en el encuentro por el jefe de la Oficina de la Gubernatura, Rogelio Vega V\u00e1zquez Mellado; el secretario de Desarrollo Sustentable, Marco Antonio Del Prete Tercero; el director de Desarrollo Empresarial, Mauricio C\u00e1rdenas Palacios; el presidente municipal de Col\u00f3n,\u00a0Manuel Montes Hern\u00e1ndez;\u00a0entre otras personalidades.<\/p>\n","protected":false},"excerpt":{"rendered":"<p>Se llev\u00f3 a cabo la firma de un convenio de cooperaci\u00f3n entre el rector de la Universidad Aeron\u00e1utica<\/p>\n","protected":false},"author":2,"featured_media":18378,"comment_status":"open","ping_status":"closed","sticky":false,"template":"","format":"standard","meta":{"jetpack_post_was_ever_published":false,"_jetpack_newsletter_access":"","_jetpack_dont_email_post_to_subs":false,"_jetpack_newsletter_tier_id":0,"_jetpack_memberships_contains_paywalled_content":false,"_jetpack_memberships_contains_paid_content":false,"footnotes":"","jetpack_publicize_message":"","jetpack_publicize_feature_enabled":true,"jetpack_social_post_already_shared":true,"jetpack_social_options":{"image_generator_settings":{"template":"highway","default_image_id":0,"font":"","enabled":false},"version":2}},"categories":[973,102],"tags":[],"class_list":["post-18376","post","type-post","status-publish","format-standard","has-post-thumbnail","hentry","category-estado","category-queretaro"],"yoast_head":"<!-- This site is optimized with the Yoast SEO plugin v26.4 - https:\/\/yoast.com\/wordpress\/plugins\/seo\/ -->\n<title>Atestigu\u00f3 Gobernador firma de convenio entre la UNAQ y Testia -<\/title>\n<meta name=\"description\" content=\"El gobernador del estado, Mauricio Kuri Gonz\u00e1lez, fungi\u00f3 como testigo de honor de esta firma, la cual se realiz\u00f3 en el marco de la Farnborough International Airshow, en Reino Unido.\" \/>\n<meta name=\"robots\" content=\"index, follow, max-snippet:-1, max-image-preview:large, max-video-preview:-1\" \/>\n<link rel=\"canonical\" href=\"https:\/\/queretaronetwork.tv\/atestiguo-gobernador-firma-de-convenio-entre-la-unaq-y-testia\/\" \/>\n<meta property=\"og:locale\" content=\"es_MX\" \/>\n<meta property=\"og:type\" content=\"article\" \/>\n<meta property=\"og:title\" content=\"Atestigu\u00f3 Gobernador firma de convenio entre la UNAQ y Testia -\" \/>\n<meta property=\"og:description\" content=\"El gobernador del estado, Mauricio Kuri Gonz\u00e1lez, fungi\u00f3 como testigo de honor de esta firma, la cual se realiz\u00f3 en el marco de la Farnborough International Airshow, en Reino Unido.\" \/>\n<meta property=\"og:url\" content=\"https:\/\/queretaronetwork.tv\/atestiguo-gobernador-firma-de-convenio-entre-la-unaq-y-testia\/\" \/>\n<meta property=\"article:publisher\" content=\"https:\/\/www.facebook.com\/QroNTV\/\" \/>\n<meta property=\"article:published_time\" content=\"2022-07-20T20:56:13+00:00\" \/>\n<meta property=\"og:image\" content=\"https:\/\/i0.wp.com\/queretaronetwork.tv\/wp-content\/uploads\/2022\/07\/71_273_37001_1225553709_20_07_CONVENIO_UNAQ_TESTIA_2-scaled.jpg?fit=2560%2C1707&ssl=1\" \/>\n\t<meta property=\"og:image:width\" content=\"2560\" \/>\n\t<meta property=\"og:image:height\" content=\"1707\" \/>\n\t<meta property=\"og:image:type\" content=\"image\/jpeg\" \/>\n<meta name=\"author\" content=\"Editorial QNTV\" \/>\n<meta name=\"twitter:card\" content=\"summary_large_image\" \/>\n<meta name=\"twitter:creator\" content=\"@QNTV6\" \/>\n<meta name=\"twitter:site\" content=\"@QNTV6\" \/>\n<meta name=\"twitter:label1\" content=\"Escrito por\" \/>\n\t<meta name=\"twitter:data1\" content=\"Editorial QNTV\" \/>\n\t<meta name=\"twitter:label2\" content=\"Tiempo de lectura\" \/>\n\t<meta name=\"twitter:data2\" content=\"2 minutos\" \/>\n<script type=\"application\/ld+json\" class=\"yoast-schema-graph\">{\"@context\":\"https:\/\/schema.org\",\"@graph\":[{\"@type\":\"Article\",\"@id\":\"https:\/\/queretaronetwork.tv\/atestiguo-gobernador-firma-de-convenio-entre-la-unaq-y-testia\/#article\",\"isPartOf\":{\"@id\":\"https:\/\/queretaronetwork.tv\/atestiguo-gobernador-firma-de-convenio-entre-la-unaq-y-testia\/\"},\"author\":{\"name\":\"Editorial QNTV\",\"@id\":\"https:\/\/queretaronetwork.tv\/#\/schema\/person\/1200b23397cd8ce55a25cb08ca51b5f2\"},\"headline\":\"Atestigu\u00f3 Gobernador firma de convenio entre la UNAQ y Testia\",\"datePublished\":\"2022-07-20T20:56:13+00:00\",\"mainEntityOfPage\":{\"@id\":\"https:\/\/queretaronetwork.tv\/atestiguo-gobernador-firma-de-convenio-entre-la-unaq-y-testia\/\"},\"wordCount\":476,\"commentCount\":0,\"publisher\":{\"@id\":\"https:\/\/queretaronetwork.tv\/#organization\"},\"image\":{\"@id\":\"https:\/\/queretaronetwork.tv\/atestiguo-gobernador-firma-de-convenio-entre-la-unaq-y-testia\/#primaryimage\"},\"thumbnailUrl\":\"https:\/\/i0.wp.com\/queretaronetwork.tv\/wp-content\/uploads\/2022\/07\/71_273_37001_1225553709_20_07_CONVENIO_UNAQ_TESTIA_2-scaled.jpg?fit=2560%2C1707&ssl=1\",\"articleSection\":[\"Estado\",\"Quer\u00e9taro\"],\"inLanguage\":\"es\",\"potentialAction\":[{\"@type\":\"CommentAction\",\"name\":\"Comment\",\"target\":[\"https:\/\/queretaronetwork.tv\/atestiguo-gobernador-firma-de-convenio-entre-la-unaq-y-testia\/#respond\"]}]},{\"@type\":\"WebPage\",\"@id\":\"https:\/\/queretaronetwork.tv\/atestiguo-gobernador-firma-de-convenio-entre-la-unaq-y-testia\/\",\"url\":\"https:\/\/queretaronetwork.tv\/atestiguo-gobernador-firma-de-convenio-entre-la-unaq-y-testia\/\",\"name\":\"Atestigu\u00f3 Gobernador firma de convenio entre la UNAQ y Testia -\",\"isPartOf\":{\"@id\":\"https:\/\/queretaronetwork.tv\/#website\"},\"primaryImageOfPage\":{\"@id\":\"https:\/\/queretaronetwork.tv\/atestiguo-gobernador-firma-de-convenio-entre-la-unaq-y-testia\/#primaryimage\"},\"image\":{\"@id\":\"https:\/\/queretaronetwork.tv\/atestiguo-gobernador-firma-de-convenio-entre-la-unaq-y-testia\/#primaryimage\"},\"thumbnailUrl\":\"https:\/\/i0.wp.com\/queretaronetwork.tv\/wp-content\/uploads\/2022\/07\/71_273_37001_1225553709_20_07_CONVENIO_UNAQ_TESTIA_2-scaled.jpg?fit=2560%2C1707&ssl=1\",\"datePublished\":\"2022-07-20T20:56:13+00:00\",\"description\":\"El gobernador del estado, Mauricio Kuri Gonz\u00e1lez, fungi\u00f3 como testigo de honor de esta firma, la cual se realiz\u00f3 en el marco de la Farnborough International Airshow, en Reino Unido.\",\"breadcrumb\":{\"@id\":\"https:\/\/queretaronetwork.tv\/atestiguo-gobernador-firma-de-convenio-entre-la-unaq-y-testia\/#breadcrumb\"},\"inLanguage\":\"es\",\"potentialAction\":[{\"@type\":\"ReadAction\",\"target\":[\"https:\/\/queretaronetwork.tv\/atestiguo-gobernador-firma-de-convenio-entre-la-unaq-y-testia\/\"]}]},{\"@type\":\"ImageObject\",\"inLanguage\":\"es\",\"@id\":\"https:\/\/queretaronetwork.tv\/atestiguo-gobernador-firma-de-convenio-entre-la-unaq-y-testia\/#primaryimage\",\"url\":\"https:\/\/i0.wp.com\/queretaronetwork.tv\/wp-content\/uploads\/2022\/07\/71_273_37001_1225553709_20_07_CONVENIO_UNAQ_TESTIA_2-scaled.jpg?fit=2560%2C1707&ssl=1\",\"contentUrl\":\"https:\/\/i0.wp.com\/queretaronetwork.tv\/wp-content\/uploads\/2022\/07\/71_273_37001_1225553709_20_07_CONVENIO_UNAQ_TESTIA_2-scaled.jpg?fit=2560%2C1707&ssl=1\",\"width\":2560,\"height\":1707},{\"@type\":\"BreadcrumbList\",\"@id\":\"https:\/\/queretaronetwork.tv\/atestiguo-gobernador-firma-de-convenio-entre-la-unaq-y-testia\/#breadcrumb\",\"itemListElement\":[{\"@type\":\"ListItem\",\"position\":1,\"name\":\"Inicio\",\"item\":\"https:\/\/queretaronetwork.tv\/\"},{\"@type\":\"ListItem\",\"position\":2,\"name\":\"Atestigu\u00f3 Gobernador firma de convenio entre la UNAQ y Testia\"}]},{\"@type\":\"WebSite\",\"@id\":\"https:\/\/queretaronetwork.tv\/#website\",\"url\":\"https:\/\/queretaronetwork.tv\/\",\"name\":\"Quer\u00e9taro Network TV\",\"description\":\"Medio de Comunicaci\u00f3n Digital, Noticias y Canal de Tv ONLine\",\"publisher\":{\"@id\":\"https:\/\/queretaronetwork.tv\/#organization\"},\"potentialAction\":[{\"@type\":\"SearchAction\",\"target\":{\"@type\":\"EntryPoint\",\"urlTemplate\":\"https:\/\/queretaronetwork.tv\/?s={search_term_string}\"},\"query-input\":{\"@type\":\"PropertyValueSpecification\",\"valueRequired\":true,\"valueName\":\"search_term_string\"}}],\"inLanguage\":\"es\"},{\"@type\":\"Organization\",\"@id\":\"https:\/\/queretaronetwork.tv\/#organization\",\"name\":\"Quer\u00e9taro Network TV\",\"url\":\"https:\/\/queretaronetwork.tv\/\",\"logo\":{\"@type\":\"ImageObject\",\"inLanguage\":\"es\",\"@id\":\"https:\/\/queretaronetwork.tv\/#\/schema\/logo\/image\/\",\"url\":\"https:\/\/i0.wp.com\/queretaronetwork.tv\/wp-content\/uploads\/2020\/02\/LOGONUEVOCIRCULARQNTV2020-e1595007713656.png?fit=583%2C564&ssl=1\",\"contentUrl\":\"https:\/\/i0.wp.com\/queretaronetwork.tv\/wp-content\/uploads\/2020\/02\/LOGONUEVOCIRCULARQNTV2020-e1595007713656.png?fit=583%2C564&ssl=1\",\"width\":583,\"height\":564,\"caption\":\"Quer\u00e9taro Network TV\"},\"image\":{\"@id\":\"https:\/\/queretaronetwork.tv\/#\/schema\/logo\/image\/\"},\"sameAs\":[\"https:\/\/www.facebook.com\/QroNTV\/\",\"https:\/\/x.com\/QNTV6\",\"https:\/\/www.instagram.com\/queretaronetworktv\/\",\"https:\/\/www.youtube.com\/channel\/UCav1cE_tCaccVZOLJpqZIyA?view_as=subscriber\"]},{\"@type\":\"Person\",\"@id\":\"https:\/\/queretaronetwork.tv\/#\/schema\/person\/1200b23397cd8ce55a25cb08ca51b5f2\",\"name\":\"Editorial QNTV\",\"image\":{\"@type\":\"ImageObject\",\"inLanguage\":\"es\",\"@id\":\"https:\/\/queretaronetwork.tv\/#\/schema\/person\/image\/\",\"url\":\"https:\/\/secure.gravatar.com\/avatar\/c736b7feb12a69c0911796e1381d5be7aa79cd6ca5a0cb325913d75e4c0cdcbd?s=96&d=mm&r=g\",\"contentUrl\":\"https:\/\/secure.gravatar.com\/avatar\/c736b7feb12a69c0911796e1381d5be7aa79cd6ca5a0cb325913d75e4c0cdcbd?s=96&d=mm&r=g\",\"caption\":\"Editorial QNTV\"},\"url\":\"https:\/\/queretaronetwork.tv\/author\/editorial\/\"}]}<\/script>\n<!-- \/ Yoast SEO plugin. -->","yoast_head_json":{"title":"Atestigu\u00f3 Gobernador firma de convenio entre la UNAQ y Testia -","description":"El gobernador del estado, Mauricio Kuri Gonz\u00e1lez, fungi\u00f3 como testigo de honor de esta firma, la cual se realiz\u00f3 en el marco de la Farnborough International Airshow, en Reino Unido.","robots":{"index":"index","follow":"follow","max-snippet":"max-snippet:-1","max-image-preview":"max-image-preview:large","max-video-preview":"max-video-preview:-1"},"canonical":"https:\/\/queretaronetwork.tv\/atestiguo-gobernador-firma-de-convenio-entre-la-unaq-y-testia\/","og_locale":"es_MX","og_type":"article","og_title":"Atestigu\u00f3 Gobernador firma de convenio entre la UNAQ y Testia -","og_description":"El gobernador del estado, Mauricio Kuri Gonz\u00e1lez, fungi\u00f3 como testigo de honor de esta firma, la cual se realiz\u00f3 en el marco de la Farnborough International Airshow, en Reino Unido.","og_url":"https:\/\/queretaronetwork.tv\/atestiguo-gobernador-firma-de-convenio-entre-la-unaq-y-testia\/","article_publisher":"https:\/\/www.facebook.com\/QroNTV\/","article_published_time":"2022-07-20T20:56:13+00:00","og_image":[{"width":2560,"height":1707,"url":"https:\/\/i0.wp.com\/queretaronetwork.tv\/wp-content\/uploads\/2022\/07\/71_273_37001_1225553709_20_07_CONVENIO_UNAQ_TESTIA_2-scaled.jpg?fit=2560%2C1707&ssl=1","type":"image\/jpeg"}],"author":"Editorial QNTV","twitter_card":"summary_large_image","twitter_creator":"@QNTV6","twitter_site":"@QNTV6","twitter_misc":{"Escrito por":"Editorial QNTV","Tiempo de lectura":"2 minutos"},"schema":{"@context":"https:\/\/schema.org","@graph":[{"@type":"Article","@id":"https:\/\/queretaronetwork.tv\/atestiguo-gobernador-firma-de-convenio-entre-la-unaq-y-testia\/#article","isPartOf":{"@id":"https:\/\/queretaronetwork.tv\/atestiguo-gobernador-firma-de-convenio-entre-la-unaq-y-testia\/"},"author":{"name":"Editorial QNTV","@id":"https:\/\/queretaronetwork.tv\/#\/schema\/person\/1200b23397cd8ce55a25cb08ca51b5f2"},"headline":"Atestigu\u00f3 Gobernador firma de convenio entre la UNAQ y Testia","datePublished":"2022-07-20T20:56:13+00:00","mainEntityOfPage":{"@id":"https:\/\/queretaronetwork.tv\/atestiguo-gobernador-firma-de-convenio-entre-la-unaq-y-testia\/"},"wordCount":476,"commentCount":0,"publisher":{"@id":"https:\/\/queretaronetwork.tv\/#organization"},"image":{"@id":"https:\/\/queretaronetwork.tv\/atestiguo-gobernador-firma-de-convenio-entre-la-unaq-y-testia\/#primaryimage"},"thumbnailUrl":"https:\/\/i0.wp.com\/queretaronetwork.tv\/wp-content\/uploads\/2022\/07\/71_273_37001_1225553709_20_07_CONVENIO_UNAQ_TESTIA_2-scaled.jpg?fit=2560%2C1707&ssl=1","articleSection":["Estado","Quer\u00e9taro"],"inLanguage":"es","potentialAction":[{"@type":"CommentAction","name":"Comment","target":["https:\/\/queretaronetwork.tv\/atestiguo-gobernador-firma-de-convenio-entre-la-unaq-y-testia\/#respond"]}]},{"@type":"WebPage","@id":"https:\/\/queretaronetwork.tv\/atestiguo-gobernador-firma-de-convenio-entre-la-unaq-y-testia\/","url":"https:\/\/queretaronetwork.tv\/atestiguo-gobernador-firma-de-convenio-entre-la-unaq-y-testia\/","name":"Atestigu\u00f3 Gobernador firma de convenio entre la UNAQ y Testia -","isPartOf":{"@id":"https:\/\/queretaronetwork.tv\/#website"},"primaryImageOfPage":{"@id":"https:\/\/queretaronetwork.tv\/atestiguo-gobernador-firma-de-convenio-entre-la-unaq-y-testia\/#primaryimage"},"image":{"@id":"https:\/\/queretaronetwork.tv\/atestiguo-gobernador-firma-de-convenio-entre-la-unaq-y-testia\/#primaryimage"},"thumbnailUrl":"https:\/\/i0.wp.com\/queretaronetwork.tv\/wp-content\/uploads\/2022\/07\/71_273_37001_1225553709_20_07_CONVENIO_UNAQ_TESTIA_2-scaled.jpg?fit=2560%2C1707&ssl=1","datePublished":"2022-07-20T20:56:13+00:00","description":"El gobernador del estado, Mauricio Kuri Gonz\u00e1lez, fungi\u00f3 como testigo de honor de esta firma, la cual se realiz\u00f3 en el marco de la Farnborough International Airshow, en Reino Unido.","breadcrumb":{"@id":"https:\/\/queretaronetwork.tv\/atestiguo-gobernador-firma-de-convenio-entre-la-unaq-y-testia\/#breadcrumb"},"inLanguage":"es","potentialAction":[{"@type":"ReadAction","target":["https:\/\/queretaronetwork.tv\/atestiguo-gobernador-firma-de-convenio-entre-la-unaq-y-testia\/"]}]},{"@type":"ImageObject","inLanguage":"es","@id":"https:\/\/queretaronetwork.tv\/atestiguo-gobernador-firma-de-convenio-entre-la-unaq-y-testia\/#primaryimage","url":"https:\/\/i0.wp.com\/queretaronetwork.tv\/wp-content\/uploads\/2022\/07\/71_273_37001_1225553709_20_07_CONVENIO_UNAQ_TESTIA_2-scaled.jpg?fit=2560%2C1707&ssl=1","contentUrl":"https:\/\/i0.wp.com\/queretaronetwork.tv\/wp-content\/uploads\/2022\/07\/71_273_37001_1225553709_20_07_CONVENIO_UNAQ_TESTIA_2-scaled.jpg?fit=2560%2C1707&ssl=1","width":2560,"height":1707},{"@type":"BreadcrumbList","@id":"https:\/\/queretaronetwork.tv\/atestiguo-gobernador-firma-de-convenio-entre-la-unaq-y-testia\/#breadcrumb","itemListElement":[{"@type":"ListItem","position":1,"name":"Inicio","item":"https:\/\/queretaronetwork.tv\/"},{"@type":"ListItem","position":2,"name":"Atestigu\u00f3 Gobernador firma de convenio entre la UNAQ y Testia"}]},{"@type":"WebSite","@id":"https:\/\/queretaronetwork.tv\/#website","url":"https:\/\/queretaronetwork.tv\/","name":"Quer\u00e9taro Network TV","description":"Medio de Comunicaci\u00f3n Digital, Noticias y Canal de Tv ONLine","publisher":{"@id":"https:\/\/queretaronetwork.tv\/#organization"},"potentialAction":[{"@type":"SearchAction","target":{"@type":"EntryPoint","urlTemplate":"https:\/\/queretaronetwork.tv\/?s={search_term_string}"},"query-input":{"@type":"PropertyValueSpecification","valueRequired":true,"valueName":"search_term_string"}}],"inLanguage":"es"},{"@type":"Organization","@id":"https:\/\/queretaronetwork.tv\/#organization","name":"Quer\u00e9taro Network TV","url":"https:\/\/queretaronetwork.tv\/","logo":{"@type":"ImageObject","inLanguage":"es","@id":"https:\/\/queretaronetwork.tv\/#\/schema\/logo\/image\/","url":"https:\/\/i0.wp.com\/queretaronetwork.tv\/wp-content\/uploads\/2020\/02\/LOGONUEVOCIRCULARQNTV2020-e1595007713656.png?fit=583%2C564&ssl=1","contentUrl":"https:\/\/i0.wp.com\/queretaronetwork.tv\/wp-content\/uploads\/2020\/02\/LOGONUEVOCIRCULARQNTV2020-e1595007713656.png?fit=583%2C564&ssl=1","width":583,"height":564,"caption":"Quer\u00e9taro Network TV"},"image":{"@id":"https:\/\/queretaronetwork.tv\/#\/schema\/logo\/image\/"},"sameAs":["https:\/\/www.facebook.com\/QroNTV\/","https:\/\/x.com\/QNTV6","https:\/\/www.instagram.com\/queretaronetworktv\/","https:\/\/www.youtube.com\/channel\/UCav1cE_tCaccVZOLJpqZIyA?view_as=subscriber"]},{"@type":"Person","@id":"https:\/\/queretaronetwork.tv\/#\/schema\/person\/1200b23397cd8ce55a25cb08ca51b5f2","name":"Editorial QNTV","image":{"@type":"ImageObject","inLanguage":"es","@id":"https:\/\/queretaronetwork.tv\/#\/schema\/person\/image\/","url":"https:\/\/secure.gravatar.com\/avatar\/c736b7feb12a69c0911796e1381d5be7aa79cd6ca5a0cb325913d75e4c0cdcbd?s=96&d=mm&r=g","contentUrl":"https:\/\/secure.gravatar.com\/avatar\/c736b7feb12a69c0911796e1381d5be7aa79cd6ca5a0cb325913d75e4c0cdcbd?s=96&d=mm&r=g","caption":"Editorial QNTV"},"url":"https:\/\/queretaronetwork.tv\/author\/editorial\/"}]}},"jetpack_publicize_connections":[],"featured_image_urls":{"full":["https:\/\/i0.wp.com\/queretaronetwork.tv\/wp-content\/uploads\/2022\/07\/71_273_37001_1225553709_20_07_CONVENIO_UNAQ_TESTIA_2-scaled.jpg?fit=2560%2C1707&ssl=1",2560,1707,false],"thumbnail":["https:\/\/i0.wp.com\/queretaronetwork.tv\/wp-content\/uploads\/2022\/07\/71_273_37001_1225553709_20_07_CONVENIO_UNAQ_TESTIA_2-scaled.jpg?resize=150%2C150&ssl=1",150,150,true],"medium":["https:\/\/i0.wp.com\/queretaronetwork.tv\/wp-content\/uploads\/2022\/07\/71_273_37001_1225553709_20_07_CONVENIO_UNAQ_TESTIA_2-scaled.jpg?fit=300%2C200&ssl=1",300,200,true],"medium_large":["https:\/\/i0.wp.com\/queretaronetwork.tv\/wp-content\/uploads\/2022\/07\/71_273_37001_1225553709_20_07_CONVENIO_UNAQ_TESTIA_2-scaled.jpg?fit=640%2C427&ssl=1",640,427,true],"large":["https:\/\/i0.wp.com\/queretaronetwork.tv\/wp-content\/uploads\/2022\/07\/71_273_37001_1225553709_20_07_CONVENIO_UNAQ_TESTIA_2-scaled.jpg?fit=640%2C427&ssl=1",640,427,true],"1536x1536":["https:\/\/i0.wp.com\/queretaronetwork.tv\/wp-content\/uploads\/2022\/07\/71_273_37001_1225553709_20_07_CONVENIO_UNAQ_TESTIA_2-scaled.jpg?fit=1536%2C1024&ssl=1",1536,1024,true],"2048x2048":["https:\/\/i0.wp.com\/queretaronetwork.tv\/wp-content\/uploads\/2022\/07\/71_273_37001_1225553709_20_07_CONVENIO_UNAQ_TESTIA_2-scaled.jpg?fit=2048%2C1365&ssl=1",2048,1365,true],"darknews-slider-full":["https:\/\/i0.wp.com\/queretaronetwork.tv\/wp-content\/uploads\/2022\/07\/71_273_37001_1225553709_20_07_CONVENIO_UNAQ_TESTIA_2-scaled.jpg?resize=1280%2C720&ssl=1",1280,720,true],"darknews-featured":["https:\/\/i0.wp.com\/queretaronetwork.tv\/wp-content\/uploads\/2022\/07\/71_273_37001_1225553709_20_07_CONVENIO_UNAQ_TESTIA_2-scaled.jpg?fit=1024%2C683&ssl=1",1024,683,true],"darknews-medium":["https:\/\/i0.wp.com\/queretaronetwork.tv\/wp-content\/uploads\/2022\/07\/71_273_37001_1225553709_20_07_CONVENIO_UNAQ_TESTIA_2-scaled.jpg?resize=720%2C530&ssl=1",720,530,true],"darknews-medium-square":["https:\/\/i0.wp.com\/queretaronetwork.tv\/wp-content\/uploads\/2022\/07\/71_273_37001_1225553709_20_07_CONVENIO_UNAQ_TESTIA_2-scaled.jpg?resize=350%2C350&ssl=1",350,350,true]},"author_info":{"info":["Editorial QNTV"]},"category_info":"<a href=\"https:\/\/queretaronetwork.tv\/category\/estado\/\" rel=\"category tag\">Estado<\/a> <a href=\"https:\/\/queretaronetwork.tv\/category\/local\/queretaro\/\" rel=\"category tag\">Quer\u00e9taro<\/a>","tag_info":"Quer\u00e9taro","comment_count":"0","jetpack_featured_media_url":"https:\/\/i0.wp.com\/queretaronetwork.tv\/wp-content\/uploads\/2022\/07\/71_273_37001_1225553709_20_07_CONVENIO_UNAQ_TESTIA_2-scaled.jpg?fit=2560%2C1707&ssl=1","jetpack_likes_enabled":true,"jetpack-related-posts":[{"id":12423,"url":"https:\/\/queretaronetwork.tv\/estrechan-lazos-universidades-tecnologicas-y-politecnicas-del-estado-y-la-empresa-siemens\/","url_meta":{"origin":18376,"position":0},"title":"Estrechan lazos Universidades Tecnol\u00f3gicas y Polit\u00e9cnicas del estado y la empresa SIEMENS","author":"Editorial QNTV","date":"28 marzo, 2022","format":false,"excerpt":"Con la firma del convenio entre las Universidades Tecnol\u00f3gicas y Polit\u00e9cnicas del estado de Quer\u00e9taro y la empresa SIEMENS se materializan las ventajas de nuestro modelo de crecimiento de la triple h\u00e9lice, afirm\u00f3 el gobernador, Mauricio Kuri Gonz\u00e1lez; quien enfatiz\u00f3 que, para el gobierno, ir de la mano con las\u2026","rel":"","context":"En &quot;Estado&quot;","block_context":{"text":"Estado","link":"https:\/\/queretaronetwork.tv\/category\/estado\/"},"img":{"alt_text":"","src":"https:\/\/i0.wp.com\/queretaronetwork.tv\/wp-content\/uploads\/2022\/03\/71_273_35674_1440222241_msg-750582363-29366.jpg?fit=1200%2C800&ssl=1&resize=350%2C200","width":350,"height":200,"srcset":"https:\/\/i0.wp.com\/queretaronetwork.tv\/wp-content\/uploads\/2022\/03\/71_273_35674_1440222241_msg-750582363-29366.jpg?fit=1200%2C800&ssl=1&resize=350%2C200 1x, https:\/\/i0.wp.com\/queretaronetwork.tv\/wp-content\/uploads\/2022\/03\/71_273_35674_1440222241_msg-750582363-29366.jpg?fit=1200%2C800&ssl=1&resize=525%2C300 1.5x, https:\/\/i0.wp.com\/queretaronetwork.tv\/wp-content\/uploads\/2022\/03\/71_273_35674_1440222241_msg-750582363-29366.jpg?fit=1200%2C800&ssl=1&resize=700%2C400 2x, https:\/\/i0.wp.com\/queretaronetwork.tv\/wp-content\/uploads\/2022\/03\/71_273_35674_1440222241_msg-750582363-29366.jpg?fit=1200%2C800&ssl=1&resize=1050%2C600 3x"},"classes":[]},{"id":32318,"url":"https:\/\/queretaronetwork.tv\/presenta-luis-nava-al-bloque-como-ecosistema-de-innovacion-en-feria-aeroespacial\/","url_meta":{"origin":18376,"position":1},"title":"Presenta Luis Nava al BLOQUE como ecosistema de innovaci\u00f3n en Feria Aeroespacial","author":"Editorial QNTV","date":"22 julio, 2024","format":false,"excerpt":"Estado y Municipio trabajamos juntos en la promoci\u00f3n y atracci\u00f3n de inversiones, dijo el Alcalde en Londres. Como parte de la comitiva que acompa\u00f1ar\u00e1 al Gobernador de Estado, Mauricio Kuri por la Feria Aeroespacial de Farnborough en Londres Inglaterra, el Presidente Municipal de Quer\u00e9taro, Luis Nava, particip\u00f3 en una reuni\u00f3n\u2026","rel":"","context":"En &quot;Local&quot;","block_context":{"text":"Local","link":"https:\/\/queretaronetwork.tv\/category\/local\/"},"img":{"alt_text":"","src":"https:\/\/i0.wp.com\/queretaronetwork.tv\/wp-content\/uploads\/2024\/07\/Imagen-de-WhatsApp-2024-07-22-a-las-14.41.40_4d7b0964.jpg?fit=1200%2C800&ssl=1&resize=350%2C200","width":350,"height":200,"srcset":"https:\/\/i0.wp.com\/queretaronetwork.tv\/wp-content\/uploads\/2024\/07\/Imagen-de-WhatsApp-2024-07-22-a-las-14.41.40_4d7b0964.jpg?fit=1200%2C800&ssl=1&resize=350%2C200 1x, https:\/\/i0.wp.com\/queretaronetwork.tv\/wp-content\/uploads\/2024\/07\/Imagen-de-WhatsApp-2024-07-22-a-las-14.41.40_4d7b0964.jpg?fit=1200%2C800&ssl=1&resize=525%2C300 1.5x, https:\/\/i0.wp.com\/queretaronetwork.tv\/wp-content\/uploads\/2024\/07\/Imagen-de-WhatsApp-2024-07-22-a-las-14.41.40_4d7b0964.jpg?fit=1200%2C800&ssl=1&resize=700%2C400 2x, https:\/\/i0.wp.com\/queretaronetwork.tv\/wp-content\/uploads\/2024\/07\/Imagen-de-WhatsApp-2024-07-22-a-las-14.41.40_4d7b0964.jpg?fit=1200%2C800&ssl=1&resize=1050%2C600 3x"},"classes":[]},{"id":28033,"url":"https:\/\/queretaronetwork.tv\/acuerdan-unaq-y-ecnology-contribuir-al-desarrollo-de-la-industria-aeronautica\/","url_meta":{"origin":18376,"position":2},"title":"Acuerdan UNAQ y ECNOLOGY contribuir al desarrollo de la industria aeron\u00e1utica","author":"Nalleli Ruiz","date":"16 marzo, 2023","format":false,"excerpt":"El rector de la Universidad Aeron\u00e1utica en Quer\u00e9taro (UNAQ), Enrique Sosa, y el director general y fundador de la empresa ECNOLOGY, Christian Chah\u00f3, firmaron un convenio de colaboraci\u00f3n en el que acordaron desarrollar investigaci\u00f3n cient\u00edfica y tecnol\u00f3gica, as\u00ed como proyectos de ingenier\u00eda, situaci\u00f3n que representar\u00e1 oportunidades de intercambio entre estudiantes,\u2026","rel":"","context":"En &quot;Estado&quot;","block_context":{"text":"Estado","link":"https:\/\/queretaronetwork.tv\/category\/estado\/"},"img":{"alt_text":"","src":"https:\/\/i0.wp.com\/queretaronetwork.tv\/wp-content\/uploads\/2023\/03\/71_273_39701_1698492276_Fotonota_GobQro_010_UNAQ_04-scaled.jpg?fit=1200%2C800&ssl=1&resize=350%2C200","width":350,"height":200,"srcset":"https:\/\/i0.wp.com\/queretaronetwork.tv\/wp-content\/uploads\/2023\/03\/71_273_39701_1698492276_Fotonota_GobQro_010_UNAQ_04-scaled.jpg?fit=1200%2C800&ssl=1&resize=350%2C200 1x, https:\/\/i0.wp.com\/queretaronetwork.tv\/wp-content\/uploads\/2023\/03\/71_273_39701_1698492276_Fotonota_GobQro_010_UNAQ_04-scaled.jpg?fit=1200%2C800&ssl=1&resize=525%2C300 1.5x, https:\/\/i0.wp.com\/queretaronetwork.tv\/wp-content\/uploads\/2023\/03\/71_273_39701_1698492276_Fotonota_GobQro_010_UNAQ_04-scaled.jpg?fit=1200%2C800&ssl=1&resize=700%2C400 2x, https:\/\/i0.wp.com\/queretaronetwork.tv\/wp-content\/uploads\/2023\/03\/71_273_39701_1698492276_Fotonota_GobQro_010_UNAQ_04-scaled.jpg?fit=1200%2C800&ssl=1&resize=1050%2C600 3x"},"classes":[]},{"id":29114,"url":"https:\/\/queretaronetwork.tv\/fortalecen-lazos-unaq-y-general-electric\/","url_meta":{"origin":18376,"position":3},"title":"Fortalecen lazos UNAQ y General Electric","author":"Nalleli Ruiz","date":"27 abril, 2023","format":false,"excerpt":"El rector de la Universidad Aeron\u00e1utica en Quer\u00e9taro (UNAQ), Enrique Sosa Guti\u00e9rrez y el director de General Electric Infrastructure, Andr\u00e9s Soler, firmaron un Memor\u00e1ndum de Entendimiento (MOU) para el desarrollo y construcci\u00f3n de un Laboratorio de Pruebas para Componentes Aeroespaciales en la instituci\u00f3n educativa, desde donde se comprender\u00e1 los efectos\u2026","rel":"","context":"En &quot;Estado&quot;","block_context":{"text":"Estado","link":"https:\/\/queretaronetwork.tv\/category\/estado\/"},"img":{"alt_text":"","src":"https:\/\/i0.wp.com\/queretaronetwork.tv\/wp-content\/uploads\/2023\/04\/71_273_40271_1513694958_IMG_4966-scaled.jpg?fit=1200%2C800&ssl=1&resize=350%2C200","width":350,"height":200,"srcset":"https:\/\/i0.wp.com\/queretaronetwork.tv\/wp-content\/uploads\/2023\/04\/71_273_40271_1513694958_IMG_4966-scaled.jpg?fit=1200%2C800&ssl=1&resize=350%2C200 1x, https:\/\/i0.wp.com\/queretaronetwork.tv\/wp-content\/uploads\/2023\/04\/71_273_40271_1513694958_IMG_4966-scaled.jpg?fit=1200%2C800&ssl=1&resize=525%2C300 1.5x, https:\/\/i0.wp.com\/queretaronetwork.tv\/wp-content\/uploads\/2023\/04\/71_273_40271_1513694958_IMG_4966-scaled.jpg?fit=1200%2C800&ssl=1&resize=700%2C400 2x, https:\/\/i0.wp.com\/queretaronetwork.tv\/wp-content\/uploads\/2023\/04\/71_273_40271_1513694958_IMG_4966-scaled.jpg?fit=1200%2C800&ssl=1&resize=1050%2C600 3x"},"classes":[]},{"id":17792,"url":"https:\/\/queretaronetwork.tv\/upq-y-unaq-firman-convenio-con-la-aem-para-lanzar-nanosatelite\/","url_meta":{"origin":18376,"position":4},"title":"UPQ y UNAQ firman convenio con la AEM para lanzar nanosat\u00e9lite","author":"Editorial QNTV","date":"12 julio, 2022","format":false,"excerpt":"La Universidad Polit\u00e9cnica de Quer\u00e9taro (UPQ), la Universidad Aeron\u00e1utica en Quer\u00e9taro (UNAQ) y la Agencia Espacial Mexicana (AEM) firmaron un convenio de colaboraci\u00f3n para el dise\u00f1o, desarrollo, construcci\u00f3n, prueba, lanzamiento y operaci\u00f3n de un nanosat\u00e9lite dentro de la constelaci\u00f3n de \u00f3rbita baja denominada \u201cConstelaci\u00f3n Aztechsat\u201d. \u201cQuiero reconocer el liderazgo del\u2026","rel":"","context":"En &quot;Estado&quot;","block_context":{"text":"Estado","link":"https:\/\/queretaronetwork.tv\/category\/estado\/"},"img":{"alt_text":"","src":"https:\/\/i0.wp.com\/queretaronetwork.tv\/wp-content\/uploads\/2022\/07\/71_273_36904_1298711951_5CE62B9E-8897-4B10-976F-A7C3ABA3AF38.jpeg?fit=1200%2C800&ssl=1&resize=350%2C200","width":350,"height":200,"srcset":"https:\/\/i0.wp.com\/queretaronetwork.tv\/wp-content\/uploads\/2022\/07\/71_273_36904_1298711951_5CE62B9E-8897-4B10-976F-A7C3ABA3AF38.jpeg?fit=1200%2C800&ssl=1&resize=350%2C200 1x, https:\/\/i0.wp.com\/queretaronetwork.tv\/wp-content\/uploads\/2022\/07\/71_273_36904_1298711951_5CE62B9E-8897-4B10-976F-A7C3ABA3AF38.jpeg?fit=1200%2C800&ssl=1&resize=525%2C300 1.5x, https:\/\/i0.wp.com\/queretaronetwork.tv\/wp-content\/uploads\/2022\/07\/71_273_36904_1298711951_5CE62B9E-8897-4B10-976F-A7C3ABA3AF38.jpeg?fit=1200%2C800&ssl=1&resize=700%2C400 2x, https:\/\/i0.wp.com\/queretaronetwork.tv\/wp-content\/uploads\/2022\/07\/71_273_36904_1298711951_5CE62B9E-8897-4B10-976F-A7C3ABA3AF38.jpeg?fit=1200%2C800&ssl=1&resize=1050%2C600 3x"},"classes":[]},{"id":26273,"url":"https:\/\/queretaronetwork.tv\/firman-utc-y-upq-convenio-para-doble-titulacion-en-queretaro\/","url_meta":{"origin":18376,"position":5},"title":"Firman UTC y UPQ convenio para doble titulaci\u00f3n en Quer\u00e9taro","author":"Nalleli Ruiz","date":"17 enero, 2023","format":false,"excerpt":"Con la finalidad de que los estudiantes de la Universidad Tecnol\u00f3gica de Corregidora (UTC) puedan completar sus estudios superiores en la Universidad Polit\u00e9cnica de Quer\u00e9taro (UPQ), a trav\u00e9s del proceso de equivalencia, se llev\u00f3 a cabo la firma de un convenio entre ambas instituciones, la cual fue encabezada por la\u2026","rel":"","context":"En &quot;Educaci\u00f3n&quot;","block_context":{"text":"Educaci\u00f3n","link":"https:\/\/queretaronetwork.tv\/category\/educacion\/"},"img":{"alt_text":"","src":"https:\/\/i0.wp.com\/queretaronetwork.tv\/wp-content\/uploads\/2023\/01\/71_273_38980_351417477_17012023_FIRMA_DE_CONVENIO_003.jpeg?fit=1200%2C800&ssl=1&resize=350%2C200","width":350,"height":200,"srcset":"https:\/\/i0.wp.com\/queretaronetwork.tv\/wp-content\/uploads\/2023\/01\/71_273_38980_351417477_17012023_FIRMA_DE_CONVENIO_003.jpeg?fit=1200%2C800&ssl=1&resize=350%2C200 1x, https:\/\/i0.wp.com\/queretaronetwork.tv\/wp-content\/uploads\/2023\/01\/71_273_38980_351417477_17012023_FIRMA_DE_CONVENIO_003.jpeg?fit=1200%2C800&ssl=1&resize=525%2C300 1.5x, https:\/\/i0.wp.com\/queretaronetwork.tv\/wp-content\/uploads\/2023\/01\/71_273_38980_351417477_17012023_FIRMA_DE_CONVENIO_003.jpeg?fit=1200%2C800&ssl=1&resize=700%2C400 2x, https:\/\/i0.wp.com\/queretaronetwork.tv\/wp-content\/uploads\/2023\/01\/71_273_38980_351417477_17012023_FIRMA_DE_CONVENIO_003.jpeg?fit=1200%2C800&ssl=1&resize=1050%2C600 3x"},"classes":[]}],"jetpack_sharing_enabled":true,"jetpack_shortlink":"https:\/\/wp.me\/pardhb-4Mo","_links":{"self":[{"href":"https:\/\/queretaronetwork.tv\/wp-json\/wp\/v2\/posts\/18376","targetHints":{"allow":["GET"]}}],"collection":[{"href":"https:\/\/queretaronetwork.tv\/wp-json\/wp\/v2\/posts"}],"about":[{"href":"https:\/\/queretaronetwork.tv\/wp-json\/wp\/v2\/types\/post"}],"author":[{"embeddable":true,"href":"https:\/\/queretaronetwork.tv\/wp-json\/wp\/v2\/users\/2"}],"replies":[{"embeddable":true,"href":"https:\/\/queretaronetwork.tv\/wp-json\/wp\/v2\/comments?post=18376"}],"version-history":[{"count":1,"href":"https:\/\/queretaronetwork.tv\/wp-json\/wp\/v2\/posts\/18376\/revisions"}],"predecessor-version":[{"id":18381,"href":"https:\/\/queretaronetwork.tv\/wp-json\/wp\/v2\/posts\/18376\/revisions\/18381"}],"wp:featuredmedia":[{"embeddable":true,"href":"https:\/\/queretaronetwork.tv\/wp-json\/wp\/v2\/media\/18378"}],"wp:attachment":[{"href":"https:\/\/queretaronetwork.tv\/wp-json\/wp\/v2\/media?parent=18376"}],"wp:term":[{"taxonomy":"category","embeddable":true,"href":"https:\/\/queretaronetwork.tv\/wp-json\/wp\/v2\/categories?post=18376"},{"taxonomy":"post_tag","embeddable":true,"href":"https:\/\/queretaronetwork.tv\/wp-json\/wp\/v2\/tags?post=18376"}],"curies":[{"name":"wp","href":"https:\/\/api.w.org\/{rel}","templated":true}]}}