{"id":18984,"date":"2022-08-01T15:19:27","date_gmt":"2022-08-01T20:19:27","guid":{"rendered":"https:\/\/queretaronetwork.tv\/?p=18984"},"modified":"2022-08-01T15:19:27","modified_gmt":"2022-08-01T20:19:27","slug":"feminicidio-un-hombre-asesino-a-su-esposa-en-un-hotel-de-la-cdmx-porque-lo-llamo-con-otro-nombre","status":"publish","type":"post","link":"https:\/\/queretaronetwork.tv\/feminicidio-un-hombre-asesino-a-su-esposa-en-un-hotel-de-la-cdmx-porque-lo-llamo-con-otro-nombre\/","title":{"rendered":"Feminicidio: un hombre asesin\u00f3 a su esposa en un hotel de la CDMX porque lo llam\u00f3 con otro nombre"},"content":{"rendered":"<p style=\"text-align: justify;\">Una\u00a0<strong>mujer habr\u00eda sido asesinada<\/strong>\u00a0por su esposo dentro del\u00a0<strong>Hotel Suido<\/strong>\u00a0en la<strong>\u00a0alcald\u00eda Cuauht\u00e9moc.<\/strong><\/p>\n<p style=\"text-align: justify;\">Reportes se\u00f1alan que el cuerpo de la mujer fue hallado en la\u00a0<strong>habitaci\u00f3n 119.<\/strong><\/p>\n<p style=\"text-align: justify;\">Seg\u00fan la informaci\u00f3n del reportero Carlos Jim\u00e9nez, el sujeto golpe\u00f3 y\u00a0<strong>atac\u00f3 a su esposa con un desarmador.<\/strong><\/p>\n<p style=\"text-align: justify;\">Agentes de la Secretar\u00eda de Seguridad Ciudadana detuvieron al\u00a0<strong>presunto feminicida,<\/strong>\u00a0quien\u00a0se identific\u00f3 como esposo de la v\u00edctima.<\/p>\n<p>https:\/\/twitter.com\/c4jimenez\/status\/1554132049140793351?s=20&#038;t=e71a99pXV_Q1OSeHo-CdLQ<\/p>\n<p>https:\/\/twitter.com\/c4jimenez\/status\/1554122618395041792?s=20&#038;t=ciFZ0SqFw5tfn7enNcTRUw<\/p>\n<h2 style=\"text-align: justify;\">Detienen a presunto feminicida en Xochimilco<\/h2>\n<p style=\"text-align: justify;\">En otro caso de<strong>\u00a0violencia contra las mujeres<\/strong>, agentes de la Polic\u00eda de Investigaci\u00f3n (PDI) de la Fiscal\u00eda General de Justicia (FGJ) de la capital detuvieron a un sujeto que<strong>\u00a0mat\u00f3 a su pareja sentimental\u00a0<\/strong>y ocult\u00f3 el crimen, ocurrido en junio pasado.<\/p>\n<p style=\"text-align: justify;\">De acuerdo con las investigaciones, el individuo se encontraba en compa\u00f1\u00eda de la v\u00edctima, cuando posiblemente la agredi\u00f3 con un objeto, lo que provoc\u00f3 su muerte.<\/p>\n<p style=\"text-align: justify;\">La Fiscal\u00eda de Investigaci\u00f3n del Delito de Feminicidio, adscrita a la Coordinaci\u00f3n General de Investigaci\u00f3n de Delitos de G\u00e9nero y Atenci\u00f3n a V\u00edctimas, integr\u00f3 la indagatoria correspondiente y solicit\u00f3 a un juez de Control la referida orden judicial.<\/p>\n<p style=\"text-align: justify;\">Se trata de Sa\u00fal, de 43 a\u00f1os, quien fue aprehendido en la colonia Barrio San Marcos, alcald\u00eda Xochimilco, en cumplimiento de una orden de aprehensi\u00f3n por el\u00a0<strong>delito de feminicidio.<\/strong><\/p>\n<p style=\"text-align: justify;\">De acuerdo con las investigaciones, el pasado 8 de junio \u00e9l y su pareja sentimental depart\u00edan en un domicilio de la colonia Ampliaci\u00f3n San Marcos, en la misma alcald\u00eda, cuando empez\u00f3 a golpearla con un objeto hasta matarla.<\/p>\n<p style=\"text-align: justify;\">A trav\u00e9s del trabajo de los detectives, se conoci\u00f3 que la v\u00edctima sufr\u00eda de violencia constante por parte de su pareja, con quien ten\u00eda una relaci\u00f3n de dos a\u00f1os y medio.<\/p>\n<p>Con informaci\u00f3n de El Universal.<\/p>\n","protected":false},"excerpt":{"rendered":"<p>Una\u00a0mujer habr\u00eda sido asesinada\u00a0por su esposo dentro del\u00a0Hotel Suido\u00a0en la\u00a0alcald\u00eda Cuauht\u00e9moc. Reportes se\u00f1alan que el cuerpo de la<\/p>\n","protected":false},"author":2,"featured_media":18985,"comment_status":"open","ping_status":"closed","sticky":false,"template":"","format":"standard","meta":{"jetpack_post_was_ever_published":false,"_jetpack_newsletter_access":"","_jetpack_dont_email_post_to_subs":false,"_jetpack_newsletter_tier_id":0,"_jetpack_memberships_contains_paywalled_content":false,"_jetpack_memberships_contains_paid_content":false,"footnotes":"","jetpack_publicize_message":"","jetpack_publicize_feature_enabled":true,"jetpack_social_post_already_shared":true,"jetpack_social_options":{"image_generator_settings":{"template":"highway","default_image_id":0,"font":"","enabled":false},"version":2}},"categories":[3,31],"tags":[],"class_list":["post-18984","post","type-post","status-publish","format-standard","has-post-thumbnail","hentry","category-nacional","category-policiaca"],"yoast_head":"<!-- This site is optimized with the Yoast SEO plugin v26.4 - https:\/\/yoast.com\/wordpress\/plugins\/seo\/ -->\n<title>Feminicidio: un hombre asesin\u00f3 a su esposa en un hotel de la CDMX porque lo llam\u00f3 con otro nombre -<\/title>\n<meta name=\"description\" content=\"Una\u00a0mujer habr\u00eda sido asesinada\u00a0por su esposo dentro del\u00a0Hotel Suido\u00a0en la\u00a0alcald\u00eda Cuauht\u00e9moc.\" \/>\n<meta name=\"robots\" content=\"index, follow, max-snippet:-1, max-image-preview:large, max-video-preview:-1\" \/>\n<link rel=\"canonical\" href=\"https:\/\/queretaronetwork.tv\/feminicidio-un-hombre-asesino-a-su-esposa-en-un-hotel-de-la-cdmx-porque-lo-llamo-con-otro-nombre\/\" \/>\n<meta property=\"og:locale\" content=\"es_MX\" \/>\n<meta property=\"og:type\" content=\"article\" \/>\n<meta property=\"og:title\" content=\"Feminicidio: un hombre asesin\u00f3 a su esposa en un hotel de la CDMX porque lo llam\u00f3 con otro nombre -\" \/>\n<meta property=\"og:description\" content=\"Una\u00a0mujer habr\u00eda sido asesinada\u00a0por su esposo dentro del\u00a0Hotel Suido\u00a0en la\u00a0alcald\u00eda Cuauht\u00e9moc.\" \/>\n<meta property=\"og:url\" content=\"https:\/\/queretaronetwork.tv\/feminicidio-un-hombre-asesino-a-su-esposa-en-un-hotel-de-la-cdmx-porque-lo-llamo-con-otro-nombre\/\" \/>\n<meta property=\"article:publisher\" content=\"https:\/\/www.facebook.com\/QroNTV\/\" \/>\n<meta property=\"article:published_time\" content=\"2022-08-01T20:19:27+00:00\" \/>\n<meta property=\"og:image\" content=\"https:\/\/i0.wp.com\/queretaronetwork.tv\/wp-content\/uploads\/2022\/08\/hotel_suido.png?fit=1201%2C740&ssl=1\" \/>\n\t<meta property=\"og:image:width\" content=\"1201\" \/>\n\t<meta property=\"og:image:height\" content=\"740\" \/>\n\t<meta property=\"og:image:type\" content=\"image\/png\" \/>\n<meta name=\"author\" content=\"Editorial QNTV\" \/>\n<meta name=\"twitter:card\" content=\"summary_large_image\" \/>\n<meta name=\"twitter:creator\" content=\"@QNTV6\" \/>\n<meta name=\"twitter:site\" content=\"@QNTV6\" \/>\n<meta name=\"twitter:label1\" content=\"Escrito por\" \/>\n\t<meta name=\"twitter:data1\" content=\"Editorial QNTV\" \/>\n\t<meta name=\"twitter:label2\" content=\"Tiempo de lectura\" \/>\n\t<meta name=\"twitter:data2\" content=\"2 minutos\" \/>\n<script type=\"application\/ld+json\" class=\"yoast-schema-graph\">{\"@context\":\"https:\/\/schema.org\",\"@graph\":[{\"@type\":\"Article\",\"@id\":\"https:\/\/queretaronetwork.tv\/feminicidio-un-hombre-asesino-a-su-esposa-en-un-hotel-de-la-cdmx-porque-lo-llamo-con-otro-nombre\/#article\",\"isPartOf\":{\"@id\":\"https:\/\/queretaronetwork.tv\/feminicidio-un-hombre-asesino-a-su-esposa-en-un-hotel-de-la-cdmx-porque-lo-llamo-con-otro-nombre\/\"},\"author\":{\"name\":\"Editorial QNTV\",\"@id\":\"https:\/\/queretaronetwork.tv\/#\/schema\/person\/1200b23397cd8ce55a25cb08ca51b5f2\"},\"headline\":\"Feminicidio: un hombre asesin\u00f3 a su esposa en un hotel de la CDMX porque lo llam\u00f3 con otro nombre\",\"datePublished\":\"2022-08-01T20:19:27+00:00\",\"mainEntityOfPage\":{\"@id\":\"https:\/\/queretaronetwork.tv\/feminicidio-un-hombre-asesino-a-su-esposa-en-un-hotel-de-la-cdmx-porque-lo-llamo-con-otro-nombre\/\"},\"wordCount\":363,\"commentCount\":0,\"publisher\":{\"@id\":\"https:\/\/queretaronetwork.tv\/#organization\"},\"image\":{\"@id\":\"https:\/\/queretaronetwork.tv\/feminicidio-un-hombre-asesino-a-su-esposa-en-un-hotel-de-la-cdmx-porque-lo-llamo-con-otro-nombre\/#primaryimage\"},\"thumbnailUrl\":\"https:\/\/i0.wp.com\/queretaronetwork.tv\/wp-content\/uploads\/2022\/08\/hotel_suido.png?fit=1201%2C740&ssl=1\",\"articleSection\":[\"Nacional\",\"Policiaca\"],\"inLanguage\":\"es\",\"potentialAction\":[{\"@type\":\"CommentAction\",\"name\":\"Comment\",\"target\":[\"https:\/\/queretaronetwork.tv\/feminicidio-un-hombre-asesino-a-su-esposa-en-un-hotel-de-la-cdmx-porque-lo-llamo-con-otro-nombre\/#respond\"]}]},{\"@type\":\"WebPage\",\"@id\":\"https:\/\/queretaronetwork.tv\/feminicidio-un-hombre-asesino-a-su-esposa-en-un-hotel-de-la-cdmx-porque-lo-llamo-con-otro-nombre\/\",\"url\":\"https:\/\/queretaronetwork.tv\/feminicidio-un-hombre-asesino-a-su-esposa-en-un-hotel-de-la-cdmx-porque-lo-llamo-con-otro-nombre\/\",\"name\":\"Feminicidio: un hombre asesin\u00f3 a su esposa en un hotel de la CDMX porque lo llam\u00f3 con otro nombre -\",\"isPartOf\":{\"@id\":\"https:\/\/queretaronetwork.tv\/#website\"},\"primaryImageOfPage\":{\"@id\":\"https:\/\/queretaronetwork.tv\/feminicidio-un-hombre-asesino-a-su-esposa-en-un-hotel-de-la-cdmx-porque-lo-llamo-con-otro-nombre\/#primaryimage\"},\"image\":{\"@id\":\"https:\/\/queretaronetwork.tv\/feminicidio-un-hombre-asesino-a-su-esposa-en-un-hotel-de-la-cdmx-porque-lo-llamo-con-otro-nombre\/#primaryimage\"},\"thumbnailUrl\":\"https:\/\/i0.wp.com\/queretaronetwork.tv\/wp-content\/uploads\/2022\/08\/hotel_suido.png?fit=1201%2C740&ssl=1\",\"datePublished\":\"2022-08-01T20:19:27+00:00\",\"description\":\"Una\u00a0mujer habr\u00eda sido asesinada\u00a0por su esposo dentro del\u00a0Hotel Suido\u00a0en la\u00a0alcald\u00eda Cuauht\u00e9moc.\",\"breadcrumb\":{\"@id\":\"https:\/\/queretaronetwork.tv\/feminicidio-un-hombre-asesino-a-su-esposa-en-un-hotel-de-la-cdmx-porque-lo-llamo-con-otro-nombre\/#breadcrumb\"},\"inLanguage\":\"es\",\"potentialAction\":[{\"@type\":\"ReadAction\",\"target\":[\"https:\/\/queretaronetwork.tv\/feminicidio-un-hombre-asesino-a-su-esposa-en-un-hotel-de-la-cdmx-porque-lo-llamo-con-otro-nombre\/\"]}]},{\"@type\":\"ImageObject\",\"inLanguage\":\"es\",\"@id\":\"https:\/\/queretaronetwork.tv\/feminicidio-un-hombre-asesino-a-su-esposa-en-un-hotel-de-la-cdmx-porque-lo-llamo-con-otro-nombre\/#primaryimage\",\"url\":\"https:\/\/i0.wp.com\/queretaronetwork.tv\/wp-content\/uploads\/2022\/08\/hotel_suido.png?fit=1201%2C740&ssl=1\",\"contentUrl\":\"https:\/\/i0.wp.com\/queretaronetwork.tv\/wp-content\/uploads\/2022\/08\/hotel_suido.png?fit=1201%2C740&ssl=1\",\"width\":1201,\"height\":740},{\"@type\":\"BreadcrumbList\",\"@id\":\"https:\/\/queretaronetwork.tv\/feminicidio-un-hombre-asesino-a-su-esposa-en-un-hotel-de-la-cdmx-porque-lo-llamo-con-otro-nombre\/#breadcrumb\",\"itemListElement\":[{\"@type\":\"ListItem\",\"position\":1,\"name\":\"Inicio\",\"item\":\"https:\/\/queretaronetwork.tv\/\"},{\"@type\":\"ListItem\",\"position\":2,\"name\":\"Feminicidio: un hombre asesin\u00f3 a su esposa en un hotel de la CDMX porque lo llam\u00f3 con otro nombre\"}]},{\"@type\":\"WebSite\",\"@id\":\"https:\/\/queretaronetwork.tv\/#website\",\"url\":\"https:\/\/queretaronetwork.tv\/\",\"name\":\"Quer\u00e9taro Network TV\",\"description\":\"Medio de Comunicaci\u00f3n Digital, Noticias y Canal de Tv ONLine\",\"publisher\":{\"@id\":\"https:\/\/queretaronetwork.tv\/#organization\"},\"potentialAction\":[{\"@type\":\"SearchAction\",\"target\":{\"@type\":\"EntryPoint\",\"urlTemplate\":\"https:\/\/queretaronetwork.tv\/?s={search_term_string}\"},\"query-input\":{\"@type\":\"PropertyValueSpecification\",\"valueRequired\":true,\"valueName\":\"search_term_string\"}}],\"inLanguage\":\"es\"},{\"@type\":\"Organization\",\"@id\":\"https:\/\/queretaronetwork.tv\/#organization\",\"name\":\"Quer\u00e9taro Network TV\",\"url\":\"https:\/\/queretaronetwork.tv\/\",\"logo\":{\"@type\":\"ImageObject\",\"inLanguage\":\"es\",\"@id\":\"https:\/\/queretaronetwork.tv\/#\/schema\/logo\/image\/\",\"url\":\"https:\/\/i0.wp.com\/queretaronetwork.tv\/wp-content\/uploads\/2020\/02\/LOGONUEVOCIRCULARQNTV2020-e1595007713656.png?fit=583%2C564&ssl=1\",\"contentUrl\":\"https:\/\/i0.wp.com\/queretaronetwork.tv\/wp-content\/uploads\/2020\/02\/LOGONUEVOCIRCULARQNTV2020-e1595007713656.png?fit=583%2C564&ssl=1\",\"width\":583,\"height\":564,\"caption\":\"Quer\u00e9taro Network TV\"},\"image\":{\"@id\":\"https:\/\/queretaronetwork.tv\/#\/schema\/logo\/image\/\"},\"sameAs\":[\"https:\/\/www.facebook.com\/QroNTV\/\",\"https:\/\/x.com\/QNTV6\",\"https:\/\/www.instagram.com\/queretaronetworktv\/\",\"https:\/\/www.youtube.com\/channel\/UCav1cE_tCaccVZOLJpqZIyA?view_as=subscriber\"]},{\"@type\":\"Person\",\"@id\":\"https:\/\/queretaronetwork.tv\/#\/schema\/person\/1200b23397cd8ce55a25cb08ca51b5f2\",\"name\":\"Editorial QNTV\",\"image\":{\"@type\":\"ImageObject\",\"inLanguage\":\"es\",\"@id\":\"https:\/\/queretaronetwork.tv\/#\/schema\/person\/image\/\",\"url\":\"https:\/\/secure.gravatar.com\/avatar\/c736b7feb12a69c0911796e1381d5be7aa79cd6ca5a0cb325913d75e4c0cdcbd?s=96&d=mm&r=g\",\"contentUrl\":\"https:\/\/secure.gravatar.com\/avatar\/c736b7feb12a69c0911796e1381d5be7aa79cd6ca5a0cb325913d75e4c0cdcbd?s=96&d=mm&r=g\",\"caption\":\"Editorial QNTV\"},\"url\":\"https:\/\/queretaronetwork.tv\/author\/editorial\/\"}]}<\/script>\n<!-- \/ Yoast SEO plugin. -->","yoast_head_json":{"title":"Feminicidio: un hombre asesin\u00f3 a su esposa en un hotel de la CDMX porque lo llam\u00f3 con otro nombre -","description":"Una\u00a0mujer habr\u00eda sido asesinada\u00a0por su esposo dentro del\u00a0Hotel Suido\u00a0en la\u00a0alcald\u00eda Cuauht\u00e9moc.","robots":{"index":"index","follow":"follow","max-snippet":"max-snippet:-1","max-image-preview":"max-image-preview:large","max-video-preview":"max-video-preview:-1"},"canonical":"https:\/\/queretaronetwork.tv\/feminicidio-un-hombre-asesino-a-su-esposa-en-un-hotel-de-la-cdmx-porque-lo-llamo-con-otro-nombre\/","og_locale":"es_MX","og_type":"article","og_title":"Feminicidio: un hombre asesin\u00f3 a su esposa en un hotel de la CDMX porque lo llam\u00f3 con otro nombre -","og_description":"Una\u00a0mujer habr\u00eda sido asesinada\u00a0por su esposo dentro del\u00a0Hotel Suido\u00a0en la\u00a0alcald\u00eda Cuauht\u00e9moc.","og_url":"https:\/\/queretaronetwork.tv\/feminicidio-un-hombre-asesino-a-su-esposa-en-un-hotel-de-la-cdmx-porque-lo-llamo-con-otro-nombre\/","article_publisher":"https:\/\/www.facebook.com\/QroNTV\/","article_published_time":"2022-08-01T20:19:27+00:00","og_image":[{"width":1201,"height":740,"url":"https:\/\/i0.wp.com\/queretaronetwork.tv\/wp-content\/uploads\/2022\/08\/hotel_suido.png?fit=1201%2C740&ssl=1","type":"image\/png"}],"author":"Editorial QNTV","twitter_card":"summary_large_image","twitter_creator":"@QNTV6","twitter_site":"@QNTV6","twitter_misc":{"Escrito por":"Editorial QNTV","Tiempo de lectura":"2 minutos"},"schema":{"@context":"https:\/\/schema.org","@graph":[{"@type":"Article","@id":"https:\/\/queretaronetwork.tv\/feminicidio-un-hombre-asesino-a-su-esposa-en-un-hotel-de-la-cdmx-porque-lo-llamo-con-otro-nombre\/#article","isPartOf":{"@id":"https:\/\/queretaronetwork.tv\/feminicidio-un-hombre-asesino-a-su-esposa-en-un-hotel-de-la-cdmx-porque-lo-llamo-con-otro-nombre\/"},"author":{"name":"Editorial QNTV","@id":"https:\/\/queretaronetwork.tv\/#\/schema\/person\/1200b23397cd8ce55a25cb08ca51b5f2"},"headline":"Feminicidio: un hombre asesin\u00f3 a su esposa en un hotel de la CDMX porque lo llam\u00f3 con otro nombre","datePublished":"2022-08-01T20:19:27+00:00","mainEntityOfPage":{"@id":"https:\/\/queretaronetwork.tv\/feminicidio-un-hombre-asesino-a-su-esposa-en-un-hotel-de-la-cdmx-porque-lo-llamo-con-otro-nombre\/"},"wordCount":363,"commentCount":0,"publisher":{"@id":"https:\/\/queretaronetwork.tv\/#organization"},"image":{"@id":"https:\/\/queretaronetwork.tv\/feminicidio-un-hombre-asesino-a-su-esposa-en-un-hotel-de-la-cdmx-porque-lo-llamo-con-otro-nombre\/#primaryimage"},"thumbnailUrl":"https:\/\/i0.wp.com\/queretaronetwork.tv\/wp-content\/uploads\/2022\/08\/hotel_suido.png?fit=1201%2C740&ssl=1","articleSection":["Nacional","Policiaca"],"inLanguage":"es","potentialAction":[{"@type":"CommentAction","name":"Comment","target":["https:\/\/queretaronetwork.tv\/feminicidio-un-hombre-asesino-a-su-esposa-en-un-hotel-de-la-cdmx-porque-lo-llamo-con-otro-nombre\/#respond"]}]},{"@type":"WebPage","@id":"https:\/\/queretaronetwork.tv\/feminicidio-un-hombre-asesino-a-su-esposa-en-un-hotel-de-la-cdmx-porque-lo-llamo-con-otro-nombre\/","url":"https:\/\/queretaronetwork.tv\/feminicidio-un-hombre-asesino-a-su-esposa-en-un-hotel-de-la-cdmx-porque-lo-llamo-con-otro-nombre\/","name":"Feminicidio: un hombre asesin\u00f3 a su esposa en un hotel de la CDMX porque lo llam\u00f3 con otro nombre -","isPartOf":{"@id":"https:\/\/queretaronetwork.tv\/#website"},"primaryImageOfPage":{"@id":"https:\/\/queretaronetwork.tv\/feminicidio-un-hombre-asesino-a-su-esposa-en-un-hotel-de-la-cdmx-porque-lo-llamo-con-otro-nombre\/#primaryimage"},"image":{"@id":"https:\/\/queretaronetwork.tv\/feminicidio-un-hombre-asesino-a-su-esposa-en-un-hotel-de-la-cdmx-porque-lo-llamo-con-otro-nombre\/#primaryimage"},"thumbnailUrl":"https:\/\/i0.wp.com\/queretaronetwork.tv\/wp-content\/uploads\/2022\/08\/hotel_suido.png?fit=1201%2C740&ssl=1","datePublished":"2022-08-01T20:19:27+00:00","description":"Una\u00a0mujer habr\u00eda sido asesinada\u00a0por su esposo dentro del\u00a0Hotel Suido\u00a0en la\u00a0alcald\u00eda Cuauht\u00e9moc.","breadcrumb":{"@id":"https:\/\/queretaronetwork.tv\/feminicidio-un-hombre-asesino-a-su-esposa-en-un-hotel-de-la-cdmx-porque-lo-llamo-con-otro-nombre\/#breadcrumb"},"inLanguage":"es","potentialAction":[{"@type":"ReadAction","target":["https:\/\/queretaronetwork.tv\/feminicidio-un-hombre-asesino-a-su-esposa-en-un-hotel-de-la-cdmx-porque-lo-llamo-con-otro-nombre\/"]}]},{"@type":"ImageObject","inLanguage":"es","@id":"https:\/\/queretaronetwork.tv\/feminicidio-un-hombre-asesino-a-su-esposa-en-un-hotel-de-la-cdmx-porque-lo-llamo-con-otro-nombre\/#primaryimage","url":"https:\/\/i0.wp.com\/queretaronetwork.tv\/wp-content\/uploads\/2022\/08\/hotel_suido.png?fit=1201%2C740&ssl=1","contentUrl":"https:\/\/i0.wp.com\/queretaronetwork.tv\/wp-content\/uploads\/2022\/08\/hotel_suido.png?fit=1201%2C740&ssl=1","width":1201,"height":740},{"@type":"BreadcrumbList","@id":"https:\/\/queretaronetwork.tv\/feminicidio-un-hombre-asesino-a-su-esposa-en-un-hotel-de-la-cdmx-porque-lo-llamo-con-otro-nombre\/#breadcrumb","itemListElement":[{"@type":"ListItem","position":1,"name":"Inicio","item":"https:\/\/queretaronetwork.tv\/"},{"@type":"ListItem","position":2,"name":"Feminicidio: un hombre asesin\u00f3 a su esposa en un hotel de la CDMX porque lo llam\u00f3 con otro nombre"}]},{"@type":"WebSite","@id":"https:\/\/queretaronetwork.tv\/#website","url":"https:\/\/queretaronetwork.tv\/","name":"Quer\u00e9taro Network TV","description":"Medio de Comunicaci\u00f3n Digital, Noticias y Canal de Tv ONLine","publisher":{"@id":"https:\/\/queretaronetwork.tv\/#organization"},"potentialAction":[{"@type":"SearchAction","target":{"@type":"EntryPoint","urlTemplate":"https:\/\/queretaronetwork.tv\/?s={search_term_string}"},"query-input":{"@type":"PropertyValueSpecification","valueRequired":true,"valueName":"search_term_string"}}],"inLanguage":"es"},{"@type":"Organization","@id":"https:\/\/queretaronetwork.tv\/#organization","name":"Quer\u00e9taro Network TV","url":"https:\/\/queretaronetwork.tv\/","logo":{"@type":"ImageObject","inLanguage":"es","@id":"https:\/\/queretaronetwork.tv\/#\/schema\/logo\/image\/","url":"https:\/\/i0.wp.com\/queretaronetwork.tv\/wp-content\/uploads\/2020\/02\/LOGONUEVOCIRCULARQNTV2020-e1595007713656.png?fit=583%2C564&ssl=1","contentUrl":"https:\/\/i0.wp.com\/queretaronetwork.tv\/wp-content\/uploads\/2020\/02\/LOGONUEVOCIRCULARQNTV2020-e1595007713656.png?fit=583%2C564&ssl=1","width":583,"height":564,"caption":"Quer\u00e9taro Network TV"},"image":{"@id":"https:\/\/queretaronetwork.tv\/#\/schema\/logo\/image\/"},"sameAs":["https:\/\/www.facebook.com\/QroNTV\/","https:\/\/x.com\/QNTV6","https:\/\/www.instagram.com\/queretaronetworktv\/","https:\/\/www.youtube.com\/channel\/UCav1cE_tCaccVZOLJpqZIyA?view_as=subscriber"]},{"@type":"Person","@id":"https:\/\/queretaronetwork.tv\/#\/schema\/person\/1200b23397cd8ce55a25cb08ca51b5f2","name":"Editorial QNTV","image":{"@type":"ImageObject","inLanguage":"es","@id":"https:\/\/queretaronetwork.tv\/#\/schema\/person\/image\/","url":"https:\/\/secure.gravatar.com\/avatar\/c736b7feb12a69c0911796e1381d5be7aa79cd6ca5a0cb325913d75e4c0cdcbd?s=96&d=mm&r=g","contentUrl":"https:\/\/secure.gravatar.com\/avatar\/c736b7feb12a69c0911796e1381d5be7aa79cd6ca5a0cb325913d75e4c0cdcbd?s=96&d=mm&r=g","caption":"Editorial QNTV"},"url":"https:\/\/queretaronetwork.tv\/author\/editorial\/"}]}},"jetpack_publicize_connections":[],"featured_image_urls":{"full":["https:\/\/i0.wp.com\/queretaronetwork.tv\/wp-content\/uploads\/2022\/08\/hotel_suido.png?fit=1201%2C740&ssl=1",1201,740,false],"thumbnail":["https:\/\/i0.wp.com\/queretaronetwork.tv\/wp-content\/uploads\/2022\/08\/hotel_suido.png?resize=150%2C150&ssl=1",150,150,true],"medium":["https:\/\/i0.wp.com\/queretaronetwork.tv\/wp-content\/uploads\/2022\/08\/hotel_suido.png?fit=300%2C185&ssl=1",300,185,true],"medium_large":["https:\/\/i0.wp.com\/queretaronetwork.tv\/wp-content\/uploads\/2022\/08\/hotel_suido.png?fit=640%2C394&ssl=1",640,394,true],"large":["https:\/\/i0.wp.com\/queretaronetwork.tv\/wp-content\/uploads\/2022\/08\/hotel_suido.png?fit=640%2C394&ssl=1",640,394,true],"1536x1536":["https:\/\/i0.wp.com\/queretaronetwork.tv\/wp-content\/uploads\/2022\/08\/hotel_suido.png?fit=1201%2C740&ssl=1",1201,740,true],"2048x2048":["https:\/\/i0.wp.com\/queretaronetwork.tv\/wp-content\/uploads\/2022\/08\/hotel_suido.png?fit=1201%2C740&ssl=1",1201,740,true],"darknews-slider-full":["https:\/\/i0.wp.com\/queretaronetwork.tv\/wp-content\/uploads\/2022\/08\/hotel_suido.png?resize=1201%2C720&ssl=1",1201,720,true],"darknews-featured":["https:\/\/i0.wp.com\/queretaronetwork.tv\/wp-content\/uploads\/2022\/08\/hotel_suido.png?fit=1024%2C631&ssl=1",1024,631,true],"darknews-medium":["https:\/\/i0.wp.com\/queretaronetwork.tv\/wp-content\/uploads\/2022\/08\/hotel_suido.png?resize=720%2C530&ssl=1",720,530,true],"darknews-medium-square":["https:\/\/i0.wp.com\/queretaronetwork.tv\/wp-content\/uploads\/2022\/08\/hotel_suido.png?resize=350%2C350&ssl=1",350,350,true]},"author_info":{"info":["Editorial QNTV"]},"category_info":"<a href=\"https:\/\/queretaronetwork.tv\/category\/nacional\/\" rel=\"category tag\">Nacional<\/a> <a href=\"https:\/\/queretaronetwork.tv\/category\/policiaca\/\" rel=\"category tag\">Policiaca<\/a>","tag_info":"Policiaca","comment_count":"0","jetpack_featured_media_url":"https:\/\/i0.wp.com\/queretaronetwork.tv\/wp-content\/uploads\/2022\/08\/hotel_suido.png?fit=1201%2C740&ssl=1","jetpack_likes_enabled":true,"jetpack-related-posts":[{"id":18251,"url":"https:\/\/queretaronetwork.tv\/visitas-conyugales-de-una-mujer-joven-telefonia-y-television-revelan-los-privilegios-del-jesus-n-en-el-reclusorio-norte\/","url_meta":{"origin":18984,"position":0},"title":"Visitas conyugales de una mujer joven, telefon\u00eda y televisi\u00f3n: Revelan los privilegios del Jes\u00fas &#8220;N&#8221; en el Reclusorio Norte","author":"Editorial QNTV","date":"19 julio, 2022","format":false,"excerpt":"A pesar de encontrarse en prisi\u00f3n preventiva en el\u00a0Reclusorio Norte\u00a0por el presunto feminicidio de su esposa\u00a0Yrma Lydya,\u00a0Jes\u00fas N, sigue gozando de algunos privilegios como comida de restaurantes, medicamentos, telefon\u00eda, y televisi\u00f3n. El periodista\u00a0Mario Maldonado\u00a0revel\u00f3 estos privilegios en su m\u00e1s reciente columna \u201cHistorias de NegoCEOs\u201d titulada \u201cPol\u00edticos, abogados, empresarios: su vida\u2026","rel":"","context":"En &quot;Nacional&quot;","block_context":{"text":"Nacional","link":"https:\/\/queretaronetwork.tv\/category\/nacional\/"},"img":{"alt_text":"","src":"https:\/\/i0.wp.com\/queretaronetwork.tv\/wp-content\/uploads\/2022\/07\/yrma_lydya_y_jesus_n.png?fit=1200%2C740&ssl=1&resize=350%2C200","width":350,"height":200,"srcset":"https:\/\/i0.wp.com\/queretaronetwork.tv\/wp-content\/uploads\/2022\/07\/yrma_lydya_y_jesus_n.png?fit=1200%2C740&ssl=1&resize=350%2C200 1x, https:\/\/i0.wp.com\/queretaronetwork.tv\/wp-content\/uploads\/2022\/07\/yrma_lydya_y_jesus_n.png?fit=1200%2C740&ssl=1&resize=525%2C300 1.5x, https:\/\/i0.wp.com\/queretaronetwork.tv\/wp-content\/uploads\/2022\/07\/yrma_lydya_y_jesus_n.png?fit=1200%2C740&ssl=1&resize=700%2C400 2x, https:\/\/i0.wp.com\/queretaronetwork.tv\/wp-content\/uploads\/2022\/07\/yrma_lydya_y_jesus_n.png?fit=1200%2C740&ssl=1&resize=1050%2C600 3x"},"classes":[]},{"id":18474,"url":"https:\/\/queretaronetwork.tv\/detienen-a-la-viuda-negra-acusada-de-matar-a-su-esposo-e-hijastros-por-herencia-millonaria\/","url_meta":{"origin":18984,"position":1},"title":"Detienen a &#8220;La Viuda Negra&#8221;, acusada de matar a su esposo e hijastros por herencia millonaria","author":"Editorial QNTV","date":"22 julio, 2022","format":false,"excerpt":"La Fiscal\u00eda capitalina report\u00f3 que la detenci\u00f3n de Berenice, al\u00edas la\u00a0\"Viuda Negra\", en el estado de Guerrero, acusada de\u00a0asesinar a tres personas\u00a0en la alcald\u00eda Gustavo A. Madero, en el 2019. El vocero de la instituci\u00f3n, Ulises Lara, detall\u00f3 que\u00a0Berenice\u00a0fue ubicada en el municipio de Acapulco, en la entidad citada, y\u2026","rel":"","context":"En &quot;Nacional&quot;","block_context":{"text":"Nacional","link":"https:\/\/queretaronetwork.tv\/category\/nacional\/"},"img":{"alt_text":"","src":"https:\/\/i0.wp.com\/queretaronetwork.tv\/wp-content\/uploads\/2022\/07\/viuda_negra_cdmx_1.jpg?fit=1201%2C740&ssl=1&resize=350%2C200","width":350,"height":200,"srcset":"https:\/\/i0.wp.com\/queretaronetwork.tv\/wp-content\/uploads\/2022\/07\/viuda_negra_cdmx_1.jpg?fit=1201%2C740&ssl=1&resize=350%2C200 1x, https:\/\/i0.wp.com\/queretaronetwork.tv\/wp-content\/uploads\/2022\/07\/viuda_negra_cdmx_1.jpg?fit=1201%2C740&ssl=1&resize=525%2C300 1.5x, https:\/\/i0.wp.com\/queretaronetwork.tv\/wp-content\/uploads\/2022\/07\/viuda_negra_cdmx_1.jpg?fit=1201%2C740&ssl=1&resize=700%2C400 2x, https:\/\/i0.wp.com\/queretaronetwork.tv\/wp-content\/uploads\/2022\/07\/viuda_negra_cdmx_1.jpg?fit=1201%2C740&ssl=1&resize=1050%2C600 3x"},"classes":[]},{"id":15863,"url":"https:\/\/queretaronetwork.tv\/feminicida-serial-enganaba-a-sus-victimas-con-ofertas-de-trabajo-falsas-en-facebook\/","url_meta":{"origin":18984,"position":2},"title":"Feminicida serial enga\u00f1aba a sus v\u00edctimas con ofertas de trabajo falsas en Facebook","author":"Editorial QNTV","date":"14 junio, 2022","format":false,"excerpt":"A inicios del mes de junio se detuvo a un hombre relacionado con la desaparici\u00f3n y feminicidio de la joven Evelyn Afiune Ram\u00edrez en Cuautla, Morelos, casi de inmediato se le relacion\u00f3 tambi\u00e9n con el feminicidio de Viridiana Moreno V\u00e1squez, en C\u00f3rdoba, Veracruz. Desde entonces, han salido m\u00e1s detalles de\u2026","rel":"","context":"En &quot;Policiaca&quot;","block_context":{"text":"Policiaca","link":"https:\/\/queretaronetwork.tv\/category\/policiaca\/"},"img":{"alt_text":"","src":"https:\/\/i0.wp.com\/queretaronetwork.tv\/wp-content\/uploads\/2022\/06\/FUNfVyPUUAELbOW.jpg?fit=680%2C383&ssl=1&resize=350%2C200","width":350,"height":200,"srcset":"https:\/\/i0.wp.com\/queretaronetwork.tv\/wp-content\/uploads\/2022\/06\/FUNfVyPUUAELbOW.jpg?fit=680%2C383&ssl=1&resize=350%2C200 1x, https:\/\/i0.wp.com\/queretaronetwork.tv\/wp-content\/uploads\/2022\/06\/FUNfVyPUUAELbOW.jpg?fit=680%2C383&ssl=1&resize=525%2C300 1.5x"},"classes":[]},{"id":20082,"url":"https:\/\/queretaronetwork.tv\/me-pegaba-y-amenazaba-con-echarme-a-su-perra-mama-de-karla-denuncio-a-su-hija-antes-de-que-la-asesinara\/","url_meta":{"origin":18984,"position":3},"title":"&#8220;Me pegaba y amenazaba con echarme a su perra&#8221;: Mam\u00e1 de Karla denunci\u00f3 a su hija antes de que la asesinara","author":"Editorial QNTV","date":"17 agosto, 2022","format":false,"excerpt":"Un mes antes de ser\u00a0asesinada\u00a0por su hija\u00a0Karla Fernanda\u00a0de 18 a\u00f1os, Paola acudi\u00f3 en repetidas ocasiones a la Fiscal\u00eda capitalina para denunciarla por violencia familiar. En la dependencia local la mujer detall\u00f3 que su hija la agred\u00eda, le pegaba y amenazaba con echarle a su perra pitbull. El periodista Carlos Jim\u00e9nez\u2026","rel":"","context":"En &quot;Nacional&quot;","block_context":{"text":"Nacional","link":"https:\/\/queretaronetwork.tv\/category\/nacional\/"},"img":{"alt_text":"","src":"https:\/\/i0.wp.com\/queretaronetwork.tv\/wp-content\/uploads\/2022\/08\/perro_karla_1.jpg?fit=1201%2C740&ssl=1&resize=350%2C200","width":350,"height":200,"srcset":"https:\/\/i0.wp.com\/queretaronetwork.tv\/wp-content\/uploads\/2022\/08\/perro_karla_1.jpg?fit=1201%2C740&ssl=1&resize=350%2C200 1x, https:\/\/i0.wp.com\/queretaronetwork.tv\/wp-content\/uploads\/2022\/08\/perro_karla_1.jpg?fit=1201%2C740&ssl=1&resize=525%2C300 1.5x, https:\/\/i0.wp.com\/queretaronetwork.tv\/wp-content\/uploads\/2022\/08\/perro_karla_1.jpg?fit=1201%2C740&ssl=1&resize=700%2C400 2x, https:\/\/i0.wp.com\/queretaronetwork.tv\/wp-content\/uploads\/2022\/08\/perro_karla_1.jpg?fit=1201%2C740&ssl=1&resize=1050%2C600 3x"},"classes":[]},{"id":22497,"url":"https:\/\/queretaronetwork.tv\/murio-jesus-hernandez-alcocer-en-el-reclusorio-norte-acusado-por-el-asesinato-de-yrma-lydya\/","url_meta":{"origin":18984,"position":4},"title":"Muri\u00f3 Jes\u00fas Hern\u00e1ndez Alcocer en el reclusorio Norte, acusado por el asesinato de Yrma Lydya","author":"Editorial QNTV","date":"4 octubre, 2022","format":false,"excerpt":"Reportaron la muerte de\u00a0Jes\u00fas Hern\u00e1ndez Alcocer,\u00a0feminicida de la cantante\u00a0Yrma Lydya, desde el Reclusorio Norte de la Ciudad de M\u00e9xico, lugar donde se encontraba preso despu\u00e9s de asesinar a su esposa el pasado 23 de junio, en el restaurante\u00a0Suntory\u00a0de la colonia Del Valle en la CDMX. El abogado de 79 a\u00f1os,\u2026","rel":"","context":"En &quot;Nacional&quot;","block_context":{"text":"Nacional","link":"https:\/\/queretaronetwork.tv\/category\/nacional\/"},"img":{"alt_text":"","src":"https:\/\/i0.wp.com\/queretaronetwork.tv\/wp-content\/uploads\/2022\/10\/f1280x720-173339_305014_3237.png?fit=1200%2C675&ssl=1&resize=350%2C200","width":350,"height":200,"srcset":"https:\/\/i0.wp.com\/queretaronetwork.tv\/wp-content\/uploads\/2022\/10\/f1280x720-173339_305014_3237.png?fit=1200%2C675&ssl=1&resize=350%2C200 1x, https:\/\/i0.wp.com\/queretaronetwork.tv\/wp-content\/uploads\/2022\/10\/f1280x720-173339_305014_3237.png?fit=1200%2C675&ssl=1&resize=525%2C300 1.5x, https:\/\/i0.wp.com\/queretaronetwork.tv\/wp-content\/uploads\/2022\/10\/f1280x720-173339_305014_3237.png?fit=1200%2C675&ssl=1&resize=700%2C400 2x, https:\/\/i0.wp.com\/queretaronetwork.tv\/wp-content\/uploads\/2022\/10\/f1280x720-173339_305014_3237.png?fit=1200%2C675&ssl=1&resize=1050%2C600 3x"},"classes":[]},{"id":18684,"url":"https:\/\/queretaronetwork.tv\/directiva-del-dif-arroja-agua-con-chile-e-intenta-rapar-a-mujer-al-acusarla-de-andar-con-su-marido\/","url_meta":{"origin":18984,"position":5},"title":"Directiva del DIF arroja agua con chile e intenta rapar a mujer al acusarla de andar con su marido","author":"Editorial QNTV","date":"27 julio, 2022","format":false,"excerpt":"El\u00a0maltrato a un empleado, no es un tema nuevo en el pa\u00eds; ahora, en\u00a0Tlaxcala,\u00a0una\u00a0presidenta del DIF\u00a0de\u00a0San Pablo del Monte\u00a0fue captada en el momento en que agrede a una empleada, esto mediante el registro de un\u00a0video. https:\/\/twitter.com\/Pueblaonline\/status\/1551745792506875905?s=20&t=RYhczrIU-lNV8hQg24zS4A \u00bfC\u00f3mo fue la agresi\u00f3n de la presidenta del DIF de\u00a0San Pablo del Monte\u00a0a empleada\u2026","rel":"","context":"En &quot;Nacional&quot;","block_context":{"text":"Nacional","link":"https:\/\/queretaronetwork.tv\/category\/nacional\/"},"img":{"alt_text":"","src":"https:\/\/i0.wp.com\/queretaronetwork.tv\/wp-content\/uploads\/2022\/07\/dif.png?fit=1200%2C675&ssl=1&resize=350%2C200","width":350,"height":200,"srcset":"https:\/\/i0.wp.com\/queretaronetwork.tv\/wp-content\/uploads\/2022\/07\/dif.png?fit=1200%2C675&ssl=1&resize=350%2C200 1x, https:\/\/i0.wp.com\/queretaronetwork.tv\/wp-content\/uploads\/2022\/07\/dif.png?fit=1200%2C675&ssl=1&resize=525%2C300 1.5x, https:\/\/i0.wp.com\/queretaronetwork.tv\/wp-content\/uploads\/2022\/07\/dif.png?fit=1200%2C675&ssl=1&resize=700%2C400 2x, https:\/\/i0.wp.com\/queretaronetwork.tv\/wp-content\/uploads\/2022\/07\/dif.png?fit=1200%2C675&ssl=1&resize=1050%2C600 3x"},"classes":[]}],"jetpack_sharing_enabled":true,"jetpack_shortlink":"https:\/\/wp.me\/pardhb-4Wc","_links":{"self":[{"href":"https:\/\/queretaronetwork.tv\/wp-json\/wp\/v2\/posts\/18984","targetHints":{"allow":["GET"]}}],"collection":[{"href":"https:\/\/queretaronetwork.tv\/wp-json\/wp\/v2\/posts"}],"about":[{"href":"https:\/\/queretaronetwork.tv\/wp-json\/wp\/v2\/types\/post"}],"author":[{"embeddable":true,"href":"https:\/\/queretaronetwork.tv\/wp-json\/wp\/v2\/users\/2"}],"replies":[{"embeddable":true,"href":"https:\/\/queretaronetwork.tv\/wp-json\/wp\/v2\/comments?post=18984"}],"version-history":[{"count":1,"href":"https:\/\/queretaronetwork.tv\/wp-json\/wp\/v2\/posts\/18984\/revisions"}],"predecessor-version":[{"id":18986,"href":"https:\/\/queretaronetwork.tv\/wp-json\/wp\/v2\/posts\/18984\/revisions\/18986"}],"wp:featuredmedia":[{"embeddable":true,"href":"https:\/\/queretaronetwork.tv\/wp-json\/wp\/v2\/media\/18985"}],"wp:attachment":[{"href":"https:\/\/queretaronetwork.tv\/wp-json\/wp\/v2\/media?parent=18984"}],"wp:term":[{"taxonomy":"category","embeddable":true,"href":"https:\/\/queretaronetwork.tv\/wp-json\/wp\/v2\/categories?post=18984"},{"taxonomy":"post_tag","embeddable":true,"href":"https:\/\/queretaronetwork.tv\/wp-json\/wp\/v2\/tags?post=18984"}],"curies":[{"name":"wp","href":"https:\/\/api.w.org\/{rel}","templated":true}]}}