{"id":20439,"date":"2022-08-23T14:58:14","date_gmt":"2022-08-23T19:58:14","guid":{"rendered":"https:\/\/queretaronetwork.tv\/?p=20439"},"modified":"2022-08-23T14:58:14","modified_gmt":"2022-08-23T19:58:14","slug":"ecatepec-tendra-los-estudios-cinematograficos-mas-grandes-de-america-latina","status":"publish","type":"post","link":"https:\/\/queretaronetwork.tv\/ecatepec-tendra-los-estudios-cinematograficos-mas-grandes-de-america-latina\/","title":{"rendered":"Ecatepec tendr\u00e1 los estudios cinematogr\u00e1ficos m\u00e1s grandes de Am\u00e9rica Latina"},"content":{"rendered":"<p style=\"text-align: justify;\">En\u00a0<strong>Ecatepec<\/strong>\u00a0actualmente se construyen los\u00a0<strong>estudios cinematogr\u00e1ficos<\/strong> m\u00e1s grandes de Am\u00e9rica Latina, inform\u00f3 el alcalde Fernando Vilchis.<\/p>\n<p style=\"text-align: justify;\">El edil dijo que los responsables de <strong>Casa Azul<\/strong>\u00a0y\u00a0<strong>Netflix\u00a0<\/strong>decidieron asentarse en la colonia Jardines de Cerro Gordo en Ecatepec con una inversi\u00f3n inicial de 90 millones de pesos.<\/p>\n<p style=\"text-align: justify;\">Durante la entrega de premios a los participantes del primer Festival Internacional de Cine y M\u00fasica en M\u00e9xico, celebrado en Ecatepec, Vilchis anunci\u00f3 que los estudios cinematogr\u00e1ficos ser\u00e1n un baluarte para el municipio y renacer\u00e1 una nueva \u00e9poca para la cultura y la educaci\u00f3n.<\/p>\n<p style=\"text-align: justify;\">\u201cFuimos un municipio muy abandonado que solamente serv\u00eda para los intereses pol\u00edticos, por eso nos damos cuenta que se pueden lograr muchas cosas, porque hoy la gente del Estado de M\u00e9xico tiene en la mente al municipio de Ecatepec, donde hay gente buena, gente honesta, gente de trabajo; a todos los participantes mi m\u00e1s amplio reconocimiento a todos aquellos que desaf\u00edan y logran romper los paradigmas, hoy puedo decir que se pueden resolver muchos problemas en el Estado de M\u00e9xico, con educaci\u00f3n, con cultura con arte, que es lo que nos va a permitir hacer las cosas diferentes\u201d, coment\u00f3.<\/p>\n<p style=\"text-align: justify;\">El sal\u00f3n de Los Nueve Pueblos del palacio municipal fue el escenario donde se llev\u00f3 a cabo el Primer Festival Internacional de Cine y M\u00fasica en M\u00e9xico, el cual entreg\u00f3 premios a los trabajos de corto, mediano y largo metraje del cine independiente que fueron seleccionados por un jurado.<\/p>\n<p>Marco Antonio L\u00f3pez Garc\u00eda, subdirector de Educaci\u00f3n y Cultura de Ecatepec, dijo que es la primera vez que se realiza el festival del cine independiente en este municipio y se espera que se le d\u00e9 continuidad y se convierta en un evento institucional de Ecatepec.<\/p>\n<p>Con informaci\u00f3n de El Universal.<\/p>\n","protected":false},"excerpt":{"rendered":"<p>En\u00a0Ecatepec\u00a0actualmente se construyen los\u00a0estudios cinematogr\u00e1ficos m\u00e1s grandes de Am\u00e9rica Latina, inform\u00f3 el alcalde Fernando Vilchis. El edil dijo<\/p>\n","protected":false},"author":2,"featured_media":20440,"comment_status":"open","ping_status":"closed","sticky":false,"template":"","format":"standard","meta":{"jetpack_post_was_ever_published":false,"_jetpack_newsletter_access":"","_jetpack_dont_email_post_to_subs":false,"_jetpack_newsletter_tier_id":0,"_jetpack_memberships_contains_paywalled_content":false,"_jetpack_memberships_contains_paid_content":false,"footnotes":"","jetpack_publicize_message":"","jetpack_publicize_feature_enabled":true,"jetpack_social_post_already_shared":true,"jetpack_social_options":{"image_generator_settings":{"template":"highway","default_image_id":0,"font":"","enabled":false},"version":2}},"categories":[3],"tags":[],"class_list":["post-20439","post","type-post","status-publish","format-standard","has-post-thumbnail","hentry","category-nacional"],"yoast_head":"<!-- This site is optimized with the Yoast SEO plugin v26.4 - https:\/\/yoast.com\/wordpress\/plugins\/seo\/ -->\n<title>Ecatepec tendr\u00e1 los estudios cinematogr\u00e1ficos m\u00e1s grandes de Am\u00e9rica Latina -<\/title>\n<meta name=\"description\" content=\"En\u00a0Ecatepec\u00a0actualmente se construyen los\u00a0estudios cinematogr\u00e1ficos m\u00e1s grandes de Am\u00e9rica Latina, inform\u00f3 el alcalde Fernando Vilchis.\" \/>\n<meta name=\"robots\" content=\"index, follow, max-snippet:-1, max-image-preview:large, max-video-preview:-1\" \/>\n<link rel=\"canonical\" href=\"https:\/\/queretaronetwork.tv\/ecatepec-tendra-los-estudios-cinematograficos-mas-grandes-de-america-latina\/\" \/>\n<meta property=\"og:locale\" content=\"es_MX\" \/>\n<meta property=\"og:type\" content=\"article\" \/>\n<meta property=\"og:title\" content=\"Ecatepec tendr\u00e1 los estudios cinematogr\u00e1ficos m\u00e1s grandes de Am\u00e9rica Latina -\" \/>\n<meta property=\"og:description\" content=\"En\u00a0Ecatepec\u00a0actualmente se construyen los\u00a0estudios cinematogr\u00e1ficos m\u00e1s grandes de Am\u00e9rica Latina, inform\u00f3 el alcalde Fernando Vilchis.\" \/>\n<meta property=\"og:url\" content=\"https:\/\/queretaronetwork.tv\/ecatepec-tendra-los-estudios-cinematograficos-mas-grandes-de-america-latina\/\" \/>\n<meta property=\"article:publisher\" content=\"https:\/\/www.facebook.com\/QroNTV\/\" \/>\n<meta property=\"article:published_time\" content=\"2022-08-23T19:58:14+00:00\" \/>\n<meta property=\"og:image\" content=\"https:\/\/i0.wp.com\/queretaronetwork.tv\/wp-content\/uploads\/2022\/08\/estudios_cine_.jpg?fit=1201%2C740&ssl=1\" \/>\n\t<meta property=\"og:image:width\" content=\"1201\" \/>\n\t<meta property=\"og:image:height\" content=\"740\" \/>\n\t<meta property=\"og:image:type\" content=\"image\/jpeg\" \/>\n<meta name=\"author\" content=\"Editorial QNTV\" \/>\n<meta name=\"twitter:card\" content=\"summary_large_image\" \/>\n<meta name=\"twitter:creator\" content=\"@QNTV6\" \/>\n<meta name=\"twitter:site\" content=\"@QNTV6\" \/>\n<meta name=\"twitter:label1\" content=\"Escrito por\" \/>\n\t<meta name=\"twitter:data1\" content=\"Editorial QNTV\" \/>\n\t<meta name=\"twitter:label2\" content=\"Tiempo de lectura\" \/>\n\t<meta name=\"twitter:data2\" content=\"2 minutos\" \/>\n<script type=\"application\/ld+json\" class=\"yoast-schema-graph\">{\"@context\":\"https:\/\/schema.org\",\"@graph\":[{\"@type\":\"Article\",\"@id\":\"https:\/\/queretaronetwork.tv\/ecatepec-tendra-los-estudios-cinematograficos-mas-grandes-de-america-latina\/#article\",\"isPartOf\":{\"@id\":\"https:\/\/queretaronetwork.tv\/ecatepec-tendra-los-estudios-cinematograficos-mas-grandes-de-america-latina\/\"},\"author\":{\"name\":\"Editorial QNTV\",\"@id\":\"https:\/\/queretaronetwork.tv\/#\/schema\/person\/1200b23397cd8ce55a25cb08ca51b5f2\"},\"headline\":\"Ecatepec tendr\u00e1 los estudios cinematogr\u00e1ficos m\u00e1s grandes de Am\u00e9rica Latina\",\"datePublished\":\"2022-08-23T19:58:14+00:00\",\"mainEntityOfPage\":{\"@id\":\"https:\/\/queretaronetwork.tv\/ecatepec-tendra-los-estudios-cinematograficos-mas-grandes-de-america-latina\/\"},\"wordCount\":326,\"commentCount\":0,\"publisher\":{\"@id\":\"https:\/\/queretaronetwork.tv\/#organization\"},\"image\":{\"@id\":\"https:\/\/queretaronetwork.tv\/ecatepec-tendra-los-estudios-cinematograficos-mas-grandes-de-america-latina\/#primaryimage\"},\"thumbnailUrl\":\"https:\/\/i0.wp.com\/queretaronetwork.tv\/wp-content\/uploads\/2022\/08\/estudios_cine_.jpg?fit=1201%2C740&ssl=1\",\"articleSection\":[\"Nacional\"],\"inLanguage\":\"es\",\"potentialAction\":[{\"@type\":\"CommentAction\",\"name\":\"Comment\",\"target\":[\"https:\/\/queretaronetwork.tv\/ecatepec-tendra-los-estudios-cinematograficos-mas-grandes-de-america-latina\/#respond\"]}]},{\"@type\":\"WebPage\",\"@id\":\"https:\/\/queretaronetwork.tv\/ecatepec-tendra-los-estudios-cinematograficos-mas-grandes-de-america-latina\/\",\"url\":\"https:\/\/queretaronetwork.tv\/ecatepec-tendra-los-estudios-cinematograficos-mas-grandes-de-america-latina\/\",\"name\":\"Ecatepec tendr\u00e1 los estudios cinematogr\u00e1ficos m\u00e1s grandes de Am\u00e9rica Latina -\",\"isPartOf\":{\"@id\":\"https:\/\/queretaronetwork.tv\/#website\"},\"primaryImageOfPage\":{\"@id\":\"https:\/\/queretaronetwork.tv\/ecatepec-tendra-los-estudios-cinematograficos-mas-grandes-de-america-latina\/#primaryimage\"},\"image\":{\"@id\":\"https:\/\/queretaronetwork.tv\/ecatepec-tendra-los-estudios-cinematograficos-mas-grandes-de-america-latina\/#primaryimage\"},\"thumbnailUrl\":\"https:\/\/i0.wp.com\/queretaronetwork.tv\/wp-content\/uploads\/2022\/08\/estudios_cine_.jpg?fit=1201%2C740&ssl=1\",\"datePublished\":\"2022-08-23T19:58:14+00:00\",\"description\":\"En\u00a0Ecatepec\u00a0actualmente se construyen los\u00a0estudios cinematogr\u00e1ficos m\u00e1s grandes de Am\u00e9rica Latina, inform\u00f3 el alcalde Fernando Vilchis.\",\"breadcrumb\":{\"@id\":\"https:\/\/queretaronetwork.tv\/ecatepec-tendra-los-estudios-cinematograficos-mas-grandes-de-america-latina\/#breadcrumb\"},\"inLanguage\":\"es\",\"potentialAction\":[{\"@type\":\"ReadAction\",\"target\":[\"https:\/\/queretaronetwork.tv\/ecatepec-tendra-los-estudios-cinematograficos-mas-grandes-de-america-latina\/\"]}]},{\"@type\":\"ImageObject\",\"inLanguage\":\"es\",\"@id\":\"https:\/\/queretaronetwork.tv\/ecatepec-tendra-los-estudios-cinematograficos-mas-grandes-de-america-latina\/#primaryimage\",\"url\":\"https:\/\/i0.wp.com\/queretaronetwork.tv\/wp-content\/uploads\/2022\/08\/estudios_cine_.jpg?fit=1201%2C740&ssl=1\",\"contentUrl\":\"https:\/\/i0.wp.com\/queretaronetwork.tv\/wp-content\/uploads\/2022\/08\/estudios_cine_.jpg?fit=1201%2C740&ssl=1\",\"width\":1201,\"height\":740},{\"@type\":\"BreadcrumbList\",\"@id\":\"https:\/\/queretaronetwork.tv\/ecatepec-tendra-los-estudios-cinematograficos-mas-grandes-de-america-latina\/#breadcrumb\",\"itemListElement\":[{\"@type\":\"ListItem\",\"position\":1,\"name\":\"Inicio\",\"item\":\"https:\/\/queretaronetwork.tv\/\"},{\"@type\":\"ListItem\",\"position\":2,\"name\":\"Ecatepec tendr\u00e1 los estudios cinematogr\u00e1ficos m\u00e1s grandes de Am\u00e9rica Latina\"}]},{\"@type\":\"WebSite\",\"@id\":\"https:\/\/queretaronetwork.tv\/#website\",\"url\":\"https:\/\/queretaronetwork.tv\/\",\"name\":\"Quer\u00e9taro Network TV\",\"description\":\"Medio de Comunicaci\u00f3n Digital, Noticias y Canal de Tv ONLine\",\"publisher\":{\"@id\":\"https:\/\/queretaronetwork.tv\/#organization\"},\"potentialAction\":[{\"@type\":\"SearchAction\",\"target\":{\"@type\":\"EntryPoint\",\"urlTemplate\":\"https:\/\/queretaronetwork.tv\/?s={search_term_string}\"},\"query-input\":{\"@type\":\"PropertyValueSpecification\",\"valueRequired\":true,\"valueName\":\"search_term_string\"}}],\"inLanguage\":\"es\"},{\"@type\":\"Organization\",\"@id\":\"https:\/\/queretaronetwork.tv\/#organization\",\"name\":\"Quer\u00e9taro Network TV\",\"url\":\"https:\/\/queretaronetwork.tv\/\",\"logo\":{\"@type\":\"ImageObject\",\"inLanguage\":\"es\",\"@id\":\"https:\/\/queretaronetwork.tv\/#\/schema\/logo\/image\/\",\"url\":\"https:\/\/i0.wp.com\/queretaronetwork.tv\/wp-content\/uploads\/2020\/02\/LOGONUEVOCIRCULARQNTV2020-e1595007713656.png?fit=583%2C564&ssl=1\",\"contentUrl\":\"https:\/\/i0.wp.com\/queretaronetwork.tv\/wp-content\/uploads\/2020\/02\/LOGONUEVOCIRCULARQNTV2020-e1595007713656.png?fit=583%2C564&ssl=1\",\"width\":583,\"height\":564,\"caption\":\"Quer\u00e9taro Network TV\"},\"image\":{\"@id\":\"https:\/\/queretaronetwork.tv\/#\/schema\/logo\/image\/\"},\"sameAs\":[\"https:\/\/www.facebook.com\/QroNTV\/\",\"https:\/\/x.com\/QNTV6\",\"https:\/\/www.instagram.com\/queretaronetworktv\/\",\"https:\/\/www.youtube.com\/channel\/UCav1cE_tCaccVZOLJpqZIyA?view_as=subscriber\"]},{\"@type\":\"Person\",\"@id\":\"https:\/\/queretaronetwork.tv\/#\/schema\/person\/1200b23397cd8ce55a25cb08ca51b5f2\",\"name\":\"Editorial QNTV\",\"image\":{\"@type\":\"ImageObject\",\"inLanguage\":\"es\",\"@id\":\"https:\/\/queretaronetwork.tv\/#\/schema\/person\/image\/\",\"url\":\"https:\/\/secure.gravatar.com\/avatar\/c736b7feb12a69c0911796e1381d5be7aa79cd6ca5a0cb325913d75e4c0cdcbd?s=96&d=mm&r=g\",\"contentUrl\":\"https:\/\/secure.gravatar.com\/avatar\/c736b7feb12a69c0911796e1381d5be7aa79cd6ca5a0cb325913d75e4c0cdcbd?s=96&d=mm&r=g\",\"caption\":\"Editorial QNTV\"},\"url\":\"https:\/\/queretaronetwork.tv\/author\/editorial\/\"}]}<\/script>\n<!-- \/ Yoast SEO plugin. -->","yoast_head_json":{"title":"Ecatepec tendr\u00e1 los estudios cinematogr\u00e1ficos m\u00e1s grandes de Am\u00e9rica Latina -","description":"En\u00a0Ecatepec\u00a0actualmente se construyen los\u00a0estudios cinematogr\u00e1ficos m\u00e1s grandes de Am\u00e9rica Latina, inform\u00f3 el alcalde Fernando Vilchis.","robots":{"index":"index","follow":"follow","max-snippet":"max-snippet:-1","max-image-preview":"max-image-preview:large","max-video-preview":"max-video-preview:-1"},"canonical":"https:\/\/queretaronetwork.tv\/ecatepec-tendra-los-estudios-cinematograficos-mas-grandes-de-america-latina\/","og_locale":"es_MX","og_type":"article","og_title":"Ecatepec tendr\u00e1 los estudios cinematogr\u00e1ficos m\u00e1s grandes de Am\u00e9rica Latina -","og_description":"En\u00a0Ecatepec\u00a0actualmente se construyen los\u00a0estudios cinematogr\u00e1ficos m\u00e1s grandes de Am\u00e9rica Latina, inform\u00f3 el alcalde Fernando Vilchis.","og_url":"https:\/\/queretaronetwork.tv\/ecatepec-tendra-los-estudios-cinematograficos-mas-grandes-de-america-latina\/","article_publisher":"https:\/\/www.facebook.com\/QroNTV\/","article_published_time":"2022-08-23T19:58:14+00:00","og_image":[{"width":1201,"height":740,"url":"https:\/\/i0.wp.com\/queretaronetwork.tv\/wp-content\/uploads\/2022\/08\/estudios_cine_.jpg?fit=1201%2C740&ssl=1","type":"image\/jpeg"}],"author":"Editorial QNTV","twitter_card":"summary_large_image","twitter_creator":"@QNTV6","twitter_site":"@QNTV6","twitter_misc":{"Escrito por":"Editorial QNTV","Tiempo de lectura":"2 minutos"},"schema":{"@context":"https:\/\/schema.org","@graph":[{"@type":"Article","@id":"https:\/\/queretaronetwork.tv\/ecatepec-tendra-los-estudios-cinematograficos-mas-grandes-de-america-latina\/#article","isPartOf":{"@id":"https:\/\/queretaronetwork.tv\/ecatepec-tendra-los-estudios-cinematograficos-mas-grandes-de-america-latina\/"},"author":{"name":"Editorial QNTV","@id":"https:\/\/queretaronetwork.tv\/#\/schema\/person\/1200b23397cd8ce55a25cb08ca51b5f2"},"headline":"Ecatepec tendr\u00e1 los estudios cinematogr\u00e1ficos m\u00e1s grandes de Am\u00e9rica Latina","datePublished":"2022-08-23T19:58:14+00:00","mainEntityOfPage":{"@id":"https:\/\/queretaronetwork.tv\/ecatepec-tendra-los-estudios-cinematograficos-mas-grandes-de-america-latina\/"},"wordCount":326,"commentCount":0,"publisher":{"@id":"https:\/\/queretaronetwork.tv\/#organization"},"image":{"@id":"https:\/\/queretaronetwork.tv\/ecatepec-tendra-los-estudios-cinematograficos-mas-grandes-de-america-latina\/#primaryimage"},"thumbnailUrl":"https:\/\/i0.wp.com\/queretaronetwork.tv\/wp-content\/uploads\/2022\/08\/estudios_cine_.jpg?fit=1201%2C740&ssl=1","articleSection":["Nacional"],"inLanguage":"es","potentialAction":[{"@type":"CommentAction","name":"Comment","target":["https:\/\/queretaronetwork.tv\/ecatepec-tendra-los-estudios-cinematograficos-mas-grandes-de-america-latina\/#respond"]}]},{"@type":"WebPage","@id":"https:\/\/queretaronetwork.tv\/ecatepec-tendra-los-estudios-cinematograficos-mas-grandes-de-america-latina\/","url":"https:\/\/queretaronetwork.tv\/ecatepec-tendra-los-estudios-cinematograficos-mas-grandes-de-america-latina\/","name":"Ecatepec tendr\u00e1 los estudios cinematogr\u00e1ficos m\u00e1s grandes de Am\u00e9rica Latina -","isPartOf":{"@id":"https:\/\/queretaronetwork.tv\/#website"},"primaryImageOfPage":{"@id":"https:\/\/queretaronetwork.tv\/ecatepec-tendra-los-estudios-cinematograficos-mas-grandes-de-america-latina\/#primaryimage"},"image":{"@id":"https:\/\/queretaronetwork.tv\/ecatepec-tendra-los-estudios-cinematograficos-mas-grandes-de-america-latina\/#primaryimage"},"thumbnailUrl":"https:\/\/i0.wp.com\/queretaronetwork.tv\/wp-content\/uploads\/2022\/08\/estudios_cine_.jpg?fit=1201%2C740&ssl=1","datePublished":"2022-08-23T19:58:14+00:00","description":"En\u00a0Ecatepec\u00a0actualmente se construyen los\u00a0estudios cinematogr\u00e1ficos m\u00e1s grandes de Am\u00e9rica Latina, inform\u00f3 el alcalde Fernando Vilchis.","breadcrumb":{"@id":"https:\/\/queretaronetwork.tv\/ecatepec-tendra-los-estudios-cinematograficos-mas-grandes-de-america-latina\/#breadcrumb"},"inLanguage":"es","potentialAction":[{"@type":"ReadAction","target":["https:\/\/queretaronetwork.tv\/ecatepec-tendra-los-estudios-cinematograficos-mas-grandes-de-america-latina\/"]}]},{"@type":"ImageObject","inLanguage":"es","@id":"https:\/\/queretaronetwork.tv\/ecatepec-tendra-los-estudios-cinematograficos-mas-grandes-de-america-latina\/#primaryimage","url":"https:\/\/i0.wp.com\/queretaronetwork.tv\/wp-content\/uploads\/2022\/08\/estudios_cine_.jpg?fit=1201%2C740&ssl=1","contentUrl":"https:\/\/i0.wp.com\/queretaronetwork.tv\/wp-content\/uploads\/2022\/08\/estudios_cine_.jpg?fit=1201%2C740&ssl=1","width":1201,"height":740},{"@type":"BreadcrumbList","@id":"https:\/\/queretaronetwork.tv\/ecatepec-tendra-los-estudios-cinematograficos-mas-grandes-de-america-latina\/#breadcrumb","itemListElement":[{"@type":"ListItem","position":1,"name":"Inicio","item":"https:\/\/queretaronetwork.tv\/"},{"@type":"ListItem","position":2,"name":"Ecatepec tendr\u00e1 los estudios cinematogr\u00e1ficos m\u00e1s grandes de Am\u00e9rica Latina"}]},{"@type":"WebSite","@id":"https:\/\/queretaronetwork.tv\/#website","url":"https:\/\/queretaronetwork.tv\/","name":"Quer\u00e9taro Network TV","description":"Medio de Comunicaci\u00f3n Digital, Noticias y Canal de Tv ONLine","publisher":{"@id":"https:\/\/queretaronetwork.tv\/#organization"},"potentialAction":[{"@type":"SearchAction","target":{"@type":"EntryPoint","urlTemplate":"https:\/\/queretaronetwork.tv\/?s={search_term_string}"},"query-input":{"@type":"PropertyValueSpecification","valueRequired":true,"valueName":"search_term_string"}}],"inLanguage":"es"},{"@type":"Organization","@id":"https:\/\/queretaronetwork.tv\/#organization","name":"Quer\u00e9taro Network TV","url":"https:\/\/queretaronetwork.tv\/","logo":{"@type":"ImageObject","inLanguage":"es","@id":"https:\/\/queretaronetwork.tv\/#\/schema\/logo\/image\/","url":"https:\/\/i0.wp.com\/queretaronetwork.tv\/wp-content\/uploads\/2020\/02\/LOGONUEVOCIRCULARQNTV2020-e1595007713656.png?fit=583%2C564&ssl=1","contentUrl":"https:\/\/i0.wp.com\/queretaronetwork.tv\/wp-content\/uploads\/2020\/02\/LOGONUEVOCIRCULARQNTV2020-e1595007713656.png?fit=583%2C564&ssl=1","width":583,"height":564,"caption":"Quer\u00e9taro Network TV"},"image":{"@id":"https:\/\/queretaronetwork.tv\/#\/schema\/logo\/image\/"},"sameAs":["https:\/\/www.facebook.com\/QroNTV\/","https:\/\/x.com\/QNTV6","https:\/\/www.instagram.com\/queretaronetworktv\/","https:\/\/www.youtube.com\/channel\/UCav1cE_tCaccVZOLJpqZIyA?view_as=subscriber"]},{"@type":"Person","@id":"https:\/\/queretaronetwork.tv\/#\/schema\/person\/1200b23397cd8ce55a25cb08ca51b5f2","name":"Editorial QNTV","image":{"@type":"ImageObject","inLanguage":"es","@id":"https:\/\/queretaronetwork.tv\/#\/schema\/person\/image\/","url":"https:\/\/secure.gravatar.com\/avatar\/c736b7feb12a69c0911796e1381d5be7aa79cd6ca5a0cb325913d75e4c0cdcbd?s=96&d=mm&r=g","contentUrl":"https:\/\/secure.gravatar.com\/avatar\/c736b7feb12a69c0911796e1381d5be7aa79cd6ca5a0cb325913d75e4c0cdcbd?s=96&d=mm&r=g","caption":"Editorial QNTV"},"url":"https:\/\/queretaronetwork.tv\/author\/editorial\/"}]}},"jetpack_publicize_connections":[],"featured_image_urls":{"full":["https:\/\/i0.wp.com\/queretaronetwork.tv\/wp-content\/uploads\/2022\/08\/estudios_cine_.jpg?fit=1201%2C740&ssl=1",1201,740,false],"thumbnail":["https:\/\/i0.wp.com\/queretaronetwork.tv\/wp-content\/uploads\/2022\/08\/estudios_cine_.jpg?resize=150%2C150&ssl=1",150,150,true],"medium":["https:\/\/i0.wp.com\/queretaronetwork.tv\/wp-content\/uploads\/2022\/08\/estudios_cine_.jpg?fit=300%2C185&ssl=1",300,185,true],"medium_large":["https:\/\/i0.wp.com\/queretaronetwork.tv\/wp-content\/uploads\/2022\/08\/estudios_cine_.jpg?fit=640%2C394&ssl=1",640,394,true],"large":["https:\/\/i0.wp.com\/queretaronetwork.tv\/wp-content\/uploads\/2022\/08\/estudios_cine_.jpg?fit=640%2C394&ssl=1",640,394,true],"1536x1536":["https:\/\/i0.wp.com\/queretaronetwork.tv\/wp-content\/uploads\/2022\/08\/estudios_cine_.jpg?fit=1201%2C740&ssl=1",1201,740,true],"2048x2048":["https:\/\/i0.wp.com\/queretaronetwork.tv\/wp-content\/uploads\/2022\/08\/estudios_cine_.jpg?fit=1201%2C740&ssl=1",1201,740,true],"darknews-slider-full":["https:\/\/i0.wp.com\/queretaronetwork.tv\/wp-content\/uploads\/2022\/08\/estudios_cine_.jpg?resize=1201%2C720&ssl=1",1201,720,true],"darknews-featured":["https:\/\/i0.wp.com\/queretaronetwork.tv\/wp-content\/uploads\/2022\/08\/estudios_cine_.jpg?fit=1024%2C631&ssl=1",1024,631,true],"darknews-medium":["https:\/\/i0.wp.com\/queretaronetwork.tv\/wp-content\/uploads\/2022\/08\/estudios_cine_.jpg?resize=720%2C530&ssl=1",720,530,true],"darknews-medium-square":["https:\/\/i0.wp.com\/queretaronetwork.tv\/wp-content\/uploads\/2022\/08\/estudios_cine_.jpg?resize=350%2C350&ssl=1",350,350,true]},"author_info":{"info":["Editorial QNTV"]},"category_info":"<a href=\"https:\/\/queretaronetwork.tv\/category\/nacional\/\" rel=\"category tag\">Nacional<\/a>","tag_info":"Nacional","comment_count":"0","jetpack_featured_media_url":"https:\/\/i0.wp.com\/queretaronetwork.tv\/wp-content\/uploads\/2022\/08\/estudios_cine_.jpg?fit=1201%2C740&ssl=1","jetpack_likes_enabled":true,"jetpack-related-posts":[{"id":2903,"url":"https:\/\/queretaronetwork.tv\/dos-carros-caen-a-socavon-en-ecatepec\/","url_meta":{"origin":20439,"position":0},"title":"Dos carros caen a socav\u00f3n en Ecatepec","author":"Jefe de Informacion","date":"12 julio, 2019","format":false,"excerpt":"Dos veh\u00edculos fueron tragados por la tierra al abrirse un socav\u00f3n de cerca de 3 metros de profundidad,\u00a0en la\u00a0colonia Chamizal en Ecatepec,\u00a0Estado de M\u00e9xico. El socav\u00f3n seg\u00fan los vecinos se abri\u00f3 al filo de las 11 de la noche cuando pas\u00f3 un\u00a0tr\u00e1iler\u00a0sobre la\u00a0avenida Manuel \u00c1vila Camacho, lo que provoc\u00f3 que\u2026","rel":"","context":"En &quot;Nacional&quot;","block_context":{"text":"Nacional","link":"https:\/\/queretaronetwork.tv\/category\/nacional\/"},"img":{"alt_text":"","src":"https:\/\/i0.wp.com\/queretaronetwork.tv\/wp-content\/uploads\/2019\/07\/socavon1.jpg?fit=1200%2C900&ssl=1&resize=350%2C200","width":350,"height":200,"srcset":"https:\/\/i0.wp.com\/queretaronetwork.tv\/wp-content\/uploads\/2019\/07\/socavon1.jpg?fit=1200%2C900&ssl=1&resize=350%2C200 1x, https:\/\/i0.wp.com\/queretaronetwork.tv\/wp-content\/uploads\/2019\/07\/socavon1.jpg?fit=1200%2C900&ssl=1&resize=525%2C300 1.5x, https:\/\/i0.wp.com\/queretaronetwork.tv\/wp-content\/uploads\/2019\/07\/socavon1.jpg?fit=1200%2C900&ssl=1&resize=700%2C400 2x, https:\/\/i0.wp.com\/queretaronetwork.tv\/wp-content\/uploads\/2019\/07\/socavon1.jpg?fit=1200%2C900&ssl=1&resize=1050%2C600 3x"},"classes":[]},{"id":14967,"url":"https:\/\/queretaronetwork.tv\/corre-para-evitar-asalto-en-ecatepec-pero-olvida-a-su-novia\/","url_meta":{"origin":20439,"position":1},"title":"Corre para evitar asalto en Ecatepec, pero olvida a su novia","author":"Editorial QNTV","date":"30 mayo, 2022","format":false,"excerpt":"Un par de sujetos en moto interceptaron a una pareja de j\u00f3venes en Ecatepec, Estado de M\u00e9xico; la jovencita fue despojada de un celular. Una pareja de j\u00f3venes caminaba de la mano por calles de\u00a0Ecatepec, Estado de M\u00e9xico,\u00a0momento en que fue interceptada por\u00a0dos sujetos en motocicleta.\u00a0 En las im\u00e1genes se\u2026","rel":"","context":"En &quot;Nacional&quot;","block_context":{"text":"Nacional","link":"https:\/\/queretaronetwork.tv\/category\/nacional\/"},"img":{"alt_text":"","src":"https:\/\/i0.wp.com\/queretaronetwork.tv\/wp-content\/uploads\/2022\/05\/2764926.jpg?fit=800%2C600&ssl=1&resize=350%2C200","width":350,"height":200,"srcset":"https:\/\/i0.wp.com\/queretaronetwork.tv\/wp-content\/uploads\/2022\/05\/2764926.jpg?fit=800%2C600&ssl=1&resize=350%2C200 1x, https:\/\/i0.wp.com\/queretaronetwork.tv\/wp-content\/uploads\/2022\/05\/2764926.jpg?fit=800%2C600&ssl=1&resize=525%2C300 1.5x, https:\/\/i0.wp.com\/queretaronetwork.tv\/wp-content\/uploads\/2022\/05\/2764926.jpg?fit=800%2C600&ssl=1&resize=700%2C400 2x"},"classes":[]},{"id":16460,"url":"https:\/\/queretaronetwork.tv\/profesor-de-musica-de-preescolar-en-ecatepec-jugaba-a-la-vibora-negra-para-abusar-de-ninos\/","url_meta":{"origin":20439,"position":2},"title":"Profesor de m\u00fasica de preescolar en Ecatepec jugaba a la &#8220;v\u00edbora negra\u201d para abusar de ni\u00f1os","author":"Editorial QNTV","date":"23 junio, 2022","format":false,"excerpt":"Desde hace casi 24 horas, padres de ni\u00f1os v\u00edctimas del profesor se\u00f1alado contin\u00faan bloqueando la V\u00eda Jos\u00e9 L\u00f3pez Portillo para exigir su detenci\u00f3n. El\u00a0profesor de m\u00fasica\u00a0de un preescolar de la colonia Vista Hermosa de Ecatepec, jugaba a la \u201cv\u00edbora negra\u201d y les dec\u00eda a los\u00a0ni\u00f1os\u00a0que estaban enfermos para inyectarlos y\u2026","rel":"","context":"En &quot;Nacional&quot;","block_context":{"text":"Nacional","link":"https:\/\/queretaronetwork.tv\/category\/nacional\/"},"img":{"alt_text":"","src":"https:\/\/i0.wp.com\/queretaronetwork.tv\/wp-content\/uploads\/2022\/06\/profesor_abusador_sexual_optimized.jpg?fit=1201%2C740&ssl=1&resize=350%2C200","width":350,"height":200,"srcset":"https:\/\/i0.wp.com\/queretaronetwork.tv\/wp-content\/uploads\/2022\/06\/profesor_abusador_sexual_optimized.jpg?fit=1201%2C740&ssl=1&resize=350%2C200 1x, https:\/\/i0.wp.com\/queretaronetwork.tv\/wp-content\/uploads\/2022\/06\/profesor_abusador_sexual_optimized.jpg?fit=1201%2C740&ssl=1&resize=525%2C300 1.5x, https:\/\/i0.wp.com\/queretaronetwork.tv\/wp-content\/uploads\/2022\/06\/profesor_abusador_sexual_optimized.jpg?fit=1201%2C740&ssl=1&resize=700%2C400 2x, https:\/\/i0.wp.com\/queretaronetwork.tv\/wp-content\/uploads\/2022\/06\/profesor_abusador_sexual_optimized.jpg?fit=1201%2C740&ssl=1&resize=1050%2C600 3x"},"classes":[]},{"id":26123,"url":"https:\/\/queretaronetwork.tv\/detuvieron-a-un-auxiliar-de-enfermeria-acusado-de-violar-a-una-paciente-en-coma-en-imss-de-ecatepec\/","url_meta":{"origin":20439,"position":3},"title":"Detuvieron a un auxiliar de enfermer\u00eda acusado de violar a una paciente en coma en IMSS de Ecatepec","author":"Nalleli Ruiz","date":"13 enero, 2023","format":false,"excerpt":"Investigado por su probable participaci\u00f3n en la violaci\u00f3n de una paciente\u00a0en estado de coma,\u00a0Mario Alberto \u201cN\u201d fue arrestado este 12 de enero por agentes de la Fiscal\u00eda General de Justicia del Estado de M\u00e9xico (FGJEM). De acuerdo con la informaci\u00f3n emitida por la instituci\u00f3n mexiquense, el hombre de 34 a\u00f1os\u2026","rel":"","context":"En &quot;Nacional&quot;","block_context":{"text":"Nacional","link":"https:\/\/queretaronetwork.tv\/category\/nacional\/"},"img":{"alt_text":"","src":"https:\/\/i0.wp.com\/queretaronetwork.tv\/wp-content\/uploads\/2023\/01\/enfermero_del_imss_ecatepec.png?fit=1200%2C740&ssl=1&resize=350%2C200","width":350,"height":200,"srcset":"https:\/\/i0.wp.com\/queretaronetwork.tv\/wp-content\/uploads\/2023\/01\/enfermero_del_imss_ecatepec.png?fit=1200%2C740&ssl=1&resize=350%2C200 1x, https:\/\/i0.wp.com\/queretaronetwork.tv\/wp-content\/uploads\/2023\/01\/enfermero_del_imss_ecatepec.png?fit=1200%2C740&ssl=1&resize=525%2C300 1.5x, https:\/\/i0.wp.com\/queretaronetwork.tv\/wp-content\/uploads\/2023\/01\/enfermero_del_imss_ecatepec.png?fit=1200%2C740&ssl=1&resize=700%2C400 2x, https:\/\/i0.wp.com\/queretaronetwork.tv\/wp-content\/uploads\/2023\/01\/enfermero_del_imss_ecatepec.png?fit=1200%2C740&ssl=1&resize=1050%2C600 3x"},"classes":[]},{"id":21403,"url":"https:\/\/queretaronetwork.tv\/captan-como-dos-mujeres-asaltan-a-pasajeros-de-una-combi-en-ecatepec\/","url_meta":{"origin":20439,"position":4},"title":"Captan c\u00f3mo dos mujeres asaltan a pasajeros de una combi en Ecatepec","author":"Editorial QNTV","date":"9 septiembre, 2022","format":false,"excerpt":"\u00a0Dos mujeres armadas asaltaron a los pasajeros que viajaban en una camioneta tipo Urban, en Ecatepec, Estado de M\u00e9xico. El robo fue grabado por la c\u00e1mara de seguridad del transporte p\u00fablico, desde el momento en que abordan a la unidad, amenazan a los pasajeros y comienzan a despojarlos de sus\u2026","rel":"","context":"En &quot;Nacional&quot;","block_context":{"text":"Nacional","link":"https:\/\/queretaronetwork.tv\/category\/nacional\/"},"img":{"alt_text":"","src":"https:\/\/i0.wp.com\/queretaronetwork.tv\/wp-content\/uploads\/2022\/09\/2819871.jpg?fit=800%2C600&ssl=1&resize=350%2C200","width":350,"height":200,"srcset":"https:\/\/i0.wp.com\/queretaronetwork.tv\/wp-content\/uploads\/2022\/09\/2819871.jpg?fit=800%2C600&ssl=1&resize=350%2C200 1x, https:\/\/i0.wp.com\/queretaronetwork.tv\/wp-content\/uploads\/2022\/09\/2819871.jpg?fit=800%2C600&ssl=1&resize=525%2C300 1.5x, https:\/\/i0.wp.com\/queretaronetwork.tv\/wp-content\/uploads\/2022\/09\/2819871.jpg?fit=800%2C600&ssl=1&resize=700%2C400 2x"},"classes":[]},{"id":21310,"url":"https:\/\/queretaronetwork.tv\/al-menos-50-lesionados-en-ecatepec-por-choque-de-mexibus\/","url_meta":{"origin":20439,"position":5},"title":"Al menos 50 lesionados en Ecatepec por choque de Mexib\u00fas","author":"Editorial QNTV","date":"8 septiembre, 2022","format":false,"excerpt":"Un\u00a0Mexib\u00fas choc\u00f3\u00a0contra otra unidad del servicio de transporte p\u00fablico en el municipio de\u00a0Ecatepec, suceso que dej\u00f3 al menos 50 personas lesionadas. Testigos refieren que la unidad 67 estaba a punto de salir de la\u00a0estaci\u00f3n 1ro de Mayo\u00a0cuando el Mexib\u00fas 1011 lo impact\u00f3 por detr\u00e1s. La unidad 67 result\u00f3 con m\u00faltiples\u00a0da\u00f1os\u00a0en\u2026","rel":"","context":"En &quot;Nacional&quot;","block_context":{"text":"Nacional","link":"https:\/\/queretaronetwork.tv\/category\/nacional\/"},"img":{"alt_text":"","src":"https:\/\/i0.wp.com\/queretaronetwork.tv\/wp-content\/uploads\/2022\/09\/2819340.jpg?fit=800%2C600&ssl=1&resize=350%2C200","width":350,"height":200,"srcset":"https:\/\/i0.wp.com\/queretaronetwork.tv\/wp-content\/uploads\/2022\/09\/2819340.jpg?fit=800%2C600&ssl=1&resize=350%2C200 1x, https:\/\/i0.wp.com\/queretaronetwork.tv\/wp-content\/uploads\/2022\/09\/2819340.jpg?fit=800%2C600&ssl=1&resize=525%2C300 1.5x, https:\/\/i0.wp.com\/queretaronetwork.tv\/wp-content\/uploads\/2022\/09\/2819340.jpg?fit=800%2C600&ssl=1&resize=700%2C400 2x"},"classes":[]}],"jetpack_sharing_enabled":true,"jetpack_shortlink":"https:\/\/wp.me\/pardhb-5jF","_links":{"self":[{"href":"https:\/\/queretaronetwork.tv\/wp-json\/wp\/v2\/posts\/20439","targetHints":{"allow":["GET"]}}],"collection":[{"href":"https:\/\/queretaronetwork.tv\/wp-json\/wp\/v2\/posts"}],"about":[{"href":"https:\/\/queretaronetwork.tv\/wp-json\/wp\/v2\/types\/post"}],"author":[{"embeddable":true,"href":"https:\/\/queretaronetwork.tv\/wp-json\/wp\/v2\/users\/2"}],"replies":[{"embeddable":true,"href":"https:\/\/queretaronetwork.tv\/wp-json\/wp\/v2\/comments?post=20439"}],"version-history":[{"count":1,"href":"https:\/\/queretaronetwork.tv\/wp-json\/wp\/v2\/posts\/20439\/revisions"}],"predecessor-version":[{"id":20441,"href":"https:\/\/queretaronetwork.tv\/wp-json\/wp\/v2\/posts\/20439\/revisions\/20441"}],"wp:featuredmedia":[{"embeddable":true,"href":"https:\/\/queretaronetwork.tv\/wp-json\/wp\/v2\/media\/20440"}],"wp:attachment":[{"href":"https:\/\/queretaronetwork.tv\/wp-json\/wp\/v2\/media?parent=20439"}],"wp:term":[{"taxonomy":"category","embeddable":true,"href":"https:\/\/queretaronetwork.tv\/wp-json\/wp\/v2\/categories?post=20439"},{"taxonomy":"post_tag","embeddable":true,"href":"https:\/\/queretaronetwork.tv\/wp-json\/wp\/v2\/tags?post=20439"}],"curies":[{"name":"wp","href":"https:\/\/api.w.org\/{rel}","templated":true}]}}