{"id":20762,"date":"2022-08-29T15:29:36","date_gmt":"2022-08-29T20:29:36","guid":{"rendered":"https:\/\/queretaronetwork.tv\/?p=20762"},"modified":"2022-08-29T15:29:36","modified_gmt":"2022-08-29T20:29:36","slug":"cae-el-roca-presunto-jefe-de-plaza-del-cjng-en-tenancingo-estado-de-mexico","status":"publish","type":"post","link":"https:\/\/queretaronetwork.tv\/cae-el-roca-presunto-jefe-de-plaza-del-cjng-en-tenancingo-estado-de-mexico\/","title":{"rendered":"Cae &#8216;El Roca&#8217;, presunto jefe de plaza del CJNG en Tenancingo, Estado de M\u00e9xico"},"content":{"rendered":"<div>\n<p>La Fiscal\u00eda General de Justicia del Estado de M\u00e9xico inform\u00f3 de la captura de<strong>\u00a0Jorge \u2018N\u2019, alias \u201cEl Roca\u201d,<\/strong>\u00a0presunto jefe de plaza del Cartel Jalisco Nueva Generaci\u00f3n (CJNG) en el municipio de Tenancingo.<\/p>\n<\/div>\n<div>\n<p>En un comunicado, detall\u00f3 que la captura se logr\u00f3 en una acci\u00f3n conjunta con la Secretar\u00eda de Seguridad estatal.\u00a0 Explic\u00f3 que como parte de una investigaci\u00f3n iniciada por la instituci\u00f3n, elementos estatales desplegaron un operativo en el barrio de El Salto, donde fue identificado y detenido el sujeto,<strong>\u00a0luego de que presumiblemente hiciera disparara un arma de fuego en la v\u00eda p\u00fablica.<\/strong><\/p>\n<\/div>\n<div>\n<p>La Fiscal\u00eda explic\u00f3 que tras realizarle una revisi\u00f3n, le fueron asegurados envoltorios y una bolsa con sustancia granulada con las caracter\u00edsticas de la metanfetamina, un arma de fuego calibre 9 mm y una motocicleta sin placas de circulaci\u00f3n.\u00a0<strong>Adem\u00e1s, se\u00f1al\u00f3 que \u201cEl Roca\u201d hab\u00eda ofrecido dinero a los agentes a cambio de no ser detenido.<\/strong><\/p>\n<\/div>\n<div><\/div>\n<div>\n<p><img data-recalc-dims=\"1\" fetchpriority=\"high\" decoding=\"async\" class=\"aligncenter wp-image-1207468\" src=\"https:\/\/i0.wp.com\/editorial.aristeguinoticias.com\/wp-content\/uploads\/2022\/08\/incautaciones-jorge-n-el-roca.jpg?resize=640%2C425&#038;ssl=1\" sizes=\"(max-width: 700px) 100vw, 700px\" srcset=\"https:\/\/editorial.aristeguinoticias.com\/wp-content\/uploads\/2022\/08\/incautaciones-jorge-n-el-roca.jpg 828w, https:\/\/editorial.aristeguinoticias.com\/wp-content\/uploads\/2022\/08\/incautaciones-jorge-n-el-roca-250x166.jpg 250w, https:\/\/editorial.aristeguinoticias.com\/wp-content\/uploads\/2022\/08\/incautaciones-jorge-n-el-roca-700x465.jpg 700w, https:\/\/editorial.aristeguinoticias.com\/wp-content\/uploads\/2022\/08\/incautaciones-jorge-n-el-roca-768x510.jpg 768w, https:\/\/editorial.aristeguinoticias.com\/wp-content\/uploads\/2022\/08\/incautaciones-jorge-n-el-roca-628x417.jpg 628w, https:\/\/editorial.aristeguinoticias.com\/wp-content\/uploads\/2022\/08\/incautaciones-jorge-n-el-roca-298x198.jpg 298w, https:\/\/editorial.aristeguinoticias.com\/wp-content\/uploads\/2022\/08\/incautaciones-jorge-n-el-roca-295x196.jpg 295w, https:\/\/editorial.aristeguinoticias.com\/wp-content\/uploads\/2022\/08\/incautaciones-jorge-n-el-roca-205x136.jpg 205w, https:\/\/editorial.aristeguinoticias.com\/wp-content\/uploads\/2022\/08\/incautaciones-jorge-n-el-roca-120x80.jpg 120w\" alt=\"\" width=\"640\" height=\"425\" \/><\/p>\n<\/div>\n<div>\n<p>Tras su detenci\u00f3n, fue presentado ante el agente del Ministerio P\u00fablico, quien integra la indagatoria por los delitos de<strong>\u00a0disparo de arma de fuego y ataque peligroso contra la salud<\/strong>\u00a0en su modalidad de narcomenudeo con fines de suministro, as\u00ed como\u00a0<strong>cohecho.<\/strong><\/p>\n<\/div>\n<div>\n<p>La Fiscal\u00eda asegur\u00f3 que cuenta con indicios de que Jorge \u201cN\u201d era el jefe de plaza en Tenancingo de una c\u00e9lula delictiva originaria de Jalisco,\u00a0<strong>dedicada al control de la distribuci\u00f3n de droga en la regi\u00f3n.<\/strong><\/p>\n<\/div>\n<div>\n<p>Apunt\u00f3 que se encuentra investigando su posible participaci\u00f3n en otros hechos delictivos e\u00a0<strong>hizo un llamado a los ciudadanos para que, en caso de identificar al sujeto, lo denuncien.<\/strong><\/p>\n<blockquote class=\"twitter-tweet\" data-width=\"550\" data-dnt=\"true\">\n<p lang=\"es\" dir=\"ltr\"><a href=\"https:\/\/twitter.com\/hashtag\/AccionesFGJEM?src=hash&amp;ref_src=twsrc%5Etfw\">#AccionesFGJEM<\/a> | En una acci\u00f3n conjunta en la que particip\u00f3 la <a href=\"https:\/\/twitter.com\/hashtag\/Fiscal%C3%ADaEdom%C3%A9x?src=hash&amp;ref_src=twsrc%5Etfw\">#Fiscal\u00edaEdom\u00e9x<\/a> y <a href=\"https:\/\/twitter.com\/SS_Edomex?ref_src=twsrc%5Etfw\">@SS_Edomex<\/a> fue detenido Jorge \u201cN\u201d, alias \u201cEl Roca\u201d, identificado como presunto jefe de plaza de una banda dedicada a la distribuci\u00f3n de droga en <a href=\"https:\/\/twitter.com\/hashtag\/Tenancingo?src=hash&amp;ref_src=twsrc%5Etfw\">#Tenancingo<\/a>. (1\/2) <a href=\"https:\/\/t.co\/wngUazgbUH\">pic.twitter.com\/wngUazgbUH<\/a><\/p>\n<p>&mdash; Fiscal\u00eda Edom\u00e9x (@FiscaliaEdomex) <a href=\"https:\/\/twitter.com\/FiscaliaEdomex\/status\/1563615155476664322?ref_src=twsrc%5Etfw\">August 27, 2022<\/a><\/p><\/blockquote>\n<p><script async src=\"https:\/\/platform.twitter.com\/widgets.js\" charset=\"utf-8\"><\/script><\/p>\n<p>Con informaci\u00f3n de Aristegui Noticias.<\/p>\n<\/div>\n","protected":false},"excerpt":{"rendered":"<p>La Fiscal\u00eda General de Justicia del Estado de M\u00e9xico inform\u00f3 de la captura de\u00a0Jorge \u2018N\u2019, alias \u201cEl Roca\u201d,\u00a0presunto<\/p>\n","protected":false},"author":2,"featured_media":20763,"comment_status":"open","ping_status":"closed","sticky":false,"template":"","format":"standard","meta":{"jetpack_post_was_ever_published":false,"_jetpack_newsletter_access":"","_jetpack_dont_email_post_to_subs":false,"_jetpack_newsletter_tier_id":0,"_jetpack_memberships_contains_paywalled_content":false,"_jetpack_memberships_contains_paid_content":false,"footnotes":"","jetpack_publicize_message":"","jetpack_publicize_feature_enabled":true,"jetpack_social_post_already_shared":true,"jetpack_social_options":{"image_generator_settings":{"template":"highway","default_image_id":0,"font":"","enabled":false},"version":2}},"categories":[3,31],"tags":[],"class_list":["post-20762","post","type-post","status-publish","format-standard","has-post-thumbnail","hentry","category-nacional","category-policiaca"],"yoast_head":"<!-- This site is optimized with the Yoast SEO plugin v26.4 - https:\/\/yoast.com\/wordpress\/plugins\/seo\/ -->\n<title>Cae &#039;El Roca&#039;, presunto jefe de plaza del CJNG en Tenancingo, Estado de M\u00e9xico -<\/title>\n<meta name=\"description\" content=\"La Fiscal\u00eda General de Justicia del Estado de M\u00e9xico inform\u00f3 de la captura de\u00a0Jorge \u2018N\u2019, alias \u201cEl Roca\u201d,\u00a0presunto jefe de plaza del Cartel Jalisco Nueva Generaci\u00f3n (CJNG) en el municipio de Tenancingo.\" \/>\n<meta name=\"robots\" content=\"index, follow, max-snippet:-1, max-image-preview:large, max-video-preview:-1\" \/>\n<link rel=\"canonical\" href=\"https:\/\/queretaronetwork.tv\/cae-el-roca-presunto-jefe-de-plaza-del-cjng-en-tenancingo-estado-de-mexico\/\" \/>\n<meta property=\"og:locale\" content=\"es_MX\" \/>\n<meta property=\"og:type\" content=\"article\" \/>\n<meta property=\"og:title\" content=\"Cae &#039;El Roca&#039;, presunto jefe de plaza del CJNG en Tenancingo, Estado de M\u00e9xico -\" \/>\n<meta property=\"og:description\" content=\"La Fiscal\u00eda General de Justicia del Estado de M\u00e9xico inform\u00f3 de la captura de\u00a0Jorge \u2018N\u2019, alias \u201cEl Roca\u201d,\u00a0presunto jefe de plaza del Cartel Jalisco Nueva Generaci\u00f3n (CJNG) en el municipio de Tenancingo.\" \/>\n<meta property=\"og:url\" content=\"https:\/\/queretaronetwork.tv\/cae-el-roca-presunto-jefe-de-plaza-del-cjng-en-tenancingo-estado-de-mexico\/\" \/>\n<meta property=\"article:publisher\" content=\"https:\/\/www.facebook.com\/QroNTV\/\" \/>\n<meta property=\"article:published_time\" content=\"2022-08-29T20:29:36+00:00\" \/>\n<meta property=\"og:image\" content=\"https:\/\/i0.wp.com\/queretaronetwork.tv\/wp-content\/uploads\/2022\/08\/jorge-n-el-roca-fiscalia-edomex.png?fit=1200%2C750&ssl=1\" \/>\n\t<meta property=\"og:image:width\" content=\"1200\" \/>\n\t<meta property=\"og:image:height\" content=\"750\" \/>\n\t<meta property=\"og:image:type\" content=\"image\/png\" \/>\n<meta name=\"author\" content=\"Editorial QNTV\" \/>\n<meta name=\"twitter:card\" content=\"summary_large_image\" \/>\n<meta name=\"twitter:creator\" content=\"@QNTV6\" \/>\n<meta name=\"twitter:site\" content=\"@QNTV6\" \/>\n<meta name=\"twitter:label1\" content=\"Escrito por\" \/>\n\t<meta name=\"twitter:data1\" content=\"Editorial QNTV\" \/>\n\t<meta name=\"twitter:label2\" content=\"Tiempo de lectura\" \/>\n\t<meta name=\"twitter:data2\" content=\"2 minutos\" \/>\n<script type=\"application\/ld+json\" class=\"yoast-schema-graph\">{\"@context\":\"https:\/\/schema.org\",\"@graph\":[{\"@type\":\"Article\",\"@id\":\"https:\/\/queretaronetwork.tv\/cae-el-roca-presunto-jefe-de-plaza-del-cjng-en-tenancingo-estado-de-mexico\/#article\",\"isPartOf\":{\"@id\":\"https:\/\/queretaronetwork.tv\/cae-el-roca-presunto-jefe-de-plaza-del-cjng-en-tenancingo-estado-de-mexico\/\"},\"author\":{\"name\":\"Editorial QNTV\",\"@id\":\"https:\/\/queretaronetwork.tv\/#\/schema\/person\/1200b23397cd8ce55a25cb08ca51b5f2\"},\"headline\":\"Cae &#8216;El Roca&#8217;, presunto jefe de plaza del CJNG en Tenancingo, Estado de M\u00e9xico\",\"datePublished\":\"2022-08-29T20:29:36+00:00\",\"mainEntityOfPage\":{\"@id\":\"https:\/\/queretaronetwork.tv\/cae-el-roca-presunto-jefe-de-plaza-del-cjng-en-tenancingo-estado-de-mexico\/\"},\"wordCount\":313,\"commentCount\":0,\"publisher\":{\"@id\":\"https:\/\/queretaronetwork.tv\/#organization\"},\"image\":{\"@id\":\"https:\/\/queretaronetwork.tv\/cae-el-roca-presunto-jefe-de-plaza-del-cjng-en-tenancingo-estado-de-mexico\/#primaryimage\"},\"thumbnailUrl\":\"https:\/\/i0.wp.com\/queretaronetwork.tv\/wp-content\/uploads\/2022\/08\/jorge-n-el-roca-fiscalia-edomex.png?fit=1200%2C750&ssl=1\",\"articleSection\":[\"Nacional\",\"Policiaca\"],\"inLanguage\":\"es\",\"potentialAction\":[{\"@type\":\"CommentAction\",\"name\":\"Comment\",\"target\":[\"https:\/\/queretaronetwork.tv\/cae-el-roca-presunto-jefe-de-plaza-del-cjng-en-tenancingo-estado-de-mexico\/#respond\"]}]},{\"@type\":\"WebPage\",\"@id\":\"https:\/\/queretaronetwork.tv\/cae-el-roca-presunto-jefe-de-plaza-del-cjng-en-tenancingo-estado-de-mexico\/\",\"url\":\"https:\/\/queretaronetwork.tv\/cae-el-roca-presunto-jefe-de-plaza-del-cjng-en-tenancingo-estado-de-mexico\/\",\"name\":\"Cae 'El Roca', presunto jefe de plaza del CJNG en Tenancingo, Estado de M\u00e9xico -\",\"isPartOf\":{\"@id\":\"https:\/\/queretaronetwork.tv\/#website\"},\"primaryImageOfPage\":{\"@id\":\"https:\/\/queretaronetwork.tv\/cae-el-roca-presunto-jefe-de-plaza-del-cjng-en-tenancingo-estado-de-mexico\/#primaryimage\"},\"image\":{\"@id\":\"https:\/\/queretaronetwork.tv\/cae-el-roca-presunto-jefe-de-plaza-del-cjng-en-tenancingo-estado-de-mexico\/#primaryimage\"},\"thumbnailUrl\":\"https:\/\/i0.wp.com\/queretaronetwork.tv\/wp-content\/uploads\/2022\/08\/jorge-n-el-roca-fiscalia-edomex.png?fit=1200%2C750&ssl=1\",\"datePublished\":\"2022-08-29T20:29:36+00:00\",\"description\":\"La Fiscal\u00eda General de Justicia del Estado de M\u00e9xico inform\u00f3 de la captura de\u00a0Jorge \u2018N\u2019, alias \u201cEl Roca\u201d,\u00a0presunto jefe de plaza del Cartel Jalisco Nueva Generaci\u00f3n (CJNG) en el municipio de Tenancingo.\",\"breadcrumb\":{\"@id\":\"https:\/\/queretaronetwork.tv\/cae-el-roca-presunto-jefe-de-plaza-del-cjng-en-tenancingo-estado-de-mexico\/#breadcrumb\"},\"inLanguage\":\"es\",\"potentialAction\":[{\"@type\":\"ReadAction\",\"target\":[\"https:\/\/queretaronetwork.tv\/cae-el-roca-presunto-jefe-de-plaza-del-cjng-en-tenancingo-estado-de-mexico\/\"]}]},{\"@type\":\"ImageObject\",\"inLanguage\":\"es\",\"@id\":\"https:\/\/queretaronetwork.tv\/cae-el-roca-presunto-jefe-de-plaza-del-cjng-en-tenancingo-estado-de-mexico\/#primaryimage\",\"url\":\"https:\/\/i0.wp.com\/queretaronetwork.tv\/wp-content\/uploads\/2022\/08\/jorge-n-el-roca-fiscalia-edomex.png?fit=1200%2C750&ssl=1\",\"contentUrl\":\"https:\/\/i0.wp.com\/queretaronetwork.tv\/wp-content\/uploads\/2022\/08\/jorge-n-el-roca-fiscalia-edomex.png?fit=1200%2C750&ssl=1\",\"width\":1200,\"height\":750},{\"@type\":\"BreadcrumbList\",\"@id\":\"https:\/\/queretaronetwork.tv\/cae-el-roca-presunto-jefe-de-plaza-del-cjng-en-tenancingo-estado-de-mexico\/#breadcrumb\",\"itemListElement\":[{\"@type\":\"ListItem\",\"position\":1,\"name\":\"Inicio\",\"item\":\"https:\/\/queretaronetwork.tv\/\"},{\"@type\":\"ListItem\",\"position\":2,\"name\":\"Cae &#8216;El Roca&#8217;, presunto jefe de plaza del CJNG en Tenancingo, Estado de M\u00e9xico\"}]},{\"@type\":\"WebSite\",\"@id\":\"https:\/\/queretaronetwork.tv\/#website\",\"url\":\"https:\/\/queretaronetwork.tv\/\",\"name\":\"Quer\u00e9taro Network TV\",\"description\":\"Medio de Comunicaci\u00f3n Digital, Noticias y Canal de Tv ONLine\",\"publisher\":{\"@id\":\"https:\/\/queretaronetwork.tv\/#organization\"},\"potentialAction\":[{\"@type\":\"SearchAction\",\"target\":{\"@type\":\"EntryPoint\",\"urlTemplate\":\"https:\/\/queretaronetwork.tv\/?s={search_term_string}\"},\"query-input\":{\"@type\":\"PropertyValueSpecification\",\"valueRequired\":true,\"valueName\":\"search_term_string\"}}],\"inLanguage\":\"es\"},{\"@type\":\"Organization\",\"@id\":\"https:\/\/queretaronetwork.tv\/#organization\",\"name\":\"Quer\u00e9taro Network TV\",\"url\":\"https:\/\/queretaronetwork.tv\/\",\"logo\":{\"@type\":\"ImageObject\",\"inLanguage\":\"es\",\"@id\":\"https:\/\/queretaronetwork.tv\/#\/schema\/logo\/image\/\",\"url\":\"https:\/\/i0.wp.com\/queretaronetwork.tv\/wp-content\/uploads\/2020\/02\/LOGONUEVOCIRCULARQNTV2020-e1595007713656.png?fit=583%2C564&ssl=1\",\"contentUrl\":\"https:\/\/i0.wp.com\/queretaronetwork.tv\/wp-content\/uploads\/2020\/02\/LOGONUEVOCIRCULARQNTV2020-e1595007713656.png?fit=583%2C564&ssl=1\",\"width\":583,\"height\":564,\"caption\":\"Quer\u00e9taro Network TV\"},\"image\":{\"@id\":\"https:\/\/queretaronetwork.tv\/#\/schema\/logo\/image\/\"},\"sameAs\":[\"https:\/\/www.facebook.com\/QroNTV\/\",\"https:\/\/x.com\/QNTV6\",\"https:\/\/www.instagram.com\/queretaronetworktv\/\",\"https:\/\/www.youtube.com\/channel\/UCav1cE_tCaccVZOLJpqZIyA?view_as=subscriber\"]},{\"@type\":\"Person\",\"@id\":\"https:\/\/queretaronetwork.tv\/#\/schema\/person\/1200b23397cd8ce55a25cb08ca51b5f2\",\"name\":\"Editorial QNTV\",\"image\":{\"@type\":\"ImageObject\",\"inLanguage\":\"es\",\"@id\":\"https:\/\/queretaronetwork.tv\/#\/schema\/person\/image\/\",\"url\":\"https:\/\/secure.gravatar.com\/avatar\/c736b7feb12a69c0911796e1381d5be7aa79cd6ca5a0cb325913d75e4c0cdcbd?s=96&d=mm&r=g\",\"contentUrl\":\"https:\/\/secure.gravatar.com\/avatar\/c736b7feb12a69c0911796e1381d5be7aa79cd6ca5a0cb325913d75e4c0cdcbd?s=96&d=mm&r=g\",\"caption\":\"Editorial QNTV\"},\"url\":\"https:\/\/queretaronetwork.tv\/author\/editorial\/\"}]}<\/script>\n<!-- \/ Yoast SEO plugin. -->","yoast_head_json":{"title":"Cae 'El Roca', presunto jefe de plaza del CJNG en Tenancingo, Estado de M\u00e9xico -","description":"La Fiscal\u00eda General de Justicia del Estado de M\u00e9xico inform\u00f3 de la captura de\u00a0Jorge \u2018N\u2019, alias \u201cEl Roca\u201d,\u00a0presunto jefe de plaza del Cartel Jalisco Nueva Generaci\u00f3n (CJNG) en el municipio de Tenancingo.","robots":{"index":"index","follow":"follow","max-snippet":"max-snippet:-1","max-image-preview":"max-image-preview:large","max-video-preview":"max-video-preview:-1"},"canonical":"https:\/\/queretaronetwork.tv\/cae-el-roca-presunto-jefe-de-plaza-del-cjng-en-tenancingo-estado-de-mexico\/","og_locale":"es_MX","og_type":"article","og_title":"Cae 'El Roca', presunto jefe de plaza del CJNG en Tenancingo, Estado de M\u00e9xico -","og_description":"La Fiscal\u00eda General de Justicia del Estado de M\u00e9xico inform\u00f3 de la captura de\u00a0Jorge \u2018N\u2019, alias \u201cEl Roca\u201d,\u00a0presunto jefe de plaza del Cartel Jalisco Nueva Generaci\u00f3n (CJNG) en el municipio de Tenancingo.","og_url":"https:\/\/queretaronetwork.tv\/cae-el-roca-presunto-jefe-de-plaza-del-cjng-en-tenancingo-estado-de-mexico\/","article_publisher":"https:\/\/www.facebook.com\/QroNTV\/","article_published_time":"2022-08-29T20:29:36+00:00","og_image":[{"width":1200,"height":750,"url":"https:\/\/i0.wp.com\/queretaronetwork.tv\/wp-content\/uploads\/2022\/08\/jorge-n-el-roca-fiscalia-edomex.png?fit=1200%2C750&ssl=1","type":"image\/png"}],"author":"Editorial QNTV","twitter_card":"summary_large_image","twitter_creator":"@QNTV6","twitter_site":"@QNTV6","twitter_misc":{"Escrito por":"Editorial QNTV","Tiempo de lectura":"2 minutos"},"schema":{"@context":"https:\/\/schema.org","@graph":[{"@type":"Article","@id":"https:\/\/queretaronetwork.tv\/cae-el-roca-presunto-jefe-de-plaza-del-cjng-en-tenancingo-estado-de-mexico\/#article","isPartOf":{"@id":"https:\/\/queretaronetwork.tv\/cae-el-roca-presunto-jefe-de-plaza-del-cjng-en-tenancingo-estado-de-mexico\/"},"author":{"name":"Editorial QNTV","@id":"https:\/\/queretaronetwork.tv\/#\/schema\/person\/1200b23397cd8ce55a25cb08ca51b5f2"},"headline":"Cae &#8216;El Roca&#8217;, presunto jefe de plaza del CJNG en Tenancingo, Estado de M\u00e9xico","datePublished":"2022-08-29T20:29:36+00:00","mainEntityOfPage":{"@id":"https:\/\/queretaronetwork.tv\/cae-el-roca-presunto-jefe-de-plaza-del-cjng-en-tenancingo-estado-de-mexico\/"},"wordCount":313,"commentCount":0,"publisher":{"@id":"https:\/\/queretaronetwork.tv\/#organization"},"image":{"@id":"https:\/\/queretaronetwork.tv\/cae-el-roca-presunto-jefe-de-plaza-del-cjng-en-tenancingo-estado-de-mexico\/#primaryimage"},"thumbnailUrl":"https:\/\/i0.wp.com\/queretaronetwork.tv\/wp-content\/uploads\/2022\/08\/jorge-n-el-roca-fiscalia-edomex.png?fit=1200%2C750&ssl=1","articleSection":["Nacional","Policiaca"],"inLanguage":"es","potentialAction":[{"@type":"CommentAction","name":"Comment","target":["https:\/\/queretaronetwork.tv\/cae-el-roca-presunto-jefe-de-plaza-del-cjng-en-tenancingo-estado-de-mexico\/#respond"]}]},{"@type":"WebPage","@id":"https:\/\/queretaronetwork.tv\/cae-el-roca-presunto-jefe-de-plaza-del-cjng-en-tenancingo-estado-de-mexico\/","url":"https:\/\/queretaronetwork.tv\/cae-el-roca-presunto-jefe-de-plaza-del-cjng-en-tenancingo-estado-de-mexico\/","name":"Cae 'El Roca', presunto jefe de plaza del CJNG en Tenancingo, Estado de M\u00e9xico -","isPartOf":{"@id":"https:\/\/queretaronetwork.tv\/#website"},"primaryImageOfPage":{"@id":"https:\/\/queretaronetwork.tv\/cae-el-roca-presunto-jefe-de-plaza-del-cjng-en-tenancingo-estado-de-mexico\/#primaryimage"},"image":{"@id":"https:\/\/queretaronetwork.tv\/cae-el-roca-presunto-jefe-de-plaza-del-cjng-en-tenancingo-estado-de-mexico\/#primaryimage"},"thumbnailUrl":"https:\/\/i0.wp.com\/queretaronetwork.tv\/wp-content\/uploads\/2022\/08\/jorge-n-el-roca-fiscalia-edomex.png?fit=1200%2C750&ssl=1","datePublished":"2022-08-29T20:29:36+00:00","description":"La Fiscal\u00eda General de Justicia del Estado de M\u00e9xico inform\u00f3 de la captura de\u00a0Jorge \u2018N\u2019, alias \u201cEl Roca\u201d,\u00a0presunto jefe de plaza del Cartel Jalisco Nueva Generaci\u00f3n (CJNG) en el municipio de Tenancingo.","breadcrumb":{"@id":"https:\/\/queretaronetwork.tv\/cae-el-roca-presunto-jefe-de-plaza-del-cjng-en-tenancingo-estado-de-mexico\/#breadcrumb"},"inLanguage":"es","potentialAction":[{"@type":"ReadAction","target":["https:\/\/queretaronetwork.tv\/cae-el-roca-presunto-jefe-de-plaza-del-cjng-en-tenancingo-estado-de-mexico\/"]}]},{"@type":"ImageObject","inLanguage":"es","@id":"https:\/\/queretaronetwork.tv\/cae-el-roca-presunto-jefe-de-plaza-del-cjng-en-tenancingo-estado-de-mexico\/#primaryimage","url":"https:\/\/i0.wp.com\/queretaronetwork.tv\/wp-content\/uploads\/2022\/08\/jorge-n-el-roca-fiscalia-edomex.png?fit=1200%2C750&ssl=1","contentUrl":"https:\/\/i0.wp.com\/queretaronetwork.tv\/wp-content\/uploads\/2022\/08\/jorge-n-el-roca-fiscalia-edomex.png?fit=1200%2C750&ssl=1","width":1200,"height":750},{"@type":"BreadcrumbList","@id":"https:\/\/queretaronetwork.tv\/cae-el-roca-presunto-jefe-de-plaza-del-cjng-en-tenancingo-estado-de-mexico\/#breadcrumb","itemListElement":[{"@type":"ListItem","position":1,"name":"Inicio","item":"https:\/\/queretaronetwork.tv\/"},{"@type":"ListItem","position":2,"name":"Cae &#8216;El Roca&#8217;, presunto jefe de plaza del CJNG en Tenancingo, Estado de M\u00e9xico"}]},{"@type":"WebSite","@id":"https:\/\/queretaronetwork.tv\/#website","url":"https:\/\/queretaronetwork.tv\/","name":"Quer\u00e9taro Network TV","description":"Medio de Comunicaci\u00f3n Digital, Noticias y Canal de Tv ONLine","publisher":{"@id":"https:\/\/queretaronetwork.tv\/#organization"},"potentialAction":[{"@type":"SearchAction","target":{"@type":"EntryPoint","urlTemplate":"https:\/\/queretaronetwork.tv\/?s={search_term_string}"},"query-input":{"@type":"PropertyValueSpecification","valueRequired":true,"valueName":"search_term_string"}}],"inLanguage":"es"},{"@type":"Organization","@id":"https:\/\/queretaronetwork.tv\/#organization","name":"Quer\u00e9taro Network TV","url":"https:\/\/queretaronetwork.tv\/","logo":{"@type":"ImageObject","inLanguage":"es","@id":"https:\/\/queretaronetwork.tv\/#\/schema\/logo\/image\/","url":"https:\/\/i0.wp.com\/queretaronetwork.tv\/wp-content\/uploads\/2020\/02\/LOGONUEVOCIRCULARQNTV2020-e1595007713656.png?fit=583%2C564&ssl=1","contentUrl":"https:\/\/i0.wp.com\/queretaronetwork.tv\/wp-content\/uploads\/2020\/02\/LOGONUEVOCIRCULARQNTV2020-e1595007713656.png?fit=583%2C564&ssl=1","width":583,"height":564,"caption":"Quer\u00e9taro Network TV"},"image":{"@id":"https:\/\/queretaronetwork.tv\/#\/schema\/logo\/image\/"},"sameAs":["https:\/\/www.facebook.com\/QroNTV\/","https:\/\/x.com\/QNTV6","https:\/\/www.instagram.com\/queretaronetworktv\/","https:\/\/www.youtube.com\/channel\/UCav1cE_tCaccVZOLJpqZIyA?view_as=subscriber"]},{"@type":"Person","@id":"https:\/\/queretaronetwork.tv\/#\/schema\/person\/1200b23397cd8ce55a25cb08ca51b5f2","name":"Editorial QNTV","image":{"@type":"ImageObject","inLanguage":"es","@id":"https:\/\/queretaronetwork.tv\/#\/schema\/person\/image\/","url":"https:\/\/secure.gravatar.com\/avatar\/c736b7feb12a69c0911796e1381d5be7aa79cd6ca5a0cb325913d75e4c0cdcbd?s=96&d=mm&r=g","contentUrl":"https:\/\/secure.gravatar.com\/avatar\/c736b7feb12a69c0911796e1381d5be7aa79cd6ca5a0cb325913d75e4c0cdcbd?s=96&d=mm&r=g","caption":"Editorial QNTV"},"url":"https:\/\/queretaronetwork.tv\/author\/editorial\/"}]}},"jetpack_publicize_connections":[],"featured_image_urls":{"full":["https:\/\/i0.wp.com\/queretaronetwork.tv\/wp-content\/uploads\/2022\/08\/jorge-n-el-roca-fiscalia-edomex.png?fit=1200%2C750&ssl=1",1200,750,false],"thumbnail":["https:\/\/i0.wp.com\/queretaronetwork.tv\/wp-content\/uploads\/2022\/08\/jorge-n-el-roca-fiscalia-edomex.png?resize=150%2C150&ssl=1",150,150,true],"medium":["https:\/\/i0.wp.com\/queretaronetwork.tv\/wp-content\/uploads\/2022\/08\/jorge-n-el-roca-fiscalia-edomex.png?fit=300%2C188&ssl=1",300,188,true],"medium_large":["https:\/\/i0.wp.com\/queretaronetwork.tv\/wp-content\/uploads\/2022\/08\/jorge-n-el-roca-fiscalia-edomex.png?fit=640%2C400&ssl=1",640,400,true],"large":["https:\/\/i0.wp.com\/queretaronetwork.tv\/wp-content\/uploads\/2022\/08\/jorge-n-el-roca-fiscalia-edomex.png?fit=640%2C400&ssl=1",640,400,true],"1536x1536":["https:\/\/i0.wp.com\/queretaronetwork.tv\/wp-content\/uploads\/2022\/08\/jorge-n-el-roca-fiscalia-edomex.png?fit=1200%2C750&ssl=1",1200,750,true],"2048x2048":["https:\/\/i0.wp.com\/queretaronetwork.tv\/wp-content\/uploads\/2022\/08\/jorge-n-el-roca-fiscalia-edomex.png?fit=1200%2C750&ssl=1",1200,750,true],"darknews-slider-full":["https:\/\/i0.wp.com\/queretaronetwork.tv\/wp-content\/uploads\/2022\/08\/jorge-n-el-roca-fiscalia-edomex.png?resize=1200%2C720&ssl=1",1200,720,true],"darknews-featured":["https:\/\/i0.wp.com\/queretaronetwork.tv\/wp-content\/uploads\/2022\/08\/jorge-n-el-roca-fiscalia-edomex.png?fit=1024%2C640&ssl=1",1024,640,true],"darknews-medium":["https:\/\/i0.wp.com\/queretaronetwork.tv\/wp-content\/uploads\/2022\/08\/jorge-n-el-roca-fiscalia-edomex.png?resize=720%2C530&ssl=1",720,530,true],"darknews-medium-square":["https:\/\/i0.wp.com\/queretaronetwork.tv\/wp-content\/uploads\/2022\/08\/jorge-n-el-roca-fiscalia-edomex.png?resize=350%2C350&ssl=1",350,350,true]},"author_info":{"info":["Editorial QNTV"]},"category_info":"<a href=\"https:\/\/queretaronetwork.tv\/category\/nacional\/\" rel=\"category tag\">Nacional<\/a> <a href=\"https:\/\/queretaronetwork.tv\/category\/policiaca\/\" rel=\"category tag\">Policiaca<\/a>","tag_info":"Policiaca","comment_count":"0","jetpack_featured_media_url":"https:\/\/i0.wp.com\/queretaronetwork.tv\/wp-content\/uploads\/2022\/08\/jorge-n-el-roca-fiscalia-edomex.png?fit=1200%2C750&ssl=1","jetpack_likes_enabled":true,"jetpack-related-posts":[{"id":21159,"url":"https:\/\/queretaronetwork.tv\/volvieron-a-capturar-a-erick-n-alias-el-85%e2%80%b3-cofundador-del-cjng\/","url_meta":{"origin":20762,"position":0},"title":"Volvieron a capturar a Erick \u201cN\u201d, alias \u201cEl 85\u2033, cofundador del CJNG","author":"Editorial QNTV","date":"6 septiembre, 2022","format":false,"excerpt":"Miembros del\u00a0ej\u00e9rcito\u00a0aseguraron a\u00a0Erick \u201cN\u201d, tambi\u00e9n conocido como\u00a0El 85, se\u00f1alado de ser un\u00a0miembro fundador\u00a0del C\u00e1rtel Jalisco Nueva Generaci\u00f3n (CJNG), es reconocido como uno de los generadores de violencia de dicho grupo criminal. Seg\u00fan los primeros informes, el detenido\u00a0ocupaba uno de los lugares destacados\u00a0en el\u00a0c\u00e1rtel de las cuatro letras,\u00a0adem\u00e1s es identificado como\u00a0uno\u2026","rel":"","context":"En &quot;Nacional&quot;","block_context":{"text":"Nacional","link":"https:\/\/queretaronetwork.tv\/category\/nacional\/"},"img":{"alt_text":"","src":"https:\/\/i0.wp.com\/queretaronetwork.tv\/wp-content\/uploads\/2022\/09\/erick_valencia_el85.png?fit=1201%2C740&ssl=1&resize=350%2C200","width":350,"height":200,"srcset":"https:\/\/i0.wp.com\/queretaronetwork.tv\/wp-content\/uploads\/2022\/09\/erick_valencia_el85.png?fit=1201%2C740&ssl=1&resize=350%2C200 1x, https:\/\/i0.wp.com\/queretaronetwork.tv\/wp-content\/uploads\/2022\/09\/erick_valencia_el85.png?fit=1201%2C740&ssl=1&resize=525%2C300 1.5x, https:\/\/i0.wp.com\/queretaronetwork.tv\/wp-content\/uploads\/2022\/09\/erick_valencia_el85.png?fit=1201%2C740&ssl=1&resize=700%2C400 2x, https:\/\/i0.wp.com\/queretaronetwork.tv\/wp-content\/uploads\/2022\/09\/erick_valencia_el85.png?fit=1201%2C740&ssl=1&resize=1050%2C600 3x"},"classes":[]},{"id":21162,"url":"https:\/\/queretaronetwork.tv\/volvieron-a-capturar-a-erick-n-alias-el-85\/","url_meta":{"origin":20762,"position":1},"title":"Volvieron a capturar a Erick \u201cN\u201d, alias \u201cEl 85\u2033, cofundador del CJNG","author":"Editorial QNTV","date":"6 septiembre, 2022","format":false,"excerpt":"Miembros del\u00a0ej\u00e9rcito\u00a0aseguraron a\u00a0Erick \u201cN\u201d, tambi\u00e9n conocido como\u00a0El 85, se\u00f1alado de ser un\u00a0miembro fundador\u00a0del C\u00e1rtel Jalisco Nueva Generaci\u00f3n (CJNG), es reconocido como uno de los generadores de violencia de dicho grupo criminal. Seg\u00fan los primeros informes, el detenido\u00a0ocupaba uno de los lugares destacados\u00a0en el\u00a0c\u00e1rtel de las cuatro letras,\u00a0adem\u00e1s es identificado como\u00a0uno\u2026","rel":"","context":"En &quot;Nacional&quot;","block_context":{"text":"Nacional","link":"https:\/\/queretaronetwork.tv\/category\/nacional\/"},"img":{"alt_text":"","src":"https:\/\/i0.wp.com\/queretaronetwork.tv\/wp-content\/uploads\/2022\/09\/erick_valencia_el85.png?fit=1201%2C740&ssl=1&resize=350%2C200","width":350,"height":200,"srcset":"https:\/\/i0.wp.com\/queretaronetwork.tv\/wp-content\/uploads\/2022\/09\/erick_valencia_el85.png?fit=1201%2C740&ssl=1&resize=350%2C200 1x, https:\/\/i0.wp.com\/queretaronetwork.tv\/wp-content\/uploads\/2022\/09\/erick_valencia_el85.png?fit=1201%2C740&ssl=1&resize=525%2C300 1.5x, https:\/\/i0.wp.com\/queretaronetwork.tv\/wp-content\/uploads\/2022\/09\/erick_valencia_el85.png?fit=1201%2C740&ssl=1&resize=700%2C400 2x, https:\/\/i0.wp.com\/queretaronetwork.tv\/wp-content\/uploads\/2022\/09\/erick_valencia_el85.png?fit=1201%2C740&ssl=1&resize=1050%2C600 3x"},"classes":[]},{"id":24347,"url":"https:\/\/queretaronetwork.tv\/zermeno-jefe-de-plaza-del-cjng-en-guanajuato-es-abatido-en-queretaro\/","url_meta":{"origin":20762,"position":2},"title":"\u2018Zerme\u00f1o\u2019, jefe de plaza del CJNG en Guanajuato, es abatido en Quer\u00e9taro","author":"Editorial QNTV","date":"17 noviembre, 2022","format":false,"excerpt":"Zerme\u00f1o, tambi\u00e9n conocido como \u2018El Chago\u2019, ser\u00eda responsable de la masacre en un bar en Apaseo el Alto, ocurrido a principios de noviembre.","rel":"","context":"En &quot;Estado&quot;","block_context":{"text":"Estado","link":"https:\/\/queretaronetwork.tv\/category\/estado\/"},"img":{"alt_text":"","src":"https:\/\/i0.wp.com\/queretaronetwork.tv\/wp-content\/uploads\/2022\/11\/WBUO6NQGWJERXIUMBAXVAONNFA.jpg?fit=800%2C533&ssl=1&resize=350%2C200","width":350,"height":200,"srcset":"https:\/\/i0.wp.com\/queretaronetwork.tv\/wp-content\/uploads\/2022\/11\/WBUO6NQGWJERXIUMBAXVAONNFA.jpg?fit=800%2C533&ssl=1&resize=350%2C200 1x, https:\/\/i0.wp.com\/queretaronetwork.tv\/wp-content\/uploads\/2022\/11\/WBUO6NQGWJERXIUMBAXVAONNFA.jpg?fit=800%2C533&ssl=1&resize=525%2C300 1.5x, https:\/\/i0.wp.com\/queretaronetwork.tv\/wp-content\/uploads\/2022\/11\/WBUO6NQGWJERXIUMBAXVAONNFA.jpg?fit=800%2C533&ssl=1&resize=700%2C400 2x"},"classes":[]},{"id":18483,"url":"https:\/\/queretaronetwork.tv\/cayo-el-negro-lider-de-los-rodolfos-banda-dedicada-a-la-extorsion-y-narcomenudeo-en-cdmx\/","url_meta":{"origin":20762,"position":3},"title":"Cay\u00f3 \u201cEl Negro\u201d, l\u00edder de \u201cLos Rodolfos\u201d, banda dedicada a la extorsi\u00f3n y narcomenudeo en CDMX","author":"Editorial QNTV","date":"22 julio, 2022","format":false,"excerpt":"La\u00a0Fiscal\u00eda General de Justicia\u00a0de la Ciudad de M\u00e9xico (FGJ CDMX) logr\u00f3 cumplir una orden de captura en contra de uno de los mayores generadores de violencia al sur de la capital. Se trata de\u00a0C\u00e9sar \u201cR\u201d, conocido con\u00a0El Negro, presunto l\u00edder de\u00a0Los Rodolfos. Los Rodolfos\u00a0son un grupo criminal que opera al\u00a0sur\u2026","rel":"","context":"En &quot;Nacional&quot;","block_context":{"text":"Nacional","link":"https:\/\/queretaronetwork.tv\/category\/nacional\/"},"img":{"alt_text":"","src":"https:\/\/i0.wp.com\/queretaronetwork.tv\/wp-content\/uploads\/2022\/07\/HX66RLLHI5EPZNGGW7GLZVDKNY.png?fit=768%2C432&ssl=1&resize=350%2C200","width":350,"height":200,"srcset":"https:\/\/i0.wp.com\/queretaronetwork.tv\/wp-content\/uploads\/2022\/07\/HX66RLLHI5EPZNGGW7GLZVDKNY.png?fit=768%2C432&ssl=1&resize=350%2C200 1x, https:\/\/i0.wp.com\/queretaronetwork.tv\/wp-content\/uploads\/2022\/07\/HX66RLLHI5EPZNGGW7GLZVDKNY.png?fit=768%2C432&ssl=1&resize=525%2C300 1.5x, https:\/\/i0.wp.com\/queretaronetwork.tv\/wp-content\/uploads\/2022\/07\/HX66RLLHI5EPZNGGW7GLZVDKNY.png?fit=768%2C432&ssl=1&resize=700%2C400 2x"},"classes":[]},{"id":18725,"url":"https:\/\/queretaronetwork.tv\/golpe-al-cjng-en-michoacan-detuvieron-a-37-sicarios-con-arsenal-de-alto-poder\/","url_meta":{"origin":20762,"position":4},"title":"Golpe al CJNG en Michoac\u00e1n: detuvieron a 37 sicarios con arsenal de alto poder","author":"Editorial QNTV","date":"27 julio, 2022","format":false,"excerpt":"Agentes del\u00a0Ej\u00e9rcito\u00a0encabezaron el operativo para detener a\u00a037\u00a0presuntos integrantes de una c\u00e9lula delictiva ligada al\u00a0C\u00e1rtel Jalisco Nueva Generaci\u00f3n\u00a0(CJNG), cuyas operaciones fueron identificadas al este de\u00a0Michoac\u00e1n. De acuerdo con el reporte de la\u00a0Secretar\u00eda de la Defensa Nacional\u00a0(Sedena), las intervenciones se realizaron en la\u00a0comunidad el Caracol\u00a0del municipio de\u00a0Ciudad Hidago, donde se encontraba el\u2026","rel":"","context":"En &quot;Nacional&quot;","block_context":{"text":"Nacional","link":"https:\/\/queretaronetwork.tv\/category\/nacional\/"},"img":{"alt_text":"","src":"https:\/\/i0.wp.com\/queretaronetwork.tv\/wp-content\/uploads\/2022\/07\/CEV23F4VHVALPKYRGLIM5HLQCI.png?fit=768%2C512&ssl=1&resize=350%2C200","width":350,"height":200,"srcset":"https:\/\/i0.wp.com\/queretaronetwork.tv\/wp-content\/uploads\/2022\/07\/CEV23F4VHVALPKYRGLIM5HLQCI.png?fit=768%2C512&ssl=1&resize=350%2C200 1x, https:\/\/i0.wp.com\/queretaronetwork.tv\/wp-content\/uploads\/2022\/07\/CEV23F4VHVALPKYRGLIM5HLQCI.png?fit=768%2C512&ssl=1&resize=525%2C300 1.5x, https:\/\/i0.wp.com\/queretaronetwork.tv\/wp-content\/uploads\/2022\/07\/CEV23F4VHVALPKYRGLIM5HLQCI.png?fit=768%2C512&ssl=1&resize=700%2C400 2x"},"classes":[]},{"id":24676,"url":"https:\/\/queretaronetwork.tv\/detienen-en-puebla-a-presunto-hermano-del-exgobernador-mario-marin\/","url_meta":{"origin":20762,"position":5},"title":"Detienen en Puebla a presunto hermano del exgobernador Mario Mar\u00edn","author":"Nalleli Ruiz","date":"28 noviembre, 2022","format":false,"excerpt":"Autoridades de Puebla detuvieron\u00a0al presunto\u00a0hermano\u00a0del\u00a0exgobernador Mario Mar\u00edn. Jos\u00e9 Hugo\u00a0N. fue asegurado en el municipio de\u00a0Teziutl\u00e1n\u00a0por presuntos delitos contra la salud en su modalidad de\u00a0narcomenudeo. El hombre se encontraba junto con otro hombre y dos mujeres al interior de un domicilio de la\u00a0colonia San Rafael\u00a0en el que se llev\u00f3 a cabo\u2026","rel":"","context":"En &quot;Nacional&quot;","block_context":{"text":"Nacional","link":"https:\/\/queretaronetwork.tv\/category\/nacional\/"},"img":{"alt_text":"","src":"https:\/\/i0.wp.com\/queretaronetwork.tv\/wp-content\/uploads\/2022\/11\/presunto-hermano-de-mario-marin.png?fit=1200%2C675&ssl=1&resize=350%2C200","width":350,"height":200,"srcset":"https:\/\/i0.wp.com\/queretaronetwork.tv\/wp-content\/uploads\/2022\/11\/presunto-hermano-de-mario-marin.png?fit=1200%2C675&ssl=1&resize=350%2C200 1x, https:\/\/i0.wp.com\/queretaronetwork.tv\/wp-content\/uploads\/2022\/11\/presunto-hermano-de-mario-marin.png?fit=1200%2C675&ssl=1&resize=525%2C300 1.5x, https:\/\/i0.wp.com\/queretaronetwork.tv\/wp-content\/uploads\/2022\/11\/presunto-hermano-de-mario-marin.png?fit=1200%2C675&ssl=1&resize=700%2C400 2x, https:\/\/i0.wp.com\/queretaronetwork.tv\/wp-content\/uploads\/2022\/11\/presunto-hermano-de-mario-marin.png?fit=1200%2C675&ssl=1&resize=1050%2C600 3x"},"classes":[]}],"jetpack_sharing_enabled":true,"jetpack_shortlink":"https:\/\/wp.me\/pardhb-5oS","_links":{"self":[{"href":"https:\/\/queretaronetwork.tv\/wp-json\/wp\/v2\/posts\/20762","targetHints":{"allow":["GET"]}}],"collection":[{"href":"https:\/\/queretaronetwork.tv\/wp-json\/wp\/v2\/posts"}],"about":[{"href":"https:\/\/queretaronetwork.tv\/wp-json\/wp\/v2\/types\/post"}],"author":[{"embeddable":true,"href":"https:\/\/queretaronetwork.tv\/wp-json\/wp\/v2\/users\/2"}],"replies":[{"embeddable":true,"href":"https:\/\/queretaronetwork.tv\/wp-json\/wp\/v2\/comments?post=20762"}],"version-history":[{"count":1,"href":"https:\/\/queretaronetwork.tv\/wp-json\/wp\/v2\/posts\/20762\/revisions"}],"predecessor-version":[{"id":20764,"href":"https:\/\/queretaronetwork.tv\/wp-json\/wp\/v2\/posts\/20762\/revisions\/20764"}],"wp:featuredmedia":[{"embeddable":true,"href":"https:\/\/queretaronetwork.tv\/wp-json\/wp\/v2\/media\/20763"}],"wp:attachment":[{"href":"https:\/\/queretaronetwork.tv\/wp-json\/wp\/v2\/media?parent=20762"}],"wp:term":[{"taxonomy":"category","embeddable":true,"href":"https:\/\/queretaronetwork.tv\/wp-json\/wp\/v2\/categories?post=20762"},{"taxonomy":"post_tag","embeddable":true,"href":"https:\/\/queretaronetwork.tv\/wp-json\/wp\/v2\/tags?post=20762"}],"curies":[{"name":"wp","href":"https:\/\/api.w.org\/{rel}","templated":true}]}}