{"id":21973,"date":"2022-09-22T17:07:18","date_gmt":"2022-09-22T22:07:18","guid":{"rendered":"https:\/\/queretaronetwork.tv\/?p=21973"},"modified":"2022-09-22T17:07:18","modified_gmt":"2022-09-22T22:07:18","slug":"encabeza-gobernador-la-inauguracion-de-kavak-city","status":"publish","type":"post","link":"https:\/\/queretaronetwork.tv\/encabeza-gobernador-la-inauguracion-de-kavak-city\/","title":{"rendered":"Encabeza Gobernador la inauguraci\u00f3n de Kavak City"},"content":{"rendered":"<p style=\"text-align: justify;\">Durante la inauguraci\u00f3n de Kavak City, ubicada en el Parque Industrial KAIZEN, en el municipio de Col\u00f3n, el gobernador del estado, Mauricio Kuri Gonz\u00e1lez, felicit\u00f3 a la mesa directiva de la compa\u00f1\u00eda por apostarle a Quer\u00e9taro para ser parte de su expansi\u00f3n nacional, pues asegur\u00f3 que en la entidad encontrar\u00e1n un entorno de paz social y laboral, as\u00ed como trabajadoras y trabajadores altamente calificados, lo que les permitir\u00e1 prosperar de manera conjunta con la econom\u00eda local.<\/p>\n<p style=\"text-align: justify;\">\u201cLe apostamos much\u00edsimo al trabajo, a la seguridad, porque a partir de ah\u00ed viene todo lo bueno (&#8230;), que les vaya muy bien, de eso se trata, que nos vaya muy bien, y sacar a la gente de la pobreza a base del empleo\u201d, expres\u00f3.<\/p>\n<p style=\"text-align: justify;\">Kavak City, es el centro de reacondicionamiento automotriz m\u00e1s grande de la regi\u00f3n del Baj\u00edo; actualmente cuentan con dos sucursales en los centros comerciales Plaza Antea y Puerta la Victoria, en Quer\u00e9taro, con m\u00e1s de mil autom\u00f3viles en inventario.<\/p>\n<p style=\"text-align: justify;\">En este sentido, Kuri Gonz\u00e1lez enfatiz\u00f3 que se trata de una empresa l\u00edder en el rubro, ejemplo de creatividad, innovaci\u00f3n y emprendedurismo mexicano, que dejar\u00e1 un camino a seguir para las futuras generaciones; se\u00f1al\u00f3 que gracias a ello, han logrado satisfactoriamente cubrir la demanda de un mercado emergente, contribuyendo as\u00ed a mejorar la calidad de vida de las personas.<\/p>\n<p style=\"text-align: justify;\">En su momento, el director general de Kavak M\u00e9xico, Alejandro Guerra Escamez, agradeci\u00f3 la participaci\u00f3n tanto del municipio como del estado para sentar las condiciones necesarias para el crecimiento de la empresa, ofreciendo certidumbre de inversi\u00f3n; de igual forma, reconoci\u00f3 la calidad y el talento de la mano de obra queretana.<\/p>\n<p style=\"text-align: justify;\">&#8220;Hoy inauguramos un sue\u00f1o, un centro de reacondicionamiento que es uno de los m\u00e1s importantes que tenemos a nivel nacional, tenemos 60 mil metros cuadrados en esta ubicaci\u00f3n, 25 mil bajo bodega, con capacidad de reacondicionar m\u00e1s de tres mil autos mensuales; y, de lo que m\u00e1s estamos orgullosos, es de las 200 personas que trabajan con nosotros en este muy importante estado&#8221;, comparti\u00f3.<\/p>\n<p style=\"text-align: justify;\">Mientras que, el presidente municipal de Col\u00f3n, Manuel Montes Hern\u00e1ndez, refrend\u00f3 su compromiso de colaborar con gobierno del estado en los trabajos por impulsar un entorno competitivo, consolidando a la demarcaci\u00f3n como un destino confiable y un detonante para el progreso y desarrollo de sus habitantes.<\/p>\n<p style=\"text-align: justify;\">Kavak es una empresa mexicana que se dedicada a la compra-venta de autos seminuevos en Latinoam\u00e9rica, con una valuaci\u00f3n de m\u00e1s de ocho mil 700 millones de d\u00f3lares; asimismo, tiene presencia en 24 ciudades en siete pa\u00edses alrededor del mundo, con m\u00e1s de siete mil empleados distribuidos en 75 centros log\u00edsticos y un inventario de 28 mil autom\u00f3viles.<\/p>\n","protected":false},"excerpt":{"rendered":"<p>Durante la inauguraci\u00f3n de Kavak City, ubicada en el Parque Industrial KAIZEN, en el municipio de Col\u00f3n, el<\/p>\n","protected":false},"author":2,"featured_media":21974,"comment_status":"open","ping_status":"closed","sticky":false,"template":"","format":"standard","meta":{"jetpack_post_was_ever_published":false,"_jetpack_newsletter_access":"","_jetpack_dont_email_post_to_subs":false,"_jetpack_newsletter_tier_id":0,"_jetpack_memberships_contains_paywalled_content":false,"_jetpack_memberships_contains_paid_content":false,"footnotes":"","jetpack_publicize_message":"","jetpack_publicize_feature_enabled":true,"jetpack_social_post_already_shared":true,"jetpack_social_options":{"image_generator_settings":{"template":"highway","default_image_id":0,"font":"","enabled":false},"version":2}},"categories":[973,102],"tags":[],"class_list":["post-21973","post","type-post","status-publish","format-standard","has-post-thumbnail","hentry","category-estado","category-queretaro"],"yoast_head":"<!-- This site is optimized with the Yoast SEO plugin v26.4 - https:\/\/yoast.com\/wordpress\/plugins\/seo\/ -->\n<title>Encabeza Gobernador la inauguraci\u00f3n de Kavak City -<\/title>\n<meta name=\"robots\" content=\"index, follow, max-snippet:-1, max-image-preview:large, max-video-preview:-1\" \/>\n<link rel=\"canonical\" href=\"https:\/\/queretaronetwork.tv\/encabeza-gobernador-la-inauguracion-de-kavak-city\/\" \/>\n<meta property=\"og:locale\" content=\"es_MX\" \/>\n<meta property=\"og:type\" content=\"article\" \/>\n<meta property=\"og:title\" content=\"Encabeza Gobernador la inauguraci\u00f3n de Kavak City -\" \/>\n<meta property=\"og:description\" content=\"Durante la inauguraci\u00f3n de Kavak City, ubicada en el Parque Industrial KAIZEN, en el municipio de Col\u00f3n, el\" \/>\n<meta property=\"og:url\" content=\"https:\/\/queretaronetwork.tv\/encabeza-gobernador-la-inauguracion-de-kavak-city\/\" \/>\n<meta property=\"article:publisher\" content=\"https:\/\/www.facebook.com\/QroNTV\/\" \/>\n<meta property=\"article:published_time\" content=\"2022-09-22T22:07:18+00:00\" \/>\n<meta property=\"og:image\" content=\"https:\/\/queretaronetwork.tv\/wp-content\/uploads\/2022\/09\/71_273_37767_12772939_IMG_9181-1024x682.jpg\" \/>\n\t<meta property=\"og:image:width\" content=\"1024\" \/>\n\t<meta property=\"og:image:height\" content=\"682\" \/>\n\t<meta property=\"og:image:type\" content=\"image\/jpeg\" \/>\n<meta name=\"author\" content=\"Editorial QNTV\" \/>\n<meta name=\"twitter:card\" content=\"summary_large_image\" \/>\n<meta name=\"twitter:creator\" content=\"@QNTV6\" \/>\n<meta name=\"twitter:site\" content=\"@QNTV6\" \/>\n<meta name=\"twitter:label1\" content=\"Escrito por\" \/>\n\t<meta name=\"twitter:data1\" content=\"Editorial QNTV\" \/>\n\t<meta name=\"twitter:label2\" content=\"Tiempo de lectura\" \/>\n\t<meta name=\"twitter:data2\" content=\"3 minutos\" \/>\n<script type=\"application\/ld+json\" class=\"yoast-schema-graph\">{\"@context\":\"https:\/\/schema.org\",\"@graph\":[{\"@type\":\"Article\",\"@id\":\"https:\/\/queretaronetwork.tv\/encabeza-gobernador-la-inauguracion-de-kavak-city\/#article\",\"isPartOf\":{\"@id\":\"https:\/\/queretaronetwork.tv\/encabeza-gobernador-la-inauguracion-de-kavak-city\/\"},\"author\":{\"name\":\"Editorial QNTV\",\"@id\":\"https:\/\/queretaronetwork.tv\/#\/schema\/person\/1200b23397cd8ce55a25cb08ca51b5f2\"},\"headline\":\"Encabeza Gobernador la inauguraci\u00f3n de Kavak City\",\"datePublished\":\"2022-09-22T22:07:18+00:00\",\"mainEntityOfPage\":{\"@id\":\"https:\/\/queretaronetwork.tv\/encabeza-gobernador-la-inauguracion-de-kavak-city\/\"},\"wordCount\":476,\"commentCount\":0,\"publisher\":{\"@id\":\"https:\/\/queretaronetwork.tv\/#organization\"},\"image\":{\"@id\":\"https:\/\/queretaronetwork.tv\/encabeza-gobernador-la-inauguracion-de-kavak-city\/#primaryimage\"},\"thumbnailUrl\":\"https:\/\/i0.wp.com\/queretaronetwork.tv\/wp-content\/uploads\/2022\/09\/71_273_37767_12772939_IMG_9181.jpg?fit=2000%2C1333&ssl=1\",\"articleSection\":[\"Estado\",\"Quer\u00e9taro\"],\"inLanguage\":\"es\",\"potentialAction\":[{\"@type\":\"CommentAction\",\"name\":\"Comment\",\"target\":[\"https:\/\/queretaronetwork.tv\/encabeza-gobernador-la-inauguracion-de-kavak-city\/#respond\"]}]},{\"@type\":\"WebPage\",\"@id\":\"https:\/\/queretaronetwork.tv\/encabeza-gobernador-la-inauguracion-de-kavak-city\/\",\"url\":\"https:\/\/queretaronetwork.tv\/encabeza-gobernador-la-inauguracion-de-kavak-city\/\",\"name\":\"Encabeza Gobernador la inauguraci\u00f3n de Kavak City -\",\"isPartOf\":{\"@id\":\"https:\/\/queretaronetwork.tv\/#website\"},\"primaryImageOfPage\":{\"@id\":\"https:\/\/queretaronetwork.tv\/encabeza-gobernador-la-inauguracion-de-kavak-city\/#primaryimage\"},\"image\":{\"@id\":\"https:\/\/queretaronetwork.tv\/encabeza-gobernador-la-inauguracion-de-kavak-city\/#primaryimage\"},\"thumbnailUrl\":\"https:\/\/i0.wp.com\/queretaronetwork.tv\/wp-content\/uploads\/2022\/09\/71_273_37767_12772939_IMG_9181.jpg?fit=2000%2C1333&ssl=1\",\"datePublished\":\"2022-09-22T22:07:18+00:00\",\"breadcrumb\":{\"@id\":\"https:\/\/queretaronetwork.tv\/encabeza-gobernador-la-inauguracion-de-kavak-city\/#breadcrumb\"},\"inLanguage\":\"es\",\"potentialAction\":[{\"@type\":\"ReadAction\",\"target\":[\"https:\/\/queretaronetwork.tv\/encabeza-gobernador-la-inauguracion-de-kavak-city\/\"]}]},{\"@type\":\"ImageObject\",\"inLanguage\":\"es\",\"@id\":\"https:\/\/queretaronetwork.tv\/encabeza-gobernador-la-inauguracion-de-kavak-city\/#primaryimage\",\"url\":\"https:\/\/i0.wp.com\/queretaronetwork.tv\/wp-content\/uploads\/2022\/09\/71_273_37767_12772939_IMG_9181.jpg?fit=2000%2C1333&ssl=1\",\"contentUrl\":\"https:\/\/i0.wp.com\/queretaronetwork.tv\/wp-content\/uploads\/2022\/09\/71_273_37767_12772939_IMG_9181.jpg?fit=2000%2C1333&ssl=1\",\"width\":2000,\"height\":1333},{\"@type\":\"BreadcrumbList\",\"@id\":\"https:\/\/queretaronetwork.tv\/encabeza-gobernador-la-inauguracion-de-kavak-city\/#breadcrumb\",\"itemListElement\":[{\"@type\":\"ListItem\",\"position\":1,\"name\":\"Inicio\",\"item\":\"https:\/\/queretaronetwork.tv\/\"},{\"@type\":\"ListItem\",\"position\":2,\"name\":\"Encabeza Gobernador la inauguraci\u00f3n de Kavak City\"}]},{\"@type\":\"WebSite\",\"@id\":\"https:\/\/queretaronetwork.tv\/#website\",\"url\":\"https:\/\/queretaronetwork.tv\/\",\"name\":\"Quer\u00e9taro Network TV\",\"description\":\"Medio de Comunicaci\u00f3n Digital, Noticias y Canal de Tv ONLine\",\"publisher\":{\"@id\":\"https:\/\/queretaronetwork.tv\/#organization\"},\"potentialAction\":[{\"@type\":\"SearchAction\",\"target\":{\"@type\":\"EntryPoint\",\"urlTemplate\":\"https:\/\/queretaronetwork.tv\/?s={search_term_string}\"},\"query-input\":{\"@type\":\"PropertyValueSpecification\",\"valueRequired\":true,\"valueName\":\"search_term_string\"}}],\"inLanguage\":\"es\"},{\"@type\":\"Organization\",\"@id\":\"https:\/\/queretaronetwork.tv\/#organization\",\"name\":\"Quer\u00e9taro Network TV\",\"url\":\"https:\/\/queretaronetwork.tv\/\",\"logo\":{\"@type\":\"ImageObject\",\"inLanguage\":\"es\",\"@id\":\"https:\/\/queretaronetwork.tv\/#\/schema\/logo\/image\/\",\"url\":\"https:\/\/i0.wp.com\/queretaronetwork.tv\/wp-content\/uploads\/2020\/02\/LOGONUEVOCIRCULARQNTV2020-e1595007713656.png?fit=583%2C564&ssl=1\",\"contentUrl\":\"https:\/\/i0.wp.com\/queretaronetwork.tv\/wp-content\/uploads\/2020\/02\/LOGONUEVOCIRCULARQNTV2020-e1595007713656.png?fit=583%2C564&ssl=1\",\"width\":583,\"height\":564,\"caption\":\"Quer\u00e9taro Network TV\"},\"image\":{\"@id\":\"https:\/\/queretaronetwork.tv\/#\/schema\/logo\/image\/\"},\"sameAs\":[\"https:\/\/www.facebook.com\/QroNTV\/\",\"https:\/\/x.com\/QNTV6\",\"https:\/\/www.instagram.com\/queretaronetworktv\/\",\"https:\/\/www.youtube.com\/channel\/UCav1cE_tCaccVZOLJpqZIyA?view_as=subscriber\"]},{\"@type\":\"Person\",\"@id\":\"https:\/\/queretaronetwork.tv\/#\/schema\/person\/1200b23397cd8ce55a25cb08ca51b5f2\",\"name\":\"Editorial QNTV\",\"image\":{\"@type\":\"ImageObject\",\"inLanguage\":\"es\",\"@id\":\"https:\/\/queretaronetwork.tv\/#\/schema\/person\/image\/\",\"url\":\"https:\/\/secure.gravatar.com\/avatar\/c736b7feb12a69c0911796e1381d5be7aa79cd6ca5a0cb325913d75e4c0cdcbd?s=96&d=mm&r=g\",\"contentUrl\":\"https:\/\/secure.gravatar.com\/avatar\/c736b7feb12a69c0911796e1381d5be7aa79cd6ca5a0cb325913d75e4c0cdcbd?s=96&d=mm&r=g\",\"caption\":\"Editorial QNTV\"},\"url\":\"https:\/\/queretaronetwork.tv\/author\/editorial\/\"}]}<\/script>\n<!-- \/ Yoast SEO plugin. -->","yoast_head_json":{"title":"Encabeza Gobernador la inauguraci\u00f3n de Kavak City -","robots":{"index":"index","follow":"follow","max-snippet":"max-snippet:-1","max-image-preview":"max-image-preview:large","max-video-preview":"max-video-preview:-1"},"canonical":"https:\/\/queretaronetwork.tv\/encabeza-gobernador-la-inauguracion-de-kavak-city\/","og_locale":"es_MX","og_type":"article","og_title":"Encabeza Gobernador la inauguraci\u00f3n de Kavak City -","og_description":"Durante la inauguraci\u00f3n de Kavak City, ubicada en el Parque Industrial KAIZEN, en el municipio de Col\u00f3n, el","og_url":"https:\/\/queretaronetwork.tv\/encabeza-gobernador-la-inauguracion-de-kavak-city\/","article_publisher":"https:\/\/www.facebook.com\/QroNTV\/","article_published_time":"2022-09-22T22:07:18+00:00","og_image":[{"width":1024,"height":682,"url":"https:\/\/queretaronetwork.tv\/wp-content\/uploads\/2022\/09\/71_273_37767_12772939_IMG_9181-1024x682.jpg","type":"image\/jpeg"}],"author":"Editorial QNTV","twitter_card":"summary_large_image","twitter_creator":"@QNTV6","twitter_site":"@QNTV6","twitter_misc":{"Escrito por":"Editorial QNTV","Tiempo de lectura":"3 minutos"},"schema":{"@context":"https:\/\/schema.org","@graph":[{"@type":"Article","@id":"https:\/\/queretaronetwork.tv\/encabeza-gobernador-la-inauguracion-de-kavak-city\/#article","isPartOf":{"@id":"https:\/\/queretaronetwork.tv\/encabeza-gobernador-la-inauguracion-de-kavak-city\/"},"author":{"name":"Editorial QNTV","@id":"https:\/\/queretaronetwork.tv\/#\/schema\/person\/1200b23397cd8ce55a25cb08ca51b5f2"},"headline":"Encabeza Gobernador la inauguraci\u00f3n de Kavak City","datePublished":"2022-09-22T22:07:18+00:00","mainEntityOfPage":{"@id":"https:\/\/queretaronetwork.tv\/encabeza-gobernador-la-inauguracion-de-kavak-city\/"},"wordCount":476,"commentCount":0,"publisher":{"@id":"https:\/\/queretaronetwork.tv\/#organization"},"image":{"@id":"https:\/\/queretaronetwork.tv\/encabeza-gobernador-la-inauguracion-de-kavak-city\/#primaryimage"},"thumbnailUrl":"https:\/\/i0.wp.com\/queretaronetwork.tv\/wp-content\/uploads\/2022\/09\/71_273_37767_12772939_IMG_9181.jpg?fit=2000%2C1333&ssl=1","articleSection":["Estado","Quer\u00e9taro"],"inLanguage":"es","potentialAction":[{"@type":"CommentAction","name":"Comment","target":["https:\/\/queretaronetwork.tv\/encabeza-gobernador-la-inauguracion-de-kavak-city\/#respond"]}]},{"@type":"WebPage","@id":"https:\/\/queretaronetwork.tv\/encabeza-gobernador-la-inauguracion-de-kavak-city\/","url":"https:\/\/queretaronetwork.tv\/encabeza-gobernador-la-inauguracion-de-kavak-city\/","name":"Encabeza Gobernador la inauguraci\u00f3n de Kavak City -","isPartOf":{"@id":"https:\/\/queretaronetwork.tv\/#website"},"primaryImageOfPage":{"@id":"https:\/\/queretaronetwork.tv\/encabeza-gobernador-la-inauguracion-de-kavak-city\/#primaryimage"},"image":{"@id":"https:\/\/queretaronetwork.tv\/encabeza-gobernador-la-inauguracion-de-kavak-city\/#primaryimage"},"thumbnailUrl":"https:\/\/i0.wp.com\/queretaronetwork.tv\/wp-content\/uploads\/2022\/09\/71_273_37767_12772939_IMG_9181.jpg?fit=2000%2C1333&ssl=1","datePublished":"2022-09-22T22:07:18+00:00","breadcrumb":{"@id":"https:\/\/queretaronetwork.tv\/encabeza-gobernador-la-inauguracion-de-kavak-city\/#breadcrumb"},"inLanguage":"es","potentialAction":[{"@type":"ReadAction","target":["https:\/\/queretaronetwork.tv\/encabeza-gobernador-la-inauguracion-de-kavak-city\/"]}]},{"@type":"ImageObject","inLanguage":"es","@id":"https:\/\/queretaronetwork.tv\/encabeza-gobernador-la-inauguracion-de-kavak-city\/#primaryimage","url":"https:\/\/i0.wp.com\/queretaronetwork.tv\/wp-content\/uploads\/2022\/09\/71_273_37767_12772939_IMG_9181.jpg?fit=2000%2C1333&ssl=1","contentUrl":"https:\/\/i0.wp.com\/queretaronetwork.tv\/wp-content\/uploads\/2022\/09\/71_273_37767_12772939_IMG_9181.jpg?fit=2000%2C1333&ssl=1","width":2000,"height":1333},{"@type":"BreadcrumbList","@id":"https:\/\/queretaronetwork.tv\/encabeza-gobernador-la-inauguracion-de-kavak-city\/#breadcrumb","itemListElement":[{"@type":"ListItem","position":1,"name":"Inicio","item":"https:\/\/queretaronetwork.tv\/"},{"@type":"ListItem","position":2,"name":"Encabeza Gobernador la inauguraci\u00f3n de Kavak City"}]},{"@type":"WebSite","@id":"https:\/\/queretaronetwork.tv\/#website","url":"https:\/\/queretaronetwork.tv\/","name":"Quer\u00e9taro Network TV","description":"Medio de Comunicaci\u00f3n Digital, Noticias y Canal de Tv ONLine","publisher":{"@id":"https:\/\/queretaronetwork.tv\/#organization"},"potentialAction":[{"@type":"SearchAction","target":{"@type":"EntryPoint","urlTemplate":"https:\/\/queretaronetwork.tv\/?s={search_term_string}"},"query-input":{"@type":"PropertyValueSpecification","valueRequired":true,"valueName":"search_term_string"}}],"inLanguage":"es"},{"@type":"Organization","@id":"https:\/\/queretaronetwork.tv\/#organization","name":"Quer\u00e9taro Network TV","url":"https:\/\/queretaronetwork.tv\/","logo":{"@type":"ImageObject","inLanguage":"es","@id":"https:\/\/queretaronetwork.tv\/#\/schema\/logo\/image\/","url":"https:\/\/i0.wp.com\/queretaronetwork.tv\/wp-content\/uploads\/2020\/02\/LOGONUEVOCIRCULARQNTV2020-e1595007713656.png?fit=583%2C564&ssl=1","contentUrl":"https:\/\/i0.wp.com\/queretaronetwork.tv\/wp-content\/uploads\/2020\/02\/LOGONUEVOCIRCULARQNTV2020-e1595007713656.png?fit=583%2C564&ssl=1","width":583,"height":564,"caption":"Quer\u00e9taro Network TV"},"image":{"@id":"https:\/\/queretaronetwork.tv\/#\/schema\/logo\/image\/"},"sameAs":["https:\/\/www.facebook.com\/QroNTV\/","https:\/\/x.com\/QNTV6","https:\/\/www.instagram.com\/queretaronetworktv\/","https:\/\/www.youtube.com\/channel\/UCav1cE_tCaccVZOLJpqZIyA?view_as=subscriber"]},{"@type":"Person","@id":"https:\/\/queretaronetwork.tv\/#\/schema\/person\/1200b23397cd8ce55a25cb08ca51b5f2","name":"Editorial QNTV","image":{"@type":"ImageObject","inLanguage":"es","@id":"https:\/\/queretaronetwork.tv\/#\/schema\/person\/image\/","url":"https:\/\/secure.gravatar.com\/avatar\/c736b7feb12a69c0911796e1381d5be7aa79cd6ca5a0cb325913d75e4c0cdcbd?s=96&d=mm&r=g","contentUrl":"https:\/\/secure.gravatar.com\/avatar\/c736b7feb12a69c0911796e1381d5be7aa79cd6ca5a0cb325913d75e4c0cdcbd?s=96&d=mm&r=g","caption":"Editorial QNTV"},"url":"https:\/\/queretaronetwork.tv\/author\/editorial\/"}]}},"jetpack_publicize_connections":[],"featured_image_urls":{"full":["https:\/\/i0.wp.com\/queretaronetwork.tv\/wp-content\/uploads\/2022\/09\/71_273_37767_12772939_IMG_9181.jpg?fit=2000%2C1333&ssl=1",2000,1333,false],"thumbnail":["https:\/\/i0.wp.com\/queretaronetwork.tv\/wp-content\/uploads\/2022\/09\/71_273_37767_12772939_IMG_9181.jpg?resize=150%2C150&ssl=1",150,150,true],"medium":["https:\/\/i0.wp.com\/queretaronetwork.tv\/wp-content\/uploads\/2022\/09\/71_273_37767_12772939_IMG_9181.jpg?fit=300%2C200&ssl=1",300,200,true],"medium_large":["https:\/\/i0.wp.com\/queretaronetwork.tv\/wp-content\/uploads\/2022\/09\/71_273_37767_12772939_IMG_9181.jpg?fit=640%2C427&ssl=1",640,427,true],"large":["https:\/\/i0.wp.com\/queretaronetwork.tv\/wp-content\/uploads\/2022\/09\/71_273_37767_12772939_IMG_9181.jpg?fit=640%2C426&ssl=1",640,426,true],"1536x1536":["https:\/\/i0.wp.com\/queretaronetwork.tv\/wp-content\/uploads\/2022\/09\/71_273_37767_12772939_IMG_9181.jpg?fit=1536%2C1024&ssl=1",1536,1024,true],"2048x2048":["https:\/\/i0.wp.com\/queretaronetwork.tv\/wp-content\/uploads\/2022\/09\/71_273_37767_12772939_IMG_9181.jpg?fit=2000%2C1333&ssl=1",2000,1333,true],"darknews-slider-full":["https:\/\/i0.wp.com\/queretaronetwork.tv\/wp-content\/uploads\/2022\/09\/71_273_37767_12772939_IMG_9181.jpg?resize=1280%2C720&ssl=1",1280,720,true],"darknews-featured":["https:\/\/i0.wp.com\/queretaronetwork.tv\/wp-content\/uploads\/2022\/09\/71_273_37767_12772939_IMG_9181.jpg?fit=1024%2C682&ssl=1",1024,682,true],"darknews-medium":["https:\/\/i0.wp.com\/queretaronetwork.tv\/wp-content\/uploads\/2022\/09\/71_273_37767_12772939_IMG_9181.jpg?resize=720%2C530&ssl=1",720,530,true],"darknews-medium-square":["https:\/\/i0.wp.com\/queretaronetwork.tv\/wp-content\/uploads\/2022\/09\/71_273_37767_12772939_IMG_9181.jpg?resize=350%2C350&ssl=1",350,350,true]},"author_info":{"info":["Editorial QNTV"]},"category_info":"<a href=\"https:\/\/queretaronetwork.tv\/category\/estado\/\" rel=\"category tag\">Estado<\/a> <a href=\"https:\/\/queretaronetwork.tv\/category\/local\/queretaro\/\" rel=\"category tag\">Quer\u00e9taro<\/a>","tag_info":"Quer\u00e9taro","comment_count":"0","jetpack_featured_media_url":"https:\/\/i0.wp.com\/queretaronetwork.tv\/wp-content\/uploads\/2022\/09\/71_273_37767_12772939_IMG_9181.jpg?fit=2000%2C1333&ssl=1","jetpack_likes_enabled":true,"jetpack-related-posts":[{"id":9252,"url":"https:\/\/queretaronetwork.tv\/arranca-kavak-hub-en-queretaro\/","url_meta":{"origin":21973,"position":0},"title":"Arranca Kavak Hub en Quer\u00e9taro","author":"Editorial QNTV","date":"19 mayo, 2021","format":false,"excerpt":"El secretario Particular, Rodrigo Ruiz Ballesteros, acudi\u00f3 en representaci\u00f3n del gobernador del estado, a la inauguraci\u00f3n del showroom de Kavak Hub, evento en el que estuvo presente la encargada de despacho de la Secretar\u00eda de Desarrollo Sustentable (SEDESU). Kavak es una plataforma en l\u00ednea de compra y venta de veh\u00edculos\u2026","rel":"","context":"En &quot;Quer\u00e9taro&quot;","block_context":{"text":"Quer\u00e9taro","link":"https:\/\/queretaronetwork.tv\/category\/local\/queretaro\/"},"img":{"alt_text":"","src":"https:\/\/i0.wp.com\/queretaronetwork.tv\/wp-content\/uploads\/2021\/05\/71_273_32810_1319213447_FDA7ABD0-AE49-4D02-9BB2-94E4FFD12D98.jpeg?fit=1034%2C690&ssl=1&resize=350%2C200","width":350,"height":200,"srcset":"https:\/\/i0.wp.com\/queretaronetwork.tv\/wp-content\/uploads\/2021\/05\/71_273_32810_1319213447_FDA7ABD0-AE49-4D02-9BB2-94E4FFD12D98.jpeg?fit=1034%2C690&ssl=1&resize=350%2C200 1x, https:\/\/i0.wp.com\/queretaronetwork.tv\/wp-content\/uploads\/2021\/05\/71_273_32810_1319213447_FDA7ABD0-AE49-4D02-9BB2-94E4FFD12D98.jpeg?fit=1034%2C690&ssl=1&resize=525%2C300 1.5x, https:\/\/i0.wp.com\/queretaronetwork.tv\/wp-content\/uploads\/2021\/05\/71_273_32810_1319213447_FDA7ABD0-AE49-4D02-9BB2-94E4FFD12D98.jpeg?fit=1034%2C690&ssl=1&resize=700%2C400 2x"},"classes":[]},{"id":23508,"url":"https:\/\/queretaronetwork.tv\/preside-gobernador-celebracion-del-xvii-aniversario-de-la-federacion-de-uniones-de-comerciantes-queretanos-en-pequeno\/","url_meta":{"origin":21973,"position":1},"title":"Preside Gobernador celebraci\u00f3n del XVII Aniversario de la Federaci\u00f3n de Uniones de Comerciantes Queretanos en Peque\u00f1o","author":"Nalleli Ruiz","date":"31 octubre, 2022","format":false,"excerpt":"El gobernador, Mauricio Kuri Gonz\u00e1lez, encabez\u00f3 la celebraci\u00f3n del XVII Aniversario de la Federaci\u00f3n de Uniones de Comerciantes Queretanos en Peque\u00f1o (FUCQ), evento en el que reconoci\u00f3 a los integrantes de la organizaci\u00f3n como parte fundamental de una cadena econ\u00f3mica que beneficia a la entidad, al tender puentes entre lo\u2026","rel":"","context":"En &quot;Estado&quot;","block_context":{"text":"Estado","link":"https:\/\/queretaronetwork.tv\/category\/estado\/"},"img":{"alt_text":"","src":"https:\/\/i0.wp.com\/queretaronetwork.tv\/wp-content\/uploads\/2022\/10\/71_273_38264_911440968_57390606-AFCE-4F49-83DA-276963972F76.jpeg?fit=1200%2C800&ssl=1&resize=350%2C200","width":350,"height":200,"srcset":"https:\/\/i0.wp.com\/queretaronetwork.tv\/wp-content\/uploads\/2022\/10\/71_273_38264_911440968_57390606-AFCE-4F49-83DA-276963972F76.jpeg?fit=1200%2C800&ssl=1&resize=350%2C200 1x, https:\/\/i0.wp.com\/queretaronetwork.tv\/wp-content\/uploads\/2022\/10\/71_273_38264_911440968_57390606-AFCE-4F49-83DA-276963972F76.jpeg?fit=1200%2C800&ssl=1&resize=525%2C300 1.5x, https:\/\/i0.wp.com\/queretaronetwork.tv\/wp-content\/uploads\/2022\/10\/71_273_38264_911440968_57390606-AFCE-4F49-83DA-276963972F76.jpeg?fit=1200%2C800&ssl=1&resize=700%2C400 2x, https:\/\/i0.wp.com\/queretaronetwork.tv\/wp-content\/uploads\/2022\/10\/71_273_38264_911440968_57390606-AFCE-4F49-83DA-276963972F76.jpeg?fit=1200%2C800&ssl=1&resize=1050%2C600 3x"},"classes":[]},{"id":24709,"url":"https:\/\/queretaronetwork.tv\/queretaro-mantiene-una-recuperacion-en-el-turismo-del-35\/","url_meta":{"origin":21973,"position":2},"title":"Quer\u00e9taro mantiene una recuperaci\u00f3n en el turismo del 35%","author":"Editorial QNTV","date":"29 noviembre, 2022","format":false,"excerpt":"Se realizar\u00e1 el Encuentro de Negocios con el Sector Turismo del 29 al 30 de noviembre","rel":"","context":"En &quot;Quer\u00e9taro&quot;","block_context":{"text":"Quer\u00e9taro","link":"https:\/\/queretaronetwork.tv\/category\/local\/queretaro\/"},"img":{"alt_text":"","src":"https:\/\/i0.wp.com\/queretaronetwork.tv\/wp-content\/uploads\/2022\/11\/TURISMO.jpeg?fit=850%2C560&ssl=1&resize=350%2C200","width":350,"height":200,"srcset":"https:\/\/i0.wp.com\/queretaronetwork.tv\/wp-content\/uploads\/2022\/11\/TURISMO.jpeg?fit=850%2C560&ssl=1&resize=350%2C200 1x, https:\/\/i0.wp.com\/queretaronetwork.tv\/wp-content\/uploads\/2022\/11\/TURISMO.jpeg?fit=850%2C560&ssl=1&resize=525%2C300 1.5x, https:\/\/i0.wp.com\/queretaronetwork.tv\/wp-content\/uploads\/2022\/11\/TURISMO.jpeg?fit=850%2C560&ssl=1&resize=700%2C400 2x"},"classes":[]},{"id":22015,"url":"https:\/\/queretaronetwork.tv\/asiste-gobernador-a-la-inauguracion-de-la-unidad-de-investigacion-de-ortesis-y-protesis-asi-como-de-la-red-sismica-de-queretaro\/","url_meta":{"origin":21973,"position":3},"title":"Asiste Gobernador a la inauguraci\u00f3n de la Unidad de Investigaci\u00f3n de \u00d3rtesis y Pr\u00f3tesis, as\u00ed como de la Red S\u00edsmica de Quer\u00e9taro","author":"Editorial QNTV","date":"23 septiembre, 2022","format":false,"excerpt":"El gobernador del estado, Mauricio Kuri Gonz\u00e1lez, en compa\u00f1\u00eda del rector de la Universidad Nacional Aut\u00f3noma de M\u00e9xico (UNAM), Enrique Graue Wiechers, inaugur\u00f3 la Unidad de Investigaci\u00f3n de \u00d3rtesis y Pr\u00f3tesis, as\u00ed como la Red S\u00edsmica de Quer\u00e9taro, a trav\u00e9s de las cuales el instituto educativo brinda seguridad y atenci\u00f3n\u2026","rel":"","context":"En &quot;Estado&quot;","block_context":{"text":"Estado","link":"https:\/\/queretaronetwork.tv\/category\/estado\/"},"img":{"alt_text":"","src":"https:\/\/i0.wp.com\/queretaronetwork.tv\/wp-content\/uploads\/2022\/09\/71_273_37783_1632727548_IMG_20220923_143932_535.jpg?fit=1200%2C800&ssl=1&resize=350%2C200","width":350,"height":200,"srcset":"https:\/\/i0.wp.com\/queretaronetwork.tv\/wp-content\/uploads\/2022\/09\/71_273_37783_1632727548_IMG_20220923_143932_535.jpg?fit=1200%2C800&ssl=1&resize=350%2C200 1x, https:\/\/i0.wp.com\/queretaronetwork.tv\/wp-content\/uploads\/2022\/09\/71_273_37783_1632727548_IMG_20220923_143932_535.jpg?fit=1200%2C800&ssl=1&resize=525%2C300 1.5x, https:\/\/i0.wp.com\/queretaronetwork.tv\/wp-content\/uploads\/2022\/09\/71_273_37783_1632727548_IMG_20220923_143932_535.jpg?fit=1200%2C800&ssl=1&resize=700%2C400 2x, https:\/\/i0.wp.com\/queretaronetwork.tv\/wp-content\/uploads\/2022\/09\/71_273_37783_1632727548_IMG_20220923_143932_535.jpg?fit=1200%2C800&ssl=1&resize=1050%2C600 3x"},"classes":[]},{"id":10128,"url":"https:\/\/queretaronetwork.tv\/participa-luis-nava-en-inauguracion-del-nuevo-centro-de-distribucion-de-kelloggs\/","url_meta":{"origin":21973,"position":4},"title":"Participa Luis Nava en inauguraci\u00f3n del nuevo centro de distribuci\u00f3n de Kellogg\u2019s","author":"Editorial QNTV","date":"11 octubre, 2021","format":false,"excerpt":"\u2022 Resalt\u00f3 el compromiso de la empresa por incentivar la econom\u00eda local, la creaci\u00f3n de empleos y la inversi\u00f3n en la capital. El Presidente Municipal de Quer\u00e9taro, Luis Nava, acompa\u00f1\u00f3 al Gobernador del Estado, Mauricio Kuri Gonz\u00e1lez, en una reuni\u00f3n de alto nivel con directivos de la empresa Kellogg\u2019s y\u2026","rel":"","context":"En &quot;Local&quot;","block_context":{"text":"Local","link":"https:\/\/queretaronetwork.tv\/category\/local\/"},"img":{"alt_text":"","src":"https:\/\/i0.wp.com\/queretaronetwork.tv\/wp-content\/uploads\/2021\/10\/7788a2ba-13ca-4b80-b741-1c50ce5f35a8.jpg?fit=1200%2C800&ssl=1&resize=350%2C200","width":350,"height":200,"srcset":"https:\/\/i0.wp.com\/queretaronetwork.tv\/wp-content\/uploads\/2021\/10\/7788a2ba-13ca-4b80-b741-1c50ce5f35a8.jpg?fit=1200%2C800&ssl=1&resize=350%2C200 1x, https:\/\/i0.wp.com\/queretaronetwork.tv\/wp-content\/uploads\/2021\/10\/7788a2ba-13ca-4b80-b741-1c50ce5f35a8.jpg?fit=1200%2C800&ssl=1&resize=525%2C300 1.5x, https:\/\/i0.wp.com\/queretaronetwork.tv\/wp-content\/uploads\/2021\/10\/7788a2ba-13ca-4b80-b741-1c50ce5f35a8.jpg?fit=1200%2C800&ssl=1&resize=700%2C400 2x, https:\/\/i0.wp.com\/queretaronetwork.tv\/wp-content\/uploads\/2021\/10\/7788a2ba-13ca-4b80-b741-1c50ce5f35a8.jpg?fit=1200%2C800&ssl=1&resize=1050%2C600 3x"},"classes":[]},{"id":10979,"url":"https:\/\/queretaronetwork.tv\/entrega-gobernador-482-titulos-de-propiedad-a-familias-queretanas\/","url_meta":{"origin":21973,"position":5},"title":"Entrega Gobernador 482 t\u00edtulos de propiedad a familias queretanas","author":"Editorial QNTV","date":"3 febrero, 2022","format":false,"excerpt":"El gobernador del estado, Mauricio Kuri Gonz\u00e1lez, encabez\u00f3 la entrega de 482 escrituras en atenci\u00f3n a igual n\u00famero de familias de los 18 municipios; en su mensaje, a\u00f1adi\u00f3 que, con esta entrega, se brinda justicia, orden y seguridad para los beneficiarios. De la misma forma agradeci\u00f3 el trabajo conjunto de\u2026","rel":"","context":"En &quot;Estado&quot;","block_context":{"text":"Estado","link":"https:\/\/queretaronetwork.tv\/category\/estado\/"},"img":{"alt_text":"","src":"https:\/\/i0.wp.com\/queretaronetwork.tv\/wp-content\/uploads\/2022\/02\/71_273_35308_1551245159_photo5755842951233251283.jpg?fit=1200%2C800&ssl=1&resize=350%2C200","width":350,"height":200,"srcset":"https:\/\/i0.wp.com\/queretaronetwork.tv\/wp-content\/uploads\/2022\/02\/71_273_35308_1551245159_photo5755842951233251283.jpg?fit=1200%2C800&ssl=1&resize=350%2C200 1x, https:\/\/i0.wp.com\/queretaronetwork.tv\/wp-content\/uploads\/2022\/02\/71_273_35308_1551245159_photo5755842951233251283.jpg?fit=1200%2C800&ssl=1&resize=525%2C300 1.5x, https:\/\/i0.wp.com\/queretaronetwork.tv\/wp-content\/uploads\/2022\/02\/71_273_35308_1551245159_photo5755842951233251283.jpg?fit=1200%2C800&ssl=1&resize=700%2C400 2x, https:\/\/i0.wp.com\/queretaronetwork.tv\/wp-content\/uploads\/2022\/02\/71_273_35308_1551245159_photo5755842951233251283.jpg?fit=1200%2C800&ssl=1&resize=1050%2C600 3x"},"classes":[]}],"jetpack_sharing_enabled":true,"jetpack_shortlink":"https:\/\/wp.me\/pardhb-5Ip","_links":{"self":[{"href":"https:\/\/queretaronetwork.tv\/wp-json\/wp\/v2\/posts\/21973","targetHints":{"allow":["GET"]}}],"collection":[{"href":"https:\/\/queretaronetwork.tv\/wp-json\/wp\/v2\/posts"}],"about":[{"href":"https:\/\/queretaronetwork.tv\/wp-json\/wp\/v2\/types\/post"}],"author":[{"embeddable":true,"href":"https:\/\/queretaronetwork.tv\/wp-json\/wp\/v2\/users\/2"}],"replies":[{"embeddable":true,"href":"https:\/\/queretaronetwork.tv\/wp-json\/wp\/v2\/comments?post=21973"}],"version-history":[{"count":1,"href":"https:\/\/queretaronetwork.tv\/wp-json\/wp\/v2\/posts\/21973\/revisions"}],"predecessor-version":[{"id":21975,"href":"https:\/\/queretaronetwork.tv\/wp-json\/wp\/v2\/posts\/21973\/revisions\/21975"}],"wp:featuredmedia":[{"embeddable":true,"href":"https:\/\/queretaronetwork.tv\/wp-json\/wp\/v2\/media\/21974"}],"wp:attachment":[{"href":"https:\/\/queretaronetwork.tv\/wp-json\/wp\/v2\/media?parent=21973"}],"wp:term":[{"taxonomy":"category","embeddable":true,"href":"https:\/\/queretaronetwork.tv\/wp-json\/wp\/v2\/categories?post=21973"},{"taxonomy":"post_tag","embeddable":true,"href":"https:\/\/queretaronetwork.tv\/wp-json\/wp\/v2\/tags?post=21973"}],"curies":[{"name":"wp","href":"https:\/\/api.w.org\/{rel}","templated":true}]}}