{"id":22474,"date":"2022-10-04T12:37:27","date_gmt":"2022-10-04T17:37:27","guid":{"rendered":"https:\/\/queretaronetwork.tv\/?p=22474"},"modified":"2022-10-04T12:37:27","modified_gmt":"2022-10-04T17:37:27","slug":"entrega-luis-nava-techumbre-para-el-preescolar-de-el-nabo","status":"publish","type":"post","link":"https:\/\/queretaronetwork.tv\/entrega-luis-nava-techumbre-para-el-preescolar-de-el-nabo\/","title":{"rendered":"Entrega Luis Nava techumbre para el preescolar de El Nabo"},"content":{"rendered":"<p>El Presidente Municipal de Quer\u00e9taro, Luis Nava, entreg\u00f3 la techumbre del preescolar Carlos Pellicer de la comunidad de El Nabo en la Delegaci\u00f3n Felipe Carrillo Puerto, donde asegur\u00f3 que la educaci\u00f3n es la base para la construcci\u00f3n de una ciudad con futuro, en la que todas y todos los queretanos tengan oportunidades y acceso a una mejor calidad de vida.<\/p>\n<p>\u201cLo m\u00e1s importante son nuestras ni\u00f1as y ni\u00f1os porque hoy son nuestro futuro y queremos que est\u00e1s ni\u00f1as y ni\u00f1os sue\u00f1en en llegar muy lejos queremos que logren lo mejor de s\u00ed mismos y para esto hay que echarle much\u00edsimas ganas hay que invertirle, hay que cuidarlos, hay que atenderlos, hay que estar muy al pendiente de todas y todos ellos para que les vaya muy, muy bien\u201d, se\u00f1al\u00f3 el Alcalde.<\/p>\n<p>Ante los padres de familia, maestras y el maestro del preescolar, Luis Nava, invit\u00f3 a una jornada de rehabilitaci\u00f3n para mejorar los espacios que as\u00ed lo requieran y avanzar en el prop\u00f3sito de que las ni\u00f1as y ni\u00f1os cuenten con mejores instalaciones y contin\u00faen sus estudios en un entorno apropiado.<\/p>\n<p>La Secretaria de Obras P\u00fablicas, Oriana L\u00f3pez Castillo, inform\u00f3 que se requiri\u00f3 una inversi\u00f3n de 1.3 millones de pesos para la construcci\u00f3n de esta techumbre tipo lonaria, con una base de 271 metros cuadrados de lona plastificada de alta resistencia; adem\u00e1s de trazos de figuras geom\u00e9tricas en el \u00e1rea de la plaza c\u00edvica; adem\u00e1s de la rehabilitaci\u00f3n y ampliaci\u00f3n de barandales para seguridad de las y los ni\u00f1os.<\/p>\n<p>A\u00f1adi\u00f3 que adicional a esta techumbre se han invertido m\u00e1s de 86 millones de pesos en distintas obras en la zona, como la reconstrucci\u00f3n del camino Mompan\u00ed-San Isidro El Alto; la renovaci\u00f3n y complemento de alumbrado p\u00fablico en El Nabo y Mompan\u00ed; adem\u00e1s de la construcci\u00f3n del Centro de Formaci\u00f3n, Evaluaci\u00f3n y Profesionalizaci\u00f3n Policial de la SSPMQ; y para mejorar el tejido social, se rehabilit\u00f3 la cancha de futbol y \u00e1rea de juegos infantiles en la Plaza Central de la comunidad de Mompan\u00ed.<\/p>\n","protected":false},"excerpt":{"rendered":"<p>El Presidente Municipal de Quer\u00e9taro, Luis Nava, entreg\u00f3 la techumbre del preescolar Carlos Pellicer de la comunidad de<\/p>\n","protected":false},"author":2,"featured_media":0,"comment_status":"open","ping_status":"closed","sticky":false,"template":"","format":"standard","meta":{"jetpack_post_was_ever_published":false,"_jetpack_newsletter_access":"","_jetpack_dont_email_post_to_subs":false,"_jetpack_newsletter_tier_id":0,"_jetpack_memberships_contains_paywalled_content":false,"_jetpack_memberships_contains_paid_content":false,"footnotes":"","jetpack_publicize_message":"","jetpack_publicize_feature_enabled":true,"jetpack_social_post_already_shared":true,"jetpack_social_options":{"image_generator_settings":{"template":"highway","default_image_id":0,"font":"","enabled":false},"version":2}},"categories":[175],"tags":[],"class_list":["post-22474","post","type-post","status-publish","format-standard","hentry","category-municipio-de-queretaro"],"yoast_head":"<!-- This site is optimized with the Yoast SEO plugin v26.4 - https:\/\/yoast.com\/wordpress\/plugins\/seo\/ -->\n<title>Entrega Luis Nava techumbre para el preescolar de El Nabo -<\/title>\n<meta name=\"description\" content=\"Queremos construir una ciudad con grandes oportunidades, donde la educaci\u00f3n es lo m\u00e1s importante, refiri\u00f3 el Alcalde.\" \/>\n<meta name=\"robots\" content=\"index, follow, max-snippet:-1, max-image-preview:large, max-video-preview:-1\" \/>\n<link rel=\"canonical\" href=\"https:\/\/queretaronetwork.tv\/entrega-luis-nava-techumbre-para-el-preescolar-de-el-nabo\/\" \/>\n<meta property=\"og:locale\" content=\"es_MX\" \/>\n<meta property=\"og:type\" content=\"article\" \/>\n<meta property=\"og:title\" content=\"Entrega Luis Nava techumbre para el preescolar de El Nabo -\" \/>\n<meta property=\"og:description\" content=\"Queremos construir una ciudad con grandes oportunidades, donde la educaci\u00f3n es lo m\u00e1s importante, refiri\u00f3 el Alcalde.\" \/>\n<meta property=\"og:url\" content=\"https:\/\/queretaronetwork.tv\/entrega-luis-nava-techumbre-para-el-preescolar-de-el-nabo\/\" \/>\n<meta property=\"article:publisher\" content=\"https:\/\/www.facebook.com\/QroNTV\/\" \/>\n<meta property=\"article:published_time\" content=\"2022-10-04T17:37:27+00:00\" \/>\n<meta name=\"author\" content=\"Editorial QNTV\" \/>\n<meta name=\"twitter:card\" content=\"summary_large_image\" \/>\n<meta name=\"twitter:creator\" content=\"@QNTV6\" \/>\n<meta name=\"twitter:site\" content=\"@QNTV6\" \/>\n<meta name=\"twitter:label1\" content=\"Escrito por\" \/>\n\t<meta name=\"twitter:data1\" content=\"Editorial QNTV\" \/>\n\t<meta name=\"twitter:label2\" content=\"Tiempo de lectura\" \/>\n\t<meta name=\"twitter:data2\" content=\"2 minutos\" \/>\n<script type=\"application\/ld+json\" class=\"yoast-schema-graph\">{\"@context\":\"https:\/\/schema.org\",\"@graph\":[{\"@type\":\"Article\",\"@id\":\"https:\/\/queretaronetwork.tv\/entrega-luis-nava-techumbre-para-el-preescolar-de-el-nabo\/#article\",\"isPartOf\":{\"@id\":\"https:\/\/queretaronetwork.tv\/entrega-luis-nava-techumbre-para-el-preescolar-de-el-nabo\/\"},\"author\":{\"name\":\"Editorial QNTV\",\"@id\":\"https:\/\/queretaronetwork.tv\/#\/schema\/person\/1200b23397cd8ce55a25cb08ca51b5f2\"},\"headline\":\"Entrega Luis Nava techumbre para el preescolar de El Nabo\",\"datePublished\":\"2022-10-04T17:37:27+00:00\",\"mainEntityOfPage\":{\"@id\":\"https:\/\/queretaronetwork.tv\/entrega-luis-nava-techumbre-para-el-preescolar-de-el-nabo\/\"},\"wordCount\":379,\"commentCount\":0,\"publisher\":{\"@id\":\"https:\/\/queretaronetwork.tv\/#organization\"},\"articleSection\":[\"Municipio de Quer\u00e9taro\"],\"inLanguage\":\"es\",\"potentialAction\":[{\"@type\":\"CommentAction\",\"name\":\"Comment\",\"target\":[\"https:\/\/queretaronetwork.tv\/entrega-luis-nava-techumbre-para-el-preescolar-de-el-nabo\/#respond\"]}]},{\"@type\":\"WebPage\",\"@id\":\"https:\/\/queretaronetwork.tv\/entrega-luis-nava-techumbre-para-el-preescolar-de-el-nabo\/\",\"url\":\"https:\/\/queretaronetwork.tv\/entrega-luis-nava-techumbre-para-el-preescolar-de-el-nabo\/\",\"name\":\"Entrega Luis Nava techumbre para el preescolar de El Nabo -\",\"isPartOf\":{\"@id\":\"https:\/\/queretaronetwork.tv\/#website\"},\"datePublished\":\"2022-10-04T17:37:27+00:00\",\"description\":\"Queremos construir una ciudad con grandes oportunidades, donde la educaci\u00f3n es lo m\u00e1s importante, refiri\u00f3 el Alcalde.\",\"breadcrumb\":{\"@id\":\"https:\/\/queretaronetwork.tv\/entrega-luis-nava-techumbre-para-el-preescolar-de-el-nabo\/#breadcrumb\"},\"inLanguage\":\"es\",\"potentialAction\":[{\"@type\":\"ReadAction\",\"target\":[\"https:\/\/queretaronetwork.tv\/entrega-luis-nava-techumbre-para-el-preescolar-de-el-nabo\/\"]}]},{\"@type\":\"BreadcrumbList\",\"@id\":\"https:\/\/queretaronetwork.tv\/entrega-luis-nava-techumbre-para-el-preescolar-de-el-nabo\/#breadcrumb\",\"itemListElement\":[{\"@type\":\"ListItem\",\"position\":1,\"name\":\"Inicio\",\"item\":\"https:\/\/queretaronetwork.tv\/\"},{\"@type\":\"ListItem\",\"position\":2,\"name\":\"Entrega Luis Nava techumbre para el preescolar de El Nabo\"}]},{\"@type\":\"WebSite\",\"@id\":\"https:\/\/queretaronetwork.tv\/#website\",\"url\":\"https:\/\/queretaronetwork.tv\/\",\"name\":\"Quer\u00e9taro Network TV\",\"description\":\"Medio de Comunicaci\u00f3n Digital, Noticias y Canal de Tv ONLine\",\"publisher\":{\"@id\":\"https:\/\/queretaronetwork.tv\/#organization\"},\"potentialAction\":[{\"@type\":\"SearchAction\",\"target\":{\"@type\":\"EntryPoint\",\"urlTemplate\":\"https:\/\/queretaronetwork.tv\/?s={search_term_string}\"},\"query-input\":{\"@type\":\"PropertyValueSpecification\",\"valueRequired\":true,\"valueName\":\"search_term_string\"}}],\"inLanguage\":\"es\"},{\"@type\":\"Organization\",\"@id\":\"https:\/\/queretaronetwork.tv\/#organization\",\"name\":\"Quer\u00e9taro Network TV\",\"url\":\"https:\/\/queretaronetwork.tv\/\",\"logo\":{\"@type\":\"ImageObject\",\"inLanguage\":\"es\",\"@id\":\"https:\/\/queretaronetwork.tv\/#\/schema\/logo\/image\/\",\"url\":\"https:\/\/i0.wp.com\/queretaronetwork.tv\/wp-content\/uploads\/2020\/02\/LOGONUEVOCIRCULARQNTV2020-e1595007713656.png?fit=583%2C564&ssl=1\",\"contentUrl\":\"https:\/\/i0.wp.com\/queretaronetwork.tv\/wp-content\/uploads\/2020\/02\/LOGONUEVOCIRCULARQNTV2020-e1595007713656.png?fit=583%2C564&ssl=1\",\"width\":583,\"height\":564,\"caption\":\"Quer\u00e9taro Network TV\"},\"image\":{\"@id\":\"https:\/\/queretaronetwork.tv\/#\/schema\/logo\/image\/\"},\"sameAs\":[\"https:\/\/www.facebook.com\/QroNTV\/\",\"https:\/\/x.com\/QNTV6\",\"https:\/\/www.instagram.com\/queretaronetworktv\/\",\"https:\/\/www.youtube.com\/channel\/UCav1cE_tCaccVZOLJpqZIyA?view_as=subscriber\"]},{\"@type\":\"Person\",\"@id\":\"https:\/\/queretaronetwork.tv\/#\/schema\/person\/1200b23397cd8ce55a25cb08ca51b5f2\",\"name\":\"Editorial QNTV\",\"image\":{\"@type\":\"ImageObject\",\"inLanguage\":\"es\",\"@id\":\"https:\/\/queretaronetwork.tv\/#\/schema\/person\/image\/\",\"url\":\"https:\/\/secure.gravatar.com\/avatar\/c736b7feb12a69c0911796e1381d5be7aa79cd6ca5a0cb325913d75e4c0cdcbd?s=96&d=mm&r=g\",\"contentUrl\":\"https:\/\/secure.gravatar.com\/avatar\/c736b7feb12a69c0911796e1381d5be7aa79cd6ca5a0cb325913d75e4c0cdcbd?s=96&d=mm&r=g\",\"caption\":\"Editorial QNTV\"},\"url\":\"https:\/\/queretaronetwork.tv\/author\/editorial\/\"}]}<\/script>\n<!-- \/ Yoast SEO plugin. -->","yoast_head_json":{"title":"Entrega Luis Nava techumbre para el preescolar de El Nabo -","description":"Queremos construir una ciudad con grandes oportunidades, donde la educaci\u00f3n es lo m\u00e1s importante, refiri\u00f3 el Alcalde.","robots":{"index":"index","follow":"follow","max-snippet":"max-snippet:-1","max-image-preview":"max-image-preview:large","max-video-preview":"max-video-preview:-1"},"canonical":"https:\/\/queretaronetwork.tv\/entrega-luis-nava-techumbre-para-el-preescolar-de-el-nabo\/","og_locale":"es_MX","og_type":"article","og_title":"Entrega Luis Nava techumbre para el preescolar de El Nabo -","og_description":"Queremos construir una ciudad con grandes oportunidades, donde la educaci\u00f3n es lo m\u00e1s importante, refiri\u00f3 el Alcalde.","og_url":"https:\/\/queretaronetwork.tv\/entrega-luis-nava-techumbre-para-el-preescolar-de-el-nabo\/","article_publisher":"https:\/\/www.facebook.com\/QroNTV\/","article_published_time":"2022-10-04T17:37:27+00:00","author":"Editorial QNTV","twitter_card":"summary_large_image","twitter_creator":"@QNTV6","twitter_site":"@QNTV6","twitter_misc":{"Escrito por":"Editorial QNTV","Tiempo de lectura":"2 minutos"},"schema":{"@context":"https:\/\/schema.org","@graph":[{"@type":"Article","@id":"https:\/\/queretaronetwork.tv\/entrega-luis-nava-techumbre-para-el-preescolar-de-el-nabo\/#article","isPartOf":{"@id":"https:\/\/queretaronetwork.tv\/entrega-luis-nava-techumbre-para-el-preescolar-de-el-nabo\/"},"author":{"name":"Editorial QNTV","@id":"https:\/\/queretaronetwork.tv\/#\/schema\/person\/1200b23397cd8ce55a25cb08ca51b5f2"},"headline":"Entrega Luis Nava techumbre para el preescolar de El Nabo","datePublished":"2022-10-04T17:37:27+00:00","mainEntityOfPage":{"@id":"https:\/\/queretaronetwork.tv\/entrega-luis-nava-techumbre-para-el-preescolar-de-el-nabo\/"},"wordCount":379,"commentCount":0,"publisher":{"@id":"https:\/\/queretaronetwork.tv\/#organization"},"articleSection":["Municipio de Quer\u00e9taro"],"inLanguage":"es","potentialAction":[{"@type":"CommentAction","name":"Comment","target":["https:\/\/queretaronetwork.tv\/entrega-luis-nava-techumbre-para-el-preescolar-de-el-nabo\/#respond"]}]},{"@type":"WebPage","@id":"https:\/\/queretaronetwork.tv\/entrega-luis-nava-techumbre-para-el-preescolar-de-el-nabo\/","url":"https:\/\/queretaronetwork.tv\/entrega-luis-nava-techumbre-para-el-preescolar-de-el-nabo\/","name":"Entrega Luis Nava techumbre para el preescolar de El Nabo -","isPartOf":{"@id":"https:\/\/queretaronetwork.tv\/#website"},"datePublished":"2022-10-04T17:37:27+00:00","description":"Queremos construir una ciudad con grandes oportunidades, donde la educaci\u00f3n es lo m\u00e1s importante, refiri\u00f3 el Alcalde.","breadcrumb":{"@id":"https:\/\/queretaronetwork.tv\/entrega-luis-nava-techumbre-para-el-preescolar-de-el-nabo\/#breadcrumb"},"inLanguage":"es","potentialAction":[{"@type":"ReadAction","target":["https:\/\/queretaronetwork.tv\/entrega-luis-nava-techumbre-para-el-preescolar-de-el-nabo\/"]}]},{"@type":"BreadcrumbList","@id":"https:\/\/queretaronetwork.tv\/entrega-luis-nava-techumbre-para-el-preescolar-de-el-nabo\/#breadcrumb","itemListElement":[{"@type":"ListItem","position":1,"name":"Inicio","item":"https:\/\/queretaronetwork.tv\/"},{"@type":"ListItem","position":2,"name":"Entrega Luis Nava techumbre para el preescolar de El Nabo"}]},{"@type":"WebSite","@id":"https:\/\/queretaronetwork.tv\/#website","url":"https:\/\/queretaronetwork.tv\/","name":"Quer\u00e9taro Network TV","description":"Medio de Comunicaci\u00f3n Digital, Noticias y Canal de Tv ONLine","publisher":{"@id":"https:\/\/queretaronetwork.tv\/#organization"},"potentialAction":[{"@type":"SearchAction","target":{"@type":"EntryPoint","urlTemplate":"https:\/\/queretaronetwork.tv\/?s={search_term_string}"},"query-input":{"@type":"PropertyValueSpecification","valueRequired":true,"valueName":"search_term_string"}}],"inLanguage":"es"},{"@type":"Organization","@id":"https:\/\/queretaronetwork.tv\/#organization","name":"Quer\u00e9taro Network TV","url":"https:\/\/queretaronetwork.tv\/","logo":{"@type":"ImageObject","inLanguage":"es","@id":"https:\/\/queretaronetwork.tv\/#\/schema\/logo\/image\/","url":"https:\/\/i0.wp.com\/queretaronetwork.tv\/wp-content\/uploads\/2020\/02\/LOGONUEVOCIRCULARQNTV2020-e1595007713656.png?fit=583%2C564&ssl=1","contentUrl":"https:\/\/i0.wp.com\/queretaronetwork.tv\/wp-content\/uploads\/2020\/02\/LOGONUEVOCIRCULARQNTV2020-e1595007713656.png?fit=583%2C564&ssl=1","width":583,"height":564,"caption":"Quer\u00e9taro Network TV"},"image":{"@id":"https:\/\/queretaronetwork.tv\/#\/schema\/logo\/image\/"},"sameAs":["https:\/\/www.facebook.com\/QroNTV\/","https:\/\/x.com\/QNTV6","https:\/\/www.instagram.com\/queretaronetworktv\/","https:\/\/www.youtube.com\/channel\/UCav1cE_tCaccVZOLJpqZIyA?view_as=subscriber"]},{"@type":"Person","@id":"https:\/\/queretaronetwork.tv\/#\/schema\/person\/1200b23397cd8ce55a25cb08ca51b5f2","name":"Editorial QNTV","image":{"@type":"ImageObject","inLanguage":"es","@id":"https:\/\/queretaronetwork.tv\/#\/schema\/person\/image\/","url":"https:\/\/secure.gravatar.com\/avatar\/c736b7feb12a69c0911796e1381d5be7aa79cd6ca5a0cb325913d75e4c0cdcbd?s=96&d=mm&r=g","contentUrl":"https:\/\/secure.gravatar.com\/avatar\/c736b7feb12a69c0911796e1381d5be7aa79cd6ca5a0cb325913d75e4c0cdcbd?s=96&d=mm&r=g","caption":"Editorial QNTV"},"url":"https:\/\/queretaronetwork.tv\/author\/editorial\/"}]}},"jetpack_publicize_connections":[],"featured_image_urls":{"full":"","thumbnail":"","medium":"","medium_large":"","large":"","1536x1536":"","2048x2048":"","darknews-slider-full":"","darknews-featured":"","darknews-medium":"","darknews-medium-square":""},"author_info":{"info":["Editorial QNTV"]},"category_info":"<a href=\"https:\/\/queretaronetwork.tv\/category\/municipio-de-queretaro\/\" rel=\"category tag\">Municipio de Quer\u00e9taro<\/a>","tag_info":"Municipio de Quer\u00e9taro","comment_count":"0","jetpack_featured_media_url":"","jetpack_likes_enabled":true,"jetpack-related-posts":[{"id":1312,"url":"https:\/\/queretaronetwork.tv\/queremos-que-nuestros-ninos-y-ninas-crezcan-sanos-y-felices-luis-nava\/","url_meta":{"origin":22474,"position":0},"title":"Queremos que nuestros ni\u00f1os y ni\u00f1as crezcan sanos y felices: Luis Nava.","author":"Editorial QNTV","date":"27 abril, 2019","format":false,"excerpt":"\u2022 Celebra Luis Nava y Arah\u00ed Dom\u00ednguez el D\u00eda del ni\u00f1o y la ni\u00f1a en Josefa Vergara. Luis Nava, Presidente Municipal de Quer\u00e9taro, y su esposa y Presidenta del Sistema Municipal DIF, Arah\u00ed Dom\u00ednguez, celebraron a todos los ni\u00f1os y ni\u00f1as de la Delegaci\u00f3n Josefa Vergara y Hern\u00e1ndez por su\u2026","rel":"","context":"En &quot;Local&quot;","block_context":{"text":"Local","link":"https:\/\/queretaronetwork.tv\/category\/local\/"},"img":{"alt_text":"","src":"https:\/\/i0.wp.com\/queretaronetwork.tv\/wp-content\/uploads\/2019\/04\/WhatsApp-Image-2019-04-27-at-13.55.49.jpeg?fit=1200%2C800&ssl=1&resize=350%2C200","width":350,"height":200,"srcset":"https:\/\/i0.wp.com\/queretaronetwork.tv\/wp-content\/uploads\/2019\/04\/WhatsApp-Image-2019-04-27-at-13.55.49.jpeg?fit=1200%2C800&ssl=1&resize=350%2C200 1x, https:\/\/i0.wp.com\/queretaronetwork.tv\/wp-content\/uploads\/2019\/04\/WhatsApp-Image-2019-04-27-at-13.55.49.jpeg?fit=1200%2C800&ssl=1&resize=525%2C300 1.5x, https:\/\/i0.wp.com\/queretaronetwork.tv\/wp-content\/uploads\/2019\/04\/WhatsApp-Image-2019-04-27-at-13.55.49.jpeg?fit=1200%2C800&ssl=1&resize=700%2C400 2x, https:\/\/i0.wp.com\/queretaronetwork.tv\/wp-content\/uploads\/2019\/04\/WhatsApp-Image-2019-04-27-at-13.55.49.jpeg?fit=1200%2C800&ssl=1&resize=1050%2C600 3x"},"classes":[]},{"id":4550,"url":"https:\/\/queretaronetwork.tv\/apoyamos-la-educacion-porque-es-la-via-para-una-mejor-calidad-de-vida-para-todos-luis-nava\/","url_meta":{"origin":22474,"position":1},"title":"Apoyamos la educaci\u00f3n porque es la v\u00eda para una mejor calidad de vida para todos: Luis Nava.","author":"Editorial QNTV","date":"24 febrero, 2020","format":false,"excerpt":"\u2022 Estuvo presente en el XI Concurso de Escoltas de los Preescolares del Sistema Municipal DIF. El Presidente Municipal de Quer\u00e9taro, Luis Nava, en compa\u00f1\u00eda de su esposa y Presidenta del Patronato del Sistema Municipal DIF, Arah\u00ed Dom\u00ednguez, encabezaron en el Jard\u00edn Guerrero la ceremonia de honores a la bandera\u2026","rel":"","context":"En &quot;Local&quot;","block_context":{"text":"Local","link":"https:\/\/queretaronetwork.tv\/category\/local\/"},"img":{"alt_text":"","src":"https:\/\/i0.wp.com\/queretaronetwork.tv\/wp-content\/uploads\/2020\/02\/1cd3d039-b52b-467e-818a-e718b967a5f3.jpg?fit=1000%2C666&ssl=1&resize=350%2C200","width":350,"height":200,"srcset":"https:\/\/i0.wp.com\/queretaronetwork.tv\/wp-content\/uploads\/2020\/02\/1cd3d039-b52b-467e-818a-e718b967a5f3.jpg?fit=1000%2C666&ssl=1&resize=350%2C200 1x, https:\/\/i0.wp.com\/queretaronetwork.tv\/wp-content\/uploads\/2020\/02\/1cd3d039-b52b-467e-818a-e718b967a5f3.jpg?fit=1000%2C666&ssl=1&resize=525%2C300 1.5x, https:\/\/i0.wp.com\/queretaronetwork.tv\/wp-content\/uploads\/2020\/02\/1cd3d039-b52b-467e-818a-e718b967a5f3.jpg?fit=1000%2C666&ssl=1&resize=700%2C400 2x"},"classes":[]},{"id":3499,"url":"https:\/\/queretaronetwork.tv\/mas-de-113-millones-de-pesos-para-mejorar-las-condiciones-de-las-ninas-y-ninos-queretanos-luis-nava\/","url_meta":{"origin":22474,"position":2},"title":"M\u00e1s de 113 millones de pesos para mejorar las condiciones de las ni\u00f1as y ni\u00f1os queretanos: Luis Nava.","author":"Editorial QNTV","date":"26 agosto, 2019","format":false,"excerpt":"\u2022 83 millones ser\u00e1n para nuevas unidades del Transporte Escolar Gratuito.\u2029\u2022 Cuidado de menores en situaci\u00f3n de riesgo; acceso al deporte y cultura; nuevos juegos infantiles y m\u00e1s y mejores parques, entre las acciones. | #QNTVNoticias","rel":"","context":"En &quot;QNTV&quot;","block_context":{"text":"QNTV","link":"https:\/\/queretaronetwork.tv\/category\/qntv\/"},"img":{"alt_text":"","src":"https:\/\/i0.wp.com\/queretaronetwork.tv\/wp-content\/uploads\/2019\/08\/2957980d-2504-4274-91cf-bb8faf70543a-1.jpg?fit=1200%2C800&ssl=1&resize=350%2C200","width":350,"height":200,"srcset":"https:\/\/i0.wp.com\/queretaronetwork.tv\/wp-content\/uploads\/2019\/08\/2957980d-2504-4274-91cf-bb8faf70543a-1.jpg?fit=1200%2C800&ssl=1&resize=350%2C200 1x, https:\/\/i0.wp.com\/queretaronetwork.tv\/wp-content\/uploads\/2019\/08\/2957980d-2504-4274-91cf-bb8faf70543a-1.jpg?fit=1200%2C800&ssl=1&resize=525%2C300 1.5x, https:\/\/i0.wp.com\/queretaronetwork.tv\/wp-content\/uploads\/2019\/08\/2957980d-2504-4274-91cf-bb8faf70543a-1.jpg?fit=1200%2C800&ssl=1&resize=700%2C400 2x, https:\/\/i0.wp.com\/queretaronetwork.tv\/wp-content\/uploads\/2019\/08\/2957980d-2504-4274-91cf-bb8faf70543a-1.jpg?fit=1200%2C800&ssl=1&resize=1050%2C600 3x"},"classes":[]},{"id":2347,"url":"https:\/\/queretaronetwork.tv\/hoy-abrimos-una-puerta-para-mejorar-el-futuro-de-las-y-los-ninos-en-situacion-de-riesgo-luis-nava\/","url_meta":{"origin":22474,"position":3},"title":"Hoy abrimos una puerta para mejorar el futuro de las y los ni\u00f1os en situaci\u00f3n de riesgo: Luis Nava.","author":"Editorial QNTV","date":"13 junio, 2019","format":false,"excerpt":"\u2022 El DIF Municipal present\u00f3 la campa\u00f1a \u201cCambiemos su Futuro\u201d, para desalentar el trabajo infantil. \u2022 Ahora se sistematizar\u00e1n las actividades de los Centros de D\u00eda para una atenci\u00f3n integral de los menores que ah\u00ed se atienden. En el marco del D\u00eda en Contra del Trabajo Infantil que se conmemor\u00f3\u2026","rel":"","context":"En &quot;Local&quot;","block_context":{"text":"Local","link":"https:\/\/queretaronetwork.tv\/category\/local\/"},"img":{"alt_text":"","src":"https:\/\/i0.wp.com\/queretaronetwork.tv\/wp-content\/uploads\/2019\/06\/8197d96b-3d39-4fad-8850-7ddaa361ed03.jpg?fit=1200%2C800&ssl=1&resize=350%2C200","width":350,"height":200,"srcset":"https:\/\/i0.wp.com\/queretaronetwork.tv\/wp-content\/uploads\/2019\/06\/8197d96b-3d39-4fad-8850-7ddaa361ed03.jpg?fit=1200%2C800&ssl=1&resize=350%2C200 1x, https:\/\/i0.wp.com\/queretaronetwork.tv\/wp-content\/uploads\/2019\/06\/8197d96b-3d39-4fad-8850-7ddaa361ed03.jpg?fit=1200%2C800&ssl=1&resize=525%2C300 1.5x, https:\/\/i0.wp.com\/queretaronetwork.tv\/wp-content\/uploads\/2019\/06\/8197d96b-3d39-4fad-8850-7ddaa361ed03.jpg?fit=1200%2C800&ssl=1&resize=700%2C400 2x, https:\/\/i0.wp.com\/queretaronetwork.tv\/wp-content\/uploads\/2019\/06\/8197d96b-3d39-4fad-8850-7ddaa361ed03.jpg?fit=1200%2C800&ssl=1&resize=1050%2C600 3x"},"classes":[]},{"id":7295,"url":"https:\/\/queretaronetwork.tv\/cumple-municipio-de-queretaro-con-hacienda-santa-rosa-luis-nava\/","url_meta":{"origin":22474,"position":4},"title":"Cumple Municipio de Quer\u00e9taro con Hacienda Santa Rosa: Luis Nava","author":"Editorial QNTV","date":"22 enero, 2021","format":false,"excerpt":"\u2022 Se invirtieron m\u00e1s de 58 millones de pesos para atender los rezagos que en vialidades, parques, alumbrado y seguridad, arrastraba esta colonia. \u2022 Tambi\u00e9n se entregaron obras en la comunidad de Buenavista. El Presidente Municipal de Quer\u00e9taro, Luis Nava, visit\u00f3 a los vecinos de Hacienda Santa Rosa para supervisar\u2026","rel":"","context":"En &quot;Local&quot;","block_context":{"text":"Local","link":"https:\/\/queretaronetwork.tv\/category\/local\/"},"img":{"alt_text":"","src":"https:\/\/i0.wp.com\/queretaronetwork.tv\/wp-content\/uploads\/2021\/01\/75e8451d-99d5-4e86-b606-70332807467c.jpg?fit=1200%2C800&ssl=1&resize=350%2C200","width":350,"height":200,"srcset":"https:\/\/i0.wp.com\/queretaronetwork.tv\/wp-content\/uploads\/2021\/01\/75e8451d-99d5-4e86-b606-70332807467c.jpg?fit=1200%2C800&ssl=1&resize=350%2C200 1x, https:\/\/i0.wp.com\/queretaronetwork.tv\/wp-content\/uploads\/2021\/01\/75e8451d-99d5-4e86-b606-70332807467c.jpg?fit=1200%2C800&ssl=1&resize=525%2C300 1.5x, https:\/\/i0.wp.com\/queretaronetwork.tv\/wp-content\/uploads\/2021\/01\/75e8451d-99d5-4e86-b606-70332807467c.jpg?fit=1200%2C800&ssl=1&resize=700%2C400 2x, https:\/\/i0.wp.com\/queretaronetwork.tv\/wp-content\/uploads\/2021\/01\/75e8451d-99d5-4e86-b606-70332807467c.jpg?fit=1200%2C800&ssl=1&resize=1050%2C600 3x"},"classes":[]},{"id":13561,"url":"https:\/\/queretaronetwork.tv\/en-el-municipio-de-queretaro-trabajamos-para-ofrecer-mejores-condiciones-de-vida-a-ninas-ninos-y-adolescentes-luis-nava\/","url_meta":{"origin":22474,"position":5},"title":"En el Municipio de Quer\u00e9taro trabajamos para ofrecer mejores condiciones de vida a ni\u00f1as, ni\u00f1os y adolescentes: Luis Nava","author":"Editorial QNTV","date":"5 mayo, 2022","format":false,"excerpt":"\u2022 Se present\u00f3 la Reforma Legal en Contra del Trabajo Infantil en Calle que impuls\u00f3 el DIF Municipal con la Legislatura del Estado. \u2022 El DIF Municipal ofrece alternativas para que las ni\u00f1as, ni\u00f1os y adolescentes no tengan que trabajar en calle. Con la finalidad de que nuestras ni\u00f1as, ni\u00f1os\u2026","rel":"","context":"En &quot;Estado&quot;","block_context":{"text":"Estado","link":"https:\/\/queretaronetwork.tv\/category\/estado\/"},"img":{"alt_text":"","src":"https:\/\/i0.wp.com\/queretaronetwork.tv\/wp-content\/uploads\/2022\/05\/WhatsApp-Image-2022-05-05-at-2.22.08-PM.jpeg?fit=1024%2C682&ssl=1&resize=350%2C200","width":350,"height":200,"srcset":"https:\/\/i0.wp.com\/queretaronetwork.tv\/wp-content\/uploads\/2022\/05\/WhatsApp-Image-2022-05-05-at-2.22.08-PM.jpeg?fit=1024%2C682&ssl=1&resize=350%2C200 1x, https:\/\/i0.wp.com\/queretaronetwork.tv\/wp-content\/uploads\/2022\/05\/WhatsApp-Image-2022-05-05-at-2.22.08-PM.jpeg?fit=1024%2C682&ssl=1&resize=525%2C300 1.5x, https:\/\/i0.wp.com\/queretaronetwork.tv\/wp-content\/uploads\/2022\/05\/WhatsApp-Image-2022-05-05-at-2.22.08-PM.jpeg?fit=1024%2C682&ssl=1&resize=700%2C400 2x"},"classes":[]}],"jetpack_sharing_enabled":true,"jetpack_shortlink":"https:\/\/wp.me\/pardhb-5Qu","_links":{"self":[{"href":"https:\/\/queretaronetwork.tv\/wp-json\/wp\/v2\/posts\/22474","targetHints":{"allow":["GET"]}}],"collection":[{"href":"https:\/\/queretaronetwork.tv\/wp-json\/wp\/v2\/posts"}],"about":[{"href":"https:\/\/queretaronetwork.tv\/wp-json\/wp\/v2\/types\/post"}],"author":[{"embeddable":true,"href":"https:\/\/queretaronetwork.tv\/wp-json\/wp\/v2\/users\/2"}],"replies":[{"embeddable":true,"href":"https:\/\/queretaronetwork.tv\/wp-json\/wp\/v2\/comments?post=22474"}],"version-history":[{"count":1,"href":"https:\/\/queretaronetwork.tv\/wp-json\/wp\/v2\/posts\/22474\/revisions"}],"predecessor-version":[{"id":22476,"href":"https:\/\/queretaronetwork.tv\/wp-json\/wp\/v2\/posts\/22474\/revisions\/22476"}],"wp:attachment":[{"href":"https:\/\/queretaronetwork.tv\/wp-json\/wp\/v2\/media?parent=22474"}],"wp:term":[{"taxonomy":"category","embeddable":true,"href":"https:\/\/queretaronetwork.tv\/wp-json\/wp\/v2\/categories?post=22474"},{"taxonomy":"post_tag","embeddable":true,"href":"https:\/\/queretaronetwork.tv\/wp-json\/wp\/v2\/tags?post=22474"}],"curies":[{"name":"wp","href":"https:\/\/api.w.org\/{rel}","templated":true}]}}