{"id":26703,"date":"2023-01-31T15:28:08","date_gmt":"2023-01-31T21:28:08","guid":{"rendered":"https:\/\/queretaronetwork.tv\/?p=26703"},"modified":"2023-01-31T15:28:08","modified_gmt":"2023-01-31T21:28:08","slug":"roberto-sosa-recibe-a-alcaldesa-de-ezequiel-montes","status":"publish","type":"post","link":"https:\/\/queretaronetwork.tv\/roberto-sosa-recibe-a-alcaldesa-de-ezequiel-montes\/","title":{"rendered":"Roberto Sosa recibe a alcaldesa de Ezequiel Montes"},"content":{"rendered":"<p>Roberto Sosa Pichardo, presidente municipal de Corregidora, dio la bienvenida a su hom\u00f3loga de Ezequiel Montes, Magda Guadalupe P\u00e9rez Montes, con quien realiz\u00f3 un recorrido por las instalaciones de la Direcci\u00f3n de Justicia Administrativa, con el fin de conocer las \u00e1reas y los procedimientos a trav\u00e9s de la mediaci\u00f3n, juzgado c\u00edvico municipal y el procurador social. Durante el recorrido tuvieron la oportunidad de presenciar la simulaci\u00f3n de una audiencia oral, un sistema de la justicia c\u00edvica en el que Corregidora fue pionero, no s\u00f3lo en el estado, sino en el pa\u00eds.<\/p>\n","protected":false},"excerpt":{"rendered":"<p>Roberto Sosa Pichardo, presidente municipal de Corregidora, dio la bienvenida a su hom\u00f3loga de Ezequiel Montes, Magda Guadalupe<\/p>\n","protected":false},"author":5,"featured_media":26704,"comment_status":"open","ping_status":"closed","sticky":false,"template":"","format":"standard","meta":{"jetpack_post_was_ever_published":false,"_jetpack_newsletter_access":"","_jetpack_dont_email_post_to_subs":false,"_jetpack_newsletter_tier_id":0,"_jetpack_memberships_contains_paywalled_content":false,"_jetpack_memberships_contains_paid_content":false,"footnotes":"","jetpack_publicize_message":"","jetpack_publicize_feature_enabled":true,"jetpack_social_post_already_shared":true,"jetpack_social_options":{"image_generator_settings":{"template":"highway","default_image_id":0,"font":"","enabled":false},"version":2}},"categories":[376,1505],"tags":[],"class_list":["post-26703","post","type-post","status-publish","format-standard","has-post-thumbnail","hentry","category-municipio-de-corregidora","category-municipio-de-ezequiel-montes"],"yoast_head":"<!-- This site is optimized with the Yoast SEO plugin v26.4 - https:\/\/yoast.com\/wordpress\/plugins\/seo\/ -->\n<title>Roberto Sosa recibe a alcaldesa de Ezequiel Montes -<\/title>\n<meta name=\"robots\" content=\"index, follow, max-snippet:-1, max-image-preview:large, max-video-preview:-1\" \/>\n<link rel=\"canonical\" href=\"https:\/\/queretaronetwork.tv\/roberto-sosa-recibe-a-alcaldesa-de-ezequiel-montes\/\" \/>\n<meta property=\"og:locale\" content=\"es_MX\" \/>\n<meta property=\"og:type\" content=\"article\" \/>\n<meta property=\"og:title\" content=\"Roberto Sosa recibe a alcaldesa de Ezequiel Montes -\" \/>\n<meta property=\"og:description\" content=\"Roberto Sosa Pichardo, presidente municipal de Corregidora, dio la bienvenida a su hom\u00f3loga de Ezequiel Montes, Magda Guadalupe\" \/>\n<meta property=\"og:url\" content=\"https:\/\/queretaronetwork.tv\/roberto-sosa-recibe-a-alcaldesa-de-ezequiel-montes\/\" \/>\n<meta property=\"article:publisher\" content=\"https:\/\/www.facebook.com\/QroNTV\/\" \/>\n<meta property=\"article:published_time\" content=\"2023-01-31T21:28:08+00:00\" \/>\n<meta property=\"og:image\" content=\"https:\/\/i0.wp.com\/queretaronetwork.tv\/wp-content\/uploads\/2023\/01\/1-1.jpeg?fit=1280%2C853&ssl=1\" \/>\n\t<meta property=\"og:image:width\" content=\"1280\" \/>\n\t<meta property=\"og:image:height\" content=\"853\" \/>\n\t<meta property=\"og:image:type\" content=\"image\/jpeg\" \/>\n<meta name=\"author\" content=\"Nalleli Ruiz\" \/>\n<meta name=\"twitter:card\" content=\"summary_large_image\" \/>\n<meta name=\"twitter:creator\" content=\"@QNTV6\" \/>\n<meta name=\"twitter:site\" content=\"@QNTV6\" \/>\n<meta name=\"twitter:label1\" content=\"Escrito por\" \/>\n\t<meta name=\"twitter:data1\" content=\"Nalleli Ruiz\" \/>\n\t<meta name=\"twitter:label2\" content=\"Tiempo de lectura\" \/>\n\t<meta name=\"twitter:data2\" content=\"1 minuto\" \/>\n<script type=\"application\/ld+json\" class=\"yoast-schema-graph\">{\"@context\":\"https:\/\/schema.org\",\"@graph\":[{\"@type\":\"Article\",\"@id\":\"https:\/\/queretaronetwork.tv\/roberto-sosa-recibe-a-alcaldesa-de-ezequiel-montes\/#article\",\"isPartOf\":{\"@id\":\"https:\/\/queretaronetwork.tv\/roberto-sosa-recibe-a-alcaldesa-de-ezequiel-montes\/\"},\"author\":{\"name\":\"Nalleli Ruiz\",\"@id\":\"https:\/\/queretaronetwork.tv\/#\/schema\/person\/2ff7514cff2fd65cf9055c56dcab1f9e\"},\"headline\":\"Roberto Sosa recibe a alcaldesa de Ezequiel Montes\",\"datePublished\":\"2023-01-31T21:28:08+00:00\",\"mainEntityOfPage\":{\"@id\":\"https:\/\/queretaronetwork.tv\/roberto-sosa-recibe-a-alcaldesa-de-ezequiel-montes\/\"},\"wordCount\":109,\"commentCount\":0,\"publisher\":{\"@id\":\"https:\/\/queretaronetwork.tv\/#organization\"},\"image\":{\"@id\":\"https:\/\/queretaronetwork.tv\/roberto-sosa-recibe-a-alcaldesa-de-ezequiel-montes\/#primaryimage\"},\"thumbnailUrl\":\"https:\/\/i0.wp.com\/queretaronetwork.tv\/wp-content\/uploads\/2023\/01\/1-1.jpeg?fit=1280%2C853&ssl=1\",\"articleSection\":[\"Municipio de Corregidora\",\"Municipio de Ezequiel Montes\"],\"inLanguage\":\"es\",\"potentialAction\":[{\"@type\":\"CommentAction\",\"name\":\"Comment\",\"target\":[\"https:\/\/queretaronetwork.tv\/roberto-sosa-recibe-a-alcaldesa-de-ezequiel-montes\/#respond\"]}]},{\"@type\":\"WebPage\",\"@id\":\"https:\/\/queretaronetwork.tv\/roberto-sosa-recibe-a-alcaldesa-de-ezequiel-montes\/\",\"url\":\"https:\/\/queretaronetwork.tv\/roberto-sosa-recibe-a-alcaldesa-de-ezequiel-montes\/\",\"name\":\"Roberto Sosa recibe a alcaldesa de Ezequiel Montes -\",\"isPartOf\":{\"@id\":\"https:\/\/queretaronetwork.tv\/#website\"},\"primaryImageOfPage\":{\"@id\":\"https:\/\/queretaronetwork.tv\/roberto-sosa-recibe-a-alcaldesa-de-ezequiel-montes\/#primaryimage\"},\"image\":{\"@id\":\"https:\/\/queretaronetwork.tv\/roberto-sosa-recibe-a-alcaldesa-de-ezequiel-montes\/#primaryimage\"},\"thumbnailUrl\":\"https:\/\/i0.wp.com\/queretaronetwork.tv\/wp-content\/uploads\/2023\/01\/1-1.jpeg?fit=1280%2C853&ssl=1\",\"datePublished\":\"2023-01-31T21:28:08+00:00\",\"breadcrumb\":{\"@id\":\"https:\/\/queretaronetwork.tv\/roberto-sosa-recibe-a-alcaldesa-de-ezequiel-montes\/#breadcrumb\"},\"inLanguage\":\"es\",\"potentialAction\":[{\"@type\":\"ReadAction\",\"target\":[\"https:\/\/queretaronetwork.tv\/roberto-sosa-recibe-a-alcaldesa-de-ezequiel-montes\/\"]}]},{\"@type\":\"ImageObject\",\"inLanguage\":\"es\",\"@id\":\"https:\/\/queretaronetwork.tv\/roberto-sosa-recibe-a-alcaldesa-de-ezequiel-montes\/#primaryimage\",\"url\":\"https:\/\/i0.wp.com\/queretaronetwork.tv\/wp-content\/uploads\/2023\/01\/1-1.jpeg?fit=1280%2C853&ssl=1\",\"contentUrl\":\"https:\/\/i0.wp.com\/queretaronetwork.tv\/wp-content\/uploads\/2023\/01\/1-1.jpeg?fit=1280%2C853&ssl=1\",\"width\":1280,\"height\":853},{\"@type\":\"BreadcrumbList\",\"@id\":\"https:\/\/queretaronetwork.tv\/roberto-sosa-recibe-a-alcaldesa-de-ezequiel-montes\/#breadcrumb\",\"itemListElement\":[{\"@type\":\"ListItem\",\"position\":1,\"name\":\"Inicio\",\"item\":\"https:\/\/queretaronetwork.tv\/\"},{\"@type\":\"ListItem\",\"position\":2,\"name\":\"Roberto Sosa recibe a alcaldesa de Ezequiel Montes\"}]},{\"@type\":\"WebSite\",\"@id\":\"https:\/\/queretaronetwork.tv\/#website\",\"url\":\"https:\/\/queretaronetwork.tv\/\",\"name\":\"Quer\u00e9taro Network TV\",\"description\":\"Medio de Comunicaci\u00f3n Digital, Noticias y Canal de Tv ONLine\",\"publisher\":{\"@id\":\"https:\/\/queretaronetwork.tv\/#organization\"},\"potentialAction\":[{\"@type\":\"SearchAction\",\"target\":{\"@type\":\"EntryPoint\",\"urlTemplate\":\"https:\/\/queretaronetwork.tv\/?s={search_term_string}\"},\"query-input\":{\"@type\":\"PropertyValueSpecification\",\"valueRequired\":true,\"valueName\":\"search_term_string\"}}],\"inLanguage\":\"es\"},{\"@type\":\"Organization\",\"@id\":\"https:\/\/queretaronetwork.tv\/#organization\",\"name\":\"Quer\u00e9taro Network TV\",\"url\":\"https:\/\/queretaronetwork.tv\/\",\"logo\":{\"@type\":\"ImageObject\",\"inLanguage\":\"es\",\"@id\":\"https:\/\/queretaronetwork.tv\/#\/schema\/logo\/image\/\",\"url\":\"https:\/\/i0.wp.com\/queretaronetwork.tv\/wp-content\/uploads\/2020\/02\/LOGONUEVOCIRCULARQNTV2020-e1595007713656.png?fit=583%2C564&ssl=1\",\"contentUrl\":\"https:\/\/i0.wp.com\/queretaronetwork.tv\/wp-content\/uploads\/2020\/02\/LOGONUEVOCIRCULARQNTV2020-e1595007713656.png?fit=583%2C564&ssl=1\",\"width\":583,\"height\":564,\"caption\":\"Quer\u00e9taro Network TV\"},\"image\":{\"@id\":\"https:\/\/queretaronetwork.tv\/#\/schema\/logo\/image\/\"},\"sameAs\":[\"https:\/\/www.facebook.com\/QroNTV\/\",\"https:\/\/x.com\/QNTV6\",\"https:\/\/www.instagram.com\/queretaronetworktv\/\",\"https:\/\/www.youtube.com\/channel\/UCav1cE_tCaccVZOLJpqZIyA?view_as=subscriber\"]},{\"@type\":\"Person\",\"@id\":\"https:\/\/queretaronetwork.tv\/#\/schema\/person\/2ff7514cff2fd65cf9055c56dcab1f9e\",\"name\":\"Nalleli Ruiz\",\"image\":{\"@type\":\"ImageObject\",\"inLanguage\":\"es\",\"@id\":\"https:\/\/queretaronetwork.tv\/#\/schema\/person\/image\/\",\"url\":\"https:\/\/secure.gravatar.com\/avatar\/7fa0997a74037337b9609703c4729101f8cfd7aa2bbcaf7fc2b5d3c3cdf1c403?s=96&d=mm&r=g\",\"contentUrl\":\"https:\/\/secure.gravatar.com\/avatar\/7fa0997a74037337b9609703c4729101f8cfd7aa2bbcaf7fc2b5d3c3cdf1c403?s=96&d=mm&r=g\",\"caption\":\"Nalleli Ruiz\"},\"url\":\"https:\/\/queretaronetwork.tv\/author\/nalleli\/\"}]}<\/script>\n<!-- \/ Yoast SEO plugin. -->","yoast_head_json":{"title":"Roberto Sosa recibe a alcaldesa de Ezequiel Montes -","robots":{"index":"index","follow":"follow","max-snippet":"max-snippet:-1","max-image-preview":"max-image-preview:large","max-video-preview":"max-video-preview:-1"},"canonical":"https:\/\/queretaronetwork.tv\/roberto-sosa-recibe-a-alcaldesa-de-ezequiel-montes\/","og_locale":"es_MX","og_type":"article","og_title":"Roberto Sosa recibe a alcaldesa de Ezequiel Montes -","og_description":"Roberto Sosa Pichardo, presidente municipal de Corregidora, dio la bienvenida a su hom\u00f3loga de Ezequiel Montes, Magda Guadalupe","og_url":"https:\/\/queretaronetwork.tv\/roberto-sosa-recibe-a-alcaldesa-de-ezequiel-montes\/","article_publisher":"https:\/\/www.facebook.com\/QroNTV\/","article_published_time":"2023-01-31T21:28:08+00:00","og_image":[{"width":1280,"height":853,"url":"https:\/\/i0.wp.com\/queretaronetwork.tv\/wp-content\/uploads\/2023\/01\/1-1.jpeg?fit=1280%2C853&ssl=1","type":"image\/jpeg"}],"author":"Nalleli Ruiz","twitter_card":"summary_large_image","twitter_creator":"@QNTV6","twitter_site":"@QNTV6","twitter_misc":{"Escrito por":"Nalleli Ruiz","Tiempo de lectura":"1 minuto"},"schema":{"@context":"https:\/\/schema.org","@graph":[{"@type":"Article","@id":"https:\/\/queretaronetwork.tv\/roberto-sosa-recibe-a-alcaldesa-de-ezequiel-montes\/#article","isPartOf":{"@id":"https:\/\/queretaronetwork.tv\/roberto-sosa-recibe-a-alcaldesa-de-ezequiel-montes\/"},"author":{"name":"Nalleli Ruiz","@id":"https:\/\/queretaronetwork.tv\/#\/schema\/person\/2ff7514cff2fd65cf9055c56dcab1f9e"},"headline":"Roberto Sosa recibe a alcaldesa de Ezequiel Montes","datePublished":"2023-01-31T21:28:08+00:00","mainEntityOfPage":{"@id":"https:\/\/queretaronetwork.tv\/roberto-sosa-recibe-a-alcaldesa-de-ezequiel-montes\/"},"wordCount":109,"commentCount":0,"publisher":{"@id":"https:\/\/queretaronetwork.tv\/#organization"},"image":{"@id":"https:\/\/queretaronetwork.tv\/roberto-sosa-recibe-a-alcaldesa-de-ezequiel-montes\/#primaryimage"},"thumbnailUrl":"https:\/\/i0.wp.com\/queretaronetwork.tv\/wp-content\/uploads\/2023\/01\/1-1.jpeg?fit=1280%2C853&ssl=1","articleSection":["Municipio de Corregidora","Municipio de Ezequiel Montes"],"inLanguage":"es","potentialAction":[{"@type":"CommentAction","name":"Comment","target":["https:\/\/queretaronetwork.tv\/roberto-sosa-recibe-a-alcaldesa-de-ezequiel-montes\/#respond"]}]},{"@type":"WebPage","@id":"https:\/\/queretaronetwork.tv\/roberto-sosa-recibe-a-alcaldesa-de-ezequiel-montes\/","url":"https:\/\/queretaronetwork.tv\/roberto-sosa-recibe-a-alcaldesa-de-ezequiel-montes\/","name":"Roberto Sosa recibe a alcaldesa de Ezequiel Montes -","isPartOf":{"@id":"https:\/\/queretaronetwork.tv\/#website"},"primaryImageOfPage":{"@id":"https:\/\/queretaronetwork.tv\/roberto-sosa-recibe-a-alcaldesa-de-ezequiel-montes\/#primaryimage"},"image":{"@id":"https:\/\/queretaronetwork.tv\/roberto-sosa-recibe-a-alcaldesa-de-ezequiel-montes\/#primaryimage"},"thumbnailUrl":"https:\/\/i0.wp.com\/queretaronetwork.tv\/wp-content\/uploads\/2023\/01\/1-1.jpeg?fit=1280%2C853&ssl=1","datePublished":"2023-01-31T21:28:08+00:00","breadcrumb":{"@id":"https:\/\/queretaronetwork.tv\/roberto-sosa-recibe-a-alcaldesa-de-ezequiel-montes\/#breadcrumb"},"inLanguage":"es","potentialAction":[{"@type":"ReadAction","target":["https:\/\/queretaronetwork.tv\/roberto-sosa-recibe-a-alcaldesa-de-ezequiel-montes\/"]}]},{"@type":"ImageObject","inLanguage":"es","@id":"https:\/\/queretaronetwork.tv\/roberto-sosa-recibe-a-alcaldesa-de-ezequiel-montes\/#primaryimage","url":"https:\/\/i0.wp.com\/queretaronetwork.tv\/wp-content\/uploads\/2023\/01\/1-1.jpeg?fit=1280%2C853&ssl=1","contentUrl":"https:\/\/i0.wp.com\/queretaronetwork.tv\/wp-content\/uploads\/2023\/01\/1-1.jpeg?fit=1280%2C853&ssl=1","width":1280,"height":853},{"@type":"BreadcrumbList","@id":"https:\/\/queretaronetwork.tv\/roberto-sosa-recibe-a-alcaldesa-de-ezequiel-montes\/#breadcrumb","itemListElement":[{"@type":"ListItem","position":1,"name":"Inicio","item":"https:\/\/queretaronetwork.tv\/"},{"@type":"ListItem","position":2,"name":"Roberto Sosa recibe a alcaldesa de Ezequiel Montes"}]},{"@type":"WebSite","@id":"https:\/\/queretaronetwork.tv\/#website","url":"https:\/\/queretaronetwork.tv\/","name":"Quer\u00e9taro Network TV","description":"Medio de Comunicaci\u00f3n Digital, Noticias y Canal de Tv ONLine","publisher":{"@id":"https:\/\/queretaronetwork.tv\/#organization"},"potentialAction":[{"@type":"SearchAction","target":{"@type":"EntryPoint","urlTemplate":"https:\/\/queretaronetwork.tv\/?s={search_term_string}"},"query-input":{"@type":"PropertyValueSpecification","valueRequired":true,"valueName":"search_term_string"}}],"inLanguage":"es"},{"@type":"Organization","@id":"https:\/\/queretaronetwork.tv\/#organization","name":"Quer\u00e9taro Network TV","url":"https:\/\/queretaronetwork.tv\/","logo":{"@type":"ImageObject","inLanguage":"es","@id":"https:\/\/queretaronetwork.tv\/#\/schema\/logo\/image\/","url":"https:\/\/i0.wp.com\/queretaronetwork.tv\/wp-content\/uploads\/2020\/02\/LOGONUEVOCIRCULARQNTV2020-e1595007713656.png?fit=583%2C564&ssl=1","contentUrl":"https:\/\/i0.wp.com\/queretaronetwork.tv\/wp-content\/uploads\/2020\/02\/LOGONUEVOCIRCULARQNTV2020-e1595007713656.png?fit=583%2C564&ssl=1","width":583,"height":564,"caption":"Quer\u00e9taro Network TV"},"image":{"@id":"https:\/\/queretaronetwork.tv\/#\/schema\/logo\/image\/"},"sameAs":["https:\/\/www.facebook.com\/QroNTV\/","https:\/\/x.com\/QNTV6","https:\/\/www.instagram.com\/queretaronetworktv\/","https:\/\/www.youtube.com\/channel\/UCav1cE_tCaccVZOLJpqZIyA?view_as=subscriber"]},{"@type":"Person","@id":"https:\/\/queretaronetwork.tv\/#\/schema\/person\/2ff7514cff2fd65cf9055c56dcab1f9e","name":"Nalleli Ruiz","image":{"@type":"ImageObject","inLanguage":"es","@id":"https:\/\/queretaronetwork.tv\/#\/schema\/person\/image\/","url":"https:\/\/secure.gravatar.com\/avatar\/7fa0997a74037337b9609703c4729101f8cfd7aa2bbcaf7fc2b5d3c3cdf1c403?s=96&d=mm&r=g","contentUrl":"https:\/\/secure.gravatar.com\/avatar\/7fa0997a74037337b9609703c4729101f8cfd7aa2bbcaf7fc2b5d3c3cdf1c403?s=96&d=mm&r=g","caption":"Nalleli Ruiz"},"url":"https:\/\/queretaronetwork.tv\/author\/nalleli\/"}]}},"jetpack_publicize_connections":[],"featured_image_urls":{"full":["https:\/\/i0.wp.com\/queretaronetwork.tv\/wp-content\/uploads\/2023\/01\/1-1.jpeg?fit=1280%2C853&ssl=1",1280,853,false],"thumbnail":["https:\/\/i0.wp.com\/queretaronetwork.tv\/wp-content\/uploads\/2023\/01\/1-1.jpeg?resize=150%2C150&ssl=1",150,150,true],"medium":["https:\/\/i0.wp.com\/queretaronetwork.tv\/wp-content\/uploads\/2023\/01\/1-1.jpeg?fit=300%2C200&ssl=1",300,200,true],"medium_large":["https:\/\/i0.wp.com\/queretaronetwork.tv\/wp-content\/uploads\/2023\/01\/1-1.jpeg?fit=640%2C427&ssl=1",640,427,true],"large":["https:\/\/i0.wp.com\/queretaronetwork.tv\/wp-content\/uploads\/2023\/01\/1-1.jpeg?fit=640%2C426&ssl=1",640,426,true],"1536x1536":["https:\/\/i0.wp.com\/queretaronetwork.tv\/wp-content\/uploads\/2023\/01\/1-1.jpeg?fit=1280%2C853&ssl=1",1280,853,true],"2048x2048":["https:\/\/i0.wp.com\/queretaronetwork.tv\/wp-content\/uploads\/2023\/01\/1-1.jpeg?fit=1280%2C853&ssl=1",1280,853,true],"darknews-slider-full":["https:\/\/i0.wp.com\/queretaronetwork.tv\/wp-content\/uploads\/2023\/01\/1-1.jpeg?resize=1280%2C720&ssl=1",1280,720,true],"darknews-featured":["https:\/\/i0.wp.com\/queretaronetwork.tv\/wp-content\/uploads\/2023\/01\/1-1.jpeg?fit=1024%2C682&ssl=1",1024,682,true],"darknews-medium":["https:\/\/i0.wp.com\/queretaronetwork.tv\/wp-content\/uploads\/2023\/01\/1-1.jpeg?resize=720%2C530&ssl=1",720,530,true],"darknews-medium-square":["https:\/\/i0.wp.com\/queretaronetwork.tv\/wp-content\/uploads\/2023\/01\/1-1.jpeg?resize=350%2C350&ssl=1",350,350,true]},"author_info":{"info":["Nalleli Ruiz"]},"category_info":"<a href=\"https:\/\/queretaronetwork.tv\/category\/municipio-de-corregidora\/\" rel=\"category tag\">Municipio de Corregidora<\/a> <a href=\"https:\/\/queretaronetwork.tv\/category\/municipio-de-ezequiel-montes\/\" rel=\"category tag\">Municipio de Ezequiel Montes<\/a>","tag_info":"Municipio de Ezequiel Montes","comment_count":"0","jetpack_featured_media_url":"https:\/\/i0.wp.com\/queretaronetwork.tv\/wp-content\/uploads\/2023\/01\/1-1.jpeg?fit=1280%2C853&ssl=1","jetpack_likes_enabled":true,"jetpack-related-posts":[{"id":26862,"url":"https:\/\/queretaronetwork.tv\/corregidora-y-ezequiel-montes-firman-acuerdo-de-hermanamiento\/","url_meta":{"origin":26703,"position":0},"title":"Corregidora y Ezequiel Montes firman acuerdo de hermanamiento","author":"Nalleli Ruiz","date":"3 febrero, 2023","format":false,"excerpt":"\u00a0\u201cCon esta uni\u00f3n no s\u00f3lo se consolidan los lazos culturales, sino que adem\u00e1s se sella una relaci\u00f3n que dar\u00e1 grandes frutos de car\u00e1cter pol\u00edtico, econ\u00f3mico, tur\u00edstico y social.\u201d: RSP. \u201cTanto Ezequiel Montes como Corregidora tienen similitudes importantes\u201d: Magda Guadalupe P\u00e9rez Montes. Corregidora y Ezequiel Montes unen metas tur\u00edsticas, econ\u00f3micas, culturales\u2026","rel":"","context":"En &quot;Municipio de Corregidora&quot;","block_context":{"text":"Municipio de Corregidora","link":"https:\/\/queretaronetwork.tv\/category\/municipio-de-corregidora\/"},"img":{"alt_text":"","src":"https:\/\/i0.wp.com\/queretaronetwork.tv\/wp-content\/uploads\/2023\/02\/11.jpeg?fit=1200%2C800&ssl=1&resize=350%2C200","width":350,"height":200,"srcset":"https:\/\/i0.wp.com\/queretaronetwork.tv\/wp-content\/uploads\/2023\/02\/11.jpeg?fit=1200%2C800&ssl=1&resize=350%2C200 1x, https:\/\/i0.wp.com\/queretaronetwork.tv\/wp-content\/uploads\/2023\/02\/11.jpeg?fit=1200%2C800&ssl=1&resize=525%2C300 1.5x, https:\/\/i0.wp.com\/queretaronetwork.tv\/wp-content\/uploads\/2023\/02\/11.jpeg?fit=1200%2C800&ssl=1&resize=700%2C400 2x, https:\/\/i0.wp.com\/queretaronetwork.tv\/wp-content\/uploads\/2023\/02\/11.jpeg?fit=1200%2C800&ssl=1&resize=1050%2C600 3x"},"classes":[]},{"id":27187,"url":"https:\/\/queretaronetwork.tv\/firman-utc-y-municipio-de-ezequiel-montes-convenio-de-colaboracion\/","url_meta":{"origin":26703,"position":1},"title":"Firman UTC y Municipio de Ezequiel Montes convenio de colaboraci\u00f3n","author":"Nalleli Ruiz","date":"14 febrero, 2023","format":false,"excerpt":"La rectora de la Universidad Tecnol\u00f3gica de Corregidora (UTC),\u00a0Ana Eugenia Pati\u00f1o Correa, firm\u00f3 un convenio con la presidenta municipal\u00a0de Ezequiel Montes, Magda Guadalupe P\u00e9rez Montes,\u00a0con el prop\u00f3sito de ofrecer m\u00e1s oportunidades de desarrollo profesional y fomentar la continuidad de estudios universitarios entre los j\u00f3venes, lo que permitir\u00e1 la apertura de\u2026","rel":"","context":"En &quot;Educaci\u00f3n&quot;","block_context":{"text":"Educaci\u00f3n","link":"https:\/\/queretaronetwork.tv\/category\/educacion\/"},"img":{"alt_text":"","src":"https:\/\/i0.wp.com\/queretaronetwork.tv\/wp-content\/uploads\/2023\/02\/71_273_39290_692955379_14_02_2023_UTC_Y_EZEQUIEL_MONTES_FIRMAN_CONVENIO4.jpg?fit=1200%2C800&ssl=1&resize=350%2C200","width":350,"height":200,"srcset":"https:\/\/i0.wp.com\/queretaronetwork.tv\/wp-content\/uploads\/2023\/02\/71_273_39290_692955379_14_02_2023_UTC_Y_EZEQUIEL_MONTES_FIRMAN_CONVENIO4.jpg?fit=1200%2C800&ssl=1&resize=350%2C200 1x, https:\/\/i0.wp.com\/queretaronetwork.tv\/wp-content\/uploads\/2023\/02\/71_273_39290_692955379_14_02_2023_UTC_Y_EZEQUIEL_MONTES_FIRMAN_CONVENIO4.jpg?fit=1200%2C800&ssl=1&resize=525%2C300 1.5x, https:\/\/i0.wp.com\/queretaronetwork.tv\/wp-content\/uploads\/2023\/02\/71_273_39290_692955379_14_02_2023_UTC_Y_EZEQUIEL_MONTES_FIRMAN_CONVENIO4.jpg?fit=1200%2C800&ssl=1&resize=700%2C400 2x, https:\/\/i0.wp.com\/queretaronetwork.tv\/wp-content\/uploads\/2023\/02\/71_273_39290_692955379_14_02_2023_UTC_Y_EZEQUIEL_MONTES_FIRMAN_CONVENIO4.jpg?fit=1200%2C800&ssl=1&resize=1050%2C600 3x"},"classes":[]},{"id":27114,"url":"https:\/\/queretaronetwork.tv\/muestra-artesanal-de-municipios-en-corregidora-permanecera-hasta-el-domingo-19\/","url_meta":{"origin":26703,"position":2},"title":"Muestra Artesanal de Municipios en Corregidora permanecer\u00e1 hasta el domingo 19","author":"Nalleli Ruiz","date":"14 febrero, 2023","format":false,"excerpt":"Roberto Sosa Pichardo, presidente municipal de Corregidora, acompa\u00f1ado por su esposa y presidenta del Sistema Municipal para el Desarrollo Integral de la Familia (DIF), y junto con los alcaldes de Arroyo Seco, Ofelia del Castillo Guill\u00e9n; de Col\u00f3n, Manuel Montes Hern\u00e1ndez; y de San Joaqu\u00edn, Carlos Manuel Ledesma Robles, llev\u00f3\u2026","rel":"","context":"En &quot;Cultural&quot;","block_context":{"text":"Cultural","link":"https:\/\/queretaronetwork.tv\/category\/cultural\/"},"img":{"alt_text":"","src":"https:\/\/i0.wp.com\/queretaronetwork.tv\/wp-content\/uploads\/2023\/02\/5-1.jpeg?fit=1200%2C800&ssl=1&resize=350%2C200","width":350,"height":200,"srcset":"https:\/\/i0.wp.com\/queretaronetwork.tv\/wp-content\/uploads\/2023\/02\/5-1.jpeg?fit=1200%2C800&ssl=1&resize=350%2C200 1x, https:\/\/i0.wp.com\/queretaronetwork.tv\/wp-content\/uploads\/2023\/02\/5-1.jpeg?fit=1200%2C800&ssl=1&resize=525%2C300 1.5x, https:\/\/i0.wp.com\/queretaronetwork.tv\/wp-content\/uploads\/2023\/02\/5-1.jpeg?fit=1200%2C800&ssl=1&resize=700%2C400 2x, https:\/\/i0.wp.com\/queretaronetwork.tv\/wp-content\/uploads\/2023\/02\/5-1.jpeg?fit=1200%2C800&ssl=1&resize=1050%2C600 3x"},"classes":[]},{"id":25235,"url":"https:\/\/queretaronetwork.tv\/car-herrera-y-mauricio-kuri-viven-el-festival-alegria-2022-en-ezequiel-montes\/","url_meta":{"origin":26703,"position":3},"title":"Car Herrera y Mauricio Kuri viven el Festival Alegr\u00eda 2022 en Ezequiel Montes","author":"Nalleli Ruiz","date":"12 diciembre, 2022","format":false,"excerpt":"La Presidenta del Patronato del Sistema Estatal DIF, Car Herrera de Kuri, en compa\u00f1\u00eda del gobernador del Estado, Mauricio Kuri Gonz\u00e1lez, convivieron con habitantes del municipio de Ezequiel Montes durante el Festival Alegr\u00eda Quer\u00e9taro 2022. Con este desfile, el DIF Estatal y Gobierno del Estado reiteran el llamado a pasar\u2026","rel":"","context":"En &quot;Cultural&quot;","block_context":{"text":"Cultural","link":"https:\/\/queretaronetwork.tv\/category\/cultural\/"},"img":{"alt_text":"","src":"https:\/\/i0.wp.com\/queretaronetwork.tv\/wp-content\/uploads\/2022\/12\/71_273_38713_1322024115_12_11_DESFILE_EZEQUIEL_MONTES_03.jpg?fit=1200%2C800&ssl=1&resize=350%2C200","width":350,"height":200,"srcset":"https:\/\/i0.wp.com\/queretaronetwork.tv\/wp-content\/uploads\/2022\/12\/71_273_38713_1322024115_12_11_DESFILE_EZEQUIEL_MONTES_03.jpg?fit=1200%2C800&ssl=1&resize=350%2C200 1x, https:\/\/i0.wp.com\/queretaronetwork.tv\/wp-content\/uploads\/2022\/12\/71_273_38713_1322024115_12_11_DESFILE_EZEQUIEL_MONTES_03.jpg?fit=1200%2C800&ssl=1&resize=525%2C300 1.5x, https:\/\/i0.wp.com\/queretaronetwork.tv\/wp-content\/uploads\/2022\/12\/71_273_38713_1322024115_12_11_DESFILE_EZEQUIEL_MONTES_03.jpg?fit=1200%2C800&ssl=1&resize=700%2C400 2x, https:\/\/i0.wp.com\/queretaronetwork.tv\/wp-content\/uploads\/2022\/12\/71_273_38713_1322024115_12_11_DESFILE_EZEQUIEL_MONTES_03.jpg?fit=1200%2C800&ssl=1&resize=1050%2C600 3x"},"classes":[]},{"id":10872,"url":"https:\/\/queretaronetwork.tv\/anuncia-gobernador-obras-por-mas-de-mil-mdp-para-el-estado\/","url_meta":{"origin":26703,"position":4},"title":"Anuncia Gobernador obras por m\u00e1s de mil mdp para el estado","author":"Editorial QNTV","date":"2 febrero, 2022","format":false,"excerpt":"Con el objetivo de impulsar el desarrollo socioecon\u00f3mico y la movilidad en la entidad, el gobernador, Mauricio Kuri Gonz\u00e1lez, anunci\u00f3 un conjunto de obras de gran impacto social por m\u00e1s de mil millones de pesos en los municipios de Corregidora, Jalpan de Serra, Ezequiel Montes, Pedro Escobedo y Quer\u00e9taro;\u00a0 acciones\u2026","rel":"","context":"En &quot;Municipio de Corregidora&quot;","block_context":{"text":"Municipio de Corregidora","link":"https:\/\/queretaronetwork.tv\/category\/municipio-de-corregidora\/"},"img":{"alt_text":"","src":"https:\/\/i0.wp.com\/queretaronetwork.tv\/wp-content\/uploads\/2022\/02\/71_273_35286_2012827540_IMG_2883.jpeg?fit=1200%2C800&ssl=1&resize=350%2C200","width":350,"height":200,"srcset":"https:\/\/i0.wp.com\/queretaronetwork.tv\/wp-content\/uploads\/2022\/02\/71_273_35286_2012827540_IMG_2883.jpeg?fit=1200%2C800&ssl=1&resize=350%2C200 1x, https:\/\/i0.wp.com\/queretaronetwork.tv\/wp-content\/uploads\/2022\/02\/71_273_35286_2012827540_IMG_2883.jpeg?fit=1200%2C800&ssl=1&resize=525%2C300 1.5x, https:\/\/i0.wp.com\/queretaronetwork.tv\/wp-content\/uploads\/2022\/02\/71_273_35286_2012827540_IMG_2883.jpeg?fit=1200%2C800&ssl=1&resize=700%2C400 2x, https:\/\/i0.wp.com\/queretaronetwork.tv\/wp-content\/uploads\/2022\/02\/71_273_35286_2012827540_IMG_2883.jpeg?fit=1200%2C800&ssl=1&resize=1050%2C600 3x"},"classes":[]},{"id":10875,"url":"https:\/\/queretaronetwork.tv\/anuncian-obra-viaducto-santa-barbara\/","url_meta":{"origin":26703,"position":5},"title":"Anuncian obra Viaducto Santa B\u00e1rbara","author":"Editorial QNTV","date":"2 febrero, 2022","format":false,"excerpt":"Roberto Sosa Pichardo, presidente municipal de Corregidora, reconoci\u00f3 y agradeci\u00f3 el apoyo del gobierno estatal para el impulsar el desarrollo de los municipios, en el anunci\u00f3 que hizo el ejecutivo estatal, Mauricio Kuri Gonz\u00e1lez, de la construcci\u00f3n del Viaducto Santa B\u00e1rbara, que beneficiar\u00e1 la movilidad, la conectividad y el desarrollo\u2026","rel":"","context":"En &quot;Municipio de Corregidora&quot;","block_context":{"text":"Municipio de Corregidora","link":"https:\/\/queretaronetwork.tv\/category\/municipio-de-corregidora\/"},"img":{"alt_text":"","src":"https:\/\/i0.wp.com\/queretaronetwork.tv\/wp-content\/uploads\/2022\/02\/1.jpeg?fit=1200%2C800&ssl=1&resize=350%2C200","width":350,"height":200,"srcset":"https:\/\/i0.wp.com\/queretaronetwork.tv\/wp-content\/uploads\/2022\/02\/1.jpeg?fit=1200%2C800&ssl=1&resize=350%2C200 1x, https:\/\/i0.wp.com\/queretaronetwork.tv\/wp-content\/uploads\/2022\/02\/1.jpeg?fit=1200%2C800&ssl=1&resize=525%2C300 1.5x, https:\/\/i0.wp.com\/queretaronetwork.tv\/wp-content\/uploads\/2022\/02\/1.jpeg?fit=1200%2C800&ssl=1&resize=700%2C400 2x, https:\/\/i0.wp.com\/queretaronetwork.tv\/wp-content\/uploads\/2022\/02\/1.jpeg?fit=1200%2C800&ssl=1&resize=1050%2C600 3x"},"classes":[]}],"jetpack_sharing_enabled":true,"jetpack_shortlink":"https:\/\/wp.me\/pardhb-6WH","_links":{"self":[{"href":"https:\/\/queretaronetwork.tv\/wp-json\/wp\/v2\/posts\/26703","targetHints":{"allow":["GET"]}}],"collection":[{"href":"https:\/\/queretaronetwork.tv\/wp-json\/wp\/v2\/posts"}],"about":[{"href":"https:\/\/queretaronetwork.tv\/wp-json\/wp\/v2\/types\/post"}],"author":[{"embeddable":true,"href":"https:\/\/queretaronetwork.tv\/wp-json\/wp\/v2\/users\/5"}],"replies":[{"embeddable":true,"href":"https:\/\/queretaronetwork.tv\/wp-json\/wp\/v2\/comments?post=26703"}],"version-history":[{"count":1,"href":"https:\/\/queretaronetwork.tv\/wp-json\/wp\/v2\/posts\/26703\/revisions"}],"predecessor-version":[{"id":26706,"href":"https:\/\/queretaronetwork.tv\/wp-json\/wp\/v2\/posts\/26703\/revisions\/26706"}],"wp:featuredmedia":[{"embeddable":true,"href":"https:\/\/queretaronetwork.tv\/wp-json\/wp\/v2\/media\/26704"}],"wp:attachment":[{"href":"https:\/\/queretaronetwork.tv\/wp-json\/wp\/v2\/media?parent=26703"}],"wp:term":[{"taxonomy":"category","embeddable":true,"href":"https:\/\/queretaronetwork.tv\/wp-json\/wp\/v2\/categories?post=26703"},{"taxonomy":"post_tag","embeddable":true,"href":"https:\/\/queretaronetwork.tv\/wp-json\/wp\/v2\/tags?post=26703"}],"curies":[{"name":"wp","href":"https:\/\/api.w.org\/{rel}","templated":true}]}}