{"id":27376,"date":"2023-02-20T15:46:06","date_gmt":"2023-02-20T21:46:06","guid":{"rendered":"https:\/\/queretaronetwork.tv\/?p=27376"},"modified":"2023-02-20T15:46:06","modified_gmt":"2023-02-20T21:46:06","slug":"transporte-sigue-a-la-baja-en-usuarios","status":"publish","type":"post","link":"https:\/\/queretaronetwork.tv\/transporte-sigue-a-la-baja-en-usuarios\/","title":{"rendered":"Transporte sigue a la baja en usuarios"},"content":{"rendered":"<div class=\"content-body clearfix \">\n<div id=\"content-body-225-9641870\">\n<p>El transporte p\u00fablico en Quer\u00e9taro<b>\u00a0mueve ahora a 55.4% menos personas que antes de la pandemia por Covid-19<\/b>, al registrar un descenso de 127 mil 7 usuarios de diciembre de 2019 a diciembre de 2022.<\/p>\n<p>De acuerdo con el Instituto Nacional de Estad\u00edstica y Geograf\u00eda (INEGI), en la capital queretana<b>\u00a0el sistema de transporte p\u00fablico atendi\u00f3 a 228 mil 852 usuarios en diciembre de 2022,<\/b> mientras que en el mismo periodo de 2019 la afluencia fue de 355 mil 859, con una diferencia de 127 mil 7 personas.<\/p>\n<\/div>\n<\/div>\n<article class=\"content-continued-body clearfix \">\n<div id=\"content-body-5851641-9641870\">\n<p>Durante diciembre de 2020 se registr\u00f3 una atenci\u00f3n de 187 mil 411 usuarios, en tanto que en el mismo periodo de 2021 el reporte de atenci\u00f3n fue de 213 mil 506 usuarios, en lo que<b>\u00a0fue un alza significativa,<\/b>\u00a0pero que no alcanza los n\u00fameros previos a la pandemia.<\/p>\n<p>Entre otros reportes de la\u00a0<b>Estad\u00edstica de Transporte Urbano de Pasajeros,<\/b>\u00a0la distancia que recorri\u00f3 el transporte urbano de la ciudad de Quer\u00e9taro en ese mismo periodo fue de 112 mil kil\u00f3metros: un descenso mensual de 1.1% y un aumento anual de 16.9%.<\/p>\n<p>Del total de usuarios en diciembre de 2022,\u00a0<b>187 mil 92 abordaron el transporte p\u00fablico con boleto pagado y 41 mil 760 fue con descuento<\/b>. En noviembre de 2022, fueron 202 mil 878 de los usuarios abordaron con boleto pagado y 55 mil 470 usuarios lo hicieron con descuento.<\/p>\n<p>Respecto a enero, las cifras tambi\u00e9n var\u00edan, pues a principios de 2022 se reportaron 192 mil 363 usuarios transportados, lo que da una diferencia de\u00a0<b>36 mil 489 usuarios menos que en diciembre del mismo a\u00f1o<\/b>, lo que representa un porcentaje de 18.9% de incremento.<b><\/b><\/p>\n<p><b>El mes de 2022 con mayor cantidad de pasajeros transportados fue septiembre,<\/b>\u00a0con 284 mil 996 usuarios, seguido de agosto con 266 mil 213 usuarios. Los meses con menor cantidad fueron enero, seguido del mes de febrero, el cual report\u00f3 211 mil 107 usuarios en el transporte p\u00fablico.<\/p>\n<p>Finalmente, seg\u00fan los reportes de diciembre de 2022, en total operaron 77 rutas del transporte p\u00fablico,<b> 538 autobuses en operaci\u00f3n de lunes a viernes y 412 autobuses en operaci\u00f3n de s\u00e1bado a domingo.\u00a0<\/b><\/p>\n<p>Con informaci\u00f3n de <a href=\"https:\/\/www.diariodequeretaro.com.mx\/local\/transporte-sigue-a-la-baja-en-usuarios-9641870.html\">Diario de Quer\u00e9taro.<\/a><\/p>\n<\/div>\n<\/article>\n","protected":false},"excerpt":{"rendered":"<p>Reporta INEGI d\u00e9ficit de 127 mil respecto al nivel que se ten\u00eda antes de la pandemia<\/p>\n","protected":false},"author":2,"featured_media":22461,"comment_status":"open","ping_status":"closed","sticky":false,"template":"","format":"standard","meta":{"jetpack_post_was_ever_published":false,"_jetpack_newsletter_access":"","_jetpack_dont_email_post_to_subs":false,"_jetpack_newsletter_tier_id":0,"_jetpack_memberships_contains_paywalled_content":false,"_jetpack_memberships_contains_paid_content":false,"footnotes":"","jetpack_publicize_message":"","jetpack_publicize_feature_enabled":true,"jetpack_social_post_already_shared":true,"jetpack_social_options":{"image_generator_settings":{"template":"highway","default_image_id":0,"font":"","enabled":false},"version":2}},"categories":[102],"tags":[],"class_list":["post-27376","post","type-post","status-publish","format-standard","has-post-thumbnail","hentry","category-queretaro"],"yoast_head":"<!-- This site is optimized with the Yoast SEO plugin v26.4 - https:\/\/yoast.com\/wordpress\/plugins\/seo\/ -->\n<title>Transporte sigue a la baja en usuarios -<\/title>\n<meta name=\"robots\" content=\"index, follow, max-snippet:-1, max-image-preview:large, max-video-preview:-1\" \/>\n<link rel=\"canonical\" href=\"https:\/\/queretaronetwork.tv\/transporte-sigue-a-la-baja-en-usuarios\/\" \/>\n<meta property=\"og:locale\" content=\"es_MX\" \/>\n<meta property=\"og:type\" content=\"article\" \/>\n<meta property=\"og:title\" content=\"Transporte sigue a la baja en usuarios -\" \/>\n<meta property=\"og:description\" content=\"Reporta INEGI d\u00e9ficit de 127 mil respecto al nivel que se ten\u00eda antes de la pandemia\" \/>\n<meta property=\"og:url\" content=\"https:\/\/queretaronetwork.tv\/transporte-sigue-a-la-baja-en-usuarios\/\" \/>\n<meta property=\"article:publisher\" content=\"https:\/\/www.facebook.com\/QroNTV\/\" \/>\n<meta property=\"article:published_time\" content=\"2023-02-20T21:46:06+00:00\" \/>\n<meta property=\"og:image\" content=\"https:\/\/i0.wp.com\/queretaronetwork.tv\/wp-content\/uploads\/2022\/10\/MODIFICANQROBUS.webp?fit=1020%2C640&ssl=1\" \/>\n\t<meta property=\"og:image:width\" content=\"1020\" \/>\n\t<meta property=\"og:image:height\" content=\"640\" \/>\n\t<meta property=\"og:image:type\" content=\"image\/webp\" \/>\n<meta name=\"author\" content=\"Editorial QNTV\" \/>\n<meta name=\"twitter:card\" content=\"summary_large_image\" \/>\n<meta name=\"twitter:creator\" content=\"@QNTV6\" \/>\n<meta name=\"twitter:site\" content=\"@QNTV6\" \/>\n<meta name=\"twitter:label1\" content=\"Escrito por\" \/>\n\t<meta name=\"twitter:data1\" content=\"Editorial QNTV\" \/>\n\t<meta name=\"twitter:label2\" content=\"Tiempo de lectura\" \/>\n\t<meta name=\"twitter:data2\" content=\"2 minutos\" \/>\n<script type=\"application\/ld+json\" class=\"yoast-schema-graph\">{\"@context\":\"https:\/\/schema.org\",\"@graph\":[{\"@type\":\"Article\",\"@id\":\"https:\/\/queretaronetwork.tv\/transporte-sigue-a-la-baja-en-usuarios\/#article\",\"isPartOf\":{\"@id\":\"https:\/\/queretaronetwork.tv\/transporte-sigue-a-la-baja-en-usuarios\/\"},\"author\":{\"name\":\"Editorial QNTV\",\"@id\":\"https:\/\/queretaronetwork.tv\/#\/schema\/person\/1200b23397cd8ce55a25cb08ca51b5f2\"},\"headline\":\"Transporte sigue a la baja en usuarios\",\"datePublished\":\"2023-02-20T21:46:06+00:00\",\"mainEntityOfPage\":{\"@id\":\"https:\/\/queretaronetwork.tv\/transporte-sigue-a-la-baja-en-usuarios\/\"},\"wordCount\":342,\"commentCount\":0,\"publisher\":{\"@id\":\"https:\/\/queretaronetwork.tv\/#organization\"},\"image\":{\"@id\":\"https:\/\/queretaronetwork.tv\/transporte-sigue-a-la-baja-en-usuarios\/#primaryimage\"},\"thumbnailUrl\":\"https:\/\/i0.wp.com\/queretaronetwork.tv\/wp-content\/uploads\/2022\/10\/MODIFICANQROBUS.webp?fit=1020%2C640&ssl=1\",\"articleSection\":[\"Quer\u00e9taro\"],\"inLanguage\":\"es\",\"potentialAction\":[{\"@type\":\"CommentAction\",\"name\":\"Comment\",\"target\":[\"https:\/\/queretaronetwork.tv\/transporte-sigue-a-la-baja-en-usuarios\/#respond\"]}]},{\"@type\":\"WebPage\",\"@id\":\"https:\/\/queretaronetwork.tv\/transporte-sigue-a-la-baja-en-usuarios\/\",\"url\":\"https:\/\/queretaronetwork.tv\/transporte-sigue-a-la-baja-en-usuarios\/\",\"name\":\"Transporte sigue a la baja en usuarios -\",\"isPartOf\":{\"@id\":\"https:\/\/queretaronetwork.tv\/#website\"},\"primaryImageOfPage\":{\"@id\":\"https:\/\/queretaronetwork.tv\/transporte-sigue-a-la-baja-en-usuarios\/#primaryimage\"},\"image\":{\"@id\":\"https:\/\/queretaronetwork.tv\/transporte-sigue-a-la-baja-en-usuarios\/#primaryimage\"},\"thumbnailUrl\":\"https:\/\/i0.wp.com\/queretaronetwork.tv\/wp-content\/uploads\/2022\/10\/MODIFICANQROBUS.webp?fit=1020%2C640&ssl=1\",\"datePublished\":\"2023-02-20T21:46:06+00:00\",\"breadcrumb\":{\"@id\":\"https:\/\/queretaronetwork.tv\/transporte-sigue-a-la-baja-en-usuarios\/#breadcrumb\"},\"inLanguage\":\"es\",\"potentialAction\":[{\"@type\":\"ReadAction\",\"target\":[\"https:\/\/queretaronetwork.tv\/transporte-sigue-a-la-baja-en-usuarios\/\"]}]},{\"@type\":\"ImageObject\",\"inLanguage\":\"es\",\"@id\":\"https:\/\/queretaronetwork.tv\/transporte-sigue-a-la-baja-en-usuarios\/#primaryimage\",\"url\":\"https:\/\/i0.wp.com\/queretaronetwork.tv\/wp-content\/uploads\/2022\/10\/MODIFICANQROBUS.webp?fit=1020%2C640&ssl=1\",\"contentUrl\":\"https:\/\/i0.wp.com\/queretaronetwork.tv\/wp-content\/uploads\/2022\/10\/MODIFICANQROBUS.webp?fit=1020%2C640&ssl=1\",\"width\":1020,\"height\":640},{\"@type\":\"BreadcrumbList\",\"@id\":\"https:\/\/queretaronetwork.tv\/transporte-sigue-a-la-baja-en-usuarios\/#breadcrumb\",\"itemListElement\":[{\"@type\":\"ListItem\",\"position\":1,\"name\":\"Inicio\",\"item\":\"https:\/\/queretaronetwork.tv\/\"},{\"@type\":\"ListItem\",\"position\":2,\"name\":\"Transporte sigue a la baja en usuarios\"}]},{\"@type\":\"WebSite\",\"@id\":\"https:\/\/queretaronetwork.tv\/#website\",\"url\":\"https:\/\/queretaronetwork.tv\/\",\"name\":\"Quer\u00e9taro Network TV\",\"description\":\"Medio de Comunicaci\u00f3n Digital, Noticias y Canal de Tv ONLine\",\"publisher\":{\"@id\":\"https:\/\/queretaronetwork.tv\/#organization\"},\"potentialAction\":[{\"@type\":\"SearchAction\",\"target\":{\"@type\":\"EntryPoint\",\"urlTemplate\":\"https:\/\/queretaronetwork.tv\/?s={search_term_string}\"},\"query-input\":{\"@type\":\"PropertyValueSpecification\",\"valueRequired\":true,\"valueName\":\"search_term_string\"}}],\"inLanguage\":\"es\"},{\"@type\":\"Organization\",\"@id\":\"https:\/\/queretaronetwork.tv\/#organization\",\"name\":\"Quer\u00e9taro Network TV\",\"url\":\"https:\/\/queretaronetwork.tv\/\",\"logo\":{\"@type\":\"ImageObject\",\"inLanguage\":\"es\",\"@id\":\"https:\/\/queretaronetwork.tv\/#\/schema\/logo\/image\/\",\"url\":\"https:\/\/i0.wp.com\/queretaronetwork.tv\/wp-content\/uploads\/2020\/02\/LOGONUEVOCIRCULARQNTV2020-e1595007713656.png?fit=583%2C564&ssl=1\",\"contentUrl\":\"https:\/\/i0.wp.com\/queretaronetwork.tv\/wp-content\/uploads\/2020\/02\/LOGONUEVOCIRCULARQNTV2020-e1595007713656.png?fit=583%2C564&ssl=1\",\"width\":583,\"height\":564,\"caption\":\"Quer\u00e9taro Network TV\"},\"image\":{\"@id\":\"https:\/\/queretaronetwork.tv\/#\/schema\/logo\/image\/\"},\"sameAs\":[\"https:\/\/www.facebook.com\/QroNTV\/\",\"https:\/\/x.com\/QNTV6\",\"https:\/\/www.instagram.com\/queretaronetworktv\/\",\"https:\/\/www.youtube.com\/channel\/UCav1cE_tCaccVZOLJpqZIyA?view_as=subscriber\"]},{\"@type\":\"Person\",\"@id\":\"https:\/\/queretaronetwork.tv\/#\/schema\/person\/1200b23397cd8ce55a25cb08ca51b5f2\",\"name\":\"Editorial QNTV\",\"image\":{\"@type\":\"ImageObject\",\"inLanguage\":\"es\",\"@id\":\"https:\/\/queretaronetwork.tv\/#\/schema\/person\/image\/\",\"url\":\"https:\/\/secure.gravatar.com\/avatar\/c736b7feb12a69c0911796e1381d5be7aa79cd6ca5a0cb325913d75e4c0cdcbd?s=96&d=mm&r=g\",\"contentUrl\":\"https:\/\/secure.gravatar.com\/avatar\/c736b7feb12a69c0911796e1381d5be7aa79cd6ca5a0cb325913d75e4c0cdcbd?s=96&d=mm&r=g\",\"caption\":\"Editorial QNTV\"},\"url\":\"https:\/\/queretaronetwork.tv\/author\/editorial\/\"}]}<\/script>\n<!-- \/ Yoast SEO plugin. -->","yoast_head_json":{"title":"Transporte sigue a la baja en usuarios -","robots":{"index":"index","follow":"follow","max-snippet":"max-snippet:-1","max-image-preview":"max-image-preview:large","max-video-preview":"max-video-preview:-1"},"canonical":"https:\/\/queretaronetwork.tv\/transporte-sigue-a-la-baja-en-usuarios\/","og_locale":"es_MX","og_type":"article","og_title":"Transporte sigue a la baja en usuarios -","og_description":"Reporta INEGI d\u00e9ficit de 127 mil respecto al nivel que se ten\u00eda antes de la pandemia","og_url":"https:\/\/queretaronetwork.tv\/transporte-sigue-a-la-baja-en-usuarios\/","article_publisher":"https:\/\/www.facebook.com\/QroNTV\/","article_published_time":"2023-02-20T21:46:06+00:00","og_image":[{"width":1020,"height":640,"url":"https:\/\/i0.wp.com\/queretaronetwork.tv\/wp-content\/uploads\/2022\/10\/MODIFICANQROBUS.webp?fit=1020%2C640&ssl=1","type":"image\/webp"}],"author":"Editorial QNTV","twitter_card":"summary_large_image","twitter_creator":"@QNTV6","twitter_site":"@QNTV6","twitter_misc":{"Escrito por":"Editorial QNTV","Tiempo de lectura":"2 minutos"},"schema":{"@context":"https:\/\/schema.org","@graph":[{"@type":"Article","@id":"https:\/\/queretaronetwork.tv\/transporte-sigue-a-la-baja-en-usuarios\/#article","isPartOf":{"@id":"https:\/\/queretaronetwork.tv\/transporte-sigue-a-la-baja-en-usuarios\/"},"author":{"name":"Editorial QNTV","@id":"https:\/\/queretaronetwork.tv\/#\/schema\/person\/1200b23397cd8ce55a25cb08ca51b5f2"},"headline":"Transporte sigue a la baja en usuarios","datePublished":"2023-02-20T21:46:06+00:00","mainEntityOfPage":{"@id":"https:\/\/queretaronetwork.tv\/transporte-sigue-a-la-baja-en-usuarios\/"},"wordCount":342,"commentCount":0,"publisher":{"@id":"https:\/\/queretaronetwork.tv\/#organization"},"image":{"@id":"https:\/\/queretaronetwork.tv\/transporte-sigue-a-la-baja-en-usuarios\/#primaryimage"},"thumbnailUrl":"https:\/\/i0.wp.com\/queretaronetwork.tv\/wp-content\/uploads\/2022\/10\/MODIFICANQROBUS.webp?fit=1020%2C640&ssl=1","articleSection":["Quer\u00e9taro"],"inLanguage":"es","potentialAction":[{"@type":"CommentAction","name":"Comment","target":["https:\/\/queretaronetwork.tv\/transporte-sigue-a-la-baja-en-usuarios\/#respond"]}]},{"@type":"WebPage","@id":"https:\/\/queretaronetwork.tv\/transporte-sigue-a-la-baja-en-usuarios\/","url":"https:\/\/queretaronetwork.tv\/transporte-sigue-a-la-baja-en-usuarios\/","name":"Transporte sigue a la baja en usuarios -","isPartOf":{"@id":"https:\/\/queretaronetwork.tv\/#website"},"primaryImageOfPage":{"@id":"https:\/\/queretaronetwork.tv\/transporte-sigue-a-la-baja-en-usuarios\/#primaryimage"},"image":{"@id":"https:\/\/queretaronetwork.tv\/transporte-sigue-a-la-baja-en-usuarios\/#primaryimage"},"thumbnailUrl":"https:\/\/i0.wp.com\/queretaronetwork.tv\/wp-content\/uploads\/2022\/10\/MODIFICANQROBUS.webp?fit=1020%2C640&ssl=1","datePublished":"2023-02-20T21:46:06+00:00","breadcrumb":{"@id":"https:\/\/queretaronetwork.tv\/transporte-sigue-a-la-baja-en-usuarios\/#breadcrumb"},"inLanguage":"es","potentialAction":[{"@type":"ReadAction","target":["https:\/\/queretaronetwork.tv\/transporte-sigue-a-la-baja-en-usuarios\/"]}]},{"@type":"ImageObject","inLanguage":"es","@id":"https:\/\/queretaronetwork.tv\/transporte-sigue-a-la-baja-en-usuarios\/#primaryimage","url":"https:\/\/i0.wp.com\/queretaronetwork.tv\/wp-content\/uploads\/2022\/10\/MODIFICANQROBUS.webp?fit=1020%2C640&ssl=1","contentUrl":"https:\/\/i0.wp.com\/queretaronetwork.tv\/wp-content\/uploads\/2022\/10\/MODIFICANQROBUS.webp?fit=1020%2C640&ssl=1","width":1020,"height":640},{"@type":"BreadcrumbList","@id":"https:\/\/queretaronetwork.tv\/transporte-sigue-a-la-baja-en-usuarios\/#breadcrumb","itemListElement":[{"@type":"ListItem","position":1,"name":"Inicio","item":"https:\/\/queretaronetwork.tv\/"},{"@type":"ListItem","position":2,"name":"Transporte sigue a la baja en usuarios"}]},{"@type":"WebSite","@id":"https:\/\/queretaronetwork.tv\/#website","url":"https:\/\/queretaronetwork.tv\/","name":"Quer\u00e9taro Network TV","description":"Medio de Comunicaci\u00f3n Digital, Noticias y Canal de Tv ONLine","publisher":{"@id":"https:\/\/queretaronetwork.tv\/#organization"},"potentialAction":[{"@type":"SearchAction","target":{"@type":"EntryPoint","urlTemplate":"https:\/\/queretaronetwork.tv\/?s={search_term_string}"},"query-input":{"@type":"PropertyValueSpecification","valueRequired":true,"valueName":"search_term_string"}}],"inLanguage":"es"},{"@type":"Organization","@id":"https:\/\/queretaronetwork.tv\/#organization","name":"Quer\u00e9taro Network TV","url":"https:\/\/queretaronetwork.tv\/","logo":{"@type":"ImageObject","inLanguage":"es","@id":"https:\/\/queretaronetwork.tv\/#\/schema\/logo\/image\/","url":"https:\/\/i0.wp.com\/queretaronetwork.tv\/wp-content\/uploads\/2020\/02\/LOGONUEVOCIRCULARQNTV2020-e1595007713656.png?fit=583%2C564&ssl=1","contentUrl":"https:\/\/i0.wp.com\/queretaronetwork.tv\/wp-content\/uploads\/2020\/02\/LOGONUEVOCIRCULARQNTV2020-e1595007713656.png?fit=583%2C564&ssl=1","width":583,"height":564,"caption":"Quer\u00e9taro Network TV"},"image":{"@id":"https:\/\/queretaronetwork.tv\/#\/schema\/logo\/image\/"},"sameAs":["https:\/\/www.facebook.com\/QroNTV\/","https:\/\/x.com\/QNTV6","https:\/\/www.instagram.com\/queretaronetworktv\/","https:\/\/www.youtube.com\/channel\/UCav1cE_tCaccVZOLJpqZIyA?view_as=subscriber"]},{"@type":"Person","@id":"https:\/\/queretaronetwork.tv\/#\/schema\/person\/1200b23397cd8ce55a25cb08ca51b5f2","name":"Editorial QNTV","image":{"@type":"ImageObject","inLanguage":"es","@id":"https:\/\/queretaronetwork.tv\/#\/schema\/person\/image\/","url":"https:\/\/secure.gravatar.com\/avatar\/c736b7feb12a69c0911796e1381d5be7aa79cd6ca5a0cb325913d75e4c0cdcbd?s=96&d=mm&r=g","contentUrl":"https:\/\/secure.gravatar.com\/avatar\/c736b7feb12a69c0911796e1381d5be7aa79cd6ca5a0cb325913d75e4c0cdcbd?s=96&d=mm&r=g","caption":"Editorial QNTV"},"url":"https:\/\/queretaronetwork.tv\/author\/editorial\/"}]}},"jetpack_publicize_connections":[],"featured_image_urls":{"full":["https:\/\/i0.wp.com\/queretaronetwork.tv\/wp-content\/uploads\/2022\/10\/MODIFICANQROBUS.webp?fit=1020%2C640&ssl=1",1020,640,false],"thumbnail":["https:\/\/i0.wp.com\/queretaronetwork.tv\/wp-content\/uploads\/2022\/10\/MODIFICANQROBUS.webp?resize=150%2C150&ssl=1",150,150,true],"medium":["https:\/\/i0.wp.com\/queretaronetwork.tv\/wp-content\/uploads\/2022\/10\/MODIFICANQROBUS.webp?fit=300%2C188&ssl=1",300,188,true],"medium_large":["https:\/\/i0.wp.com\/queretaronetwork.tv\/wp-content\/uploads\/2022\/10\/MODIFICANQROBUS.webp?fit=640%2C402&ssl=1",640,402,true],"large":["https:\/\/i0.wp.com\/queretaronetwork.tv\/wp-content\/uploads\/2022\/10\/MODIFICANQROBUS.webp?fit=640%2C402&ssl=1",640,402,true],"1536x1536":["https:\/\/i0.wp.com\/queretaronetwork.tv\/wp-content\/uploads\/2022\/10\/MODIFICANQROBUS.webp?fit=1020%2C640&ssl=1",1020,640,true],"2048x2048":["https:\/\/i0.wp.com\/queretaronetwork.tv\/wp-content\/uploads\/2022\/10\/MODIFICANQROBUS.webp?fit=1020%2C640&ssl=1",1020,640,true],"darknews-slider-full":["https:\/\/i0.wp.com\/queretaronetwork.tv\/wp-content\/uploads\/2022\/10\/MODIFICANQROBUS.webp?resize=1020%2C640&ssl=1",1020,640,true],"darknews-featured":["https:\/\/i0.wp.com\/queretaronetwork.tv\/wp-content\/uploads\/2022\/10\/MODIFICANQROBUS.webp?fit=1020%2C640&ssl=1",1020,640,true],"darknews-medium":["https:\/\/i0.wp.com\/queretaronetwork.tv\/wp-content\/uploads\/2022\/10\/MODIFICANQROBUS.webp?resize=720%2C530&ssl=1",720,530,true],"darknews-medium-square":["https:\/\/i0.wp.com\/queretaronetwork.tv\/wp-content\/uploads\/2022\/10\/MODIFICANQROBUS.webp?resize=350%2C350&ssl=1",350,350,true]},"author_info":{"info":["Editorial QNTV"]},"category_info":"<a href=\"https:\/\/queretaronetwork.tv\/category\/local\/queretaro\/\" rel=\"category tag\">Quer\u00e9taro<\/a>","tag_info":"Quer\u00e9taro","comment_count":"0","jetpack_featured_media_url":"https:\/\/i0.wp.com\/queretaronetwork.tv\/wp-content\/uploads\/2022\/10\/MODIFICANQROBUS.webp?fit=1020%2C640&ssl=1","jetpack_likes_enabled":true,"jetpack-related-posts":[{"id":26219,"url":"https:\/\/queretaronetwork.tv\/aumentaron-los-usuarios-de-qrobus-inegi\/","url_meta":{"origin":27376,"position":0},"title":"Aumentaron los usuarios de Qrob\u00fas: INEGI","author":"Editorial QNTV","date":"17 enero, 2023","format":false,"excerpt":"Reporta que transport\u00f3 a 258.3 mil personas en noviembre del 2022; equivale a 22.6% m\u00e1s que en 2021","rel":"","context":"En &quot;Municipio de Quer\u00e9taro&quot;","block_context":{"text":"Municipio de Quer\u00e9taro","link":"https:\/\/queretaronetwork.tv\/category\/municipio-de-queretaro\/"},"img":{"alt_text":"","src":"https:\/\/i0.wp.com\/queretaronetwork.tv\/wp-content\/uploads\/2023\/01\/QROBUS-1.jpg?fit=768%2C479&ssl=1&resize=350%2C200","width":350,"height":200,"srcset":"https:\/\/i0.wp.com\/queretaronetwork.tv\/wp-content\/uploads\/2023\/01\/QROBUS-1.jpg?fit=768%2C479&ssl=1&resize=350%2C200 1x, https:\/\/i0.wp.com\/queretaronetwork.tv\/wp-content\/uploads\/2023\/01\/QROBUS-1.jpg?fit=768%2C479&ssl=1&resize=525%2C300 1.5x, https:\/\/i0.wp.com\/queretaronetwork.tv\/wp-content\/uploads\/2023\/01\/QROBUS-1.jpg?fit=768%2C479&ssl=1&resize=700%2C400 2x"},"classes":[]},{"id":26307,"url":"https:\/\/queretaronetwork.tv\/qrobus-brindo-servicio-a-258-mil-usuarios-en-noviembre-inegi\/","url_meta":{"origin":27376,"position":1},"title":"QroB\u00fas brind\u00f3 servicio a 258 mil usuarios en noviembre: INEGI","author":"Editorial QNTV","date":"18 enero, 2023","format":false,"excerpt":"El Instituto Nacional de Estad\u00edstica y Geograf\u00eda (INEGI) dio a conocer en su estad\u00edstica de transporte urbano de pasajeros que el estado de Quer\u00e9taro\u00a0atendi\u00f3 a un total de 258 mil 348 usuarios durante el mes de noviembre. Esta cifra represent\u00f3 una disminuci\u00f3n mensual respecto al numero de usuarios que utilizan\u2026","rel":"","context":"En &quot;Quer\u00e9taro&quot;","block_context":{"text":"Quer\u00e9taro","link":"https:\/\/queretaronetwork.tv\/category\/local\/queretaro\/"},"img":{"alt_text":"","src":"https:\/\/i0.wp.com\/queretaronetwork.tv\/wp-content\/uploads\/2023\/01\/QROBUSINEGI.jpg?fit=1200%2C800&ssl=1&resize=350%2C200","width":350,"height":200,"srcset":"https:\/\/i0.wp.com\/queretaronetwork.tv\/wp-content\/uploads\/2023\/01\/QROBUSINEGI.jpg?fit=1200%2C800&ssl=1&resize=350%2C200 1x, https:\/\/i0.wp.com\/queretaronetwork.tv\/wp-content\/uploads\/2023\/01\/QROBUSINEGI.jpg?fit=1200%2C800&ssl=1&resize=525%2C300 1.5x, https:\/\/i0.wp.com\/queretaronetwork.tv\/wp-content\/uploads\/2023\/01\/QROBUSINEGI.jpg?fit=1200%2C800&ssl=1&resize=700%2C400 2x, https:\/\/i0.wp.com\/queretaronetwork.tv\/wp-content\/uploads\/2023\/01\/QROBUSINEGI.jpg?fit=1200%2C800&ssl=1&resize=1050%2C600 3x"},"classes":[]},{"id":21814,"url":"https:\/\/queretaronetwork.tv\/transporte-publico-de-queretaro-aumenta-distancias-y-pasajeros-en-el-ultimo-ano-inegi\/","url_meta":{"origin":27376,"position":2},"title":"Transporte p\u00fablico de Quer\u00e9taro aumenta distancias y pasajeros en el \u00faltimo a\u00f1o: Inegi","author":"Editorial QNTV","date":"20 septiembre, 2022","format":false,"excerpt":"El sistema de transporte de Quer\u00e9taro incremento sus distancias recorridas, as\u00ed como el numero de pasajeros, esto \u00faltimo en casi un 20%, del 2021 al 2022, as\u00ed lo dio a conocer el Instituto Nacional de Estad\u00edstica y Geograf\u00eda (Inegi). En julio de 2022, el sistema de transporte urbano de la\u2026","rel":"","context":"En &quot;Municipio de Quer\u00e9taro&quot;","block_context":{"text":"Municipio de Quer\u00e9taro","link":"https:\/\/queretaronetwork.tv\/category\/municipio-de-queretaro\/"},"img":{"alt_text":"","src":"https:\/\/i0.wp.com\/queretaronetwork.tv\/wp-content\/uploads\/2022\/09\/QROBUS.jpg?fit=850%2C560&ssl=1&resize=350%2C200","width":350,"height":200,"srcset":"https:\/\/i0.wp.com\/queretaronetwork.tv\/wp-content\/uploads\/2022\/09\/QROBUS.jpg?fit=850%2C560&ssl=1&resize=350%2C200 1x, https:\/\/i0.wp.com\/queretaronetwork.tv\/wp-content\/uploads\/2022\/09\/QROBUS.jpg?fit=850%2C560&ssl=1&resize=525%2C300 1.5x, https:\/\/i0.wp.com\/queretaronetwork.tv\/wp-content\/uploads\/2022\/09\/QROBUS.jpg?fit=850%2C560&ssl=1&resize=700%2C400 2x"},"classes":[]},{"id":21807,"url":"https:\/\/queretaronetwork.tv\/qrobus-mal-y-de-malas-en-julio-tuvo-7-5-menos-usuarios\/","url_meta":{"origin":27376,"position":3},"title":"Qrob\u00fas, mal y de malas: en julio tuvo 7.5% menos usuarios","author":"Editorial QNTV","date":"19 septiembre, 2022","format":false,"excerpt":"En julio de 2022, el sistema de transporte p\u00fablico de la ciudad de Quer\u00e9taro transport\u00f3 a 241.7 mil personas, 7.5 % menos que el mes anterior: INEGI \u2022 A partir de hoy, se agregan siete sistemas de transporte que operan en el Valle de M\u00e9xico, Guadalajara, Monterrey, Quer\u00e9taro y Chihuahua.\u2026","rel":"","context":"En &quot;Municipio de Quer\u00e9taro&quot;","block_context":{"text":"Municipio de Quer\u00e9taro","link":"https:\/\/queretaronetwork.tv\/category\/municipio-de-queretaro\/"},"img":{"alt_text":"","src":"https:\/\/i0.wp.com\/queretaronetwork.tv\/wp-content\/uploads\/2022\/08\/QROBUS.png?fit=780%2C470&ssl=1&resize=350%2C200","width":350,"height":200,"srcset":"https:\/\/i0.wp.com\/queretaronetwork.tv\/wp-content\/uploads\/2022\/08\/QROBUS.png?fit=780%2C470&ssl=1&resize=350%2C200 1x, https:\/\/i0.wp.com\/queretaronetwork.tv\/wp-content\/uploads\/2022\/08\/QROBUS.png?fit=780%2C470&ssl=1&resize=525%2C300 1.5x, https:\/\/i0.wp.com\/queretaronetwork.tv\/wp-content\/uploads\/2022\/08\/QROBUS.png?fit=780%2C470&ssl=1&resize=700%2C400 2x"},"classes":[]},{"id":32573,"url":"https:\/\/queretaronetwork.tv\/crece-87-por-ciento-numero-de-usuarios-de-qrobus\/","url_meta":{"origin":27376,"position":4},"title":"Crece 87 por ciento n\u00famero de usuarios de Qrobus","author":"Editorial QNTV","date":"11 septiembre, 2024","format":false,"excerpt":"El n\u00famero de usuarios del sistema de transporte p\u00fablico urbano Qrobus aument\u00f3 87\u00a0por ciento\u00a0en la presente administraci\u00f3n, inform\u00f3 el director de la Agencia de Movilidad del Estado de Quer\u00e9taro (AMEQ), Gerardo Cuanalo Santos, durante su comparencia ante la LX Legislatura, como parte de la glosa del Tercer Informe de Gobierno\u2026","rel":"","context":"En &quot;Municipio de Amealco&quot;","block_context":{"text":"Municipio de Amealco","link":"https:\/\/queretaronetwork.tv\/category\/municipio-de-amealco\/"},"img":{"alt_text":"","src":"https:\/\/i0.wp.com\/queretaronetwork.tv\/wp-content\/uploads\/2024\/09\/71_273_45370_1690313930_AMQN0872.Glosa_-scaled.jpg?fit=1200%2C716&ssl=1&resize=350%2C200","width":350,"height":200,"srcset":"https:\/\/i0.wp.com\/queretaronetwork.tv\/wp-content\/uploads\/2024\/09\/71_273_45370_1690313930_AMQN0872.Glosa_-scaled.jpg?fit=1200%2C716&ssl=1&resize=350%2C200 1x, https:\/\/i0.wp.com\/queretaronetwork.tv\/wp-content\/uploads\/2024\/09\/71_273_45370_1690313930_AMQN0872.Glosa_-scaled.jpg?fit=1200%2C716&ssl=1&resize=525%2C300 1.5x, https:\/\/i0.wp.com\/queretaronetwork.tv\/wp-content\/uploads\/2024\/09\/71_273_45370_1690313930_AMQN0872.Glosa_-scaled.jpg?fit=1200%2C716&ssl=1&resize=700%2C400 2x, https:\/\/i0.wp.com\/queretaronetwork.tv\/wp-content\/uploads\/2024\/09\/71_273_45370_1690313930_AMQN0872.Glosa_-scaled.jpg?fit=1200%2C716&ssl=1&resize=1050%2C600 3x"},"classes":[]},{"id":21858,"url":"https:\/\/queretaronetwork.tv\/sistema-qrobus-se-integra-a-estadisticas-de-inegi\/","url_meta":{"origin":27376,"position":5},"title":"Sistema Qrob\u00fas se integra a estad\u00edsticas de Inegi","author":"Editorial QNTV","date":"20 septiembre, 2022","format":false,"excerpt":"El sistema Qrob\u00fas fue integrado a la Estad\u00edstica de Transporte Urbano de Pasajeros (ETUP) que, mes con mes, actualiza el Instituto Nacional de Estad\u00edstica y Geograf\u00eda (Inegi). Los n\u00fameros dan cuenta del n\u00famero de camiones que brindan el servicio p\u00fablico de lunes a viernes, los que est\u00e1n activos los fines\u2026","rel":"","context":"En &quot;Municipio de Quer\u00e9taro&quot;","block_context":{"text":"Municipio de Quer\u00e9taro","link":"https:\/\/queretaronetwork.tv\/category\/municipio-de-queretaro\/"},"img":{"alt_text":"","src":"https:\/\/i0.wp.com\/queretaronetwork.tv\/wp-content\/uploads\/2022\/03\/sancion_a_qrobus_pag_5-scaled.jpg?fit=1200%2C800&ssl=1&resize=350%2C200","width":350,"height":200,"srcset":"https:\/\/i0.wp.com\/queretaronetwork.tv\/wp-content\/uploads\/2022\/03\/sancion_a_qrobus_pag_5-scaled.jpg?fit=1200%2C800&ssl=1&resize=350%2C200 1x, https:\/\/i0.wp.com\/queretaronetwork.tv\/wp-content\/uploads\/2022\/03\/sancion_a_qrobus_pag_5-scaled.jpg?fit=1200%2C800&ssl=1&resize=525%2C300 1.5x, https:\/\/i0.wp.com\/queretaronetwork.tv\/wp-content\/uploads\/2022\/03\/sancion_a_qrobus_pag_5-scaled.jpg?fit=1200%2C800&ssl=1&resize=700%2C400 2x, https:\/\/i0.wp.com\/queretaronetwork.tv\/wp-content\/uploads\/2022\/03\/sancion_a_qrobus_pag_5-scaled.jpg?fit=1200%2C800&ssl=1&resize=1050%2C600 3x"},"classes":[]}],"jetpack_sharing_enabled":true,"jetpack_shortlink":"https:\/\/wp.me\/pardhb-77y","_links":{"self":[{"href":"https:\/\/queretaronetwork.tv\/wp-json\/wp\/v2\/posts\/27376","targetHints":{"allow":["GET"]}}],"collection":[{"href":"https:\/\/queretaronetwork.tv\/wp-json\/wp\/v2\/posts"}],"about":[{"href":"https:\/\/queretaronetwork.tv\/wp-json\/wp\/v2\/types\/post"}],"author":[{"embeddable":true,"href":"https:\/\/queretaronetwork.tv\/wp-json\/wp\/v2\/users\/2"}],"replies":[{"embeddable":true,"href":"https:\/\/queretaronetwork.tv\/wp-json\/wp\/v2\/comments?post=27376"}],"version-history":[{"count":1,"href":"https:\/\/queretaronetwork.tv\/wp-json\/wp\/v2\/posts\/27376\/revisions"}],"predecessor-version":[{"id":27383,"href":"https:\/\/queretaronetwork.tv\/wp-json\/wp\/v2\/posts\/27376\/revisions\/27383"}],"wp:featuredmedia":[{"embeddable":true,"href":"https:\/\/queretaronetwork.tv\/wp-json\/wp\/v2\/media\/22461"}],"wp:attachment":[{"href":"https:\/\/queretaronetwork.tv\/wp-json\/wp\/v2\/media?parent=27376"}],"wp:term":[{"taxonomy":"category","embeddable":true,"href":"https:\/\/queretaronetwork.tv\/wp-json\/wp\/v2\/categories?post=27376"},{"taxonomy":"post_tag","embeddable":true,"href":"https:\/\/queretaronetwork.tv\/wp-json\/wp\/v2\/tags?post=27376"}],"curies":[{"name":"wp","href":"https:\/\/api.w.org\/{rel}","templated":true}]}}