{"id":30613,"date":"2023-08-01T15:40:16","date_gmt":"2023-08-01T20:40:16","guid":{"rendered":"https:\/\/queretaronetwork.tv\/?p=30613"},"modified":"2023-08-01T15:40:16","modified_gmt":"2023-08-01T20:40:16","slug":"reinsertan-a-la-sociedad-64-personas-en-situacion-de-calle-durante-2023","status":"publish","type":"post","link":"https:\/\/queretaronetwork.tv\/reinsertan-a-la-sociedad-64-personas-en-situacion-de-calle-durante-2023\/","title":{"rendered":"Reinsertan a la sociedad 64 personas en situaci\u00f3n de calle durante 2023"},"content":{"rendered":"<p>En lo que va de este a\u00f1o, 64 personas que se encontraban en situaci\u00f3n de calle fueron reintegradas a la sociedad, luego de haber ingresado al Hogar de Transici\u00f3n del municipio de Quer\u00e9taro; inform\u00f3 Tere Borbolla, directora del instituto para prevenir y erradicar conductas de riesgo en la capital.<\/p>\n<p>En rueda de prensa, agreg\u00f3 que 54 de ellas ya consiguieron un empleo, y se apoy\u00f3 a cinco m\u00e1s a ingresar a centros contra las adicciones, luego de consumir alguna sustancia. Este a\u00f1o se ha dado atenci\u00f3n a 92 personas este a\u00f1o, 79 hombres y 13 mujeres. \u201cCuando el usuario llega al hogar de transici\u00f3n tiene obligaciones; hay que tener su espacio limpio, haya que tener su ropa limpia, hay que hacer limpieza de \u00e1reas comunes, hacer limpieza en la cocina.<\/p>\n<p>Tambi\u00e9n hay reglas y se les proh\u00edbe el consumo de sustancias\u201d, indic\u00f3 la funcionaria. Adem\u00e1s, se han otorgado 12 mil 800 paquetes alimenticios en beneficio de 145 personas; y han sido tramitados 92 CURP, 23 INE y 10 actas de nacimiento de personas en situaci\u00f3n de calle.<\/p>\n<p>En este lugar han sido invertidos 2.5 millones de pesos, y se destac\u00f3 que cuando una persona es localizada en calle se le invita a ingresar, pero no se les obliga por un tema de respeto a los derechos humanos.<\/p>\n<p>Con informaci\u00f3n de <a href=\"https:\/\/queretaro.quadratin.com.mx\/reinsertan-a-la-sociedad-64-personas-en-situacion-de-calle-durante-2023\/\">Quadrat\u00edn Quer\u00e9taro.<\/a><\/p>\n","protected":false},"excerpt":{"rendered":"<p>Se ha invertido 2.5 millones de pesos en el Hogar de Transici\u00f3n del municipio de Quer\u00e9taro para que cuando una persona es localizada en calle se le invita a ingresar, pero no se les obliga por un tema de respeto a los derechos humanos.<\/p>\n","protected":false},"author":2,"featured_media":30614,"comment_status":"open","ping_status":"closed","sticky":false,"template":"","format":"standard","meta":{"jetpack_post_was_ever_published":false,"_jetpack_newsletter_access":"","_jetpack_dont_email_post_to_subs":false,"_jetpack_newsletter_tier_id":0,"_jetpack_memberships_contains_paywalled_content":false,"_jetpack_memberships_contains_paid_content":false,"footnotes":"","jetpack_publicize_message":"","jetpack_publicize_feature_enabled":true,"jetpack_social_post_already_shared":true,"jetpack_social_options":{"image_generator_settings":{"template":"highway","default_image_id":0,"font":"","enabled":false},"version":2}},"categories":[102],"tags":[],"class_list":["post-30613","post","type-post","status-publish","format-standard","has-post-thumbnail","hentry","category-queretaro"],"yoast_head":"<!-- This site is optimized with the Yoast SEO plugin v26.4 - https:\/\/yoast.com\/wordpress\/plugins\/seo\/ -->\n<title>Reinsertan a la sociedad 64 personas en situaci\u00f3n de calle durante 2023 -<\/title>\n<meta name=\"robots\" content=\"index, follow, max-snippet:-1, max-image-preview:large, max-video-preview:-1\" \/>\n<link rel=\"canonical\" href=\"https:\/\/queretaronetwork.tv\/reinsertan-a-la-sociedad-64-personas-en-situacion-de-calle-durante-2023\/\" \/>\n<meta property=\"og:locale\" content=\"es_MX\" \/>\n<meta property=\"og:type\" content=\"article\" \/>\n<meta property=\"og:title\" content=\"Reinsertan a la sociedad 64 personas en situaci\u00f3n de calle durante 2023 -\" \/>\n<meta property=\"og:description\" content=\"Se ha invertido 2.5 millones de pesos en el Hogar de Transici\u00f3n del municipio de Quer\u00e9taro para que cuando una persona es localizada en calle se le invita a ingresar, pero no se les obliga por un tema de respeto a los derechos humanos.\" \/>\n<meta property=\"og:url\" content=\"https:\/\/queretaronetwork.tv\/reinsertan-a-la-sociedad-64-personas-en-situacion-de-calle-durante-2023\/\" \/>\n<meta property=\"article:publisher\" content=\"https:\/\/www.facebook.com\/QroNTV\/\" \/>\n<meta property=\"article:published_time\" content=\"2023-08-01T20:40:16+00:00\" \/>\n<meta property=\"og:image\" content=\"https:\/\/i0.wp.com\/queretaronetwork.tv\/wp-content\/uploads\/2023\/08\/HOGARDETRANSISION.jpeg?fit=2560%2C1708&ssl=1\" \/>\n\t<meta property=\"og:image:width\" content=\"2560\" \/>\n\t<meta property=\"og:image:height\" content=\"1708\" \/>\n\t<meta property=\"og:image:type\" content=\"image\/jpeg\" \/>\n<meta name=\"author\" content=\"Editorial QNTV\" \/>\n<meta name=\"twitter:card\" content=\"summary_large_image\" \/>\n<meta name=\"twitter:creator\" content=\"@QNTV6\" \/>\n<meta name=\"twitter:site\" content=\"@QNTV6\" \/>\n<meta name=\"twitter:label1\" content=\"Escrito por\" \/>\n\t<meta name=\"twitter:data1\" content=\"Editorial QNTV\" \/>\n\t<meta name=\"twitter:label2\" content=\"Tiempo de lectura\" \/>\n\t<meta name=\"twitter:data2\" content=\"1 minuto\" \/>\n<script type=\"application\/ld+json\" class=\"yoast-schema-graph\">{\"@context\":\"https:\/\/schema.org\",\"@graph\":[{\"@type\":\"Article\",\"@id\":\"https:\/\/queretaronetwork.tv\/reinsertan-a-la-sociedad-64-personas-en-situacion-de-calle-durante-2023\/#article\",\"isPartOf\":{\"@id\":\"https:\/\/queretaronetwork.tv\/reinsertan-a-la-sociedad-64-personas-en-situacion-de-calle-durante-2023\/\"},\"author\":{\"name\":\"Editorial QNTV\",\"@id\":\"https:\/\/queretaronetwork.tv\/#\/schema\/person\/1200b23397cd8ce55a25cb08ca51b5f2\"},\"headline\":\"Reinsertan a la sociedad 64 personas en situaci\u00f3n de calle durante 2023\",\"datePublished\":\"2023-08-01T20:40:16+00:00\",\"mainEntityOfPage\":{\"@id\":\"https:\/\/queretaronetwork.tv\/reinsertan-a-la-sociedad-64-personas-en-situacion-de-calle-durante-2023\/\"},\"wordCount\":237,\"commentCount\":0,\"publisher\":{\"@id\":\"https:\/\/queretaronetwork.tv\/#organization\"},\"image\":{\"@id\":\"https:\/\/queretaronetwork.tv\/reinsertan-a-la-sociedad-64-personas-en-situacion-de-calle-durante-2023\/#primaryimage\"},\"thumbnailUrl\":\"https:\/\/i0.wp.com\/queretaronetwork.tv\/wp-content\/uploads\/2023\/08\/HOGARDETRANSISION.jpeg?fit=2560%2C1708&ssl=1\",\"articleSection\":[\"Quer\u00e9taro\"],\"inLanguage\":\"es\",\"potentialAction\":[{\"@type\":\"CommentAction\",\"name\":\"Comment\",\"target\":[\"https:\/\/queretaronetwork.tv\/reinsertan-a-la-sociedad-64-personas-en-situacion-de-calle-durante-2023\/#respond\"]}]},{\"@type\":\"WebPage\",\"@id\":\"https:\/\/queretaronetwork.tv\/reinsertan-a-la-sociedad-64-personas-en-situacion-de-calle-durante-2023\/\",\"url\":\"https:\/\/queretaronetwork.tv\/reinsertan-a-la-sociedad-64-personas-en-situacion-de-calle-durante-2023\/\",\"name\":\"Reinsertan a la sociedad 64 personas en situaci\u00f3n de calle durante 2023 -\",\"isPartOf\":{\"@id\":\"https:\/\/queretaronetwork.tv\/#website\"},\"primaryImageOfPage\":{\"@id\":\"https:\/\/queretaronetwork.tv\/reinsertan-a-la-sociedad-64-personas-en-situacion-de-calle-durante-2023\/#primaryimage\"},\"image\":{\"@id\":\"https:\/\/queretaronetwork.tv\/reinsertan-a-la-sociedad-64-personas-en-situacion-de-calle-durante-2023\/#primaryimage\"},\"thumbnailUrl\":\"https:\/\/i0.wp.com\/queretaronetwork.tv\/wp-content\/uploads\/2023\/08\/HOGARDETRANSISION.jpeg?fit=2560%2C1708&ssl=1\",\"datePublished\":\"2023-08-01T20:40:16+00:00\",\"breadcrumb\":{\"@id\":\"https:\/\/queretaronetwork.tv\/reinsertan-a-la-sociedad-64-personas-en-situacion-de-calle-durante-2023\/#breadcrumb\"},\"inLanguage\":\"es\",\"potentialAction\":[{\"@type\":\"ReadAction\",\"target\":[\"https:\/\/queretaronetwork.tv\/reinsertan-a-la-sociedad-64-personas-en-situacion-de-calle-durante-2023\/\"]}]},{\"@type\":\"ImageObject\",\"inLanguage\":\"es\",\"@id\":\"https:\/\/queretaronetwork.tv\/reinsertan-a-la-sociedad-64-personas-en-situacion-de-calle-durante-2023\/#primaryimage\",\"url\":\"https:\/\/i0.wp.com\/queretaronetwork.tv\/wp-content\/uploads\/2023\/08\/HOGARDETRANSISION.jpeg?fit=2560%2C1708&ssl=1\",\"contentUrl\":\"https:\/\/i0.wp.com\/queretaronetwork.tv\/wp-content\/uploads\/2023\/08\/HOGARDETRANSISION.jpeg?fit=2560%2C1708&ssl=1\",\"width\":2560,\"height\":1708},{\"@type\":\"BreadcrumbList\",\"@id\":\"https:\/\/queretaronetwork.tv\/reinsertan-a-la-sociedad-64-personas-en-situacion-de-calle-durante-2023\/#breadcrumb\",\"itemListElement\":[{\"@type\":\"ListItem\",\"position\":1,\"name\":\"Inicio\",\"item\":\"https:\/\/queretaronetwork.tv\/\"},{\"@type\":\"ListItem\",\"position\":2,\"name\":\"Reinsertan a la sociedad 64 personas en situaci\u00f3n de calle durante 2023\"}]},{\"@type\":\"WebSite\",\"@id\":\"https:\/\/queretaronetwork.tv\/#website\",\"url\":\"https:\/\/queretaronetwork.tv\/\",\"name\":\"Quer\u00e9taro Network TV\",\"description\":\"Medio de Comunicaci\u00f3n Digital, Noticias y Canal de Tv ONLine\",\"publisher\":{\"@id\":\"https:\/\/queretaronetwork.tv\/#organization\"},\"potentialAction\":[{\"@type\":\"SearchAction\",\"target\":{\"@type\":\"EntryPoint\",\"urlTemplate\":\"https:\/\/queretaronetwork.tv\/?s={search_term_string}\"},\"query-input\":{\"@type\":\"PropertyValueSpecification\",\"valueRequired\":true,\"valueName\":\"search_term_string\"}}],\"inLanguage\":\"es\"},{\"@type\":\"Organization\",\"@id\":\"https:\/\/queretaronetwork.tv\/#organization\",\"name\":\"Quer\u00e9taro Network TV\",\"url\":\"https:\/\/queretaronetwork.tv\/\",\"logo\":{\"@type\":\"ImageObject\",\"inLanguage\":\"es\",\"@id\":\"https:\/\/queretaronetwork.tv\/#\/schema\/logo\/image\/\",\"url\":\"https:\/\/i0.wp.com\/queretaronetwork.tv\/wp-content\/uploads\/2020\/02\/LOGONUEVOCIRCULARQNTV2020-e1595007713656.png?fit=583%2C564&ssl=1\",\"contentUrl\":\"https:\/\/i0.wp.com\/queretaronetwork.tv\/wp-content\/uploads\/2020\/02\/LOGONUEVOCIRCULARQNTV2020-e1595007713656.png?fit=583%2C564&ssl=1\",\"width\":583,\"height\":564,\"caption\":\"Quer\u00e9taro Network TV\"},\"image\":{\"@id\":\"https:\/\/queretaronetwork.tv\/#\/schema\/logo\/image\/\"},\"sameAs\":[\"https:\/\/www.facebook.com\/QroNTV\/\",\"https:\/\/x.com\/QNTV6\",\"https:\/\/www.instagram.com\/queretaronetworktv\/\",\"https:\/\/www.youtube.com\/channel\/UCav1cE_tCaccVZOLJpqZIyA?view_as=subscriber\"]},{\"@type\":\"Person\",\"@id\":\"https:\/\/queretaronetwork.tv\/#\/schema\/person\/1200b23397cd8ce55a25cb08ca51b5f2\",\"name\":\"Editorial QNTV\",\"image\":{\"@type\":\"ImageObject\",\"inLanguage\":\"es\",\"@id\":\"https:\/\/queretaronetwork.tv\/#\/schema\/person\/image\/\",\"url\":\"https:\/\/secure.gravatar.com\/avatar\/c736b7feb12a69c0911796e1381d5be7aa79cd6ca5a0cb325913d75e4c0cdcbd?s=96&d=mm&r=g\",\"contentUrl\":\"https:\/\/secure.gravatar.com\/avatar\/c736b7feb12a69c0911796e1381d5be7aa79cd6ca5a0cb325913d75e4c0cdcbd?s=96&d=mm&r=g\",\"caption\":\"Editorial QNTV\"},\"url\":\"https:\/\/queretaronetwork.tv\/author\/editorial\/\"}]}<\/script>\n<!-- \/ Yoast SEO plugin. -->","yoast_head_json":{"title":"Reinsertan a la sociedad 64 personas en situaci\u00f3n de calle durante 2023 -","robots":{"index":"index","follow":"follow","max-snippet":"max-snippet:-1","max-image-preview":"max-image-preview:large","max-video-preview":"max-video-preview:-1"},"canonical":"https:\/\/queretaronetwork.tv\/reinsertan-a-la-sociedad-64-personas-en-situacion-de-calle-durante-2023\/","og_locale":"es_MX","og_type":"article","og_title":"Reinsertan a la sociedad 64 personas en situaci\u00f3n de calle durante 2023 -","og_description":"Se ha invertido 2.5 millones de pesos en el Hogar de Transici\u00f3n del municipio de Quer\u00e9taro para que cuando una persona es localizada en calle se le invita a ingresar, pero no se les obliga por un tema de respeto a los derechos humanos.","og_url":"https:\/\/queretaronetwork.tv\/reinsertan-a-la-sociedad-64-personas-en-situacion-de-calle-durante-2023\/","article_publisher":"https:\/\/www.facebook.com\/QroNTV\/","article_published_time":"2023-08-01T20:40:16+00:00","og_image":[{"width":2560,"height":1708,"url":"https:\/\/i0.wp.com\/queretaronetwork.tv\/wp-content\/uploads\/2023\/08\/HOGARDETRANSISION.jpeg?fit=2560%2C1708&ssl=1","type":"image\/jpeg"}],"author":"Editorial QNTV","twitter_card":"summary_large_image","twitter_creator":"@QNTV6","twitter_site":"@QNTV6","twitter_misc":{"Escrito por":"Editorial QNTV","Tiempo de lectura":"1 minuto"},"schema":{"@context":"https:\/\/schema.org","@graph":[{"@type":"Article","@id":"https:\/\/queretaronetwork.tv\/reinsertan-a-la-sociedad-64-personas-en-situacion-de-calle-durante-2023\/#article","isPartOf":{"@id":"https:\/\/queretaronetwork.tv\/reinsertan-a-la-sociedad-64-personas-en-situacion-de-calle-durante-2023\/"},"author":{"name":"Editorial QNTV","@id":"https:\/\/queretaronetwork.tv\/#\/schema\/person\/1200b23397cd8ce55a25cb08ca51b5f2"},"headline":"Reinsertan a la sociedad 64 personas en situaci\u00f3n de calle durante 2023","datePublished":"2023-08-01T20:40:16+00:00","mainEntityOfPage":{"@id":"https:\/\/queretaronetwork.tv\/reinsertan-a-la-sociedad-64-personas-en-situacion-de-calle-durante-2023\/"},"wordCount":237,"commentCount":0,"publisher":{"@id":"https:\/\/queretaronetwork.tv\/#organization"},"image":{"@id":"https:\/\/queretaronetwork.tv\/reinsertan-a-la-sociedad-64-personas-en-situacion-de-calle-durante-2023\/#primaryimage"},"thumbnailUrl":"https:\/\/i0.wp.com\/queretaronetwork.tv\/wp-content\/uploads\/2023\/08\/HOGARDETRANSISION.jpeg?fit=2560%2C1708&ssl=1","articleSection":["Quer\u00e9taro"],"inLanguage":"es","potentialAction":[{"@type":"CommentAction","name":"Comment","target":["https:\/\/queretaronetwork.tv\/reinsertan-a-la-sociedad-64-personas-en-situacion-de-calle-durante-2023\/#respond"]}]},{"@type":"WebPage","@id":"https:\/\/queretaronetwork.tv\/reinsertan-a-la-sociedad-64-personas-en-situacion-de-calle-durante-2023\/","url":"https:\/\/queretaronetwork.tv\/reinsertan-a-la-sociedad-64-personas-en-situacion-de-calle-durante-2023\/","name":"Reinsertan a la sociedad 64 personas en situaci\u00f3n de calle durante 2023 -","isPartOf":{"@id":"https:\/\/queretaronetwork.tv\/#website"},"primaryImageOfPage":{"@id":"https:\/\/queretaronetwork.tv\/reinsertan-a-la-sociedad-64-personas-en-situacion-de-calle-durante-2023\/#primaryimage"},"image":{"@id":"https:\/\/queretaronetwork.tv\/reinsertan-a-la-sociedad-64-personas-en-situacion-de-calle-durante-2023\/#primaryimage"},"thumbnailUrl":"https:\/\/i0.wp.com\/queretaronetwork.tv\/wp-content\/uploads\/2023\/08\/HOGARDETRANSISION.jpeg?fit=2560%2C1708&ssl=1","datePublished":"2023-08-01T20:40:16+00:00","breadcrumb":{"@id":"https:\/\/queretaronetwork.tv\/reinsertan-a-la-sociedad-64-personas-en-situacion-de-calle-durante-2023\/#breadcrumb"},"inLanguage":"es","potentialAction":[{"@type":"ReadAction","target":["https:\/\/queretaronetwork.tv\/reinsertan-a-la-sociedad-64-personas-en-situacion-de-calle-durante-2023\/"]}]},{"@type":"ImageObject","inLanguage":"es","@id":"https:\/\/queretaronetwork.tv\/reinsertan-a-la-sociedad-64-personas-en-situacion-de-calle-durante-2023\/#primaryimage","url":"https:\/\/i0.wp.com\/queretaronetwork.tv\/wp-content\/uploads\/2023\/08\/HOGARDETRANSISION.jpeg?fit=2560%2C1708&ssl=1","contentUrl":"https:\/\/i0.wp.com\/queretaronetwork.tv\/wp-content\/uploads\/2023\/08\/HOGARDETRANSISION.jpeg?fit=2560%2C1708&ssl=1","width":2560,"height":1708},{"@type":"BreadcrumbList","@id":"https:\/\/queretaronetwork.tv\/reinsertan-a-la-sociedad-64-personas-en-situacion-de-calle-durante-2023\/#breadcrumb","itemListElement":[{"@type":"ListItem","position":1,"name":"Inicio","item":"https:\/\/queretaronetwork.tv\/"},{"@type":"ListItem","position":2,"name":"Reinsertan a la sociedad 64 personas en situaci\u00f3n de calle durante 2023"}]},{"@type":"WebSite","@id":"https:\/\/queretaronetwork.tv\/#website","url":"https:\/\/queretaronetwork.tv\/","name":"Quer\u00e9taro Network TV","description":"Medio de Comunicaci\u00f3n Digital, Noticias y Canal de Tv ONLine","publisher":{"@id":"https:\/\/queretaronetwork.tv\/#organization"},"potentialAction":[{"@type":"SearchAction","target":{"@type":"EntryPoint","urlTemplate":"https:\/\/queretaronetwork.tv\/?s={search_term_string}"},"query-input":{"@type":"PropertyValueSpecification","valueRequired":true,"valueName":"search_term_string"}}],"inLanguage":"es"},{"@type":"Organization","@id":"https:\/\/queretaronetwork.tv\/#organization","name":"Quer\u00e9taro Network TV","url":"https:\/\/queretaronetwork.tv\/","logo":{"@type":"ImageObject","inLanguage":"es","@id":"https:\/\/queretaronetwork.tv\/#\/schema\/logo\/image\/","url":"https:\/\/i0.wp.com\/queretaronetwork.tv\/wp-content\/uploads\/2020\/02\/LOGONUEVOCIRCULARQNTV2020-e1595007713656.png?fit=583%2C564&ssl=1","contentUrl":"https:\/\/i0.wp.com\/queretaronetwork.tv\/wp-content\/uploads\/2020\/02\/LOGONUEVOCIRCULARQNTV2020-e1595007713656.png?fit=583%2C564&ssl=1","width":583,"height":564,"caption":"Quer\u00e9taro Network TV"},"image":{"@id":"https:\/\/queretaronetwork.tv\/#\/schema\/logo\/image\/"},"sameAs":["https:\/\/www.facebook.com\/QroNTV\/","https:\/\/x.com\/QNTV6","https:\/\/www.instagram.com\/queretaronetworktv\/","https:\/\/www.youtube.com\/channel\/UCav1cE_tCaccVZOLJpqZIyA?view_as=subscriber"]},{"@type":"Person","@id":"https:\/\/queretaronetwork.tv\/#\/schema\/person\/1200b23397cd8ce55a25cb08ca51b5f2","name":"Editorial QNTV","image":{"@type":"ImageObject","inLanguage":"es","@id":"https:\/\/queretaronetwork.tv\/#\/schema\/person\/image\/","url":"https:\/\/secure.gravatar.com\/avatar\/c736b7feb12a69c0911796e1381d5be7aa79cd6ca5a0cb325913d75e4c0cdcbd?s=96&d=mm&r=g","contentUrl":"https:\/\/secure.gravatar.com\/avatar\/c736b7feb12a69c0911796e1381d5be7aa79cd6ca5a0cb325913d75e4c0cdcbd?s=96&d=mm&r=g","caption":"Editorial QNTV"},"url":"https:\/\/queretaronetwork.tv\/author\/editorial\/"}]}},"jetpack_publicize_connections":[],"featured_image_urls":{"full":["https:\/\/i0.wp.com\/queretaronetwork.tv\/wp-content\/uploads\/2023\/08\/HOGARDETRANSISION.jpeg?fit=2560%2C1708&ssl=1",2560,1708,false],"thumbnail":["https:\/\/i0.wp.com\/queretaronetwork.tv\/wp-content\/uploads\/2023\/08\/HOGARDETRANSISION.jpeg?resize=150%2C150&ssl=1",150,150,true],"medium":["https:\/\/i0.wp.com\/queretaronetwork.tv\/wp-content\/uploads\/2023\/08\/HOGARDETRANSISION.jpeg?fit=300%2C200&ssl=1",300,200,true],"medium_large":["https:\/\/i0.wp.com\/queretaronetwork.tv\/wp-content\/uploads\/2023\/08\/HOGARDETRANSISION.jpeg?fit=640%2C427&ssl=1",640,427,true],"large":["https:\/\/i0.wp.com\/queretaronetwork.tv\/wp-content\/uploads\/2023\/08\/HOGARDETRANSISION.jpeg?fit=640%2C427&ssl=1",640,427,true],"1536x1536":["https:\/\/i0.wp.com\/queretaronetwork.tv\/wp-content\/uploads\/2023\/08\/HOGARDETRANSISION.jpeg?fit=1536%2C1025&ssl=1",1536,1025,true],"2048x2048":["https:\/\/i0.wp.com\/queretaronetwork.tv\/wp-content\/uploads\/2023\/08\/HOGARDETRANSISION.jpeg?fit=2048%2C1366&ssl=1",2048,1366,true],"darknews-slider-full":["https:\/\/i0.wp.com\/queretaronetwork.tv\/wp-content\/uploads\/2023\/08\/HOGARDETRANSISION.jpeg?resize=1280%2C720&ssl=1",1280,720,true],"darknews-featured":["https:\/\/i0.wp.com\/queretaronetwork.tv\/wp-content\/uploads\/2023\/08\/HOGARDETRANSISION.jpeg?fit=1024%2C683&ssl=1",1024,683,true],"darknews-medium":["https:\/\/i0.wp.com\/queretaronetwork.tv\/wp-content\/uploads\/2023\/08\/HOGARDETRANSISION.jpeg?resize=720%2C530&ssl=1",720,530,true],"darknews-medium-square":["https:\/\/i0.wp.com\/queretaronetwork.tv\/wp-content\/uploads\/2023\/08\/HOGARDETRANSISION.jpeg?resize=350%2C350&ssl=1",350,350,true]},"author_info":{"info":["Editorial QNTV"]},"category_info":"<a href=\"https:\/\/queretaronetwork.tv\/category\/local\/queretaro\/\" rel=\"category tag\">Quer\u00e9taro<\/a>","tag_info":"Quer\u00e9taro","comment_count":"0","jetpack_featured_media_url":"https:\/\/i0.wp.com\/queretaronetwork.tv\/wp-content\/uploads\/2023\/08\/HOGARDETRANSISION.jpeg?fit=2560%2C1708&ssl=1","jetpack_likes_enabled":true,"jetpack-related-posts":[{"id":7414,"url":"https:\/\/queretaronetwork.tv\/abre-sus-puertas-el-nuevo-hogar-de-transicion-para-personas-en-situacion-de-calle\/","url_meta":{"origin":30613,"position":0},"title":"Abre sus puertas el nuevo Hogar de Transici\u00f3n para Personas en Situaci\u00f3n de Calle","author":"Editorial QNTV","date":"22 febrero, 2021","format":false,"excerpt":"\u2022 En el Municipio de Quer\u00e9taro, estamos cambiando vidas, asegur\u00f3 Luis Nava. \u2022 Es la continuaci\u00f3n al Centro Temporal que oper\u00f3 de manera temporal en el parque de Los Alcanfores y que ayud\u00f3 a m\u00e1s de 170 personas. El Presidente Municipal de Quer\u00e9taro, Luis Nava, acudi\u00f3 a la apertura del\u2026","rel":"","context":"En &quot;Local&quot;","block_context":{"text":"Local","link":"https:\/\/queretaronetwork.tv\/category\/local\/"},"img":{"alt_text":"","src":"https:\/\/i0.wp.com\/queretaronetwork.tv\/wp-content\/uploads\/2021\/02\/5f179fd5-d2b1-4941-9b80-00ce85786d03.jpg?fit=1200%2C801&ssl=1&resize=350%2C200","width":350,"height":200,"srcset":"https:\/\/i0.wp.com\/queretaronetwork.tv\/wp-content\/uploads\/2021\/02\/5f179fd5-d2b1-4941-9b80-00ce85786d03.jpg?fit=1200%2C801&ssl=1&resize=350%2C200 1x, https:\/\/i0.wp.com\/queretaronetwork.tv\/wp-content\/uploads\/2021\/02\/5f179fd5-d2b1-4941-9b80-00ce85786d03.jpg?fit=1200%2C801&ssl=1&resize=525%2C300 1.5x, https:\/\/i0.wp.com\/queretaronetwork.tv\/wp-content\/uploads\/2021\/02\/5f179fd5-d2b1-4941-9b80-00ce85786d03.jpg?fit=1200%2C801&ssl=1&resize=700%2C400 2x, https:\/\/i0.wp.com\/queretaronetwork.tv\/wp-content\/uploads\/2021\/02\/5f179fd5-d2b1-4941-9b80-00ce85786d03.jpg?fit=1200%2C801&ssl=1&resize=1050%2C600 3x"},"classes":[]},{"id":5969,"url":"https:\/\/queretaronetwork.tv\/frente-a-la-pandemia-en-queretaro-hay-voluntad-por-apoyar-a-quienes-menos-tienen-luis-nava\/","url_meta":{"origin":30613,"position":1},"title":"Frente a la pandemia, en Quer\u00e9taro hay voluntad por apoyar a quienes menos tienen: Luis Nava","author":"Editorial QNTV","date":"9 julio, 2020","format":false,"excerpt":"\u2022 El Alcalde entreg\u00f3 documentos de Identidad a la Primera Generaci\u00f3n del Centro de Servicios para Personas en Situaci\u00f3n de Calle. \u2022 Se apoya a las personas en situaci\u00f3n de calle a creer en s\u00ed mismas y trabajar por un proyecto de vida. El Presidente Municipal de Quer\u00e9taro, Luis Nava,\u2026","rel":"","context":"En &quot;Local&quot;","block_context":{"text":"Local","link":"https:\/\/queretaronetwork.tv\/category\/local\/"},"img":{"alt_text":"","src":"https:\/\/i0.wp.com\/queretaronetwork.tv\/wp-content\/uploads\/2020\/07\/nava.jpg?fit=1200%2C801&ssl=1&resize=350%2C200","width":350,"height":200,"srcset":"https:\/\/i0.wp.com\/queretaronetwork.tv\/wp-content\/uploads\/2020\/07\/nava.jpg?fit=1200%2C801&ssl=1&resize=350%2C200 1x, https:\/\/i0.wp.com\/queretaronetwork.tv\/wp-content\/uploads\/2020\/07\/nava.jpg?fit=1200%2C801&ssl=1&resize=525%2C300 1.5x, https:\/\/i0.wp.com\/queretaronetwork.tv\/wp-content\/uploads\/2020\/07\/nava.jpg?fit=1200%2C801&ssl=1&resize=700%2C400 2x, https:\/\/i0.wp.com\/queretaronetwork.tv\/wp-content\/uploads\/2020\/07\/nava.jpg?fit=1200%2C801&ssl=1&resize=1050%2C600 3x"},"classes":[]},{"id":8449,"url":"https:\/\/queretaronetwork.tv\/se-mantiene-trabajo-en-los-dos-albergues-del-municipio-de-queretaro\/","url_meta":{"origin":30613,"position":2},"title":"Se mantiene trabajo en los dos albergues del Municipio de Quer\u00e9taro","author":"Editorial QNTV","date":"14 abril, 2021","format":false,"excerpt":"\u2022 Se supervis\u00f3 que la operaci\u00f3n se mantenga en apego a las restricciones de la ley electoral y de prevenci\u00f3n sanitaria. \u2022 Est\u00e1n abiertos para atender a la poblaci\u00f3n vulnerable que as\u00ed lo requiera. Para supervisar el correcto funcionamiento de programas de apoyo a personas en situaci\u00f3n de vulnerabilidad y\u2026","rel":"","context":"En &quot;Local&quot;","block_context":{"text":"Local","link":"https:\/\/queretaronetwork.tv\/category\/local\/"},"img":{"alt_text":"","src":"https:\/\/i0.wp.com\/queretaronetwork.tv\/wp-content\/uploads\/2021\/04\/WhatsApp-Image-2021-04-14-at-14.10.45.jpeg?fit=1200%2C800&ssl=1&resize=350%2C200","width":350,"height":200,"srcset":"https:\/\/i0.wp.com\/queretaronetwork.tv\/wp-content\/uploads\/2021\/04\/WhatsApp-Image-2021-04-14-at-14.10.45.jpeg?fit=1200%2C800&ssl=1&resize=350%2C200 1x, https:\/\/i0.wp.com\/queretaronetwork.tv\/wp-content\/uploads\/2021\/04\/WhatsApp-Image-2021-04-14-at-14.10.45.jpeg?fit=1200%2C800&ssl=1&resize=525%2C300 1.5x, https:\/\/i0.wp.com\/queretaronetwork.tv\/wp-content\/uploads\/2021\/04\/WhatsApp-Image-2021-04-14-at-14.10.45.jpeg?fit=1200%2C800&ssl=1&resize=700%2C400 2x, https:\/\/i0.wp.com\/queretaronetwork.tv\/wp-content\/uploads\/2021\/04\/WhatsApp-Image-2021-04-14-at-14.10.45.jpeg?fit=1200%2C800&ssl=1&resize=1050%2C600 3x"},"classes":[]},{"id":32428,"url":"https:\/\/queretaronetwork.tv\/suman-60-mil-atenciones-psicologicas-en-queretaro\/","url_meta":{"origin":30613,"position":3},"title":"Suman 60 mil atenciones psicol\u00f3gicas en Quer\u00e9taro","author":"Editorial QNTV","date":"13 agosto, 2024","format":false,"excerpt":"El Instituto Municipal para Prevenir y Erradicar Conductas de Riesgo en Quer\u00e9taro ha logrado impactar directamente a 59 mil 589 personas en el \u00e1rea de atenci\u00f3n psicol\u00f3gica durante la actual administraci\u00f3n. Esto fue informado por la titular de la dependencia, Tere Borbolla, quien mencion\u00f3 que este impacto se ha logrado\u2026","rel":"","context":"En &quot;Municipio de Corregidora&quot;","block_context":{"text":"Municipio de Corregidora","link":"https:\/\/queretaronetwork.tv\/category\/municipio-de-corregidora\/"},"img":{"alt_text":"","src":"https:\/\/i0.wp.com\/queretaronetwork.tv\/wp-content\/uploads\/2024\/08\/AYUDAPSIC.jpeg?fit=1160%2C700&ssl=1&resize=350%2C200","width":350,"height":200,"srcset":"https:\/\/i0.wp.com\/queretaronetwork.tv\/wp-content\/uploads\/2024\/08\/AYUDAPSIC.jpeg?fit=1160%2C700&ssl=1&resize=350%2C200 1x, https:\/\/i0.wp.com\/queretaronetwork.tv\/wp-content\/uploads\/2024\/08\/AYUDAPSIC.jpeg?fit=1160%2C700&ssl=1&resize=525%2C300 1.5x, https:\/\/i0.wp.com\/queretaronetwork.tv\/wp-content\/uploads\/2024\/08\/AYUDAPSIC.jpeg?fit=1160%2C700&ssl=1&resize=700%2C400 2x, https:\/\/i0.wp.com\/queretaronetwork.tv\/wp-content\/uploads\/2024\/08\/AYUDAPSIC.jpeg?fit=1160%2C700&ssl=1&resize=1050%2C600 3x"},"classes":[]},{"id":18992,"url":"https:\/\/queretaronetwork.tv\/vive-a-gusto-en-el-rio-universidad\/","url_meta":{"origin":30613,"position":4},"title":"Vive \u201ca gusto\u201d en el r\u00edo Universidad","author":"Editorial QNTV","date":"1 agosto, 2022","format":false,"excerpt":"Sa\u00fal tiene cuatro meses viviendo en Quer\u00e9taro debajo de un puente en el r\u00edo de Avenida Universidad. Con 25 a\u00f1os decidi\u00f3 buscar alguna oportunidad de trabajo, proveniente de San Luis Potos\u00ed y dejando a su familia con quienes mantiene contacto y le piden que regrese, sin saber que no cuenta\u2026","rel":"","context":"En &quot;Municipio de Quer\u00e9taro&quot;","block_context":{"text":"Municipio de Quer\u00e9taro","link":"https:\/\/queretaronetwork.tv\/category\/municipio-de-queretaro\/"},"img":{"alt_text":"","src":"https:\/\/i0.wp.com\/queretaronetwork.tv\/wp-content\/uploads\/2022\/08\/SAULINDIGENTE.jpg?fit=768%2C479&ssl=1&resize=350%2C200","width":350,"height":200,"srcset":"https:\/\/i0.wp.com\/queretaronetwork.tv\/wp-content\/uploads\/2022\/08\/SAULINDIGENTE.jpg?fit=768%2C479&ssl=1&resize=350%2C200 1x, https:\/\/i0.wp.com\/queretaronetwork.tv\/wp-content\/uploads\/2022\/08\/SAULINDIGENTE.jpg?fit=768%2C479&ssl=1&resize=525%2C300 1.5x, https:\/\/i0.wp.com\/queretaronetwork.tv\/wp-content\/uploads\/2022\/08\/SAULINDIGENTE.jpg?fit=768%2C479&ssl=1&resize=700%2C400 2x"},"classes":[]},{"id":3411,"url":"https:\/\/queretaronetwork.tv\/municipio-de-queretaro-aplica-programa-inedito-de-atencion-a-personas-en-situacion-de-calle\/","url_meta":{"origin":30613,"position":5},"title":"Municipio de Quer\u00e9taro aplica programa in\u00e9dito de atenci\u00f3n a personas en situaci\u00f3n de calle.","author":"Editorial QNTV","date":"14 agosto, 2019","format":false,"excerpt":"\u2022 Hagamos la diferencia con una visi\u00f3n m\u00e1s humanista: Luis Nava. \u2022 Se apoya a 94 personas para que superen su condici\u00f3n y mejoren su calidad de vida. Con un programa in\u00e9dito para la Atenci\u00f3n de Personas en Situaci\u00f3n de Calle, la administraci\u00f3n municipal hace la diferencia con una visi\u00f3n\u2026","rel":"","context":"En &quot;Local&quot;","block_context":{"text":"Local","link":"https:\/\/queretaronetwork.tv\/category\/local\/"},"img":{"alt_text":"","src":"https:\/\/i0.wp.com\/queretaronetwork.tv\/wp-content\/uploads\/2019\/08\/d89bf36c-3e91-4bea-b6de-6ecf9affbe9d.jpg?fit=1200%2C799&ssl=1&resize=350%2C200","width":350,"height":200,"srcset":"https:\/\/i0.wp.com\/queretaronetwork.tv\/wp-content\/uploads\/2019\/08\/d89bf36c-3e91-4bea-b6de-6ecf9affbe9d.jpg?fit=1200%2C799&ssl=1&resize=350%2C200 1x, https:\/\/i0.wp.com\/queretaronetwork.tv\/wp-content\/uploads\/2019\/08\/d89bf36c-3e91-4bea-b6de-6ecf9affbe9d.jpg?fit=1200%2C799&ssl=1&resize=525%2C300 1.5x, https:\/\/i0.wp.com\/queretaronetwork.tv\/wp-content\/uploads\/2019\/08\/d89bf36c-3e91-4bea-b6de-6ecf9affbe9d.jpg?fit=1200%2C799&ssl=1&resize=700%2C400 2x, https:\/\/i0.wp.com\/queretaronetwork.tv\/wp-content\/uploads\/2019\/08\/d89bf36c-3e91-4bea-b6de-6ecf9affbe9d.jpg?fit=1200%2C799&ssl=1&resize=1050%2C600 3x"},"classes":[]}],"jetpack_sharing_enabled":true,"jetpack_shortlink":"https:\/\/wp.me\/pardhb-7XL","_links":{"self":[{"href":"https:\/\/queretaronetwork.tv\/wp-json\/wp\/v2\/posts\/30613","targetHints":{"allow":["GET"]}}],"collection":[{"href":"https:\/\/queretaronetwork.tv\/wp-json\/wp\/v2\/posts"}],"about":[{"href":"https:\/\/queretaronetwork.tv\/wp-json\/wp\/v2\/types\/post"}],"author":[{"embeddable":true,"href":"https:\/\/queretaronetwork.tv\/wp-json\/wp\/v2\/users\/2"}],"replies":[{"embeddable":true,"href":"https:\/\/queretaronetwork.tv\/wp-json\/wp\/v2\/comments?post=30613"}],"version-history":[{"count":1,"href":"https:\/\/queretaronetwork.tv\/wp-json\/wp\/v2\/posts\/30613\/revisions"}],"predecessor-version":[{"id":30615,"href":"https:\/\/queretaronetwork.tv\/wp-json\/wp\/v2\/posts\/30613\/revisions\/30615"}],"wp:featuredmedia":[{"embeddable":true,"href":"https:\/\/queretaronetwork.tv\/wp-json\/wp\/v2\/media\/30614"}],"wp:attachment":[{"href":"https:\/\/queretaronetwork.tv\/wp-json\/wp\/v2\/media?parent=30613"}],"wp:term":[{"taxonomy":"category","embeddable":true,"href":"https:\/\/queretaronetwork.tv\/wp-json\/wp\/v2\/categories?post=30613"},{"taxonomy":"post_tag","embeddable":true,"href":"https:\/\/queretaronetwork.tv\/wp-json\/wp\/v2\/tags?post=30613"}],"curies":[{"name":"wp","href":"https:\/\/api.w.org\/{rel}","templated":true}]}}