{"id":30824,"date":"2023-08-29T17:23:08","date_gmt":"2023-08-29T22:23:08","guid":{"rendered":"https:\/\/queretaronetwork.tv\/?p=30824"},"modified":"2023-08-29T17:23:08","modified_gmt":"2023-08-29T22:23:08","slug":"mama-se-confunde-de-transporte-escolar-y-envia-a-su-hija-a-otra-escuela-en-queretaro","status":"publish","type":"post","link":"https:\/\/queretaronetwork.tv\/mama-se-confunde-de-transporte-escolar-y-envia-a-su-hija-a-otra-escuela-en-queretaro\/","title":{"rendered":"Mam\u00e1 se confunde de transporte escolar y env\u00eda a su hija a otra escuela en Quer\u00e9taro"},"content":{"rendered":"<p data-t=\"{&quot;n&quot;:&quot;blueLinks&quot;}\">Una movilizaci\u00f3n de personal policial fue lo que provoc\u00f3 la confusi\u00f3n de una madre de familia, quien\u00a0<strong>se confundi\u00f3 de\u00a0transporte escolar\u00a0y envi\u00f3 a su hija a la escuela en una unidad que no le correspond\u00eda.<\/strong><\/p>\n<p data-t=\"{&quot;n&quot;:&quot;blueLinks&quot;}\">De acuerdo con informaci\u00f3n difundida por la Polic\u00eda Estatal (POES), los hechos ocurrieron en la capital del estado, donde<strong>\u00a0personal del Grupo de Atenci\u00f3n a V\u00edctimas brind\u00f3 contenci\u00f3n emocional a una mujer,<\/strong><em>\u00a0\u201cquien tras una confusi\u00f3n subi\u00f3 a su hija a un transporte escolar asignado a una escuela distinta a la que se dirig\u00eda\u201d.<\/em><\/p>\n<p data-t=\"{&quot;n&quot;:&quot;blueLinks&quot;}\">En el informe de las\u00a0autoridades policiales, se precis\u00f3 que<em>\u00a0\u201cel chofer de la unidad escolar regres\u00f3 a la menor de edad con su madre tras percatarse de la confusi\u00f3n\u201d.<\/em><\/p>\n<blockquote data-reset-char-count=\"true\"><p>\u201cPor tales hechos, elementos policiales tambi\u00e9n le proporcionaron a la mujer orientaci\u00f3n para evitar se vuelva a suscitar una situaci\u00f3n similar\u201d<\/p><\/blockquote>\n<h3 class=\"article-sub-heading\" data-reset-char-count=\"true\">Regreso a clases deja saldo blanco<\/h3>\n<p data-t=\"{&quot;n&quot;:&quot;blueLinks&quot;}\">Con mochila nueva, zapatos aseados y uniformes impecables, las ni\u00f1as, ni\u00f1os y adolescentes de educaci\u00f3n b\u00e1sica regresaron a las aulas este lunes,<strong>\u00a0provocando una gran movilizaci\u00f3n en todo\u00a0Quer\u00e9taro.<\/strong><\/p>\n<p data-t=\"{&quot;n&quot;:&quot;blueLinks&quot;}\">Desde muy temprano se observ\u00f3 la llegada de los emprendedores que se colocaron cerca de las puertas de las escuelas para facilitarle a los padres de familia ese mo\u00f1o, libreta, goma o l\u00e1piz que no se compr\u00f3 o que se qued\u00f3 en casa por salir a prisa.<\/p>\n<p class=\"continue-read-break\" data-t=\"{&quot;n&quot;:&quot;blueLinks&quot;}\">El movimiento provoc\u00f3 embotellamientos en varios puntos de la capital del estado, aunque en algunas zonas no fue tan alto como se esperaba.<\/p>\n<p data-t=\"{&quot;n&quot;:&quot;blueLinks&quot;}\">Seg\u00fan datos de la Unidad de Servicios para la Educaci\u00f3n B\u00e1sica en el Estado de Quer\u00e9taro, m\u00e1s de\u00a0<strong>300 mil estudiantes de escuelas p\u00fablicas regresaron a las aulas\u00a0para iniciar el ciclo escolar 2023 \u2013 2024.<\/strong><\/p>\n<p data-t=\"{&quot;n&quot;:&quot;blueLinks&quot;}\">Autoridades reportaron saldo blanco durante el operativo desplegado en varios puntos de la entidad por el regreso a clases de educaci\u00f3n b\u00e1sica.<\/p>\n<p data-t=\"{&quot;n&quot;:&quot;blueLinks&quot;}\">Con informaci\u00f3n de<a href=\"https:\/\/www.msn.com\/es-mx\/noticias\/mexico\/mam%C3%A1-se-confunde-de-transporte-escolar-y-env%C3%ADa-a-su-hija-a-otra-escuela-en-quer%C3%A9taro\/ar-AA1fWTpI\"> Excelsior.<\/a><\/p>\n","protected":false},"excerpt":{"rendered":"<p>Madre confunde transporte escolar envia hija otra escuela<\/p>\n","protected":false},"author":2,"featured_media":30825,"comment_status":"open","ping_status":"closed","sticky":false,"template":"","format":"standard","meta":{"jetpack_post_was_ever_published":false,"_jetpack_newsletter_access":"","_jetpack_dont_email_post_to_subs":false,"_jetpack_newsletter_tier_id":0,"_jetpack_memberships_contains_paywalled_content":false,"_jetpack_memberships_contains_paid_content":false,"footnotes":"","jetpack_publicize_message":"","jetpack_publicize_feature_enabled":true,"jetpack_social_post_already_shared":true,"jetpack_social_options":{"image_generator_settings":{"template":"highway","default_image_id":0,"font":"","enabled":false},"version":2}},"categories":[102],"tags":[],"class_list":["post-30824","post","type-post","status-publish","format-standard","has-post-thumbnail","hentry","category-queretaro"],"yoast_head":"<!-- This site is optimized with the Yoast SEO plugin v26.4 - https:\/\/yoast.com\/wordpress\/plugins\/seo\/ -->\n<title>Mam\u00e1 se confunde de transporte escolar y env\u00eda a su hija a otra escuela en Quer\u00e9taro -<\/title>\n<meta name=\"robots\" content=\"index, follow, max-snippet:-1, max-image-preview:large, max-video-preview:-1\" \/>\n<link rel=\"canonical\" href=\"https:\/\/queretaronetwork.tv\/mama-se-confunde-de-transporte-escolar-y-envia-a-su-hija-a-otra-escuela-en-queretaro\/\" \/>\n<meta property=\"og:locale\" content=\"es_MX\" \/>\n<meta property=\"og:type\" content=\"article\" \/>\n<meta property=\"og:title\" content=\"Mam\u00e1 se confunde de transporte escolar y env\u00eda a su hija a otra escuela en Quer\u00e9taro -\" \/>\n<meta property=\"og:description\" content=\"Madre confunde transporte escolar envia hija otra escuela\" \/>\n<meta property=\"og:url\" content=\"https:\/\/queretaronetwork.tv\/mama-se-confunde-de-transporte-escolar-y-envia-a-su-hija-a-otra-escuela-en-queretaro\/\" \/>\n<meta property=\"article:publisher\" content=\"https:\/\/www.facebook.com\/QroNTV\/\" \/>\n<meta property=\"article:published_time\" content=\"2023-08-29T22:23:08+00:00\" \/>\n<meta property=\"og:image\" content=\"https:\/\/i0.wp.com\/queretaronetwork.tv\/wp-content\/uploads\/2023\/08\/MAMACONFUNDIDA.jpeg?fit=768%2C576&ssl=1\" \/>\n\t<meta property=\"og:image:width\" content=\"768\" \/>\n\t<meta property=\"og:image:height\" content=\"576\" \/>\n\t<meta property=\"og:image:type\" content=\"image\/jpeg\" \/>\n<meta name=\"author\" content=\"Editorial QNTV\" \/>\n<meta name=\"twitter:card\" content=\"summary_large_image\" \/>\n<meta name=\"twitter:creator\" content=\"@QNTV6\" \/>\n<meta name=\"twitter:site\" content=\"@QNTV6\" \/>\n<meta name=\"twitter:label1\" content=\"Escrito por\" \/>\n\t<meta name=\"twitter:data1\" content=\"Editorial QNTV\" \/>\n\t<meta name=\"twitter:label2\" content=\"Tiempo de lectura\" \/>\n\t<meta name=\"twitter:data2\" content=\"2 minutos\" \/>\n<script type=\"application\/ld+json\" class=\"yoast-schema-graph\">{\"@context\":\"https:\/\/schema.org\",\"@graph\":[{\"@type\":\"Article\",\"@id\":\"https:\/\/queretaronetwork.tv\/mama-se-confunde-de-transporte-escolar-y-envia-a-su-hija-a-otra-escuela-en-queretaro\/#article\",\"isPartOf\":{\"@id\":\"https:\/\/queretaronetwork.tv\/mama-se-confunde-de-transporte-escolar-y-envia-a-su-hija-a-otra-escuela-en-queretaro\/\"},\"author\":{\"name\":\"Editorial QNTV\",\"@id\":\"https:\/\/queretaronetwork.tv\/#\/schema\/person\/1200b23397cd8ce55a25cb08ca51b5f2\"},\"headline\":\"Mam\u00e1 se confunde de transporte escolar y env\u00eda a su hija a otra escuela en Quer\u00e9taro\",\"datePublished\":\"2023-08-29T22:23:08+00:00\",\"mainEntityOfPage\":{\"@id\":\"https:\/\/queretaronetwork.tv\/mama-se-confunde-de-transporte-escolar-y-envia-a-su-hija-a-otra-escuela-en-queretaro\/\"},\"wordCount\":354,\"commentCount\":0,\"publisher\":{\"@id\":\"https:\/\/queretaronetwork.tv\/#organization\"},\"image\":{\"@id\":\"https:\/\/queretaronetwork.tv\/mama-se-confunde-de-transporte-escolar-y-envia-a-su-hija-a-otra-escuela-en-queretaro\/#primaryimage\"},\"thumbnailUrl\":\"https:\/\/i0.wp.com\/queretaronetwork.tv\/wp-content\/uploads\/2023\/08\/MAMACONFUNDIDA.jpeg?fit=768%2C576&ssl=1\",\"articleSection\":[\"Quer\u00e9taro\"],\"inLanguage\":\"es\",\"potentialAction\":[{\"@type\":\"CommentAction\",\"name\":\"Comment\",\"target\":[\"https:\/\/queretaronetwork.tv\/mama-se-confunde-de-transporte-escolar-y-envia-a-su-hija-a-otra-escuela-en-queretaro\/#respond\"]}]},{\"@type\":\"WebPage\",\"@id\":\"https:\/\/queretaronetwork.tv\/mama-se-confunde-de-transporte-escolar-y-envia-a-su-hija-a-otra-escuela-en-queretaro\/\",\"url\":\"https:\/\/queretaronetwork.tv\/mama-se-confunde-de-transporte-escolar-y-envia-a-su-hija-a-otra-escuela-en-queretaro\/\",\"name\":\"Mam\u00e1 se confunde de transporte escolar y env\u00eda a su hija a otra escuela en Quer\u00e9taro -\",\"isPartOf\":{\"@id\":\"https:\/\/queretaronetwork.tv\/#website\"},\"primaryImageOfPage\":{\"@id\":\"https:\/\/queretaronetwork.tv\/mama-se-confunde-de-transporte-escolar-y-envia-a-su-hija-a-otra-escuela-en-queretaro\/#primaryimage\"},\"image\":{\"@id\":\"https:\/\/queretaronetwork.tv\/mama-se-confunde-de-transporte-escolar-y-envia-a-su-hija-a-otra-escuela-en-queretaro\/#primaryimage\"},\"thumbnailUrl\":\"https:\/\/i0.wp.com\/queretaronetwork.tv\/wp-content\/uploads\/2023\/08\/MAMACONFUNDIDA.jpeg?fit=768%2C576&ssl=1\",\"datePublished\":\"2023-08-29T22:23:08+00:00\",\"breadcrumb\":{\"@id\":\"https:\/\/queretaronetwork.tv\/mama-se-confunde-de-transporte-escolar-y-envia-a-su-hija-a-otra-escuela-en-queretaro\/#breadcrumb\"},\"inLanguage\":\"es\",\"potentialAction\":[{\"@type\":\"ReadAction\",\"target\":[\"https:\/\/queretaronetwork.tv\/mama-se-confunde-de-transporte-escolar-y-envia-a-su-hija-a-otra-escuela-en-queretaro\/\"]}]},{\"@type\":\"ImageObject\",\"inLanguage\":\"es\",\"@id\":\"https:\/\/queretaronetwork.tv\/mama-se-confunde-de-transporte-escolar-y-envia-a-su-hija-a-otra-escuela-en-queretaro\/#primaryimage\",\"url\":\"https:\/\/i0.wp.com\/queretaronetwork.tv\/wp-content\/uploads\/2023\/08\/MAMACONFUNDIDA.jpeg?fit=768%2C576&ssl=1\",\"contentUrl\":\"https:\/\/i0.wp.com\/queretaronetwork.tv\/wp-content\/uploads\/2023\/08\/MAMACONFUNDIDA.jpeg?fit=768%2C576&ssl=1\",\"width\":768,\"height\":576},{\"@type\":\"BreadcrumbList\",\"@id\":\"https:\/\/queretaronetwork.tv\/mama-se-confunde-de-transporte-escolar-y-envia-a-su-hija-a-otra-escuela-en-queretaro\/#breadcrumb\",\"itemListElement\":[{\"@type\":\"ListItem\",\"position\":1,\"name\":\"Inicio\",\"item\":\"https:\/\/queretaronetwork.tv\/\"},{\"@type\":\"ListItem\",\"position\":2,\"name\":\"Mam\u00e1 se confunde de transporte escolar y env\u00eda a su hija a otra escuela en Quer\u00e9taro\"}]},{\"@type\":\"WebSite\",\"@id\":\"https:\/\/queretaronetwork.tv\/#website\",\"url\":\"https:\/\/queretaronetwork.tv\/\",\"name\":\"Quer\u00e9taro Network TV\",\"description\":\"Medio de Comunicaci\u00f3n Digital, Noticias y Canal de Tv ONLine\",\"publisher\":{\"@id\":\"https:\/\/queretaronetwork.tv\/#organization\"},\"potentialAction\":[{\"@type\":\"SearchAction\",\"target\":{\"@type\":\"EntryPoint\",\"urlTemplate\":\"https:\/\/queretaronetwork.tv\/?s={search_term_string}\"},\"query-input\":{\"@type\":\"PropertyValueSpecification\",\"valueRequired\":true,\"valueName\":\"search_term_string\"}}],\"inLanguage\":\"es\"},{\"@type\":\"Organization\",\"@id\":\"https:\/\/queretaronetwork.tv\/#organization\",\"name\":\"Quer\u00e9taro Network TV\",\"url\":\"https:\/\/queretaronetwork.tv\/\",\"logo\":{\"@type\":\"ImageObject\",\"inLanguage\":\"es\",\"@id\":\"https:\/\/queretaronetwork.tv\/#\/schema\/logo\/image\/\",\"url\":\"https:\/\/i0.wp.com\/queretaronetwork.tv\/wp-content\/uploads\/2020\/02\/LOGONUEVOCIRCULARQNTV2020-e1595007713656.png?fit=583%2C564&ssl=1\",\"contentUrl\":\"https:\/\/i0.wp.com\/queretaronetwork.tv\/wp-content\/uploads\/2020\/02\/LOGONUEVOCIRCULARQNTV2020-e1595007713656.png?fit=583%2C564&ssl=1\",\"width\":583,\"height\":564,\"caption\":\"Quer\u00e9taro Network TV\"},\"image\":{\"@id\":\"https:\/\/queretaronetwork.tv\/#\/schema\/logo\/image\/\"},\"sameAs\":[\"https:\/\/www.facebook.com\/QroNTV\/\",\"https:\/\/x.com\/QNTV6\",\"https:\/\/www.instagram.com\/queretaronetworktv\/\",\"https:\/\/www.youtube.com\/channel\/UCav1cE_tCaccVZOLJpqZIyA?view_as=subscriber\"]},{\"@type\":\"Person\",\"@id\":\"https:\/\/queretaronetwork.tv\/#\/schema\/person\/1200b23397cd8ce55a25cb08ca51b5f2\",\"name\":\"Editorial QNTV\",\"image\":{\"@type\":\"ImageObject\",\"inLanguage\":\"es\",\"@id\":\"https:\/\/queretaronetwork.tv\/#\/schema\/person\/image\/\",\"url\":\"https:\/\/secure.gravatar.com\/avatar\/c736b7feb12a69c0911796e1381d5be7aa79cd6ca5a0cb325913d75e4c0cdcbd?s=96&d=mm&r=g\",\"contentUrl\":\"https:\/\/secure.gravatar.com\/avatar\/c736b7feb12a69c0911796e1381d5be7aa79cd6ca5a0cb325913d75e4c0cdcbd?s=96&d=mm&r=g\",\"caption\":\"Editorial QNTV\"},\"url\":\"https:\/\/queretaronetwork.tv\/author\/editorial\/\"}]}<\/script>\n<!-- \/ Yoast SEO plugin. -->","yoast_head_json":{"title":"Mam\u00e1 se confunde de transporte escolar y env\u00eda a su hija a otra escuela en Quer\u00e9taro -","robots":{"index":"index","follow":"follow","max-snippet":"max-snippet:-1","max-image-preview":"max-image-preview:large","max-video-preview":"max-video-preview:-1"},"canonical":"https:\/\/queretaronetwork.tv\/mama-se-confunde-de-transporte-escolar-y-envia-a-su-hija-a-otra-escuela-en-queretaro\/","og_locale":"es_MX","og_type":"article","og_title":"Mam\u00e1 se confunde de transporte escolar y env\u00eda a su hija a otra escuela en Quer\u00e9taro -","og_description":"Madre confunde transporte escolar envia hija otra escuela","og_url":"https:\/\/queretaronetwork.tv\/mama-se-confunde-de-transporte-escolar-y-envia-a-su-hija-a-otra-escuela-en-queretaro\/","article_publisher":"https:\/\/www.facebook.com\/QroNTV\/","article_published_time":"2023-08-29T22:23:08+00:00","og_image":[{"width":768,"height":576,"url":"https:\/\/i0.wp.com\/queretaronetwork.tv\/wp-content\/uploads\/2023\/08\/MAMACONFUNDIDA.jpeg?fit=768%2C576&ssl=1","type":"image\/jpeg"}],"author":"Editorial QNTV","twitter_card":"summary_large_image","twitter_creator":"@QNTV6","twitter_site":"@QNTV6","twitter_misc":{"Escrito por":"Editorial QNTV","Tiempo de lectura":"2 minutos"},"schema":{"@context":"https:\/\/schema.org","@graph":[{"@type":"Article","@id":"https:\/\/queretaronetwork.tv\/mama-se-confunde-de-transporte-escolar-y-envia-a-su-hija-a-otra-escuela-en-queretaro\/#article","isPartOf":{"@id":"https:\/\/queretaronetwork.tv\/mama-se-confunde-de-transporte-escolar-y-envia-a-su-hija-a-otra-escuela-en-queretaro\/"},"author":{"name":"Editorial QNTV","@id":"https:\/\/queretaronetwork.tv\/#\/schema\/person\/1200b23397cd8ce55a25cb08ca51b5f2"},"headline":"Mam\u00e1 se confunde de transporte escolar y env\u00eda a su hija a otra escuela en Quer\u00e9taro","datePublished":"2023-08-29T22:23:08+00:00","mainEntityOfPage":{"@id":"https:\/\/queretaronetwork.tv\/mama-se-confunde-de-transporte-escolar-y-envia-a-su-hija-a-otra-escuela-en-queretaro\/"},"wordCount":354,"commentCount":0,"publisher":{"@id":"https:\/\/queretaronetwork.tv\/#organization"},"image":{"@id":"https:\/\/queretaronetwork.tv\/mama-se-confunde-de-transporte-escolar-y-envia-a-su-hija-a-otra-escuela-en-queretaro\/#primaryimage"},"thumbnailUrl":"https:\/\/i0.wp.com\/queretaronetwork.tv\/wp-content\/uploads\/2023\/08\/MAMACONFUNDIDA.jpeg?fit=768%2C576&ssl=1","articleSection":["Quer\u00e9taro"],"inLanguage":"es","potentialAction":[{"@type":"CommentAction","name":"Comment","target":["https:\/\/queretaronetwork.tv\/mama-se-confunde-de-transporte-escolar-y-envia-a-su-hija-a-otra-escuela-en-queretaro\/#respond"]}]},{"@type":"WebPage","@id":"https:\/\/queretaronetwork.tv\/mama-se-confunde-de-transporte-escolar-y-envia-a-su-hija-a-otra-escuela-en-queretaro\/","url":"https:\/\/queretaronetwork.tv\/mama-se-confunde-de-transporte-escolar-y-envia-a-su-hija-a-otra-escuela-en-queretaro\/","name":"Mam\u00e1 se confunde de transporte escolar y env\u00eda a su hija a otra escuela en Quer\u00e9taro -","isPartOf":{"@id":"https:\/\/queretaronetwork.tv\/#website"},"primaryImageOfPage":{"@id":"https:\/\/queretaronetwork.tv\/mama-se-confunde-de-transporte-escolar-y-envia-a-su-hija-a-otra-escuela-en-queretaro\/#primaryimage"},"image":{"@id":"https:\/\/queretaronetwork.tv\/mama-se-confunde-de-transporte-escolar-y-envia-a-su-hija-a-otra-escuela-en-queretaro\/#primaryimage"},"thumbnailUrl":"https:\/\/i0.wp.com\/queretaronetwork.tv\/wp-content\/uploads\/2023\/08\/MAMACONFUNDIDA.jpeg?fit=768%2C576&ssl=1","datePublished":"2023-08-29T22:23:08+00:00","breadcrumb":{"@id":"https:\/\/queretaronetwork.tv\/mama-se-confunde-de-transporte-escolar-y-envia-a-su-hija-a-otra-escuela-en-queretaro\/#breadcrumb"},"inLanguage":"es","potentialAction":[{"@type":"ReadAction","target":["https:\/\/queretaronetwork.tv\/mama-se-confunde-de-transporte-escolar-y-envia-a-su-hija-a-otra-escuela-en-queretaro\/"]}]},{"@type":"ImageObject","inLanguage":"es","@id":"https:\/\/queretaronetwork.tv\/mama-se-confunde-de-transporte-escolar-y-envia-a-su-hija-a-otra-escuela-en-queretaro\/#primaryimage","url":"https:\/\/i0.wp.com\/queretaronetwork.tv\/wp-content\/uploads\/2023\/08\/MAMACONFUNDIDA.jpeg?fit=768%2C576&ssl=1","contentUrl":"https:\/\/i0.wp.com\/queretaronetwork.tv\/wp-content\/uploads\/2023\/08\/MAMACONFUNDIDA.jpeg?fit=768%2C576&ssl=1","width":768,"height":576},{"@type":"BreadcrumbList","@id":"https:\/\/queretaronetwork.tv\/mama-se-confunde-de-transporte-escolar-y-envia-a-su-hija-a-otra-escuela-en-queretaro\/#breadcrumb","itemListElement":[{"@type":"ListItem","position":1,"name":"Inicio","item":"https:\/\/queretaronetwork.tv\/"},{"@type":"ListItem","position":2,"name":"Mam\u00e1 se confunde de transporte escolar y env\u00eda a su hija a otra escuela en Quer\u00e9taro"}]},{"@type":"WebSite","@id":"https:\/\/queretaronetwork.tv\/#website","url":"https:\/\/queretaronetwork.tv\/","name":"Quer\u00e9taro Network TV","description":"Medio de Comunicaci\u00f3n Digital, Noticias y Canal de Tv ONLine","publisher":{"@id":"https:\/\/queretaronetwork.tv\/#organization"},"potentialAction":[{"@type":"SearchAction","target":{"@type":"EntryPoint","urlTemplate":"https:\/\/queretaronetwork.tv\/?s={search_term_string}"},"query-input":{"@type":"PropertyValueSpecification","valueRequired":true,"valueName":"search_term_string"}}],"inLanguage":"es"},{"@type":"Organization","@id":"https:\/\/queretaronetwork.tv\/#organization","name":"Quer\u00e9taro Network TV","url":"https:\/\/queretaronetwork.tv\/","logo":{"@type":"ImageObject","inLanguage":"es","@id":"https:\/\/queretaronetwork.tv\/#\/schema\/logo\/image\/","url":"https:\/\/i0.wp.com\/queretaronetwork.tv\/wp-content\/uploads\/2020\/02\/LOGONUEVOCIRCULARQNTV2020-e1595007713656.png?fit=583%2C564&ssl=1","contentUrl":"https:\/\/i0.wp.com\/queretaronetwork.tv\/wp-content\/uploads\/2020\/02\/LOGONUEVOCIRCULARQNTV2020-e1595007713656.png?fit=583%2C564&ssl=1","width":583,"height":564,"caption":"Quer\u00e9taro Network TV"},"image":{"@id":"https:\/\/queretaronetwork.tv\/#\/schema\/logo\/image\/"},"sameAs":["https:\/\/www.facebook.com\/QroNTV\/","https:\/\/x.com\/QNTV6","https:\/\/www.instagram.com\/queretaronetworktv\/","https:\/\/www.youtube.com\/channel\/UCav1cE_tCaccVZOLJpqZIyA?view_as=subscriber"]},{"@type":"Person","@id":"https:\/\/queretaronetwork.tv\/#\/schema\/person\/1200b23397cd8ce55a25cb08ca51b5f2","name":"Editorial QNTV","image":{"@type":"ImageObject","inLanguage":"es","@id":"https:\/\/queretaronetwork.tv\/#\/schema\/person\/image\/","url":"https:\/\/secure.gravatar.com\/avatar\/c736b7feb12a69c0911796e1381d5be7aa79cd6ca5a0cb325913d75e4c0cdcbd?s=96&d=mm&r=g","contentUrl":"https:\/\/secure.gravatar.com\/avatar\/c736b7feb12a69c0911796e1381d5be7aa79cd6ca5a0cb325913d75e4c0cdcbd?s=96&d=mm&r=g","caption":"Editorial QNTV"},"url":"https:\/\/queretaronetwork.tv\/author\/editorial\/"}]}},"jetpack_publicize_connections":[],"featured_image_urls":{"full":["https:\/\/i0.wp.com\/queretaronetwork.tv\/wp-content\/uploads\/2023\/08\/MAMACONFUNDIDA.jpeg?fit=768%2C576&ssl=1",768,576,false],"thumbnail":["https:\/\/i0.wp.com\/queretaronetwork.tv\/wp-content\/uploads\/2023\/08\/MAMACONFUNDIDA.jpeg?resize=150%2C150&ssl=1",150,150,true],"medium":["https:\/\/i0.wp.com\/queretaronetwork.tv\/wp-content\/uploads\/2023\/08\/MAMACONFUNDIDA.jpeg?fit=300%2C225&ssl=1",300,225,true],"medium_large":["https:\/\/i0.wp.com\/queretaronetwork.tv\/wp-content\/uploads\/2023\/08\/MAMACONFUNDIDA.jpeg?fit=640%2C480&ssl=1",640,480,true],"large":["https:\/\/i0.wp.com\/queretaronetwork.tv\/wp-content\/uploads\/2023\/08\/MAMACONFUNDIDA.jpeg?fit=640%2C480&ssl=1",640,480,true],"1536x1536":["https:\/\/i0.wp.com\/queretaronetwork.tv\/wp-content\/uploads\/2023\/08\/MAMACONFUNDIDA.jpeg?fit=768%2C576&ssl=1",768,576,true],"2048x2048":["https:\/\/i0.wp.com\/queretaronetwork.tv\/wp-content\/uploads\/2023\/08\/MAMACONFUNDIDA.jpeg?fit=768%2C576&ssl=1",768,576,true],"darknews-slider-full":["https:\/\/i0.wp.com\/queretaronetwork.tv\/wp-content\/uploads\/2023\/08\/MAMACONFUNDIDA.jpeg?resize=768%2C576&ssl=1",768,576,true],"darknews-featured":["https:\/\/i0.wp.com\/queretaronetwork.tv\/wp-content\/uploads\/2023\/08\/MAMACONFUNDIDA.jpeg?fit=768%2C576&ssl=1",768,576,true],"darknews-medium":["https:\/\/i0.wp.com\/queretaronetwork.tv\/wp-content\/uploads\/2023\/08\/MAMACONFUNDIDA.jpeg?resize=720%2C530&ssl=1",720,530,true],"darknews-medium-square":["https:\/\/i0.wp.com\/queretaronetwork.tv\/wp-content\/uploads\/2023\/08\/MAMACONFUNDIDA.jpeg?resize=350%2C350&ssl=1",350,350,true]},"author_info":{"info":["Editorial QNTV"]},"category_info":"<a href=\"https:\/\/queretaronetwork.tv\/category\/local\/queretaro\/\" rel=\"category tag\">Quer\u00e9taro<\/a>","tag_info":"Quer\u00e9taro","comment_count":"0","jetpack_featured_media_url":"https:\/\/i0.wp.com\/queretaronetwork.tv\/wp-content\/uploads\/2023\/08\/MAMACONFUNDIDA.jpeg?fit=768%2C576&ssl=1","jetpack_likes_enabled":true,"jetpack-related-posts":[{"id":14797,"url":"https:\/\/queretaronetwork.tv\/papa-se-ofrece-como-voluntario-a-vigilar-una-escuela-en-eu-tras-tiroteo-en-primaria-de-texas\/","url_meta":{"origin":30824,"position":0},"title":"Pap\u00e1 se ofrece como voluntario a vigilar una escuela en EU tras tiroteo en primaria de Texas","author":"Editorial QNTV","date":"27 mayo, 2022","format":false,"excerpt":"La imagen del hombre quien se muestra en la entrada de la escuela no tardar\u00eda en hacerse viral en las redes sociales, donde cibernautas expresaron su alivio. Luego de que el tiroteo en una escuela\u00a0primaria en Uvalde, Texas desatara el p\u00e1nico y la preocupaci\u00f3n de miles padres de familia al\u2026","rel":"","context":"En &quot;Internacional&quot;","block_context":{"text":"Internacional","link":"https:\/\/queretaronetwork.tv\/category\/internacional\/"},"img":{"alt_text":"","src":"https:\/\/i0.wp.com\/queretaronetwork.tv\/wp-content\/uploads\/2022\/05\/hombre-vigila-escuela.png?fit=1023%2C630&ssl=1&resize=350%2C200","width":350,"height":200,"srcset":"https:\/\/i0.wp.com\/queretaronetwork.tv\/wp-content\/uploads\/2022\/05\/hombre-vigila-escuela.png?fit=1023%2C630&ssl=1&resize=350%2C200 1x, https:\/\/i0.wp.com\/queretaronetwork.tv\/wp-content\/uploads\/2022\/05\/hombre-vigila-escuela.png?fit=1023%2C630&ssl=1&resize=525%2C300 1.5x, https:\/\/i0.wp.com\/queretaronetwork.tv\/wp-content\/uploads\/2022\/05\/hombre-vigila-escuela.png?fit=1023%2C630&ssl=1&resize=700%2C400 2x"},"classes":[]},{"id":19240,"url":"https:\/\/queretaronetwork.tv\/las-personas-no-son-maletas-una-mujer-senalo-a-personal-de-una-aerolinea-que-perdio-a-su-hija-en-el-aicm\/","url_meta":{"origin":30824,"position":1},"title":"\u201cLas personas no son maletas\u201d: una mujer se\u00f1al\u00f3 a personal de una aerol\u00ednea que perdi\u00f3 a su hija en el AICM","author":"Editorial QNTV","date":"4 agosto, 2022","format":false,"excerpt":"Una\u00a0ni\u00f1a\u00a0permaneci\u00f3 m\u00e1s de una hora\u00a0perdida\u00a0en el\u00a0Aeropuerto Internacional de la Ciudad de M\u00e9xico\u00a0(AICM) el pasado 2 de agosto. Su madre contrat\u00f3 el\u00a0servicio de custodia\u00a0para que la menor pudiera viajar segura sin su compa\u00f1\u00eda, hacia Zihuatanejo, Guerrero. Sin embargo, la mujer denunci\u00f3 en redes sociales que tan solo 25 minutos despu\u00e9s de\u2026","rel":"","context":"En &quot;Nacional&quot;","block_context":{"text":"Nacional","link":"https:\/\/queretaronetwork.tv\/category\/nacional\/"},"img":{"alt_text":"","src":"https:\/\/i0.wp.com\/queretaronetwork.tv\/wp-content\/uploads\/2022\/08\/VYB4JTO4AJDZNOZ5HYDLYHMEY4.png?fit=768%2C432&ssl=1&resize=350%2C200","width":350,"height":200,"srcset":"https:\/\/i0.wp.com\/queretaronetwork.tv\/wp-content\/uploads\/2022\/08\/VYB4JTO4AJDZNOZ5HYDLYHMEY4.png?fit=768%2C432&ssl=1&resize=350%2C200 1x, https:\/\/i0.wp.com\/queretaronetwork.tv\/wp-content\/uploads\/2022\/08\/VYB4JTO4AJDZNOZ5HYDLYHMEY4.png?fit=768%2C432&ssl=1&resize=525%2C300 1.5x, https:\/\/i0.wp.com\/queretaronetwork.tv\/wp-content\/uploads\/2022\/08\/VYB4JTO4AJDZNOZ5HYDLYHMEY4.png?fit=768%2C432&ssl=1&resize=700%2C400 2x"},"classes":[]},{"id":9966,"url":"https:\/\/queretaronetwork.tv\/supervisa-luis-nava-el-servicio-de-transporte-escolar-gratuito\/","url_meta":{"origin":30824,"position":2},"title":"Supervisa Luis Nava el servicio de Transporte Escolar Gratuito","author":"Editorial QNTV","date":"1 septiembre, 2021","format":false,"excerpt":"En este inicio paulatino del ciclo escolar 2021-2022, el Presidente Municipal de Quer\u00e9taro, Luis Nava, acompa\u00f1ado por el Secretario de Movilidad, Sa\u00fal Obreg\u00f3n Biosca, hizo un recorrido de supervisi\u00f3n del programa de Transporte Escolar Gratuito, en la ruta que da servicio al turno matutino de la escuela General No. 1,\u2026","rel":"","context":"En &quot;Local&quot;","block_context":{"text":"Local","link":"https:\/\/queretaronetwork.tv\/category\/local\/"},"img":{"alt_text":"","src":"https:\/\/i0.wp.com\/queretaronetwork.tv\/wp-content\/uploads\/2021\/09\/WhatsApp-Image-2021-09-01-at-12.41.03.jpeg?fit=1200%2C675&ssl=1&resize=350%2C200","width":350,"height":200,"srcset":"https:\/\/i0.wp.com\/queretaronetwork.tv\/wp-content\/uploads\/2021\/09\/WhatsApp-Image-2021-09-01-at-12.41.03.jpeg?fit=1200%2C675&ssl=1&resize=350%2C200 1x, https:\/\/i0.wp.com\/queretaronetwork.tv\/wp-content\/uploads\/2021\/09\/WhatsApp-Image-2021-09-01-at-12.41.03.jpeg?fit=1200%2C675&ssl=1&resize=525%2C300 1.5x, https:\/\/i0.wp.com\/queretaronetwork.tv\/wp-content\/uploads\/2021\/09\/WhatsApp-Image-2021-09-01-at-12.41.03.jpeg?fit=1200%2C675&ssl=1&resize=700%2C400 2x, https:\/\/i0.wp.com\/queretaronetwork.tv\/wp-content\/uploads\/2021\/09\/WhatsApp-Image-2021-09-01-at-12.41.03.jpeg?fit=1200%2C675&ssl=1&resize=1050%2C600 3x"},"classes":[]},{"id":12452,"url":"https:\/\/queretaronetwork.tv\/mujer-es-sentenciada-por-abusar-sexualmente-de-su-propia-hija\/","url_meta":{"origin":30824,"position":3},"title":"Mujer es sentenciada por abusar sexualmente de su propia hija","author":"Editorial QNTV","date":"29 marzo, 2022","format":false,"excerpt":"De acuerdo a las autoridades, la menor fue v\u00edctima de abusos desde los 4 hasta los 10 a\u00f1os de edad. Tras varias investigaciones, la Fiscal\u00eda General de Michoac\u00e1n resolvi\u00f3 la responsabilidad de\u00a0Tania Luisa \u201cN\u201d en los delitos de violaci\u00f3n equiparada y abuso sexual agravado cometidos en contra de su propia\u2026","rel":"","context":"En &quot;Nacional&quot;","block_context":{"text":"Nacional","link":"https:\/\/queretaronetwork.tv\/category\/nacional\/"},"img":{"alt_text":"","src":"https:\/\/i0.wp.com\/queretaronetwork.tv\/wp-content\/uploads\/2022\/03\/abuso_sexual_morelos.jpg_851672003.jpg?fit=840%2C471&ssl=1&resize=350%2C200","width":350,"height":200,"srcset":"https:\/\/i0.wp.com\/queretaronetwork.tv\/wp-content\/uploads\/2022\/03\/abuso_sexual_morelos.jpg_851672003.jpg?fit=840%2C471&ssl=1&resize=350%2C200 1x, https:\/\/i0.wp.com\/queretaronetwork.tv\/wp-content\/uploads\/2022\/03\/abuso_sexual_morelos.jpg_851672003.jpg?fit=840%2C471&ssl=1&resize=525%2C300 1.5x, https:\/\/i0.wp.com\/queretaronetwork.tv\/wp-content\/uploads\/2022\/03\/abuso_sexual_morelos.jpg_851672003.jpg?fit=840%2C471&ssl=1&resize=700%2C400 2x"},"classes":[]},{"id":9946,"url":"https:\/\/queretaronetwork.tv\/reactivara-municipio-de-queretaro-el-transporte-escolar-gratuito\/","url_meta":{"origin":30824,"position":4},"title":"Reactivar\u00e1 Municipio de Quer\u00e9taro el Transporte Escolar Gratuito","author":"Editorial QNTV","date":"26 agosto, 2021","format":false,"excerpt":"Con aprobaci\u00f3n de la Direcci\u00f3n de Protecci\u00f3n Contra Riesgos Sanitarios, el servicio se ofrecer\u00e1 en siete Secundarias autorizadas por USEBEQ. Ante el regreso a clases presenciales en el nivel b\u00e1sico, el Municipio de Quer\u00e9taro, a trav\u00e9s de la Secretar\u00eda de Movilidad, reanudar\u00e1 la operaci\u00f3n del Transporte Escolar Gratuito, en una\u2026","rel":"","context":"En &quot;Local&quot;","block_context":{"text":"Local","link":"https:\/\/queretaronetwork.tv\/category\/local\/"},"img":{"alt_text":"","src":"https:\/\/i0.wp.com\/queretaronetwork.tv\/wp-content\/uploads\/2021\/08\/WhatsApp-Image-2021-08-26-at-14.53.09.jpeg?fit=1200%2C800&ssl=1&resize=350%2C200","width":350,"height":200,"srcset":"https:\/\/i0.wp.com\/queretaronetwork.tv\/wp-content\/uploads\/2021\/08\/WhatsApp-Image-2021-08-26-at-14.53.09.jpeg?fit=1200%2C800&ssl=1&resize=350%2C200 1x, https:\/\/i0.wp.com\/queretaronetwork.tv\/wp-content\/uploads\/2021\/08\/WhatsApp-Image-2021-08-26-at-14.53.09.jpeg?fit=1200%2C800&ssl=1&resize=525%2C300 1.5x, https:\/\/i0.wp.com\/queretaronetwork.tv\/wp-content\/uploads\/2021\/08\/WhatsApp-Image-2021-08-26-at-14.53.09.jpeg?fit=1200%2C800&ssl=1&resize=700%2C400 2x, https:\/\/i0.wp.com\/queretaronetwork.tv\/wp-content\/uploads\/2021\/08\/WhatsApp-Image-2021-08-26-at-14.53.09.jpeg?fit=1200%2C800&ssl=1&resize=1050%2C600 3x"},"classes":[]},{"id":2520,"url":"https:\/\/queretaronetwork.tv\/mama-denuncia-bullying-escolar-y-alumno-casi-la-mata\/","url_meta":{"origin":30824,"position":5},"title":"Mam\u00e1 denuncia bullying escolar y alumno casi la mata","author":"Jefe de Informacion","date":"26 junio, 2019","format":false,"excerpt":"Beronica Ruiz denunci\u00f3 el bullying que ejerc\u00edan compa\u00f1eros sobre su hijo en la escuela Passaic Gifted and Talented Academy No. 20. Ella y su esposo cuentan con permisos de trabajo y est\u00e1n a la espera de que les otorguen tarjetas de residencia. El pasado 19 de junio tras conversar con\u2026","rel":"","context":"En &quot;Internacional&quot;","block_context":{"text":"Internacional","link":"https:\/\/queretaronetwork.tv\/category\/internacional\/"},"img":{"alt_text":"","src":"https:\/\/i0.wp.com\/queretaronetwork.tv\/wp-content\/uploads\/2019\/06\/madre.jpg?fit=664%2C498&ssl=1&resize=350%2C200","width":350,"height":200,"srcset":"https:\/\/i0.wp.com\/queretaronetwork.tv\/wp-content\/uploads\/2019\/06\/madre.jpg?fit=664%2C498&ssl=1&resize=350%2C200 1x, https:\/\/i0.wp.com\/queretaronetwork.tv\/wp-content\/uploads\/2019\/06\/madre.jpg?fit=664%2C498&ssl=1&resize=525%2C300 1.5x"},"classes":[]}],"jetpack_sharing_enabled":true,"jetpack_shortlink":"https:\/\/wp.me\/pardhb-81a","_links":{"self":[{"href":"https:\/\/queretaronetwork.tv\/wp-json\/wp\/v2\/posts\/30824","targetHints":{"allow":["GET"]}}],"collection":[{"href":"https:\/\/queretaronetwork.tv\/wp-json\/wp\/v2\/posts"}],"about":[{"href":"https:\/\/queretaronetwork.tv\/wp-json\/wp\/v2\/types\/post"}],"author":[{"embeddable":true,"href":"https:\/\/queretaronetwork.tv\/wp-json\/wp\/v2\/users\/2"}],"replies":[{"embeddable":true,"href":"https:\/\/queretaronetwork.tv\/wp-json\/wp\/v2\/comments?post=30824"}],"version-history":[{"count":1,"href":"https:\/\/queretaronetwork.tv\/wp-json\/wp\/v2\/posts\/30824\/revisions"}],"predecessor-version":[{"id":30826,"href":"https:\/\/queretaronetwork.tv\/wp-json\/wp\/v2\/posts\/30824\/revisions\/30826"}],"wp:featuredmedia":[{"embeddable":true,"href":"https:\/\/queretaronetwork.tv\/wp-json\/wp\/v2\/media\/30825"}],"wp:attachment":[{"href":"https:\/\/queretaronetwork.tv\/wp-json\/wp\/v2\/media?parent=30824"}],"wp:term":[{"taxonomy":"category","embeddable":true,"href":"https:\/\/queretaronetwork.tv\/wp-json\/wp\/v2\/categories?post=30824"},{"taxonomy":"post_tag","embeddable":true,"href":"https:\/\/queretaronetwork.tv\/wp-json\/wp\/v2\/tags?post=30824"}],"curies":[{"name":"wp","href":"https:\/\/api.w.org\/{rel}","templated":true}]}}