{"id":6029,"date":"2020-07-15T23:29:59","date_gmt":"2020-07-16T04:29:59","guid":{"rendered":"http:\/\/queretaronetwork.tv\/?p=6029"},"modified":"2020-07-15T23:29:59","modified_gmt":"2020-07-16T04:29:59","slug":"emprendedores-clave-para-el-dinamismo-de-la-economia-local-luis-nava","status":"publish","type":"post","link":"https:\/\/queretaronetwork.tv\/emprendedores-clave-para-el-dinamismo-de-la-economia-local-luis-nava\/","title":{"rendered":"Emprendedores, clave para el dinamismo de la econom\u00eda local: Luis Nava"},"content":{"rendered":"<h3>\u2022 Encabez\u00f3 la graduaci\u00f3n de 16 proyectos del programa EMPR\u00c9NDETE.<\/h3>\n<p>Al encabezar la graduaci\u00f3n de la segunda generaci\u00f3n del modelo de incubaci\u00f3n EMPR\u00c9NDETE, el Presidente Municipal de Quer\u00e9taro, Luis Nava, asegur\u00f3 que los emprendedores son los principales promotores para la inversi\u00f3n y creaci\u00f3n de empleos, de ah\u00ed la importancia de apoyar ideas innovadoras y con visi\u00f3n que hagan la diferencia en la calidad de vida de todas y todos los queretanos.<\/p>\n<p>&#8220;El emprendimiento es clave para el desarrollo econ\u00f3mico incluyente en nuestro municipio, y hoy, adem\u00e1s, en la coyuntura que estamos por la pandemia de COVID-19 y sus efectos, el esp\u00edritu emprendedor y el \u00edmpetu de todas y todos ustedes, resulta indispensable&#8221;, les dijo a las y los presentes al felicitarles y recordarles que esto no solo forma parte de un negocio, sino de su proyecto de vida.<\/p>\n<p>Gracias a la alianza entre el Municipio de Quer\u00e9taro y la Universidad An\u00e1huac, esta tarde se graduaron 16 diferentes proyectos, trabajados paso a paso en un modelo de incubaci\u00f3n que busca darles las bases para la creaci\u00f3n de empresas s\u00f3lidas que contribuyan al desarrollo regional y la generaci\u00f3n de empleos en el Municipio.<\/p>\n<p>A la fecha se han inscrito en el modelo 38 emprendedores que cumplen un programa de siete m\u00f3dulos que los hicieron plantear una idea clara de lo que es su negocio, conocer las finanzas, crear el concepto y al final salir al mundo.<\/p>\n<p>Los proyectos de esta generaci\u00f3n fueron: Klu\u00fc, Negras Intenciones, Dueco, Distribuidora de productos de ma\u00edz, Huitzilin Casa Platera, RoVerrde, Bruma Gourmet, WineQroMx, T\u00edhi Reposter\u00eda, Centro de Artes y Humanidades Centrado en Valores, Aurix Arquitectura Sustentable, Lotto Ghee Organic, Helppo, Servicio y Maquinados, The Cookie Corp, Viuda Color.<\/p>\n<p>En la graduaci\u00f3n, que se realiz\u00f3 de manera virtual, tambi\u00e9n destac\u00f3 la asistencia de: Luis Eduardo Alverde, Rector de la Universidad An\u00e1huac; Genaro Montes D\u00edaz, Secretario de Desarrollo Sostenible; Jaime Olgu\u00edn, Vicerrector Acad\u00e9mico; Fabiola Ajuria, Directora de la Escuela de Administraci\u00f3n An\u00e1huac; y Ana Karen Andrade, Coordinadora del Centro de Negocios An\u00e1huac.<\/p>\n","protected":false},"excerpt":{"rendered":"<p>\u2022 Encabez\u00f3 la graduaci\u00f3n de 16 proyectos del programa EMPR\u00c9NDETE. Al encabezar la graduaci\u00f3n de la segunda generaci\u00f3n<\/p>\n","protected":false},"author":2,"featured_media":6031,"comment_status":"open","ping_status":"closed","sticky":false,"template":"","format":"standard","meta":{"jetpack_post_was_ever_published":false,"_jetpack_newsletter_access":"","_jetpack_dont_email_post_to_subs":false,"_jetpack_newsletter_tier_id":0,"_jetpack_memberships_contains_paywalled_content":false,"_jetpack_memberships_contains_paid_content":false,"footnotes":"","jetpack_publicize_message":"","jetpack_publicize_feature_enabled":true,"jetpack_social_post_already_shared":true,"jetpack_social_options":{"image_generator_settings":{"template":"highway","default_image_id":0,"font":"","enabled":false},"version":2}},"categories":[2,175,102],"tags":[176,203,9,19],"class_list":["post-6029","post","type-post","status-publish","format-standard","has-post-thumbnail","hentry","category-local","category-municipio-de-queretaro","category-queretaro","tag-luis-nava","tag-municipio-de-queretaro","tag-qntv","tag-queretaro"],"yoast_head":"<!-- This site is optimized with the Yoast SEO plugin v26.4 - https:\/\/yoast.com\/wordpress\/plugins\/seo\/ -->\n<title>Emprendedores, clave para el dinamismo de la econom\u00eda local: Luis Nava -<\/title>\n<meta name=\"robots\" content=\"index, follow, max-snippet:-1, max-image-preview:large, max-video-preview:-1\" \/>\n<link rel=\"canonical\" href=\"https:\/\/queretaronetwork.tv\/emprendedores-clave-para-el-dinamismo-de-la-economia-local-luis-nava\/\" \/>\n<meta property=\"og:locale\" content=\"es_MX\" \/>\n<meta property=\"og:type\" content=\"article\" \/>\n<meta property=\"og:title\" content=\"Emprendedores, clave para el dinamismo de la econom\u00eda local: Luis Nava -\" \/>\n<meta property=\"og:description\" content=\"\u2022 Encabez\u00f3 la graduaci\u00f3n de 16 proyectos del programa EMPR\u00c9NDETE. Al encabezar la graduaci\u00f3n de la segunda generaci\u00f3n\" \/>\n<meta property=\"og:url\" content=\"https:\/\/queretaronetwork.tv\/emprendedores-clave-para-el-dinamismo-de-la-economia-local-luis-nava\/\" \/>\n<meta property=\"article:publisher\" content=\"https:\/\/www.facebook.com\/QroNTV\/\" \/>\n<meta property=\"article:published_time\" content=\"2020-07-16T04:29:59+00:00\" \/>\n<meta property=\"og:image\" content=\"https:\/\/i0.wp.com\/queretaronetwork.tv\/wp-content\/uploads\/2020\/07\/WhatsApp-Image-2020-07-15-at-19.55.09.jpeg?fit=1280%2C852&ssl=1\" \/>\n\t<meta property=\"og:image:width\" content=\"1280\" \/>\n\t<meta property=\"og:image:height\" content=\"852\" \/>\n\t<meta property=\"og:image:type\" content=\"image\/jpeg\" \/>\n<meta name=\"author\" content=\"Editorial QNTV\" \/>\n<meta name=\"twitter:card\" content=\"summary_large_image\" \/>\n<meta name=\"twitter:creator\" content=\"@QNTV6\" \/>\n<meta name=\"twitter:site\" content=\"@QNTV6\" \/>\n<meta name=\"twitter:label1\" content=\"Escrito por\" \/>\n\t<meta name=\"twitter:data1\" content=\"Editorial QNTV\" \/>\n\t<meta name=\"twitter:label2\" content=\"Tiempo de lectura\" \/>\n\t<meta name=\"twitter:data2\" content=\"2 minutos\" \/>\n<script type=\"application\/ld+json\" class=\"yoast-schema-graph\">{\"@context\":\"https:\/\/schema.org\",\"@graph\":[{\"@type\":\"Article\",\"@id\":\"https:\/\/queretaronetwork.tv\/emprendedores-clave-para-el-dinamismo-de-la-economia-local-luis-nava\/#article\",\"isPartOf\":{\"@id\":\"https:\/\/queretaronetwork.tv\/emprendedores-clave-para-el-dinamismo-de-la-economia-local-luis-nava\/\"},\"author\":{\"name\":\"Editorial QNTV\",\"@id\":\"https:\/\/queretaronetwork.tv\/#\/schema\/person\/1200b23397cd8ce55a25cb08ca51b5f2\"},\"headline\":\"Emprendedores, clave para el dinamismo de la econom\u00eda local: Luis Nava\",\"datePublished\":\"2020-07-16T04:29:59+00:00\",\"mainEntityOfPage\":{\"@id\":\"https:\/\/queretaronetwork.tv\/emprendedores-clave-para-el-dinamismo-de-la-economia-local-luis-nava\/\"},\"wordCount\":374,\"commentCount\":0,\"publisher\":{\"@id\":\"https:\/\/queretaronetwork.tv\/#organization\"},\"image\":{\"@id\":\"https:\/\/queretaronetwork.tv\/emprendedores-clave-para-el-dinamismo-de-la-economia-local-luis-nava\/#primaryimage\"},\"thumbnailUrl\":\"https:\/\/i0.wp.com\/queretaronetwork.tv\/wp-content\/uploads\/2020\/07\/WhatsApp-Image-2020-07-15-at-19.55.09.jpeg?fit=1280%2C852&ssl=1\",\"keywords\":[\"Luis Nava\",\"municipio de queretaro\",\"qntv\",\"queretaro\"],\"articleSection\":[\"Local\",\"Municipio de Quer\u00e9taro\",\"Quer\u00e9taro\"],\"inLanguage\":\"es\",\"potentialAction\":[{\"@type\":\"CommentAction\",\"name\":\"Comment\",\"target\":[\"https:\/\/queretaronetwork.tv\/emprendedores-clave-para-el-dinamismo-de-la-economia-local-luis-nava\/#respond\"]}]},{\"@type\":\"WebPage\",\"@id\":\"https:\/\/queretaronetwork.tv\/emprendedores-clave-para-el-dinamismo-de-la-economia-local-luis-nava\/\",\"url\":\"https:\/\/queretaronetwork.tv\/emprendedores-clave-para-el-dinamismo-de-la-economia-local-luis-nava\/\",\"name\":\"Emprendedores, clave para el dinamismo de la econom\u00eda local: Luis Nava -\",\"isPartOf\":{\"@id\":\"https:\/\/queretaronetwork.tv\/#website\"},\"primaryImageOfPage\":{\"@id\":\"https:\/\/queretaronetwork.tv\/emprendedores-clave-para-el-dinamismo-de-la-economia-local-luis-nava\/#primaryimage\"},\"image\":{\"@id\":\"https:\/\/queretaronetwork.tv\/emprendedores-clave-para-el-dinamismo-de-la-economia-local-luis-nava\/#primaryimage\"},\"thumbnailUrl\":\"https:\/\/i0.wp.com\/queretaronetwork.tv\/wp-content\/uploads\/2020\/07\/WhatsApp-Image-2020-07-15-at-19.55.09.jpeg?fit=1280%2C852&ssl=1\",\"datePublished\":\"2020-07-16T04:29:59+00:00\",\"breadcrumb\":{\"@id\":\"https:\/\/queretaronetwork.tv\/emprendedores-clave-para-el-dinamismo-de-la-economia-local-luis-nava\/#breadcrumb\"},\"inLanguage\":\"es\",\"potentialAction\":[{\"@type\":\"ReadAction\",\"target\":[\"https:\/\/queretaronetwork.tv\/emprendedores-clave-para-el-dinamismo-de-la-economia-local-luis-nava\/\"]}]},{\"@type\":\"ImageObject\",\"inLanguage\":\"es\",\"@id\":\"https:\/\/queretaronetwork.tv\/emprendedores-clave-para-el-dinamismo-de-la-economia-local-luis-nava\/#primaryimage\",\"url\":\"https:\/\/i0.wp.com\/queretaronetwork.tv\/wp-content\/uploads\/2020\/07\/WhatsApp-Image-2020-07-15-at-19.55.09.jpeg?fit=1280%2C852&ssl=1\",\"contentUrl\":\"https:\/\/i0.wp.com\/queretaronetwork.tv\/wp-content\/uploads\/2020\/07\/WhatsApp-Image-2020-07-15-at-19.55.09.jpeg?fit=1280%2C852&ssl=1\",\"width\":1280,\"height\":852},{\"@type\":\"BreadcrumbList\",\"@id\":\"https:\/\/queretaronetwork.tv\/emprendedores-clave-para-el-dinamismo-de-la-economia-local-luis-nava\/#breadcrumb\",\"itemListElement\":[{\"@type\":\"ListItem\",\"position\":1,\"name\":\"Inicio\",\"item\":\"https:\/\/queretaronetwork.tv\/\"},{\"@type\":\"ListItem\",\"position\":2,\"name\":\"Emprendedores, clave para el dinamismo de la econom\u00eda local: Luis Nava\"}]},{\"@type\":\"WebSite\",\"@id\":\"https:\/\/queretaronetwork.tv\/#website\",\"url\":\"https:\/\/queretaronetwork.tv\/\",\"name\":\"Quer\u00e9taro Network TV\",\"description\":\"Medio de Comunicaci\u00f3n Digital, Noticias y Canal de Tv ONLine\",\"publisher\":{\"@id\":\"https:\/\/queretaronetwork.tv\/#organization\"},\"potentialAction\":[{\"@type\":\"SearchAction\",\"target\":{\"@type\":\"EntryPoint\",\"urlTemplate\":\"https:\/\/queretaronetwork.tv\/?s={search_term_string}\"},\"query-input\":{\"@type\":\"PropertyValueSpecification\",\"valueRequired\":true,\"valueName\":\"search_term_string\"}}],\"inLanguage\":\"es\"},{\"@type\":\"Organization\",\"@id\":\"https:\/\/queretaronetwork.tv\/#organization\",\"name\":\"Quer\u00e9taro Network TV\",\"url\":\"https:\/\/queretaronetwork.tv\/\",\"logo\":{\"@type\":\"ImageObject\",\"inLanguage\":\"es\",\"@id\":\"https:\/\/queretaronetwork.tv\/#\/schema\/logo\/image\/\",\"url\":\"https:\/\/i0.wp.com\/queretaronetwork.tv\/wp-content\/uploads\/2020\/02\/LOGONUEVOCIRCULARQNTV2020-e1595007713656.png?fit=583%2C564&ssl=1\",\"contentUrl\":\"https:\/\/i0.wp.com\/queretaronetwork.tv\/wp-content\/uploads\/2020\/02\/LOGONUEVOCIRCULARQNTV2020-e1595007713656.png?fit=583%2C564&ssl=1\",\"width\":583,\"height\":564,\"caption\":\"Quer\u00e9taro Network TV\"},\"image\":{\"@id\":\"https:\/\/queretaronetwork.tv\/#\/schema\/logo\/image\/\"},\"sameAs\":[\"https:\/\/www.facebook.com\/QroNTV\/\",\"https:\/\/x.com\/QNTV6\",\"https:\/\/www.instagram.com\/queretaronetworktv\/\",\"https:\/\/www.youtube.com\/channel\/UCav1cE_tCaccVZOLJpqZIyA?view_as=subscriber\"]},{\"@type\":\"Person\",\"@id\":\"https:\/\/queretaronetwork.tv\/#\/schema\/person\/1200b23397cd8ce55a25cb08ca51b5f2\",\"name\":\"Editorial QNTV\",\"image\":{\"@type\":\"ImageObject\",\"inLanguage\":\"es\",\"@id\":\"https:\/\/queretaronetwork.tv\/#\/schema\/person\/image\/\",\"url\":\"https:\/\/secure.gravatar.com\/avatar\/c736b7feb12a69c0911796e1381d5be7aa79cd6ca5a0cb325913d75e4c0cdcbd?s=96&d=mm&r=g\",\"contentUrl\":\"https:\/\/secure.gravatar.com\/avatar\/c736b7feb12a69c0911796e1381d5be7aa79cd6ca5a0cb325913d75e4c0cdcbd?s=96&d=mm&r=g\",\"caption\":\"Editorial QNTV\"},\"url\":\"https:\/\/queretaronetwork.tv\/author\/editorial\/\"}]}<\/script>\n<!-- \/ Yoast SEO plugin. -->","yoast_head_json":{"title":"Emprendedores, clave para el dinamismo de la econom\u00eda local: Luis Nava -","robots":{"index":"index","follow":"follow","max-snippet":"max-snippet:-1","max-image-preview":"max-image-preview:large","max-video-preview":"max-video-preview:-1"},"canonical":"https:\/\/queretaronetwork.tv\/emprendedores-clave-para-el-dinamismo-de-la-economia-local-luis-nava\/","og_locale":"es_MX","og_type":"article","og_title":"Emprendedores, clave para el dinamismo de la econom\u00eda local: Luis Nava -","og_description":"\u2022 Encabez\u00f3 la graduaci\u00f3n de 16 proyectos del programa EMPR\u00c9NDETE. Al encabezar la graduaci\u00f3n de la segunda generaci\u00f3n","og_url":"https:\/\/queretaronetwork.tv\/emprendedores-clave-para-el-dinamismo-de-la-economia-local-luis-nava\/","article_publisher":"https:\/\/www.facebook.com\/QroNTV\/","article_published_time":"2020-07-16T04:29:59+00:00","og_image":[{"width":1280,"height":852,"url":"https:\/\/i0.wp.com\/queretaronetwork.tv\/wp-content\/uploads\/2020\/07\/WhatsApp-Image-2020-07-15-at-19.55.09.jpeg?fit=1280%2C852&ssl=1","type":"image\/jpeg"}],"author":"Editorial QNTV","twitter_card":"summary_large_image","twitter_creator":"@QNTV6","twitter_site":"@QNTV6","twitter_misc":{"Escrito por":"Editorial QNTV","Tiempo de lectura":"2 minutos"},"schema":{"@context":"https:\/\/schema.org","@graph":[{"@type":"Article","@id":"https:\/\/queretaronetwork.tv\/emprendedores-clave-para-el-dinamismo-de-la-economia-local-luis-nava\/#article","isPartOf":{"@id":"https:\/\/queretaronetwork.tv\/emprendedores-clave-para-el-dinamismo-de-la-economia-local-luis-nava\/"},"author":{"name":"Editorial QNTV","@id":"https:\/\/queretaronetwork.tv\/#\/schema\/person\/1200b23397cd8ce55a25cb08ca51b5f2"},"headline":"Emprendedores, clave para el dinamismo de la econom\u00eda local: Luis Nava","datePublished":"2020-07-16T04:29:59+00:00","mainEntityOfPage":{"@id":"https:\/\/queretaronetwork.tv\/emprendedores-clave-para-el-dinamismo-de-la-economia-local-luis-nava\/"},"wordCount":374,"commentCount":0,"publisher":{"@id":"https:\/\/queretaronetwork.tv\/#organization"},"image":{"@id":"https:\/\/queretaronetwork.tv\/emprendedores-clave-para-el-dinamismo-de-la-economia-local-luis-nava\/#primaryimage"},"thumbnailUrl":"https:\/\/i0.wp.com\/queretaronetwork.tv\/wp-content\/uploads\/2020\/07\/WhatsApp-Image-2020-07-15-at-19.55.09.jpeg?fit=1280%2C852&ssl=1","keywords":["Luis Nava","municipio de queretaro","qntv","queretaro"],"articleSection":["Local","Municipio de Quer\u00e9taro","Quer\u00e9taro"],"inLanguage":"es","potentialAction":[{"@type":"CommentAction","name":"Comment","target":["https:\/\/queretaronetwork.tv\/emprendedores-clave-para-el-dinamismo-de-la-economia-local-luis-nava\/#respond"]}]},{"@type":"WebPage","@id":"https:\/\/queretaronetwork.tv\/emprendedores-clave-para-el-dinamismo-de-la-economia-local-luis-nava\/","url":"https:\/\/queretaronetwork.tv\/emprendedores-clave-para-el-dinamismo-de-la-economia-local-luis-nava\/","name":"Emprendedores, clave para el dinamismo de la econom\u00eda local: Luis Nava -","isPartOf":{"@id":"https:\/\/queretaronetwork.tv\/#website"},"primaryImageOfPage":{"@id":"https:\/\/queretaronetwork.tv\/emprendedores-clave-para-el-dinamismo-de-la-economia-local-luis-nava\/#primaryimage"},"image":{"@id":"https:\/\/queretaronetwork.tv\/emprendedores-clave-para-el-dinamismo-de-la-economia-local-luis-nava\/#primaryimage"},"thumbnailUrl":"https:\/\/i0.wp.com\/queretaronetwork.tv\/wp-content\/uploads\/2020\/07\/WhatsApp-Image-2020-07-15-at-19.55.09.jpeg?fit=1280%2C852&ssl=1","datePublished":"2020-07-16T04:29:59+00:00","breadcrumb":{"@id":"https:\/\/queretaronetwork.tv\/emprendedores-clave-para-el-dinamismo-de-la-economia-local-luis-nava\/#breadcrumb"},"inLanguage":"es","potentialAction":[{"@type":"ReadAction","target":["https:\/\/queretaronetwork.tv\/emprendedores-clave-para-el-dinamismo-de-la-economia-local-luis-nava\/"]}]},{"@type":"ImageObject","inLanguage":"es","@id":"https:\/\/queretaronetwork.tv\/emprendedores-clave-para-el-dinamismo-de-la-economia-local-luis-nava\/#primaryimage","url":"https:\/\/i0.wp.com\/queretaronetwork.tv\/wp-content\/uploads\/2020\/07\/WhatsApp-Image-2020-07-15-at-19.55.09.jpeg?fit=1280%2C852&ssl=1","contentUrl":"https:\/\/i0.wp.com\/queretaronetwork.tv\/wp-content\/uploads\/2020\/07\/WhatsApp-Image-2020-07-15-at-19.55.09.jpeg?fit=1280%2C852&ssl=1","width":1280,"height":852},{"@type":"BreadcrumbList","@id":"https:\/\/queretaronetwork.tv\/emprendedores-clave-para-el-dinamismo-de-la-economia-local-luis-nava\/#breadcrumb","itemListElement":[{"@type":"ListItem","position":1,"name":"Inicio","item":"https:\/\/queretaronetwork.tv\/"},{"@type":"ListItem","position":2,"name":"Emprendedores, clave para el dinamismo de la econom\u00eda local: Luis Nava"}]},{"@type":"WebSite","@id":"https:\/\/queretaronetwork.tv\/#website","url":"https:\/\/queretaronetwork.tv\/","name":"Quer\u00e9taro Network TV","description":"Medio de Comunicaci\u00f3n Digital, Noticias y Canal de Tv ONLine","publisher":{"@id":"https:\/\/queretaronetwork.tv\/#organization"},"potentialAction":[{"@type":"SearchAction","target":{"@type":"EntryPoint","urlTemplate":"https:\/\/queretaronetwork.tv\/?s={search_term_string}"},"query-input":{"@type":"PropertyValueSpecification","valueRequired":true,"valueName":"search_term_string"}}],"inLanguage":"es"},{"@type":"Organization","@id":"https:\/\/queretaronetwork.tv\/#organization","name":"Quer\u00e9taro Network TV","url":"https:\/\/queretaronetwork.tv\/","logo":{"@type":"ImageObject","inLanguage":"es","@id":"https:\/\/queretaronetwork.tv\/#\/schema\/logo\/image\/","url":"https:\/\/i0.wp.com\/queretaronetwork.tv\/wp-content\/uploads\/2020\/02\/LOGONUEVOCIRCULARQNTV2020-e1595007713656.png?fit=583%2C564&ssl=1","contentUrl":"https:\/\/i0.wp.com\/queretaronetwork.tv\/wp-content\/uploads\/2020\/02\/LOGONUEVOCIRCULARQNTV2020-e1595007713656.png?fit=583%2C564&ssl=1","width":583,"height":564,"caption":"Quer\u00e9taro Network TV"},"image":{"@id":"https:\/\/queretaronetwork.tv\/#\/schema\/logo\/image\/"},"sameAs":["https:\/\/www.facebook.com\/QroNTV\/","https:\/\/x.com\/QNTV6","https:\/\/www.instagram.com\/queretaronetworktv\/","https:\/\/www.youtube.com\/channel\/UCav1cE_tCaccVZOLJpqZIyA?view_as=subscriber"]},{"@type":"Person","@id":"https:\/\/queretaronetwork.tv\/#\/schema\/person\/1200b23397cd8ce55a25cb08ca51b5f2","name":"Editorial QNTV","image":{"@type":"ImageObject","inLanguage":"es","@id":"https:\/\/queretaronetwork.tv\/#\/schema\/person\/image\/","url":"https:\/\/secure.gravatar.com\/avatar\/c736b7feb12a69c0911796e1381d5be7aa79cd6ca5a0cb325913d75e4c0cdcbd?s=96&d=mm&r=g","contentUrl":"https:\/\/secure.gravatar.com\/avatar\/c736b7feb12a69c0911796e1381d5be7aa79cd6ca5a0cb325913d75e4c0cdcbd?s=96&d=mm&r=g","caption":"Editorial QNTV"},"url":"https:\/\/queretaronetwork.tv\/author\/editorial\/"}]}},"jetpack_publicize_connections":[],"featured_image_urls":{"full":["https:\/\/i0.wp.com\/queretaronetwork.tv\/wp-content\/uploads\/2020\/07\/WhatsApp-Image-2020-07-15-at-19.55.09.jpeg?fit=1280%2C852&ssl=1",1280,852,false],"thumbnail":["https:\/\/i0.wp.com\/queretaronetwork.tv\/wp-content\/uploads\/2020\/07\/WhatsApp-Image-2020-07-15-at-19.55.09.jpeg?resize=150%2C150&ssl=1",150,150,true],"medium":["https:\/\/i0.wp.com\/queretaronetwork.tv\/wp-content\/uploads\/2020\/07\/WhatsApp-Image-2020-07-15-at-19.55.09.jpeg?fit=300%2C200&ssl=1",300,200,true],"medium_large":["https:\/\/i0.wp.com\/queretaronetwork.tv\/wp-content\/uploads\/2020\/07\/WhatsApp-Image-2020-07-15-at-19.55.09.jpeg?fit=640%2C426&ssl=1",640,426,true],"large":["https:\/\/i0.wp.com\/queretaronetwork.tv\/wp-content\/uploads\/2020\/07\/WhatsApp-Image-2020-07-15-at-19.55.09.jpeg?fit=640%2C426&ssl=1",640,426,true],"1536x1536":["https:\/\/i0.wp.com\/queretaronetwork.tv\/wp-content\/uploads\/2020\/07\/WhatsApp-Image-2020-07-15-at-19.55.09.jpeg?fit=1280%2C852&ssl=1",1280,852,true],"2048x2048":["https:\/\/i0.wp.com\/queretaronetwork.tv\/wp-content\/uploads\/2020\/07\/WhatsApp-Image-2020-07-15-at-19.55.09.jpeg?fit=1280%2C852&ssl=1",1280,852,true],"darknews-slider-full":["https:\/\/i0.wp.com\/queretaronetwork.tv\/wp-content\/uploads\/2020\/07\/WhatsApp-Image-2020-07-15-at-19.55.09.jpeg?resize=1280%2C720&ssl=1",1280,720,true],"darknews-featured":["https:\/\/i0.wp.com\/queretaronetwork.tv\/wp-content\/uploads\/2020\/07\/WhatsApp-Image-2020-07-15-at-19.55.09.jpeg?fit=1024%2C682&ssl=1",1024,682,true],"darknews-medium":["https:\/\/i0.wp.com\/queretaronetwork.tv\/wp-content\/uploads\/2020\/07\/WhatsApp-Image-2020-07-15-at-19.55.09.jpeg?resize=720%2C530&ssl=1",720,530,true],"darknews-medium-square":["https:\/\/i0.wp.com\/queretaronetwork.tv\/wp-content\/uploads\/2020\/07\/WhatsApp-Image-2020-07-15-at-19.55.09.jpeg?resize=350%2C350&ssl=1",350,350,true]},"author_info":{"info":["Editorial QNTV"]},"category_info":"<a href=\"https:\/\/queretaronetwork.tv\/category\/local\/\" rel=\"category tag\">Local<\/a> <a href=\"https:\/\/queretaronetwork.tv\/category\/municipio-de-queretaro\/\" rel=\"category tag\">Municipio de Quer\u00e9taro<\/a> <a href=\"https:\/\/queretaronetwork.tv\/category\/local\/queretaro\/\" rel=\"category tag\">Quer\u00e9taro<\/a>","tag_info":"Quer\u00e9taro","comment_count":"0","jetpack_featured_media_url":"https:\/\/i0.wp.com\/queretaronetwork.tv\/wp-content\/uploads\/2020\/07\/WhatsApp-Image-2020-07-15-at-19.55.09.jpeg?fit=1280%2C852&ssl=1","jetpack_likes_enabled":true,"jetpack-related-posts":[{"id":7147,"url":"https:\/\/queretaronetwork.tv\/distrito-queretaro-es-un-simbolo-de-crecimiento-y-desarrollo-para-todas-y-todos-los-queretanos-luis-nava\/","url_meta":{"origin":6029,"position":0},"title":"Distrito Quer\u00e9taro es un s\u00edmbolo de crecimiento y desarrollo para todas y todos los queretanos: Luis Nava","author":"Editorial QNTV","date":"10 diciembre, 2020","format":false,"excerpt":"El Presidente Municipal de Quer\u00e9taro, Luis Nava, acompa\u00f1\u00f3 al Gobernador del Estado, Francisco Dom\u00ednguez Servi\u00e9n, a la presentaci\u00f3n del nuevo desarrollo corporativo Distrito Quer\u00e9taro, el cual dijo, ser\u00e1 uno de los principales nodos empresariales de la entidad, por lo que agradeci\u00f3 la confianza del grupo Santander y Parks para invertir\u2026","rel":"","context":"En &quot;Local&quot;","block_context":{"text":"Local","link":"https:\/\/queretaronetwork.tv\/category\/local\/"},"img":{"alt_text":"","src":"https:\/\/i0.wp.com\/queretaronetwork.tv\/wp-content\/uploads\/2020\/12\/1d2edd75-6a17-4283-861c-907d663eafd2.jpg?fit=1200%2C799&ssl=1&resize=350%2C200","width":350,"height":200,"srcset":"https:\/\/i0.wp.com\/queretaronetwork.tv\/wp-content\/uploads\/2020\/12\/1d2edd75-6a17-4283-861c-907d663eafd2.jpg?fit=1200%2C799&ssl=1&resize=350%2C200 1x, https:\/\/i0.wp.com\/queretaronetwork.tv\/wp-content\/uploads\/2020\/12\/1d2edd75-6a17-4283-861c-907d663eafd2.jpg?fit=1200%2C799&ssl=1&resize=525%2C300 1.5x, https:\/\/i0.wp.com\/queretaronetwork.tv\/wp-content\/uploads\/2020\/12\/1d2edd75-6a17-4283-861c-907d663eafd2.jpg?fit=1200%2C799&ssl=1&resize=700%2C400 2x, https:\/\/i0.wp.com\/queretaronetwork.tv\/wp-content\/uploads\/2020\/12\/1d2edd75-6a17-4283-861c-907d663eafd2.jpg?fit=1200%2C799&ssl=1&resize=1050%2C600 3x"},"classes":[]},{"id":19114,"url":"https:\/\/queretaronetwork.tv\/en-las-mipymes-esta-la-fortaleza-de-la-economia-local-luis-nava\/","url_meta":{"origin":6029,"position":1},"title":"En las MiPyMEs, est\u00e1 la fortaleza de la econom\u00eda local: Luis Nava","author":"Editorial QNTV","date":"2 agosto, 2022","format":false,"excerpt":"\u2022 Se entregaron reconocimientos a las y los emprendedores del programa Amigo MiPyME. \u2022 Anuncian programa de \u201cCapacitaci\u00f3n Especializada\u201d para dar continuidad a la reactivaci\u00f3n econ\u00f3mica local. El Presidente Municipal de Quer\u00e9taro, Luis Nava, encabez\u00f3 la clausura del programa \u201cAmigo MiPyME\u201d, que junto con la Confederaci\u00f3n Patronal de la Rep\u00fablica\u2026","rel":"","context":"En &quot;Municipio de Quer\u00e9taro&quot;","block_context":{"text":"Municipio de Quer\u00e9taro","link":"https:\/\/queretaronetwork.tv\/category\/municipio-de-queretaro\/"},"img":{"alt_text":"","src":"https:\/\/i0.wp.com\/queretaronetwork.tv\/wp-content\/uploads\/2022\/08\/WhatsApp-Image-2022-08-02-at-6.50.09-PM.jpeg?fit=1200%2C800&ssl=1&resize=350%2C200","width":350,"height":200,"srcset":"https:\/\/i0.wp.com\/queretaronetwork.tv\/wp-content\/uploads\/2022\/08\/WhatsApp-Image-2022-08-02-at-6.50.09-PM.jpeg?fit=1200%2C800&ssl=1&resize=350%2C200 1x, https:\/\/i0.wp.com\/queretaronetwork.tv\/wp-content\/uploads\/2022\/08\/WhatsApp-Image-2022-08-02-at-6.50.09-PM.jpeg?fit=1200%2C800&ssl=1&resize=525%2C300 1.5x, https:\/\/i0.wp.com\/queretaronetwork.tv\/wp-content\/uploads\/2022\/08\/WhatsApp-Image-2022-08-02-at-6.50.09-PM.jpeg?fit=1200%2C800&ssl=1&resize=700%2C400 2x, https:\/\/i0.wp.com\/queretaronetwork.tv\/wp-content\/uploads\/2022\/08\/WhatsApp-Image-2022-08-02-at-6.50.09-PM.jpeg?fit=1200%2C800&ssl=1&resize=1050%2C600 3x"},"classes":[]},{"id":3486,"url":"https:\/\/queretaronetwork.tv\/jovenes-deben-hacer-la-diferencia-por-un-mejor-queretaro-imjuve\/","url_meta":{"origin":6029,"position":2},"title":"J\u00f3venes deben hacer la diferencia por un mejor Quer\u00e9taro: IMJUVE.","author":"Jefe de Informacion","date":"23 agosto, 2019","format":false,"excerpt":"\u2022 Encabez\u00f3 la graduaci\u00f3n de la primera generaci\u00f3n de preparatoria de la UNITEC. \u2022 El Municipio de Quer\u00e9taro cuenta con distintos programas de apoyo a la juventud, les record\u00f3. Con la representaci\u00f3n del Presidente Municipal de Quer\u00e9taro, Luis Nava, el Director del Instituto Municipal de la Juventud (IMJUVE) Fernando Guerrero\u2026","rel":"","context":"En &quot;Local&quot;","block_context":{"text":"Local","link":"https:\/\/queretaronetwork.tv\/category\/local\/"},"img":{"alt_text":"","src":"https:\/\/i0.wp.com\/queretaronetwork.tv\/wp-content\/uploads\/2019\/08\/WhatsApp-Image-2019-08-23-at-18.28.18.jpeg?fit=1200%2C800&ssl=1&resize=350%2C200","width":350,"height":200,"srcset":"https:\/\/i0.wp.com\/queretaronetwork.tv\/wp-content\/uploads\/2019\/08\/WhatsApp-Image-2019-08-23-at-18.28.18.jpeg?fit=1200%2C800&ssl=1&resize=350%2C200 1x, https:\/\/i0.wp.com\/queretaronetwork.tv\/wp-content\/uploads\/2019\/08\/WhatsApp-Image-2019-08-23-at-18.28.18.jpeg?fit=1200%2C800&ssl=1&resize=525%2C300 1.5x, https:\/\/i0.wp.com\/queretaronetwork.tv\/wp-content\/uploads\/2019\/08\/WhatsApp-Image-2019-08-23-at-18.28.18.jpeg?fit=1200%2C800&ssl=1&resize=700%2C400 2x, https:\/\/i0.wp.com\/queretaronetwork.tv\/wp-content\/uploads\/2019\/08\/WhatsApp-Image-2019-08-23-at-18.28.18.jpeg?fit=1200%2C800&ssl=1&resize=1050%2C600 3x"},"classes":[]},{"id":5827,"url":"https:\/\/queretaronetwork.tv\/es-momento-de-mostrar-que-podemos-superar-la-pandemia-luis-nava\/","url_meta":{"origin":6029,"position":3},"title":"Es momento de mostrar que podemos superar la pandemia: Luis Nava","author":"Editorial QNTV","date":"23 junio, 2020","format":false,"excerpt":"\u2022 Municipio redobla esfuerzos en esta etapa de recuperaci\u00f3n de la contingencia sanitaria. \u2022 Ante momento clave de la reactivaci\u00f3n, llam\u00f3 a la responsabilidad de las y los ciudadanos. En Sesi\u00f3n Ordinaria de Cabildo, el Presidente Municipal de Quer\u00e9taro, Luis Nava, record\u00f3 a la ciudadan\u00eda que todos los programas municipales\u2026","rel":"","context":"En &quot;Local&quot;","block_context":{"text":"Local","link":"https:\/\/queretaronetwork.tv\/category\/local\/"},"img":{"alt_text":"","src":"https:\/\/i0.wp.com\/queretaronetwork.tv\/wp-content\/uploads\/2020\/06\/CABILDO.jpeg?fit=1200%2C604&ssl=1&resize=350%2C200","width":350,"height":200,"srcset":"https:\/\/i0.wp.com\/queretaronetwork.tv\/wp-content\/uploads\/2020\/06\/CABILDO.jpeg?fit=1200%2C604&ssl=1&resize=350%2C200 1x, https:\/\/i0.wp.com\/queretaronetwork.tv\/wp-content\/uploads\/2020\/06\/CABILDO.jpeg?fit=1200%2C604&ssl=1&resize=525%2C300 1.5x, https:\/\/i0.wp.com\/queretaronetwork.tv\/wp-content\/uploads\/2020\/06\/CABILDO.jpeg?fit=1200%2C604&ssl=1&resize=700%2C400 2x, https:\/\/i0.wp.com\/queretaronetwork.tv\/wp-content\/uploads\/2020\/06\/CABILDO.jpeg?fit=1200%2C604&ssl=1&resize=1050%2C600 3x"},"classes":[]},{"id":14147,"url":"https:\/\/queretaronetwork.tv\/potenciar-las-oportunidades-para-generar-empleos-en-beneficio-de-las-familias-luis-nava\/","url_meta":{"origin":6029,"position":4},"title":"Potenciar las oportunidades, para generar empleos en beneficio de las familias: Luis Nava","author":"Editorial QNTV","date":"17 mayo, 2022","format":false,"excerpt":"\u2022 Acudi\u00f3 con el Gobernador a la Toma de Protesta de la CANACO-Quer\u00e9taro. El participar en la toma de protesta del Consejo Directivo de la C\u00e1mara de Comercio, Servicios y Turismo de Quer\u00e9taro (CANACO), el Presidente Municipal, Luis Nava, dijo que tras dos a\u00f1os complicados a causa de la pandemia\u2026","rel":"","context":"En &quot;Municipio de Quer\u00e9taro&quot;","block_context":{"text":"Municipio de Quer\u00e9taro","link":"https:\/\/queretaronetwork.tv\/category\/municipio-de-queretaro\/"},"img":{"alt_text":"","src":"https:\/\/i0.wp.com\/queretaronetwork.tv\/wp-content\/uploads\/2022\/05\/WhatsApp-Image-2022-05-17-at-12.17.25-PM.jpeg?fit=1200%2C800&ssl=1&resize=350%2C200","width":350,"height":200,"srcset":"https:\/\/i0.wp.com\/queretaronetwork.tv\/wp-content\/uploads\/2022\/05\/WhatsApp-Image-2022-05-17-at-12.17.25-PM.jpeg?fit=1200%2C800&ssl=1&resize=350%2C200 1x, https:\/\/i0.wp.com\/queretaronetwork.tv\/wp-content\/uploads\/2022\/05\/WhatsApp-Image-2022-05-17-at-12.17.25-PM.jpeg?fit=1200%2C800&ssl=1&resize=525%2C300 1.5x, https:\/\/i0.wp.com\/queretaronetwork.tv\/wp-content\/uploads\/2022\/05\/WhatsApp-Image-2022-05-17-at-12.17.25-PM.jpeg?fit=1200%2C800&ssl=1&resize=700%2C400 2x, https:\/\/i0.wp.com\/queretaronetwork.tv\/wp-content\/uploads\/2022\/05\/WhatsApp-Image-2022-05-17-at-12.17.25-PM.jpeg?fit=1200%2C800&ssl=1&resize=1050%2C600 3x"},"classes":[]},{"id":10284,"url":"https:\/\/queretaronetwork.tv\/vamos-juntos-por-un-queretaro-donde-nadie-pase-frio-luis-nava\/","url_meta":{"origin":6029,"position":5},"title":"Vamos juntos por un Quer\u00e9taro donde nadie pase fr\u00edo: Luis Nava","author":"Editorial QNTV","date":"29 noviembre, 2021","format":false,"excerpt":"Trabajadores del Centro C\u00edvico participan del llamado a seguir apoyando la colecta de cobijas El Presidente Municipal de Quer\u00e9taro, Luis Nava, y su esposa y Presidenta del Sistema Municipal DIF, Arah\u00ed Dom\u00ednguez, hicieron un nuevo llamado a la ciudadan\u00eda a seguir apoyando en la colecta de cobijas 2021 \u201cTe Quiero\u2026","rel":"","context":"En &quot;Local&quot;","block_context":{"text":"Local","link":"https:\/\/queretaronetwork.tv\/category\/local\/"},"img":{"alt_text":"","src":"https:\/\/i0.wp.com\/queretaronetwork.tv\/wp-content\/uploads\/2021\/11\/WhatsApp-Image-2021-11-29-at-1.00.34-PM.jpeg?fit=1200%2C693&ssl=1&resize=350%2C200","width":350,"height":200,"srcset":"https:\/\/i0.wp.com\/queretaronetwork.tv\/wp-content\/uploads\/2021\/11\/WhatsApp-Image-2021-11-29-at-1.00.34-PM.jpeg?fit=1200%2C693&ssl=1&resize=350%2C200 1x, https:\/\/i0.wp.com\/queretaronetwork.tv\/wp-content\/uploads\/2021\/11\/WhatsApp-Image-2021-11-29-at-1.00.34-PM.jpeg?fit=1200%2C693&ssl=1&resize=525%2C300 1.5x, https:\/\/i0.wp.com\/queretaronetwork.tv\/wp-content\/uploads\/2021\/11\/WhatsApp-Image-2021-11-29-at-1.00.34-PM.jpeg?fit=1200%2C693&ssl=1&resize=700%2C400 2x, https:\/\/i0.wp.com\/queretaronetwork.tv\/wp-content\/uploads\/2021\/11\/WhatsApp-Image-2021-11-29-at-1.00.34-PM.jpeg?fit=1200%2C693&ssl=1&resize=1050%2C600 3x"},"classes":[]}],"jetpack_sharing_enabled":true,"jetpack_shortlink":"https:\/\/wp.me\/pardhb-1zf","_links":{"self":[{"href":"https:\/\/queretaronetwork.tv\/wp-json\/wp\/v2\/posts\/6029","targetHints":{"allow":["GET"]}}],"collection":[{"href":"https:\/\/queretaronetwork.tv\/wp-json\/wp\/v2\/posts"}],"about":[{"href":"https:\/\/queretaronetwork.tv\/wp-json\/wp\/v2\/types\/post"}],"author":[{"embeddable":true,"href":"https:\/\/queretaronetwork.tv\/wp-json\/wp\/v2\/users\/2"}],"replies":[{"embeddable":true,"href":"https:\/\/queretaronetwork.tv\/wp-json\/wp\/v2\/comments?post=6029"}],"version-history":[{"count":1,"href":"https:\/\/queretaronetwork.tv\/wp-json\/wp\/v2\/posts\/6029\/revisions"}],"predecessor-version":[{"id":6033,"href":"https:\/\/queretaronetwork.tv\/wp-json\/wp\/v2\/posts\/6029\/revisions\/6033"}],"wp:featuredmedia":[{"embeddable":true,"href":"https:\/\/queretaronetwork.tv\/wp-json\/wp\/v2\/media\/6031"}],"wp:attachment":[{"href":"https:\/\/queretaronetwork.tv\/wp-json\/wp\/v2\/media?parent=6029"}],"wp:term":[{"taxonomy":"category","embeddable":true,"href":"https:\/\/queretaronetwork.tv\/wp-json\/wp\/v2\/categories?post=6029"},{"taxonomy":"post_tag","embeddable":true,"href":"https:\/\/queretaronetwork.tv\/wp-json\/wp\/v2\/tags?post=6029"}],"curies":[{"name":"wp","href":"https:\/\/api.w.org\/{rel}","templated":true}]}}