{"id":6114,"date":"2020-07-22T19:52:03","date_gmt":"2020-07-23T00:52:03","guid":{"rendered":"http:\/\/queretaronetwork.tv\/?p=6114"},"modified":"2020-07-22T19:52:03","modified_gmt":"2020-07-23T00:52:03","slug":"con-aval-de-locatarios-y-comerciantes-inicia-municipio-de-queretaro-la-remodelacion-del-mercado-de-la-cruz","status":"publish","type":"post","link":"https:\/\/queretaronetwork.tv\/con-aval-de-locatarios-y-comerciantes-inicia-municipio-de-queretaro-la-remodelacion-del-mercado-de-la-cruz\/","title":{"rendered":"Con aval de locatarios y comerciantes, inicia Municipio de Quer\u00e9taro la remodelaci\u00f3n del Mercado de la Cruz"},"content":{"rendered":"<h4>\u2022 Se invertir\u00e1n m\u00e1s de 16 millones de pesos en varias obras de mejoramiento y mayor seguridad en este mercado.<\/h4>\n<h4>\u2022 Los trabajos ser\u00e1n paulatinos y no implicar\u00e1n el cierre de operaciones.<\/h4>\n<p>La Secretaria de Obras P\u00fablicas del Municipio de Quer\u00e9taro, Oriana L\u00f3pez Castillo, dio a conocer que esta semana iniciaron las obras de remodelaci\u00f3n del Mercado de La Cruz, en las que se invertir\u00e1n 16 millones 179 mil 341 pesos para mejorar la imagen y funcionalidad del mercado, en beneficio de las y los comerciantes, as\u00ed como de todos sus clientes.<\/p>\n<p>\u201cEstaremos trabajando en estas mejoras no sin antes decir que tambi\u00e9n los pasillos exteriores estar\u00e1n rehabilitados, es un proceso de obra que estamos iniciando esta semana y tenemos previsto acabar a mediados de diciembre\u201d, coment\u00f3.<\/p>\n<p>Las obras consisten el cambio del piso de la nave principal, de los pasillos perimetrales e interiores; el cambio de fald\u00f3n de la fachada; la implementaci\u00f3n de un circuito de videovigilancia; adem\u00e1s, del mejoramiento de instalaciones hidr\u00e1ulicas y sanitarias con la sustituci\u00f3n de tinacos, instalaci\u00f3n de hidroneum\u00e1tico, revisi\u00f3n y cambio de plafones en los ba\u00f1os, limpieza de la cisterna, as\u00ed como el cambio de inodoros, pisos, mamparas, espejos, luminarias y azulejos.<\/p>\n<p>Adicional a esto, Oriana L\u00f3pez indic\u00f3 que se revisar\u00e1n las rejillas del drenaje pluvial y se cambiar\u00e1 la l\u00ednea de drenaje sanitario en Garibaldi. En cuanto a los trabajos en la nave principal, se colocar\u00e1n extractores de aire, un sistema de sonido, se pintar\u00e1n los muros, columnas y trabes que se encuentran al exterior del mercado.<\/p>\n<p>Por su parte, el Delegado del Centro Hist\u00f3rico, Salvador Mart\u00ednez, dijo que este inicio de obras fue gracias al trabajo de socializaci\u00f3n con los comerciantes y locatarios del mercado, con quienes se logr\u00f3 una aprobaci\u00f3n del 99 por ciento a \u00e9stos trabajos. Tambi\u00e9n con ellos dijo, se conform\u00f3 un Comit\u00e9 de Obra que dar\u00e1 seguimiento a que se respete la calidad y los tiempos de la misma.<\/p>\n<p>\u201cYa tenemos un comit\u00e9 de obra con el cual sesionamos el mismo viernes y tuvimos la oportunidad de trazar el plan de esta semana, haremos reuniones semanales, cada martes estaremos sesionando, precisamente para revisar la semana anterior y proyectar la semana que viene\u201d, concluy\u00f3.<\/p>\n<p>Cabe destacar que los trabajos de remodelaci\u00f3n se realizar\u00e1n paulatinamente y sin afectar la actividad comercial de los locatarios, por lo que el Mercado permanecer\u00e1 abierto al p\u00fablico y s\u00f3lo se cerrar\u00e1n \u00e1reas espec\u00edficas en caso de haber alg\u00fan riesgo para el comerciante o el cliente. En el caso de la remodelaci\u00f3n de los ba\u00f1os, \u00e9stos s\u00ed deber\u00e1n cerrarse pero se dar\u00e1 servicio con ba\u00f1os port\u00e1tiles.<\/p>\n","protected":false},"excerpt":{"rendered":"<p>\u2022 Se invertir\u00e1n m\u00e1s de 16 millones de pesos en varias obras de mejoramiento y mayor seguridad en<\/p>\n","protected":false},"author":2,"featured_media":6116,"comment_status":"open","ping_status":"closed","sticky":false,"template":"","format":"standard","meta":{"jetpack_post_was_ever_published":false,"_jetpack_newsletter_access":"","_jetpack_dont_email_post_to_subs":false,"_jetpack_newsletter_tier_id":0,"_jetpack_memberships_contains_paywalled_content":false,"_jetpack_memberships_contains_paid_content":false,"footnotes":"","jetpack_publicize_message":"","jetpack_publicize_feature_enabled":true,"jetpack_social_post_already_shared":true,"jetpack_social_options":{"image_generator_settings":{"template":"highway","default_image_id":0,"font":"","enabled":false},"version":2}},"categories":[2,175,102],"tags":[176,203,9,19],"class_list":["post-6114","post","type-post","status-publish","format-standard","has-post-thumbnail","hentry","category-local","category-municipio-de-queretaro","category-queretaro","tag-luis-nava","tag-municipio-de-queretaro","tag-qntv","tag-queretaro"],"yoast_head":"<!-- This site is optimized with the Yoast SEO plugin v26.4 - https:\/\/yoast.com\/wordpress\/plugins\/seo\/ -->\n<title>Con aval de locatarios y comerciantes, inicia Municipio de Quer\u00e9taro la remodelaci\u00f3n del Mercado de la Cruz -<\/title>\n<meta name=\"robots\" content=\"index, follow, max-snippet:-1, max-image-preview:large, max-video-preview:-1\" \/>\n<link rel=\"canonical\" href=\"https:\/\/queretaronetwork.tv\/con-aval-de-locatarios-y-comerciantes-inicia-municipio-de-queretaro-la-remodelacion-del-mercado-de-la-cruz\/\" \/>\n<meta property=\"og:locale\" content=\"es_MX\" \/>\n<meta property=\"og:type\" content=\"article\" \/>\n<meta property=\"og:title\" content=\"Con aval de locatarios y comerciantes, inicia Municipio de Quer\u00e9taro la remodelaci\u00f3n del Mercado de la Cruz -\" \/>\n<meta property=\"og:description\" content=\"\u2022 Se invertir\u00e1n m\u00e1s de 16 millones de pesos en varias obras de mejoramiento y mayor seguridad en\" \/>\n<meta property=\"og:url\" content=\"https:\/\/queretaronetwork.tv\/con-aval-de-locatarios-y-comerciantes-inicia-municipio-de-queretaro-la-remodelacion-del-mercado-de-la-cruz\/\" \/>\n<meta property=\"article:publisher\" content=\"https:\/\/www.facebook.com\/QroNTV\/\" \/>\n<meta property=\"article:published_time\" content=\"2020-07-23T00:52:03+00:00\" \/>\n<meta property=\"og:image\" content=\"https:\/\/i0.wp.com\/queretaronetwork.tv\/wp-content\/uploads\/2020\/07\/aff52ce6-7640-4493-898d-77874cd9324b.jpeg?fit=1280%2C853&ssl=1\" \/>\n\t<meta property=\"og:image:width\" content=\"1280\" \/>\n\t<meta property=\"og:image:height\" content=\"853\" \/>\n\t<meta property=\"og:image:type\" content=\"image\/jpeg\" \/>\n<meta name=\"author\" content=\"Editorial QNTV\" \/>\n<meta name=\"twitter:card\" content=\"summary_large_image\" \/>\n<meta name=\"twitter:creator\" content=\"@QNTV6\" \/>\n<meta name=\"twitter:site\" content=\"@QNTV6\" \/>\n<meta name=\"twitter:label1\" content=\"Escrito por\" \/>\n\t<meta name=\"twitter:data1\" content=\"Editorial QNTV\" \/>\n\t<meta name=\"twitter:label2\" content=\"Tiempo de lectura\" \/>\n\t<meta name=\"twitter:data2\" content=\"2 minutos\" \/>\n<script type=\"application\/ld+json\" class=\"yoast-schema-graph\">{\"@context\":\"https:\/\/schema.org\",\"@graph\":[{\"@type\":\"Article\",\"@id\":\"https:\/\/queretaronetwork.tv\/con-aval-de-locatarios-y-comerciantes-inicia-municipio-de-queretaro-la-remodelacion-del-mercado-de-la-cruz\/#article\",\"isPartOf\":{\"@id\":\"https:\/\/queretaronetwork.tv\/con-aval-de-locatarios-y-comerciantes-inicia-municipio-de-queretaro-la-remodelacion-del-mercado-de-la-cruz\/\"},\"author\":{\"name\":\"Editorial QNTV\",\"@id\":\"https:\/\/queretaronetwork.tv\/#\/schema\/person\/1200b23397cd8ce55a25cb08ca51b5f2\"},\"headline\":\"Con aval de locatarios y comerciantes, inicia Municipio de Quer\u00e9taro la remodelaci\u00f3n del Mercado de la Cruz\",\"datePublished\":\"2020-07-23T00:52:03+00:00\",\"mainEntityOfPage\":{\"@id\":\"https:\/\/queretaronetwork.tv\/con-aval-de-locatarios-y-comerciantes-inicia-municipio-de-queretaro-la-remodelacion-del-mercado-de-la-cruz\/\"},\"wordCount\":485,\"commentCount\":0,\"publisher\":{\"@id\":\"https:\/\/queretaronetwork.tv\/#organization\"},\"image\":{\"@id\":\"https:\/\/queretaronetwork.tv\/con-aval-de-locatarios-y-comerciantes-inicia-municipio-de-queretaro-la-remodelacion-del-mercado-de-la-cruz\/#primaryimage\"},\"thumbnailUrl\":\"https:\/\/i0.wp.com\/queretaronetwork.tv\/wp-content\/uploads\/2020\/07\/aff52ce6-7640-4493-898d-77874cd9324b.jpeg?fit=1280%2C853&ssl=1\",\"keywords\":[\"Luis Nava\",\"municipio de queretaro\",\"qntv\",\"queretaro\"],\"articleSection\":[\"Local\",\"Municipio de Quer\u00e9taro\",\"Quer\u00e9taro\"],\"inLanguage\":\"es\",\"potentialAction\":[{\"@type\":\"CommentAction\",\"name\":\"Comment\",\"target\":[\"https:\/\/queretaronetwork.tv\/con-aval-de-locatarios-y-comerciantes-inicia-municipio-de-queretaro-la-remodelacion-del-mercado-de-la-cruz\/#respond\"]}]},{\"@type\":\"WebPage\",\"@id\":\"https:\/\/queretaronetwork.tv\/con-aval-de-locatarios-y-comerciantes-inicia-municipio-de-queretaro-la-remodelacion-del-mercado-de-la-cruz\/\",\"url\":\"https:\/\/queretaronetwork.tv\/con-aval-de-locatarios-y-comerciantes-inicia-municipio-de-queretaro-la-remodelacion-del-mercado-de-la-cruz\/\",\"name\":\"Con aval de locatarios y comerciantes, inicia Municipio de Quer\u00e9taro la remodelaci\u00f3n del Mercado de la Cruz -\",\"isPartOf\":{\"@id\":\"https:\/\/queretaronetwork.tv\/#website\"},\"primaryImageOfPage\":{\"@id\":\"https:\/\/queretaronetwork.tv\/con-aval-de-locatarios-y-comerciantes-inicia-municipio-de-queretaro-la-remodelacion-del-mercado-de-la-cruz\/#primaryimage\"},\"image\":{\"@id\":\"https:\/\/queretaronetwork.tv\/con-aval-de-locatarios-y-comerciantes-inicia-municipio-de-queretaro-la-remodelacion-del-mercado-de-la-cruz\/#primaryimage\"},\"thumbnailUrl\":\"https:\/\/i0.wp.com\/queretaronetwork.tv\/wp-content\/uploads\/2020\/07\/aff52ce6-7640-4493-898d-77874cd9324b.jpeg?fit=1280%2C853&ssl=1\",\"datePublished\":\"2020-07-23T00:52:03+00:00\",\"breadcrumb\":{\"@id\":\"https:\/\/queretaronetwork.tv\/con-aval-de-locatarios-y-comerciantes-inicia-municipio-de-queretaro-la-remodelacion-del-mercado-de-la-cruz\/#breadcrumb\"},\"inLanguage\":\"es\",\"potentialAction\":[{\"@type\":\"ReadAction\",\"target\":[\"https:\/\/queretaronetwork.tv\/con-aval-de-locatarios-y-comerciantes-inicia-municipio-de-queretaro-la-remodelacion-del-mercado-de-la-cruz\/\"]}]},{\"@type\":\"ImageObject\",\"inLanguage\":\"es\",\"@id\":\"https:\/\/queretaronetwork.tv\/con-aval-de-locatarios-y-comerciantes-inicia-municipio-de-queretaro-la-remodelacion-del-mercado-de-la-cruz\/#primaryimage\",\"url\":\"https:\/\/i0.wp.com\/queretaronetwork.tv\/wp-content\/uploads\/2020\/07\/aff52ce6-7640-4493-898d-77874cd9324b.jpeg?fit=1280%2C853&ssl=1\",\"contentUrl\":\"https:\/\/i0.wp.com\/queretaronetwork.tv\/wp-content\/uploads\/2020\/07\/aff52ce6-7640-4493-898d-77874cd9324b.jpeg?fit=1280%2C853&ssl=1\",\"width\":1280,\"height\":853},{\"@type\":\"BreadcrumbList\",\"@id\":\"https:\/\/queretaronetwork.tv\/con-aval-de-locatarios-y-comerciantes-inicia-municipio-de-queretaro-la-remodelacion-del-mercado-de-la-cruz\/#breadcrumb\",\"itemListElement\":[{\"@type\":\"ListItem\",\"position\":1,\"name\":\"Inicio\",\"item\":\"https:\/\/queretaronetwork.tv\/\"},{\"@type\":\"ListItem\",\"position\":2,\"name\":\"Con aval de locatarios y comerciantes, inicia Municipio de Quer\u00e9taro la remodelaci\u00f3n del Mercado de la Cruz\"}]},{\"@type\":\"WebSite\",\"@id\":\"https:\/\/queretaronetwork.tv\/#website\",\"url\":\"https:\/\/queretaronetwork.tv\/\",\"name\":\"Quer\u00e9taro Network TV\",\"description\":\"Medio de Comunicaci\u00f3n Digital, Noticias y Canal de Tv ONLine\",\"publisher\":{\"@id\":\"https:\/\/queretaronetwork.tv\/#organization\"},\"potentialAction\":[{\"@type\":\"SearchAction\",\"target\":{\"@type\":\"EntryPoint\",\"urlTemplate\":\"https:\/\/queretaronetwork.tv\/?s={search_term_string}\"},\"query-input\":{\"@type\":\"PropertyValueSpecification\",\"valueRequired\":true,\"valueName\":\"search_term_string\"}}],\"inLanguage\":\"es\"},{\"@type\":\"Organization\",\"@id\":\"https:\/\/queretaronetwork.tv\/#organization\",\"name\":\"Quer\u00e9taro Network TV\",\"url\":\"https:\/\/queretaronetwork.tv\/\",\"logo\":{\"@type\":\"ImageObject\",\"inLanguage\":\"es\",\"@id\":\"https:\/\/queretaronetwork.tv\/#\/schema\/logo\/image\/\",\"url\":\"https:\/\/i0.wp.com\/queretaronetwork.tv\/wp-content\/uploads\/2020\/02\/LOGONUEVOCIRCULARQNTV2020-e1595007713656.png?fit=583%2C564&ssl=1\",\"contentUrl\":\"https:\/\/i0.wp.com\/queretaronetwork.tv\/wp-content\/uploads\/2020\/02\/LOGONUEVOCIRCULARQNTV2020-e1595007713656.png?fit=583%2C564&ssl=1\",\"width\":583,\"height\":564,\"caption\":\"Quer\u00e9taro Network TV\"},\"image\":{\"@id\":\"https:\/\/queretaronetwork.tv\/#\/schema\/logo\/image\/\"},\"sameAs\":[\"https:\/\/www.facebook.com\/QroNTV\/\",\"https:\/\/x.com\/QNTV6\",\"https:\/\/www.instagram.com\/queretaronetworktv\/\",\"https:\/\/www.youtube.com\/channel\/UCav1cE_tCaccVZOLJpqZIyA?view_as=subscriber\"]},{\"@type\":\"Person\",\"@id\":\"https:\/\/queretaronetwork.tv\/#\/schema\/person\/1200b23397cd8ce55a25cb08ca51b5f2\",\"name\":\"Editorial QNTV\",\"image\":{\"@type\":\"ImageObject\",\"inLanguage\":\"es\",\"@id\":\"https:\/\/queretaronetwork.tv\/#\/schema\/person\/image\/\",\"url\":\"https:\/\/secure.gravatar.com\/avatar\/c736b7feb12a69c0911796e1381d5be7aa79cd6ca5a0cb325913d75e4c0cdcbd?s=96&d=mm&r=g\",\"contentUrl\":\"https:\/\/secure.gravatar.com\/avatar\/c736b7feb12a69c0911796e1381d5be7aa79cd6ca5a0cb325913d75e4c0cdcbd?s=96&d=mm&r=g\",\"caption\":\"Editorial QNTV\"},\"url\":\"https:\/\/queretaronetwork.tv\/author\/editorial\/\"}]}<\/script>\n<!-- \/ Yoast SEO plugin. -->","yoast_head_json":{"title":"Con aval de locatarios y comerciantes, inicia Municipio de Quer\u00e9taro la remodelaci\u00f3n del Mercado de la Cruz -","robots":{"index":"index","follow":"follow","max-snippet":"max-snippet:-1","max-image-preview":"max-image-preview:large","max-video-preview":"max-video-preview:-1"},"canonical":"https:\/\/queretaronetwork.tv\/con-aval-de-locatarios-y-comerciantes-inicia-municipio-de-queretaro-la-remodelacion-del-mercado-de-la-cruz\/","og_locale":"es_MX","og_type":"article","og_title":"Con aval de locatarios y comerciantes, inicia Municipio de Quer\u00e9taro la remodelaci\u00f3n del Mercado de la Cruz -","og_description":"\u2022 Se invertir\u00e1n m\u00e1s de 16 millones de pesos en varias obras de mejoramiento y mayor seguridad en","og_url":"https:\/\/queretaronetwork.tv\/con-aval-de-locatarios-y-comerciantes-inicia-municipio-de-queretaro-la-remodelacion-del-mercado-de-la-cruz\/","article_publisher":"https:\/\/www.facebook.com\/QroNTV\/","article_published_time":"2020-07-23T00:52:03+00:00","og_image":[{"width":1280,"height":853,"url":"https:\/\/i0.wp.com\/queretaronetwork.tv\/wp-content\/uploads\/2020\/07\/aff52ce6-7640-4493-898d-77874cd9324b.jpeg?fit=1280%2C853&ssl=1","type":"image\/jpeg"}],"author":"Editorial QNTV","twitter_card":"summary_large_image","twitter_creator":"@QNTV6","twitter_site":"@QNTV6","twitter_misc":{"Escrito por":"Editorial QNTV","Tiempo de lectura":"2 minutos"},"schema":{"@context":"https:\/\/schema.org","@graph":[{"@type":"Article","@id":"https:\/\/queretaronetwork.tv\/con-aval-de-locatarios-y-comerciantes-inicia-municipio-de-queretaro-la-remodelacion-del-mercado-de-la-cruz\/#article","isPartOf":{"@id":"https:\/\/queretaronetwork.tv\/con-aval-de-locatarios-y-comerciantes-inicia-municipio-de-queretaro-la-remodelacion-del-mercado-de-la-cruz\/"},"author":{"name":"Editorial QNTV","@id":"https:\/\/queretaronetwork.tv\/#\/schema\/person\/1200b23397cd8ce55a25cb08ca51b5f2"},"headline":"Con aval de locatarios y comerciantes, inicia Municipio de Quer\u00e9taro la remodelaci\u00f3n del Mercado de la Cruz","datePublished":"2020-07-23T00:52:03+00:00","mainEntityOfPage":{"@id":"https:\/\/queretaronetwork.tv\/con-aval-de-locatarios-y-comerciantes-inicia-municipio-de-queretaro-la-remodelacion-del-mercado-de-la-cruz\/"},"wordCount":485,"commentCount":0,"publisher":{"@id":"https:\/\/queretaronetwork.tv\/#organization"},"image":{"@id":"https:\/\/queretaronetwork.tv\/con-aval-de-locatarios-y-comerciantes-inicia-municipio-de-queretaro-la-remodelacion-del-mercado-de-la-cruz\/#primaryimage"},"thumbnailUrl":"https:\/\/i0.wp.com\/queretaronetwork.tv\/wp-content\/uploads\/2020\/07\/aff52ce6-7640-4493-898d-77874cd9324b.jpeg?fit=1280%2C853&ssl=1","keywords":["Luis Nava","municipio de queretaro","qntv","queretaro"],"articleSection":["Local","Municipio de Quer\u00e9taro","Quer\u00e9taro"],"inLanguage":"es","potentialAction":[{"@type":"CommentAction","name":"Comment","target":["https:\/\/queretaronetwork.tv\/con-aval-de-locatarios-y-comerciantes-inicia-municipio-de-queretaro-la-remodelacion-del-mercado-de-la-cruz\/#respond"]}]},{"@type":"WebPage","@id":"https:\/\/queretaronetwork.tv\/con-aval-de-locatarios-y-comerciantes-inicia-municipio-de-queretaro-la-remodelacion-del-mercado-de-la-cruz\/","url":"https:\/\/queretaronetwork.tv\/con-aval-de-locatarios-y-comerciantes-inicia-municipio-de-queretaro-la-remodelacion-del-mercado-de-la-cruz\/","name":"Con aval de locatarios y comerciantes, inicia Municipio de Quer\u00e9taro la remodelaci\u00f3n del Mercado de la Cruz -","isPartOf":{"@id":"https:\/\/queretaronetwork.tv\/#website"},"primaryImageOfPage":{"@id":"https:\/\/queretaronetwork.tv\/con-aval-de-locatarios-y-comerciantes-inicia-municipio-de-queretaro-la-remodelacion-del-mercado-de-la-cruz\/#primaryimage"},"image":{"@id":"https:\/\/queretaronetwork.tv\/con-aval-de-locatarios-y-comerciantes-inicia-municipio-de-queretaro-la-remodelacion-del-mercado-de-la-cruz\/#primaryimage"},"thumbnailUrl":"https:\/\/i0.wp.com\/queretaronetwork.tv\/wp-content\/uploads\/2020\/07\/aff52ce6-7640-4493-898d-77874cd9324b.jpeg?fit=1280%2C853&ssl=1","datePublished":"2020-07-23T00:52:03+00:00","breadcrumb":{"@id":"https:\/\/queretaronetwork.tv\/con-aval-de-locatarios-y-comerciantes-inicia-municipio-de-queretaro-la-remodelacion-del-mercado-de-la-cruz\/#breadcrumb"},"inLanguage":"es","potentialAction":[{"@type":"ReadAction","target":["https:\/\/queretaronetwork.tv\/con-aval-de-locatarios-y-comerciantes-inicia-municipio-de-queretaro-la-remodelacion-del-mercado-de-la-cruz\/"]}]},{"@type":"ImageObject","inLanguage":"es","@id":"https:\/\/queretaronetwork.tv\/con-aval-de-locatarios-y-comerciantes-inicia-municipio-de-queretaro-la-remodelacion-del-mercado-de-la-cruz\/#primaryimage","url":"https:\/\/i0.wp.com\/queretaronetwork.tv\/wp-content\/uploads\/2020\/07\/aff52ce6-7640-4493-898d-77874cd9324b.jpeg?fit=1280%2C853&ssl=1","contentUrl":"https:\/\/i0.wp.com\/queretaronetwork.tv\/wp-content\/uploads\/2020\/07\/aff52ce6-7640-4493-898d-77874cd9324b.jpeg?fit=1280%2C853&ssl=1","width":1280,"height":853},{"@type":"BreadcrumbList","@id":"https:\/\/queretaronetwork.tv\/con-aval-de-locatarios-y-comerciantes-inicia-municipio-de-queretaro-la-remodelacion-del-mercado-de-la-cruz\/#breadcrumb","itemListElement":[{"@type":"ListItem","position":1,"name":"Inicio","item":"https:\/\/queretaronetwork.tv\/"},{"@type":"ListItem","position":2,"name":"Con aval de locatarios y comerciantes, inicia Municipio de Quer\u00e9taro la remodelaci\u00f3n del Mercado de la Cruz"}]},{"@type":"WebSite","@id":"https:\/\/queretaronetwork.tv\/#website","url":"https:\/\/queretaronetwork.tv\/","name":"Quer\u00e9taro Network TV","description":"Medio de Comunicaci\u00f3n Digital, Noticias y Canal de Tv ONLine","publisher":{"@id":"https:\/\/queretaronetwork.tv\/#organization"},"potentialAction":[{"@type":"SearchAction","target":{"@type":"EntryPoint","urlTemplate":"https:\/\/queretaronetwork.tv\/?s={search_term_string}"},"query-input":{"@type":"PropertyValueSpecification","valueRequired":true,"valueName":"search_term_string"}}],"inLanguage":"es"},{"@type":"Organization","@id":"https:\/\/queretaronetwork.tv\/#organization","name":"Quer\u00e9taro Network TV","url":"https:\/\/queretaronetwork.tv\/","logo":{"@type":"ImageObject","inLanguage":"es","@id":"https:\/\/queretaronetwork.tv\/#\/schema\/logo\/image\/","url":"https:\/\/i0.wp.com\/queretaronetwork.tv\/wp-content\/uploads\/2020\/02\/LOGONUEVOCIRCULARQNTV2020-e1595007713656.png?fit=583%2C564&ssl=1","contentUrl":"https:\/\/i0.wp.com\/queretaronetwork.tv\/wp-content\/uploads\/2020\/02\/LOGONUEVOCIRCULARQNTV2020-e1595007713656.png?fit=583%2C564&ssl=1","width":583,"height":564,"caption":"Quer\u00e9taro Network TV"},"image":{"@id":"https:\/\/queretaronetwork.tv\/#\/schema\/logo\/image\/"},"sameAs":["https:\/\/www.facebook.com\/QroNTV\/","https:\/\/x.com\/QNTV6","https:\/\/www.instagram.com\/queretaronetworktv\/","https:\/\/www.youtube.com\/channel\/UCav1cE_tCaccVZOLJpqZIyA?view_as=subscriber"]},{"@type":"Person","@id":"https:\/\/queretaronetwork.tv\/#\/schema\/person\/1200b23397cd8ce55a25cb08ca51b5f2","name":"Editorial QNTV","image":{"@type":"ImageObject","inLanguage":"es","@id":"https:\/\/queretaronetwork.tv\/#\/schema\/person\/image\/","url":"https:\/\/secure.gravatar.com\/avatar\/c736b7feb12a69c0911796e1381d5be7aa79cd6ca5a0cb325913d75e4c0cdcbd?s=96&d=mm&r=g","contentUrl":"https:\/\/secure.gravatar.com\/avatar\/c736b7feb12a69c0911796e1381d5be7aa79cd6ca5a0cb325913d75e4c0cdcbd?s=96&d=mm&r=g","caption":"Editorial QNTV"},"url":"https:\/\/queretaronetwork.tv\/author\/editorial\/"}]}},"jetpack_publicize_connections":[],"featured_image_urls":{"full":["https:\/\/i0.wp.com\/queretaronetwork.tv\/wp-content\/uploads\/2020\/07\/aff52ce6-7640-4493-898d-77874cd9324b.jpeg?fit=1280%2C853&ssl=1",1280,853,false],"thumbnail":["https:\/\/i0.wp.com\/queretaronetwork.tv\/wp-content\/uploads\/2020\/07\/aff52ce6-7640-4493-898d-77874cd9324b.jpeg?resize=150%2C150&ssl=1",150,150,true],"medium":["https:\/\/i0.wp.com\/queretaronetwork.tv\/wp-content\/uploads\/2020\/07\/aff52ce6-7640-4493-898d-77874cd9324b.jpeg?fit=300%2C200&ssl=1",300,200,true],"medium_large":["https:\/\/i0.wp.com\/queretaronetwork.tv\/wp-content\/uploads\/2020\/07\/aff52ce6-7640-4493-898d-77874cd9324b.jpeg?fit=640%2C427&ssl=1",640,427,true],"large":["https:\/\/i0.wp.com\/queretaronetwork.tv\/wp-content\/uploads\/2020\/07\/aff52ce6-7640-4493-898d-77874cd9324b.jpeg?fit=640%2C426&ssl=1",640,426,true],"1536x1536":["https:\/\/i0.wp.com\/queretaronetwork.tv\/wp-content\/uploads\/2020\/07\/aff52ce6-7640-4493-898d-77874cd9324b.jpeg?fit=1280%2C853&ssl=1",1280,853,true],"2048x2048":["https:\/\/i0.wp.com\/queretaronetwork.tv\/wp-content\/uploads\/2020\/07\/aff52ce6-7640-4493-898d-77874cd9324b.jpeg?fit=1280%2C853&ssl=1",1280,853,true],"darknews-slider-full":["https:\/\/i0.wp.com\/queretaronetwork.tv\/wp-content\/uploads\/2020\/07\/aff52ce6-7640-4493-898d-77874cd9324b.jpeg?resize=1280%2C720&ssl=1",1280,720,true],"darknews-featured":["https:\/\/i0.wp.com\/queretaronetwork.tv\/wp-content\/uploads\/2020\/07\/aff52ce6-7640-4493-898d-77874cd9324b.jpeg?fit=1024%2C682&ssl=1",1024,682,true],"darknews-medium":["https:\/\/i0.wp.com\/queretaronetwork.tv\/wp-content\/uploads\/2020\/07\/aff52ce6-7640-4493-898d-77874cd9324b.jpeg?resize=720%2C530&ssl=1",720,530,true],"darknews-medium-square":["https:\/\/i0.wp.com\/queretaronetwork.tv\/wp-content\/uploads\/2020\/07\/aff52ce6-7640-4493-898d-77874cd9324b.jpeg?resize=350%2C350&ssl=1",350,350,true]},"author_info":{"info":["Editorial QNTV"]},"category_info":"<a href=\"https:\/\/queretaronetwork.tv\/category\/local\/\" rel=\"category tag\">Local<\/a> <a href=\"https:\/\/queretaronetwork.tv\/category\/municipio-de-queretaro\/\" rel=\"category tag\">Municipio de Quer\u00e9taro<\/a> <a href=\"https:\/\/queretaronetwork.tv\/category\/local\/queretaro\/\" rel=\"category tag\">Quer\u00e9taro<\/a>","tag_info":"Quer\u00e9taro","comment_count":"0","jetpack_featured_media_url":"https:\/\/i0.wp.com\/queretaronetwork.tv\/wp-content\/uploads\/2020\/07\/aff52ce6-7640-4493-898d-77874cd9324b.jpeg?fit=1280%2C853&ssl=1","jetpack_likes_enabled":true,"jetpack-related-posts":[{"id":7031,"url":"https:\/\/queretaronetwork.tv\/se-reune-luis-nava-con-comerciantes-del-mercado-de-la-cruz\/","url_meta":{"origin":6114,"position":0},"title":"Se re\u00fane Luis Nava con comerciantes del Mercado de La Cruz","author":"Editorial QNTV","date":"18 noviembre, 2020","format":false,"excerpt":"Se re\u00fane Luis Nava con comerciantes del Mercado de La Cruz El Presidente Municipal de Quer\u00e9taro, Luis Nava, se reuni\u00f3 con el Comit\u00e9 de la Uni\u00f3n de Comerciantes del Mercado Josefa Ortiz de Dom\u00ednguez \u201cLa Cruz\u201d, para hablar sobre el trabajo y las necesidades de este tradicional mercado p\u00fablico, y\u2026","rel":"","context":"En &quot;Local&quot;","block_context":{"text":"Local","link":"https:\/\/queretaronetwork.tv\/category\/local\/"},"img":{"alt_text":"","src":"https:\/\/i0.wp.com\/queretaronetwork.tv\/wp-content\/uploads\/2020\/11\/6f340453-5fab-4f3e-b56b-6a46dd20a328-1.jpg?fit=1200%2C801&ssl=1&resize=350%2C200","width":350,"height":200,"srcset":"https:\/\/i0.wp.com\/queretaronetwork.tv\/wp-content\/uploads\/2020\/11\/6f340453-5fab-4f3e-b56b-6a46dd20a328-1.jpg?fit=1200%2C801&ssl=1&resize=350%2C200 1x, https:\/\/i0.wp.com\/queretaronetwork.tv\/wp-content\/uploads\/2020\/11\/6f340453-5fab-4f3e-b56b-6a46dd20a328-1.jpg?fit=1200%2C801&ssl=1&resize=525%2C300 1.5x, https:\/\/i0.wp.com\/queretaronetwork.tv\/wp-content\/uploads\/2020\/11\/6f340453-5fab-4f3e-b56b-6a46dd20a328-1.jpg?fit=1200%2C801&ssl=1&resize=700%2C400 2x, https:\/\/i0.wp.com\/queretaronetwork.tv\/wp-content\/uploads\/2020\/11\/6f340453-5fab-4f3e-b56b-6a46dd20a328-1.jpg?fit=1200%2C801&ssl=1&resize=1050%2C600 3x"},"classes":[]},{"id":15890,"url":"https:\/\/queretaronetwork.tv\/entrega-municipio-de-queretaro-el-nuevo-estacionamiento-y-remodelacion-del-mercado-de-lomas-de-casa-blanca\/","url_meta":{"origin":6114,"position":1},"title":"Entrega Municipio de Quer\u00e9taro el nuevo estacionamiento y remodelaci\u00f3n del Mercado de Lomas de Casa Blanca","author":"Editorial QNTV","date":"14 junio, 2022","format":false,"excerpt":"\u2022 Invertir donde m\u00e1s se necesita, para que las familias puedan desarrollarse y crecer, dijo Luis Nava. El Presidente Municipal de Quer\u00e9taro, Luis Nava, acompa\u00f1ado de su esposa y Presidenta del Patronato del Sistema Municipal DIF, Arah\u00ed Dom\u00ednguez, acudi\u00f3 a la entrega del nuevo estacionamiento, plaza, y rehabilitaci\u00f3n del Mercado\u2026","rel":"","context":"En &quot;Municipio de Quer\u00e9taro&quot;","block_context":{"text":"Municipio de Quer\u00e9taro","link":"https:\/\/queretaronetwork.tv\/category\/municipio-de-queretaro\/"},"img":{"alt_text":"","src":"https:\/\/i0.wp.com\/queretaronetwork.tv\/wp-content\/uploads\/2022\/06\/dad92e5e-a288-434c-aad9-4bc361c075f5.jpg?fit=1200%2C800&ssl=1&resize=350%2C200","width":350,"height":200,"srcset":"https:\/\/i0.wp.com\/queretaronetwork.tv\/wp-content\/uploads\/2022\/06\/dad92e5e-a288-434c-aad9-4bc361c075f5.jpg?fit=1200%2C800&ssl=1&resize=350%2C200 1x, https:\/\/i0.wp.com\/queretaronetwork.tv\/wp-content\/uploads\/2022\/06\/dad92e5e-a288-434c-aad9-4bc361c075f5.jpg?fit=1200%2C800&ssl=1&resize=525%2C300 1.5x, https:\/\/i0.wp.com\/queretaronetwork.tv\/wp-content\/uploads\/2022\/06\/dad92e5e-a288-434c-aad9-4bc361c075f5.jpg?fit=1200%2C800&ssl=1&resize=700%2C400 2x, https:\/\/i0.wp.com\/queretaronetwork.tv\/wp-content\/uploads\/2022\/06\/dad92e5e-a288-434c-aad9-4bc361c075f5.jpg?fit=1200%2C800&ssl=1&resize=1050%2C600 3x"},"classes":[]},{"id":2456,"url":"https:\/\/queretaronetwork.tv\/invertiremos-lo-necesario-para-tener-un-mercado-y-tianguis-moderno-luis-nava\/","url_meta":{"origin":6114,"position":2},"title":"Invertiremos lo necesario para tener un mercado y tianguis moderno: Luis Nava","author":"Editorial QNTV","date":"23 junio, 2019","format":false,"excerpt":"\u2022 Festej\u00f3 con comerciantes del Tianguis de \u201cLa Cruz\u201d el d\u00eda del padre. El Presidente Municipal de Quer\u00e9taro, Luis Nava, en compa\u00f1\u00eda de su esposa y Presidenta del Patronato del Sistema Municipal DIF, Arah\u00ed Dom\u00ednguez y su familia, festej\u00f3 el D\u00eda del Padre con los Comerciantes del Tianguis Dominical del\u2026","rel":"","context":"En &quot;Local&quot;","block_context":{"text":"Local","link":"https:\/\/queretaronetwork.tv\/category\/local\/"},"img":{"alt_text":"","src":"https:\/\/i0.wp.com\/queretaronetwork.tv\/wp-content\/uploads\/2019\/06\/f9ad7797-8982-4587-b8a5-65172683400d.jpg?fit=1200%2C799&ssl=1&resize=350%2C200","width":350,"height":200,"srcset":"https:\/\/i0.wp.com\/queretaronetwork.tv\/wp-content\/uploads\/2019\/06\/f9ad7797-8982-4587-b8a5-65172683400d.jpg?fit=1200%2C799&ssl=1&resize=350%2C200 1x, https:\/\/i0.wp.com\/queretaronetwork.tv\/wp-content\/uploads\/2019\/06\/f9ad7797-8982-4587-b8a5-65172683400d.jpg?fit=1200%2C799&ssl=1&resize=525%2C300 1.5x, https:\/\/i0.wp.com\/queretaronetwork.tv\/wp-content\/uploads\/2019\/06\/f9ad7797-8982-4587-b8a5-65172683400d.jpg?fit=1200%2C799&ssl=1&resize=700%2C400 2x, https:\/\/i0.wp.com\/queretaronetwork.tv\/wp-content\/uploads\/2019\/06\/f9ad7797-8982-4587-b8a5-65172683400d.jpg?fit=1200%2C799&ssl=1&resize=1050%2C600 3x"},"classes":[]},{"id":22948,"url":"https:\/\/queretaronetwork.tv\/entrega-gobernador-remodelacion-del-mercado-benito-juarez-en-san-juan-del-rio\/","url_meta":{"origin":6114,"position":3},"title":"Entrega Gobernador remodelaci\u00f3n del mercado Benito Ju\u00e1rez en San Juan del R\u00edo","author":"Editorial QNTV","date":"18 octubre, 2022","format":false,"excerpt":"La palabra se honra y los compromisos se cumplen, afirm\u00f3 el gobernador, Mauricio Kuri Gonz\u00e1lez, durante la entrega de las obras de remodelaci\u00f3n del nuevo mercado municipal Benito Ju\u00e1rez de San Juan del R\u00edo, en las que se invirtieron recursos estatales superiores a los 62 millones de pesos, en beneficio\u2026","rel":"","context":"En &quot;Municipio de San Juan del R\u00edo&quot;","block_context":{"text":"Municipio de San Juan del R\u00edo","link":"https:\/\/queretaronetwork.tv\/category\/municipio-de-san-juan-del-rio\/"},"img":{"alt_text":"","src":"https:\/\/i0.wp.com\/queretaronetwork.tv\/wp-content\/uploads\/2022\/10\/71_273_38094_1548675951_IMG_0464.jpg?fit=1200%2C800&ssl=1&resize=350%2C200","width":350,"height":200,"srcset":"https:\/\/i0.wp.com\/queretaronetwork.tv\/wp-content\/uploads\/2022\/10\/71_273_38094_1548675951_IMG_0464.jpg?fit=1200%2C800&ssl=1&resize=350%2C200 1x, https:\/\/i0.wp.com\/queretaronetwork.tv\/wp-content\/uploads\/2022\/10\/71_273_38094_1548675951_IMG_0464.jpg?fit=1200%2C800&ssl=1&resize=525%2C300 1.5x, https:\/\/i0.wp.com\/queretaronetwork.tv\/wp-content\/uploads\/2022\/10\/71_273_38094_1548675951_IMG_0464.jpg?fit=1200%2C800&ssl=1&resize=700%2C400 2x, https:\/\/i0.wp.com\/queretaronetwork.tv\/wp-content\/uploads\/2022\/10\/71_273_38094_1548675951_IMG_0464.jpg?fit=1200%2C800&ssl=1&resize=1050%2C600 3x"},"classes":[]},{"id":3609,"url":"https:\/\/queretaronetwork.tv\/luis-nava-recorre-el-mercado-hidalgo-para-informar-de-su-primer-ano-de-trabajo\/","url_meta":{"origin":6114,"position":4},"title":"Luis Nava recorre el Mercado Hidalgo para informar de su primer a\u00f1o de trabajo.","author":"Editorial QNTV","date":"8 septiembre, 2019","format":false,"excerpt":"\u2022 El Municipio invirti\u00f3 m\u00e1s de 121 millones de pesos en 11 principales acciones en la Delegaci\u00f3n Centro Hist\u00f3rico. El Presidente Municipal de Quer\u00e9taro, Luis Nava, visit\u00f3 el Mercado Hidalgo en compa\u00f1\u00eda de su esposa y Presidenta del Patronato del Sistema Municipal DIF, Arah\u00ed Dom\u00ednguez, para platicar con clientes y\u2026","rel":"","context":"En &quot;Local&quot;","block_context":{"text":"Local","link":"https:\/\/queretaronetwork.tv\/category\/local\/"},"img":{"alt_text":"","src":"https:\/\/i0.wp.com\/queretaronetwork.tv\/wp-content\/uploads\/2019\/09\/d61211f6-8b8e-403f-b1fe-ee35c99aac92.jpg?fit=1200%2C800&ssl=1&resize=350%2C200","width":350,"height":200,"srcset":"https:\/\/i0.wp.com\/queretaronetwork.tv\/wp-content\/uploads\/2019\/09\/d61211f6-8b8e-403f-b1fe-ee35c99aac92.jpg?fit=1200%2C800&ssl=1&resize=350%2C200 1x, https:\/\/i0.wp.com\/queretaronetwork.tv\/wp-content\/uploads\/2019\/09\/d61211f6-8b8e-403f-b1fe-ee35c99aac92.jpg?fit=1200%2C800&ssl=1&resize=525%2C300 1.5x, https:\/\/i0.wp.com\/queretaronetwork.tv\/wp-content\/uploads\/2019\/09\/d61211f6-8b8e-403f-b1fe-ee35c99aac92.jpg?fit=1200%2C800&ssl=1&resize=700%2C400 2x, https:\/\/i0.wp.com\/queretaronetwork.tv\/wp-content\/uploads\/2019\/09\/d61211f6-8b8e-403f-b1fe-ee35c99aac92.jpg?fit=1200%2C800&ssl=1&resize=1050%2C600 3x"},"classes":[]},{"id":1816,"url":"https:\/\/queretaronetwork.tv\/652-millones-de-pesos-en-obra-social-para-153-colonias-de-todo-el-municipio\/","url_meta":{"origin":6114,"position":5},"title":"652 millones de pesos en obra social para 153 colonias de todo el municipio.","author":"Editorial QNTV","date":"21 mayo, 2019","format":false,"excerpt":"\u2022 Es la aportaci\u00f3n del Municipio de Quer\u00e9taro al anuncio que ayer hizo el Gobernador: Luis Nava. En conferencia de prensa, el Presidente Municipal de Quer\u00e9taro, Luis Nava, anunci\u00f3 que este a\u00f1o se invertir\u00e1n 652 millones de pesos en obras sociales que impactar\u00e1n en una mejor calidad de vida para\u2026","rel":"","context":"En &quot;Local&quot;","block_context":{"text":"Local","link":"https:\/\/queretaronetwork.tv\/category\/local\/"},"img":{"alt_text":"","src":"https:\/\/i0.wp.com\/queretaronetwork.tv\/wp-content\/uploads\/2019\/05\/cd33548e-c59e-450a-abe4-bddb5c17f83c.jpg?fit=1200%2C800&ssl=1&resize=350%2C200","width":350,"height":200,"srcset":"https:\/\/i0.wp.com\/queretaronetwork.tv\/wp-content\/uploads\/2019\/05\/cd33548e-c59e-450a-abe4-bddb5c17f83c.jpg?fit=1200%2C800&ssl=1&resize=350%2C200 1x, https:\/\/i0.wp.com\/queretaronetwork.tv\/wp-content\/uploads\/2019\/05\/cd33548e-c59e-450a-abe4-bddb5c17f83c.jpg?fit=1200%2C800&ssl=1&resize=525%2C300 1.5x, https:\/\/i0.wp.com\/queretaronetwork.tv\/wp-content\/uploads\/2019\/05\/cd33548e-c59e-450a-abe4-bddb5c17f83c.jpg?fit=1200%2C800&ssl=1&resize=700%2C400 2x, https:\/\/i0.wp.com\/queretaronetwork.tv\/wp-content\/uploads\/2019\/05\/cd33548e-c59e-450a-abe4-bddb5c17f83c.jpg?fit=1200%2C800&ssl=1&resize=1050%2C600 3x"},"classes":[]}],"jetpack_sharing_enabled":true,"jetpack_shortlink":"https:\/\/wp.me\/pardhb-1AC","_links":{"self":[{"href":"https:\/\/queretaronetwork.tv\/wp-json\/wp\/v2\/posts\/6114","targetHints":{"allow":["GET"]}}],"collection":[{"href":"https:\/\/queretaronetwork.tv\/wp-json\/wp\/v2\/posts"}],"about":[{"href":"https:\/\/queretaronetwork.tv\/wp-json\/wp\/v2\/types\/post"}],"author":[{"embeddable":true,"href":"https:\/\/queretaronetwork.tv\/wp-json\/wp\/v2\/users\/2"}],"replies":[{"embeddable":true,"href":"https:\/\/queretaronetwork.tv\/wp-json\/wp\/v2\/comments?post=6114"}],"version-history":[{"count":1,"href":"https:\/\/queretaronetwork.tv\/wp-json\/wp\/v2\/posts\/6114\/revisions"}],"predecessor-version":[{"id":6118,"href":"https:\/\/queretaronetwork.tv\/wp-json\/wp\/v2\/posts\/6114\/revisions\/6118"}],"wp:featuredmedia":[{"embeddable":true,"href":"https:\/\/queretaronetwork.tv\/wp-json\/wp\/v2\/media\/6116"}],"wp:attachment":[{"href":"https:\/\/queretaronetwork.tv\/wp-json\/wp\/v2\/media?parent=6114"}],"wp:term":[{"taxonomy":"category","embeddable":true,"href":"https:\/\/queretaronetwork.tv\/wp-json\/wp\/v2\/categories?post=6114"},{"taxonomy":"post_tag","embeddable":true,"href":"https:\/\/queretaronetwork.tv\/wp-json\/wp\/v2\/tags?post=6114"}],"curies":[{"name":"wp","href":"https:\/\/api.w.org\/{rel}","templated":true}]}}