{"id":6269,"date":"2020-08-06T18:45:36","date_gmt":"2020-08-06T23:45:36","guid":{"rendered":"http:\/\/queretaronetwork.tv\/?p=6269"},"modified":"2020-08-06T18:45:36","modified_gmt":"2020-08-06T23:45:36","slug":"exhorta-luis-nava-al-uso-de-cubreboca-para-mantener-el-rumbo-de-la-reactivacion-economica","status":"publish","type":"post","link":"https:\/\/queretaronetwork.tv\/exhorta-luis-nava-al-uso-de-cubreboca-para-mantener-el-rumbo-de-la-reactivacion-economica\/","title":{"rendered":"Exhorta Luis Nava al uso de cubreboca para mantener el rumbo de la reactivaci\u00f3n econ\u00f3mica"},"content":{"rendered":"<h4 style=\"text-align: justify;\">\u2022 Recorri\u00f3 Plaza las Am\u00e9ricas para promover las medidas sanitarias y escuchar la experiencia de los comerciantes a lo largo de la pandemia.<\/h4>\n<p style=\"text-align: justify;\">El Presidente Municipal de Quer\u00e9taro, Luis Nava, visit\u00f3 a los comerciantes de Plaza las Am\u00e9ricas para invitarlos a sumarse a la campa\u00f1a de concientizaci\u00f3n sobre el uso de cubreboca y el respeto a las medidas de prevenci\u00f3n del COVID-19, que se realiza en conjunto con la Delegaci\u00f3n Centro Hist\u00f3rico, la C\u00e1mara Nacional de Comercio (CANACO), la C\u00e1mara Nacional de la Industria Restaurantera y Alimentos Condimentados (CANIRAC), y la Asociaci\u00f3n de Comerciantes del Centro Hist\u00f3rico.<\/p>\n<p style=\"text-align: justify;\">\u201cEstamos haciendo una campa\u00f1a de concientizaci\u00f3n sobre el uso de cubreboca, es bien importante que todos nos puedan ayudar en esta campa\u00f1a, que todos seamos solidarios, que seamos responsables, que todos lo usemos y promovamos su uso. Hay que cuidarnos cada uno y hay que cuidarnos entre todos\u201d, manifest\u00f3.<\/p>\n<p style=\"text-align: justify;\">Durante el recorrido Luis Nava reiter\u00f3 que el respeto a las medidas de prevenci\u00f3n sanitaria, como es el uso del cubreboca, permitir\u00e1 que en esta nueva normalidad se puedan mantener los negocios abiertos y seguir avanzando en la reactivaci\u00f3n econ\u00f3mica.<\/p>\n<p style=\"text-align: justify;\">El Alcalde aprovech\u00f3 la ocasi\u00f3n para escuchar a las y los ciudadanos que realizaban sus compras, as\u00ed como a los comerciantes, quienes reconocieron que no ha sido sencillo mantener sus negocios durante esta contingencia ocasionada por el COVID-19, al tiempo de agradecer las acciones emprendidas desde el Municipio de Quer\u00e9taro para hacer frente a la pandemia.<\/p>\n<p style=\"text-align: justify;\">Brigadas de la Coordinaci\u00f3n Municipal de Protecci\u00f3n Civil, de la Delegaci\u00f3n Centro Hist\u00f3rico, as\u00ed como ciudadanos, comerciantes y representantes de la CANACO, CANIRAC y la Asociaci\u00f3n de Comerciantes del Centro Hist\u00f3rico, repartieron cubrebocas e informaci\u00f3n a peatones y automovilistas que transitaban por la zona, a quienes llamaron a cuidarse a s\u00ed mismos para cuidar tambi\u00e9n de los dem\u00e1s.<\/p>\n","protected":false},"excerpt":{"rendered":"<p>\u2022 Recorri\u00f3 Plaza las Am\u00e9ricas para promover las medidas sanitarias y escuchar la experiencia de los comerciantes a<\/p>\n","protected":false},"author":2,"featured_media":6270,"comment_status":"open","ping_status":"closed","sticky":false,"template":"","format":"standard","meta":{"jetpack_post_was_ever_published":false,"_jetpack_newsletter_access":"","_jetpack_dont_email_post_to_subs":false,"_jetpack_newsletter_tier_id":0,"_jetpack_memberships_contains_paywalled_content":false,"_jetpack_memberships_contains_paid_content":false,"footnotes":"","jetpack_publicize_message":"","jetpack_publicize_feature_enabled":true,"jetpack_social_post_already_shared":true,"jetpack_social_options":{"image_generator_settings":{"template":"highway","default_image_id":0,"font":"","enabled":false},"version":2}},"categories":[2,175,102],"tags":[176,203,9,301,19],"class_list":["post-6269","post","type-post","status-publish","format-standard","has-post-thumbnail","hentry","category-local","category-municipio-de-queretaro","category-queretaro","tag-luis-nava","tag-municipio-de-queretaro","tag-qntv","tag-qntvnoticias","tag-queretaro"],"yoast_head":"<!-- This site is optimized with the Yoast SEO plugin v26.4 - https:\/\/yoast.com\/wordpress\/plugins\/seo\/ -->\n<title>Exhorta Luis Nava al uso de cubreboca para mantener el rumbo de la reactivaci\u00f3n econ\u00f3mica -<\/title>\n<meta name=\"robots\" content=\"index, follow, max-snippet:-1, max-image-preview:large, max-video-preview:-1\" \/>\n<link rel=\"canonical\" href=\"https:\/\/queretaronetwork.tv\/exhorta-luis-nava-al-uso-de-cubreboca-para-mantener-el-rumbo-de-la-reactivacion-economica\/\" \/>\n<meta property=\"og:locale\" content=\"es_MX\" \/>\n<meta property=\"og:type\" content=\"article\" \/>\n<meta property=\"og:title\" content=\"Exhorta Luis Nava al uso de cubreboca para mantener el rumbo de la reactivaci\u00f3n econ\u00f3mica -\" \/>\n<meta property=\"og:description\" content=\"\u2022 Recorri\u00f3 Plaza las Am\u00e9ricas para promover las medidas sanitarias y escuchar la experiencia de los comerciantes a\" \/>\n<meta property=\"og:url\" content=\"https:\/\/queretaronetwork.tv\/exhorta-luis-nava-al-uso-de-cubreboca-para-mantener-el-rumbo-de-la-reactivacion-economica\/\" \/>\n<meta property=\"article:publisher\" content=\"https:\/\/www.facebook.com\/QroNTV\/\" \/>\n<meta property=\"article:published_time\" content=\"2020-08-06T23:45:36+00:00\" \/>\n<meta property=\"og:image\" content=\"https:\/\/i0.wp.com\/queretaronetwork.tv\/wp-content\/uploads\/2020\/08\/5082f3de-f20d-46aa-b34b-0452c60054dd.jpg?fit=1280%2C854&ssl=1\" \/>\n\t<meta property=\"og:image:width\" content=\"1280\" \/>\n\t<meta property=\"og:image:height\" content=\"854\" \/>\n\t<meta property=\"og:image:type\" content=\"image\/jpeg\" \/>\n<meta name=\"author\" content=\"Editorial QNTV\" \/>\n<meta name=\"twitter:card\" content=\"summary_large_image\" \/>\n<meta name=\"twitter:creator\" content=\"@QNTV6\" \/>\n<meta name=\"twitter:site\" content=\"@QNTV6\" \/>\n<meta name=\"twitter:label1\" content=\"Escrito por\" \/>\n\t<meta name=\"twitter:data1\" content=\"Editorial QNTV\" \/>\n\t<meta name=\"twitter:label2\" content=\"Tiempo de lectura\" \/>\n\t<meta name=\"twitter:data2\" content=\"2 minutos\" \/>\n<script type=\"application\/ld+json\" class=\"yoast-schema-graph\">{\"@context\":\"https:\/\/schema.org\",\"@graph\":[{\"@type\":\"Article\",\"@id\":\"https:\/\/queretaronetwork.tv\/exhorta-luis-nava-al-uso-de-cubreboca-para-mantener-el-rumbo-de-la-reactivacion-economica\/#article\",\"isPartOf\":{\"@id\":\"https:\/\/queretaronetwork.tv\/exhorta-luis-nava-al-uso-de-cubreboca-para-mantener-el-rumbo-de-la-reactivacion-economica\/\"},\"author\":{\"name\":\"Editorial QNTV\",\"@id\":\"https:\/\/queretaronetwork.tv\/#\/schema\/person\/1200b23397cd8ce55a25cb08ca51b5f2\"},\"headline\":\"Exhorta Luis Nava al uso de cubreboca para mantener el rumbo de la reactivaci\u00f3n econ\u00f3mica\",\"datePublished\":\"2020-08-06T23:45:36+00:00\",\"mainEntityOfPage\":{\"@id\":\"https:\/\/queretaronetwork.tv\/exhorta-luis-nava-al-uso-de-cubreboca-para-mantener-el-rumbo-de-la-reactivacion-economica\/\"},\"wordCount\":345,\"commentCount\":0,\"publisher\":{\"@id\":\"https:\/\/queretaronetwork.tv\/#organization\"},\"image\":{\"@id\":\"https:\/\/queretaronetwork.tv\/exhorta-luis-nava-al-uso-de-cubreboca-para-mantener-el-rumbo-de-la-reactivacion-economica\/#primaryimage\"},\"thumbnailUrl\":\"https:\/\/i0.wp.com\/queretaronetwork.tv\/wp-content\/uploads\/2020\/08\/5082f3de-f20d-46aa-b34b-0452c60054dd.jpg?fit=1280%2C854&ssl=1\",\"keywords\":[\"Luis Nava\",\"municipio de queretaro\",\"qntv\",\"QNTVNoticias\",\"queretaro\"],\"articleSection\":[\"Local\",\"Municipio de Quer\u00e9taro\",\"Quer\u00e9taro\"],\"inLanguage\":\"es\",\"potentialAction\":[{\"@type\":\"CommentAction\",\"name\":\"Comment\",\"target\":[\"https:\/\/queretaronetwork.tv\/exhorta-luis-nava-al-uso-de-cubreboca-para-mantener-el-rumbo-de-la-reactivacion-economica\/#respond\"]}]},{\"@type\":\"WebPage\",\"@id\":\"https:\/\/queretaronetwork.tv\/exhorta-luis-nava-al-uso-de-cubreboca-para-mantener-el-rumbo-de-la-reactivacion-economica\/\",\"url\":\"https:\/\/queretaronetwork.tv\/exhorta-luis-nava-al-uso-de-cubreboca-para-mantener-el-rumbo-de-la-reactivacion-economica\/\",\"name\":\"Exhorta Luis Nava al uso de cubreboca para mantener el rumbo de la reactivaci\u00f3n econ\u00f3mica -\",\"isPartOf\":{\"@id\":\"https:\/\/queretaronetwork.tv\/#website\"},\"primaryImageOfPage\":{\"@id\":\"https:\/\/queretaronetwork.tv\/exhorta-luis-nava-al-uso-de-cubreboca-para-mantener-el-rumbo-de-la-reactivacion-economica\/#primaryimage\"},\"image\":{\"@id\":\"https:\/\/queretaronetwork.tv\/exhorta-luis-nava-al-uso-de-cubreboca-para-mantener-el-rumbo-de-la-reactivacion-economica\/#primaryimage\"},\"thumbnailUrl\":\"https:\/\/i0.wp.com\/queretaronetwork.tv\/wp-content\/uploads\/2020\/08\/5082f3de-f20d-46aa-b34b-0452c60054dd.jpg?fit=1280%2C854&ssl=1\",\"datePublished\":\"2020-08-06T23:45:36+00:00\",\"breadcrumb\":{\"@id\":\"https:\/\/queretaronetwork.tv\/exhorta-luis-nava-al-uso-de-cubreboca-para-mantener-el-rumbo-de-la-reactivacion-economica\/#breadcrumb\"},\"inLanguage\":\"es\",\"potentialAction\":[{\"@type\":\"ReadAction\",\"target\":[\"https:\/\/queretaronetwork.tv\/exhorta-luis-nava-al-uso-de-cubreboca-para-mantener-el-rumbo-de-la-reactivacion-economica\/\"]}]},{\"@type\":\"ImageObject\",\"inLanguage\":\"es\",\"@id\":\"https:\/\/queretaronetwork.tv\/exhorta-luis-nava-al-uso-de-cubreboca-para-mantener-el-rumbo-de-la-reactivacion-economica\/#primaryimage\",\"url\":\"https:\/\/i0.wp.com\/queretaronetwork.tv\/wp-content\/uploads\/2020\/08\/5082f3de-f20d-46aa-b34b-0452c60054dd.jpg?fit=1280%2C854&ssl=1\",\"contentUrl\":\"https:\/\/i0.wp.com\/queretaronetwork.tv\/wp-content\/uploads\/2020\/08\/5082f3de-f20d-46aa-b34b-0452c60054dd.jpg?fit=1280%2C854&ssl=1\",\"width\":1280,\"height\":854},{\"@type\":\"BreadcrumbList\",\"@id\":\"https:\/\/queretaronetwork.tv\/exhorta-luis-nava-al-uso-de-cubreboca-para-mantener-el-rumbo-de-la-reactivacion-economica\/#breadcrumb\",\"itemListElement\":[{\"@type\":\"ListItem\",\"position\":1,\"name\":\"Inicio\",\"item\":\"https:\/\/queretaronetwork.tv\/\"},{\"@type\":\"ListItem\",\"position\":2,\"name\":\"Exhorta Luis Nava al uso de cubreboca para mantener el rumbo de la reactivaci\u00f3n econ\u00f3mica\"}]},{\"@type\":\"WebSite\",\"@id\":\"https:\/\/queretaronetwork.tv\/#website\",\"url\":\"https:\/\/queretaronetwork.tv\/\",\"name\":\"Quer\u00e9taro Network TV\",\"description\":\"Medio de Comunicaci\u00f3n Digital, Noticias y Canal de Tv ONLine\",\"publisher\":{\"@id\":\"https:\/\/queretaronetwork.tv\/#organization\"},\"potentialAction\":[{\"@type\":\"SearchAction\",\"target\":{\"@type\":\"EntryPoint\",\"urlTemplate\":\"https:\/\/queretaronetwork.tv\/?s={search_term_string}\"},\"query-input\":{\"@type\":\"PropertyValueSpecification\",\"valueRequired\":true,\"valueName\":\"search_term_string\"}}],\"inLanguage\":\"es\"},{\"@type\":\"Organization\",\"@id\":\"https:\/\/queretaronetwork.tv\/#organization\",\"name\":\"Quer\u00e9taro Network TV\",\"url\":\"https:\/\/queretaronetwork.tv\/\",\"logo\":{\"@type\":\"ImageObject\",\"inLanguage\":\"es\",\"@id\":\"https:\/\/queretaronetwork.tv\/#\/schema\/logo\/image\/\",\"url\":\"https:\/\/i0.wp.com\/queretaronetwork.tv\/wp-content\/uploads\/2020\/02\/LOGONUEVOCIRCULARQNTV2020-e1595007713656.png?fit=583%2C564&ssl=1\",\"contentUrl\":\"https:\/\/i0.wp.com\/queretaronetwork.tv\/wp-content\/uploads\/2020\/02\/LOGONUEVOCIRCULARQNTV2020-e1595007713656.png?fit=583%2C564&ssl=1\",\"width\":583,\"height\":564,\"caption\":\"Quer\u00e9taro Network TV\"},\"image\":{\"@id\":\"https:\/\/queretaronetwork.tv\/#\/schema\/logo\/image\/\"},\"sameAs\":[\"https:\/\/www.facebook.com\/QroNTV\/\",\"https:\/\/x.com\/QNTV6\",\"https:\/\/www.instagram.com\/queretaronetworktv\/\",\"https:\/\/www.youtube.com\/channel\/UCav1cE_tCaccVZOLJpqZIyA?view_as=subscriber\"]},{\"@type\":\"Person\",\"@id\":\"https:\/\/queretaronetwork.tv\/#\/schema\/person\/1200b23397cd8ce55a25cb08ca51b5f2\",\"name\":\"Editorial QNTV\",\"image\":{\"@type\":\"ImageObject\",\"inLanguage\":\"es\",\"@id\":\"https:\/\/queretaronetwork.tv\/#\/schema\/person\/image\/\",\"url\":\"https:\/\/secure.gravatar.com\/avatar\/c736b7feb12a69c0911796e1381d5be7aa79cd6ca5a0cb325913d75e4c0cdcbd?s=96&d=mm&r=g\",\"contentUrl\":\"https:\/\/secure.gravatar.com\/avatar\/c736b7feb12a69c0911796e1381d5be7aa79cd6ca5a0cb325913d75e4c0cdcbd?s=96&d=mm&r=g\",\"caption\":\"Editorial QNTV\"},\"url\":\"https:\/\/queretaronetwork.tv\/author\/editorial\/\"}]}<\/script>\n<!-- \/ Yoast SEO plugin. -->","yoast_head_json":{"title":"Exhorta Luis Nava al uso de cubreboca para mantener el rumbo de la reactivaci\u00f3n econ\u00f3mica -","robots":{"index":"index","follow":"follow","max-snippet":"max-snippet:-1","max-image-preview":"max-image-preview:large","max-video-preview":"max-video-preview:-1"},"canonical":"https:\/\/queretaronetwork.tv\/exhorta-luis-nava-al-uso-de-cubreboca-para-mantener-el-rumbo-de-la-reactivacion-economica\/","og_locale":"es_MX","og_type":"article","og_title":"Exhorta Luis Nava al uso de cubreboca para mantener el rumbo de la reactivaci\u00f3n econ\u00f3mica -","og_description":"\u2022 Recorri\u00f3 Plaza las Am\u00e9ricas para promover las medidas sanitarias y escuchar la experiencia de los comerciantes a","og_url":"https:\/\/queretaronetwork.tv\/exhorta-luis-nava-al-uso-de-cubreboca-para-mantener-el-rumbo-de-la-reactivacion-economica\/","article_publisher":"https:\/\/www.facebook.com\/QroNTV\/","article_published_time":"2020-08-06T23:45:36+00:00","og_image":[{"width":1280,"height":854,"url":"https:\/\/i0.wp.com\/queretaronetwork.tv\/wp-content\/uploads\/2020\/08\/5082f3de-f20d-46aa-b34b-0452c60054dd.jpg?fit=1280%2C854&ssl=1","type":"image\/jpeg"}],"author":"Editorial QNTV","twitter_card":"summary_large_image","twitter_creator":"@QNTV6","twitter_site":"@QNTV6","twitter_misc":{"Escrito por":"Editorial QNTV","Tiempo de lectura":"2 minutos"},"schema":{"@context":"https:\/\/schema.org","@graph":[{"@type":"Article","@id":"https:\/\/queretaronetwork.tv\/exhorta-luis-nava-al-uso-de-cubreboca-para-mantener-el-rumbo-de-la-reactivacion-economica\/#article","isPartOf":{"@id":"https:\/\/queretaronetwork.tv\/exhorta-luis-nava-al-uso-de-cubreboca-para-mantener-el-rumbo-de-la-reactivacion-economica\/"},"author":{"name":"Editorial QNTV","@id":"https:\/\/queretaronetwork.tv\/#\/schema\/person\/1200b23397cd8ce55a25cb08ca51b5f2"},"headline":"Exhorta Luis Nava al uso de cubreboca para mantener el rumbo de la reactivaci\u00f3n econ\u00f3mica","datePublished":"2020-08-06T23:45:36+00:00","mainEntityOfPage":{"@id":"https:\/\/queretaronetwork.tv\/exhorta-luis-nava-al-uso-de-cubreboca-para-mantener-el-rumbo-de-la-reactivacion-economica\/"},"wordCount":345,"commentCount":0,"publisher":{"@id":"https:\/\/queretaronetwork.tv\/#organization"},"image":{"@id":"https:\/\/queretaronetwork.tv\/exhorta-luis-nava-al-uso-de-cubreboca-para-mantener-el-rumbo-de-la-reactivacion-economica\/#primaryimage"},"thumbnailUrl":"https:\/\/i0.wp.com\/queretaronetwork.tv\/wp-content\/uploads\/2020\/08\/5082f3de-f20d-46aa-b34b-0452c60054dd.jpg?fit=1280%2C854&ssl=1","keywords":["Luis Nava","municipio de queretaro","qntv","QNTVNoticias","queretaro"],"articleSection":["Local","Municipio de Quer\u00e9taro","Quer\u00e9taro"],"inLanguage":"es","potentialAction":[{"@type":"CommentAction","name":"Comment","target":["https:\/\/queretaronetwork.tv\/exhorta-luis-nava-al-uso-de-cubreboca-para-mantener-el-rumbo-de-la-reactivacion-economica\/#respond"]}]},{"@type":"WebPage","@id":"https:\/\/queretaronetwork.tv\/exhorta-luis-nava-al-uso-de-cubreboca-para-mantener-el-rumbo-de-la-reactivacion-economica\/","url":"https:\/\/queretaronetwork.tv\/exhorta-luis-nava-al-uso-de-cubreboca-para-mantener-el-rumbo-de-la-reactivacion-economica\/","name":"Exhorta Luis Nava al uso de cubreboca para mantener el rumbo de la reactivaci\u00f3n econ\u00f3mica -","isPartOf":{"@id":"https:\/\/queretaronetwork.tv\/#website"},"primaryImageOfPage":{"@id":"https:\/\/queretaronetwork.tv\/exhorta-luis-nava-al-uso-de-cubreboca-para-mantener-el-rumbo-de-la-reactivacion-economica\/#primaryimage"},"image":{"@id":"https:\/\/queretaronetwork.tv\/exhorta-luis-nava-al-uso-de-cubreboca-para-mantener-el-rumbo-de-la-reactivacion-economica\/#primaryimage"},"thumbnailUrl":"https:\/\/i0.wp.com\/queretaronetwork.tv\/wp-content\/uploads\/2020\/08\/5082f3de-f20d-46aa-b34b-0452c60054dd.jpg?fit=1280%2C854&ssl=1","datePublished":"2020-08-06T23:45:36+00:00","breadcrumb":{"@id":"https:\/\/queretaronetwork.tv\/exhorta-luis-nava-al-uso-de-cubreboca-para-mantener-el-rumbo-de-la-reactivacion-economica\/#breadcrumb"},"inLanguage":"es","potentialAction":[{"@type":"ReadAction","target":["https:\/\/queretaronetwork.tv\/exhorta-luis-nava-al-uso-de-cubreboca-para-mantener-el-rumbo-de-la-reactivacion-economica\/"]}]},{"@type":"ImageObject","inLanguage":"es","@id":"https:\/\/queretaronetwork.tv\/exhorta-luis-nava-al-uso-de-cubreboca-para-mantener-el-rumbo-de-la-reactivacion-economica\/#primaryimage","url":"https:\/\/i0.wp.com\/queretaronetwork.tv\/wp-content\/uploads\/2020\/08\/5082f3de-f20d-46aa-b34b-0452c60054dd.jpg?fit=1280%2C854&ssl=1","contentUrl":"https:\/\/i0.wp.com\/queretaronetwork.tv\/wp-content\/uploads\/2020\/08\/5082f3de-f20d-46aa-b34b-0452c60054dd.jpg?fit=1280%2C854&ssl=1","width":1280,"height":854},{"@type":"BreadcrumbList","@id":"https:\/\/queretaronetwork.tv\/exhorta-luis-nava-al-uso-de-cubreboca-para-mantener-el-rumbo-de-la-reactivacion-economica\/#breadcrumb","itemListElement":[{"@type":"ListItem","position":1,"name":"Inicio","item":"https:\/\/queretaronetwork.tv\/"},{"@type":"ListItem","position":2,"name":"Exhorta Luis Nava al uso de cubreboca para mantener el rumbo de la reactivaci\u00f3n econ\u00f3mica"}]},{"@type":"WebSite","@id":"https:\/\/queretaronetwork.tv\/#website","url":"https:\/\/queretaronetwork.tv\/","name":"Quer\u00e9taro Network TV","description":"Medio de Comunicaci\u00f3n Digital, Noticias y Canal de Tv ONLine","publisher":{"@id":"https:\/\/queretaronetwork.tv\/#organization"},"potentialAction":[{"@type":"SearchAction","target":{"@type":"EntryPoint","urlTemplate":"https:\/\/queretaronetwork.tv\/?s={search_term_string}"},"query-input":{"@type":"PropertyValueSpecification","valueRequired":true,"valueName":"search_term_string"}}],"inLanguage":"es"},{"@type":"Organization","@id":"https:\/\/queretaronetwork.tv\/#organization","name":"Quer\u00e9taro Network TV","url":"https:\/\/queretaronetwork.tv\/","logo":{"@type":"ImageObject","inLanguage":"es","@id":"https:\/\/queretaronetwork.tv\/#\/schema\/logo\/image\/","url":"https:\/\/i0.wp.com\/queretaronetwork.tv\/wp-content\/uploads\/2020\/02\/LOGONUEVOCIRCULARQNTV2020-e1595007713656.png?fit=583%2C564&ssl=1","contentUrl":"https:\/\/i0.wp.com\/queretaronetwork.tv\/wp-content\/uploads\/2020\/02\/LOGONUEVOCIRCULARQNTV2020-e1595007713656.png?fit=583%2C564&ssl=1","width":583,"height":564,"caption":"Quer\u00e9taro Network TV"},"image":{"@id":"https:\/\/queretaronetwork.tv\/#\/schema\/logo\/image\/"},"sameAs":["https:\/\/www.facebook.com\/QroNTV\/","https:\/\/x.com\/QNTV6","https:\/\/www.instagram.com\/queretaronetworktv\/","https:\/\/www.youtube.com\/channel\/UCav1cE_tCaccVZOLJpqZIyA?view_as=subscriber"]},{"@type":"Person","@id":"https:\/\/queretaronetwork.tv\/#\/schema\/person\/1200b23397cd8ce55a25cb08ca51b5f2","name":"Editorial QNTV","image":{"@type":"ImageObject","inLanguage":"es","@id":"https:\/\/queretaronetwork.tv\/#\/schema\/person\/image\/","url":"https:\/\/secure.gravatar.com\/avatar\/c736b7feb12a69c0911796e1381d5be7aa79cd6ca5a0cb325913d75e4c0cdcbd?s=96&d=mm&r=g","contentUrl":"https:\/\/secure.gravatar.com\/avatar\/c736b7feb12a69c0911796e1381d5be7aa79cd6ca5a0cb325913d75e4c0cdcbd?s=96&d=mm&r=g","caption":"Editorial QNTV"},"url":"https:\/\/queretaronetwork.tv\/author\/editorial\/"}]}},"jetpack_publicize_connections":[],"featured_image_urls":{"full":["https:\/\/i0.wp.com\/queretaronetwork.tv\/wp-content\/uploads\/2020\/08\/5082f3de-f20d-46aa-b34b-0452c60054dd.jpg?fit=1280%2C854&ssl=1",1280,854,false],"thumbnail":["https:\/\/i0.wp.com\/queretaronetwork.tv\/wp-content\/uploads\/2020\/08\/5082f3de-f20d-46aa-b34b-0452c60054dd.jpg?resize=150%2C150&ssl=1",150,150,true],"medium":["https:\/\/i0.wp.com\/queretaronetwork.tv\/wp-content\/uploads\/2020\/08\/5082f3de-f20d-46aa-b34b-0452c60054dd.jpg?fit=300%2C200&ssl=1",300,200,true],"medium_large":["https:\/\/i0.wp.com\/queretaronetwork.tv\/wp-content\/uploads\/2020\/08\/5082f3de-f20d-46aa-b34b-0452c60054dd.jpg?fit=640%2C427&ssl=1",640,427,true],"large":["https:\/\/i0.wp.com\/queretaronetwork.tv\/wp-content\/uploads\/2020\/08\/5082f3de-f20d-46aa-b34b-0452c60054dd.jpg?fit=640%2C427&ssl=1",640,427,true],"1536x1536":["https:\/\/i0.wp.com\/queretaronetwork.tv\/wp-content\/uploads\/2020\/08\/5082f3de-f20d-46aa-b34b-0452c60054dd.jpg?fit=1280%2C854&ssl=1",1280,854,true],"2048x2048":["https:\/\/i0.wp.com\/queretaronetwork.tv\/wp-content\/uploads\/2020\/08\/5082f3de-f20d-46aa-b34b-0452c60054dd.jpg?fit=1280%2C854&ssl=1",1280,854,true],"darknews-slider-full":["https:\/\/i0.wp.com\/queretaronetwork.tv\/wp-content\/uploads\/2020\/08\/5082f3de-f20d-46aa-b34b-0452c60054dd.jpg?resize=1280%2C720&ssl=1",1280,720,true],"darknews-featured":["https:\/\/i0.wp.com\/queretaronetwork.tv\/wp-content\/uploads\/2020\/08\/5082f3de-f20d-46aa-b34b-0452c60054dd.jpg?fit=1024%2C683&ssl=1",1024,683,true],"darknews-medium":["https:\/\/i0.wp.com\/queretaronetwork.tv\/wp-content\/uploads\/2020\/08\/5082f3de-f20d-46aa-b34b-0452c60054dd.jpg?resize=720%2C530&ssl=1",720,530,true],"darknews-medium-square":["https:\/\/i0.wp.com\/queretaronetwork.tv\/wp-content\/uploads\/2020\/08\/5082f3de-f20d-46aa-b34b-0452c60054dd.jpg?resize=350%2C350&ssl=1",350,350,true]},"author_info":{"info":["Editorial QNTV"]},"category_info":"<a href=\"https:\/\/queretaronetwork.tv\/category\/local\/\" rel=\"category tag\">Local<\/a> <a href=\"https:\/\/queretaronetwork.tv\/category\/municipio-de-queretaro\/\" rel=\"category tag\">Municipio de Quer\u00e9taro<\/a> <a href=\"https:\/\/queretaronetwork.tv\/category\/local\/queretaro\/\" rel=\"category tag\">Quer\u00e9taro<\/a>","tag_info":"Quer\u00e9taro","comment_count":"0","jetpack_featured_media_url":"https:\/\/i0.wp.com\/queretaronetwork.tv\/wp-content\/uploads\/2020\/08\/5082f3de-f20d-46aa-b34b-0452c60054dd.jpg?fit=1280%2C854&ssl=1","jetpack_likes_enabled":true,"jetpack-related-posts":[{"id":6309,"url":"https:\/\/queretaronetwork.tv\/si-nos-cuidamos-cada-uno-de-esa-manera-nos-cuidamos-todos-luis-nava\/","url_meta":{"origin":6269,"position":0},"title":"Si nos cuidamos cada uno, de esa manera nos cuidamos todos: Luis Nava","author":"Editorial QNTV","date":"11 agosto, 2020","format":false,"excerpt":"\u2022 El Alcalde visit\u00f3 el Mercado Escobedo para fomentar con los comerciantes el uso de cubreboca y el respeto a las medidas de prevenci\u00f3n sanitaria. El Presidente Municipal de Quer\u00e9taro, Luis Nava, acompa\u00f1ado de su esposa y Presidenta del Patronato del Sistema Municipal DIF, Arah\u00ed Dom\u00ednguez, recorri\u00f3 el Mercado Escobedo\u2026","rel":"","context":"En &quot;Local&quot;","block_context":{"text":"Local","link":"https:\/\/queretaronetwork.tv\/category\/local\/"},"img":{"alt_text":"","src":"https:\/\/i0.wp.com\/queretaronetwork.tv\/wp-content\/uploads\/2020\/08\/ff7c14ca-0ea2-458e-879b-2720549b5f52.jpg?fit=1200%2C799&ssl=1&resize=350%2C200","width":350,"height":200,"srcset":"https:\/\/i0.wp.com\/queretaronetwork.tv\/wp-content\/uploads\/2020\/08\/ff7c14ca-0ea2-458e-879b-2720549b5f52.jpg?fit=1200%2C799&ssl=1&resize=350%2C200 1x, https:\/\/i0.wp.com\/queretaronetwork.tv\/wp-content\/uploads\/2020\/08\/ff7c14ca-0ea2-458e-879b-2720549b5f52.jpg?fit=1200%2C799&ssl=1&resize=525%2C300 1.5x, https:\/\/i0.wp.com\/queretaronetwork.tv\/wp-content\/uploads\/2020\/08\/ff7c14ca-0ea2-458e-879b-2720549b5f52.jpg?fit=1200%2C799&ssl=1&resize=700%2C400 2x, https:\/\/i0.wp.com\/queretaronetwork.tv\/wp-content\/uploads\/2020\/08\/ff7c14ca-0ea2-458e-879b-2720549b5f52.jpg?fit=1200%2C799&ssl=1&resize=1050%2C600 3x"},"classes":[]},{"id":7199,"url":"https:\/\/queretaronetwork.tv\/realizan-ciudadanos-comerciantes-y-autoridades-municipales-la-9na-jornada-de-limpieza-y-concientizacion-del-uso-de-cubreboca\/","url_meta":{"origin":6269,"position":1},"title":"Realizan Ciudadanos, Comerciantes y autoridades municipales la 9na. Jornada de Limpieza y Concientizaci\u00f3n del Uso de Cubreboca","author":"Editorial QNTV","date":"17 diciembre, 2020","format":false,"excerpt":"\u2022 Es un frente com\u00fan para enfrentar a la pandemia y mantener la reactivaci\u00f3n econ\u00f3mica: Salvador Mart\u00ednez. Con la finalidad de mantener la reactivaci\u00f3n econ\u00f3mica a trav\u00e9s de una mayor prevenci\u00f3n de contagios por COVID-19, comerciantes del Centro Hist\u00f3rico y Ciudadanos, con el apoyo del Municipio de Quer\u00e9taro, realizaron la\u2026","rel":"","context":"En &quot;Local&quot;","block_context":{"text":"Local","link":"https:\/\/queretaronetwork.tv\/category\/local\/"},"img":{"alt_text":"","src":"https:\/\/i0.wp.com\/queretaronetwork.tv\/wp-content\/uploads\/2020\/12\/3bdafa54-90ed-4868-b651-caf5f44387c2.jpg?fit=1200%2C800&ssl=1&resize=350%2C200","width":350,"height":200,"srcset":"https:\/\/i0.wp.com\/queretaronetwork.tv\/wp-content\/uploads\/2020\/12\/3bdafa54-90ed-4868-b651-caf5f44387c2.jpg?fit=1200%2C800&ssl=1&resize=350%2C200 1x, https:\/\/i0.wp.com\/queretaronetwork.tv\/wp-content\/uploads\/2020\/12\/3bdafa54-90ed-4868-b651-caf5f44387c2.jpg?fit=1200%2C800&ssl=1&resize=525%2C300 1.5x, https:\/\/i0.wp.com\/queretaronetwork.tv\/wp-content\/uploads\/2020\/12\/3bdafa54-90ed-4868-b651-caf5f44387c2.jpg?fit=1200%2C800&ssl=1&resize=700%2C400 2x, https:\/\/i0.wp.com\/queretaronetwork.tv\/wp-content\/uploads\/2020\/12\/3bdafa54-90ed-4868-b651-caf5f44387c2.jpg?fit=1200%2C800&ssl=1&resize=1050%2C600 3x"},"classes":[]},{"id":6378,"url":"https:\/\/queretaronetwork.tv\/luis-nava-encabezo-jornada-de-promocion-de-uso-de-cubrebocas-en-contra-del-covid-19\/","url_meta":{"origin":6269,"position":2},"title":"Luis Nava encabez\u00f3 jornada de promoci\u00f3n de uso de cubrebocas en contra del COVID-19","author":"Editorial QNTV","date":"16 agosto, 2020","format":false,"excerpt":"\u2022 Comerciantes organizados entregaron m\u00e1s de 2 mil 500 cubrebocas en el Centro Hist\u00f3rico. \u2022 Luis Nava inform\u00f3 que a partir de ma\u00f1ana, QroBici ofrecer\u00e1 su servicio de bicicletas mec\u00e1nicas sin costo por un mes. El Presidente Municipal de Quer\u00e9taro, Luis Nava, en compa\u00f1\u00eda de su esposa y Presidenta del\u2026","rel":"","context":"En &quot;Local&quot;","block_context":{"text":"Local","link":"https:\/\/queretaronetwork.tv\/category\/local\/"},"img":{"alt_text":"","src":"https:\/\/i0.wp.com\/queretaronetwork.tv\/wp-content\/uploads\/2020\/08\/1643d8ef-c656-42d9-9efe-62fd9af49933.jpg?fit=1200%2C799&ssl=1&resize=350%2C200","width":350,"height":200,"srcset":"https:\/\/i0.wp.com\/queretaronetwork.tv\/wp-content\/uploads\/2020\/08\/1643d8ef-c656-42d9-9efe-62fd9af49933.jpg?fit=1200%2C799&ssl=1&resize=350%2C200 1x, https:\/\/i0.wp.com\/queretaronetwork.tv\/wp-content\/uploads\/2020\/08\/1643d8ef-c656-42d9-9efe-62fd9af49933.jpg?fit=1200%2C799&ssl=1&resize=525%2C300 1.5x, https:\/\/i0.wp.com\/queretaronetwork.tv\/wp-content\/uploads\/2020\/08\/1643d8ef-c656-42d9-9efe-62fd9af49933.jpg?fit=1200%2C799&ssl=1&resize=700%2C400 2x, https:\/\/i0.wp.com\/queretaronetwork.tv\/wp-content\/uploads\/2020\/08\/1643d8ef-c656-42d9-9efe-62fd9af49933.jpg?fit=1200%2C799&ssl=1&resize=1050%2C600 3x"},"classes":[]},{"id":6057,"url":"https:\/\/queretaronetwork.tv\/participan-comerciantes-y-ciudadanos-en-la-cuarta-jornada-de-limpieza-del-centro-historico\/","url_meta":{"origin":6269,"position":3},"title":"Participan comerciantes y ciudadanos en la cuarta Jornada de Limpieza del Centro Hist\u00f3rico","author":"Editorial QNTV","date":"17 julio, 2020","format":false,"excerpt":"\u2022 Con apoyo del Municipio de Quer\u00e9taro, emprendieron una campa\u00f1a de promoci\u00f3n de las medidas sanitarias contra el COVID-19. M\u00e1s de 750 comerciantes y vecinos de la Delegaci\u00f3n Centro Hist\u00f3rico salieron esta ma\u00f1ana a la puerta de sus locales y casas para ser parte de la cuarta Jornada de Limpieza\u2026","rel":"","context":"En &quot;Local&quot;","block_context":{"text":"Local","link":"https:\/\/queretaronetwork.tv\/category\/local\/"},"img":{"alt_text":"","src":"https:\/\/i0.wp.com\/queretaronetwork.tv\/wp-content\/uploads\/2020\/07\/5f204807-78d7-4de1-9917-37bcf51a86c9.jpg?fit=1200%2C799&ssl=1&resize=350%2C200","width":350,"height":200,"srcset":"https:\/\/i0.wp.com\/queretaronetwork.tv\/wp-content\/uploads\/2020\/07\/5f204807-78d7-4de1-9917-37bcf51a86c9.jpg?fit=1200%2C799&ssl=1&resize=350%2C200 1x, https:\/\/i0.wp.com\/queretaronetwork.tv\/wp-content\/uploads\/2020\/07\/5f204807-78d7-4de1-9917-37bcf51a86c9.jpg?fit=1200%2C799&ssl=1&resize=525%2C300 1.5x, https:\/\/i0.wp.com\/queretaronetwork.tv\/wp-content\/uploads\/2020\/07\/5f204807-78d7-4de1-9917-37bcf51a86c9.jpg?fit=1200%2C799&ssl=1&resize=700%2C400 2x, https:\/\/i0.wp.com\/queretaronetwork.tv\/wp-content\/uploads\/2020\/07\/5f204807-78d7-4de1-9917-37bcf51a86c9.jpg?fit=1200%2C799&ssl=1&resize=1050%2C600 3x"},"classes":[]},{"id":6499,"url":"https:\/\/queretaronetwork.tv\/recorre-luis-nava-tianguis-nocturno-de-la-colonia-el-marques\/","url_meta":{"origin":6269,"position":4},"title":"Recorre Luis Nava tianguis nocturno de la colonia El Marqu\u00e9s","author":"Editorial QNTV","date":"29 agosto, 2020","format":false,"excerpt":"\u2022 Contin\u00faa campa\u00f1a de concientizaci\u00f3n para el uso de cubreboca, gel antibacterial y sana distancia en contra del COVID-19. \u2022 El respeto a las medidas preventivas, permitir\u00e1 continuar con la reactivaci\u00f3n de la econom\u00eda local, asegura Luis Nava. El Presidente Municipal de Quer\u00e9taro, Luis Nava, en compa\u00f1\u00eda de su esposa\u2026","rel":"","context":"En &quot;Local&quot;","block_context":{"text":"Local","link":"https:\/\/queretaronetwork.tv\/category\/local\/"},"img":{"alt_text":"","src":"https:\/\/i0.wp.com\/queretaronetwork.tv\/wp-content\/uploads\/2020\/08\/0ccfba84-b3b6-4b7b-ba3e-834037cb6f55.jpg?fit=1200%2C800&ssl=1&resize=350%2C200","width":350,"height":200,"srcset":"https:\/\/i0.wp.com\/queretaronetwork.tv\/wp-content\/uploads\/2020\/08\/0ccfba84-b3b6-4b7b-ba3e-834037cb6f55.jpg?fit=1200%2C800&ssl=1&resize=350%2C200 1x, https:\/\/i0.wp.com\/queretaronetwork.tv\/wp-content\/uploads\/2020\/08\/0ccfba84-b3b6-4b7b-ba3e-834037cb6f55.jpg?fit=1200%2C800&ssl=1&resize=525%2C300 1.5x, https:\/\/i0.wp.com\/queretaronetwork.tv\/wp-content\/uploads\/2020\/08\/0ccfba84-b3b6-4b7b-ba3e-834037cb6f55.jpg?fit=1200%2C800&ssl=1&resize=700%2C400 2x, https:\/\/i0.wp.com\/queretaronetwork.tv\/wp-content\/uploads\/2020\/08\/0ccfba84-b3b6-4b7b-ba3e-834037cb6f55.jpg?fit=1200%2C800&ssl=1&resize=1050%2C600 3x"},"classes":[]},{"id":6330,"url":"https:\/\/queretaronetwork.tv\/municipio-de-queretaro-tendra-jornada-masiva-de-entrega-de-cubrebocas-e-informacion-contra-el-covid-19\/","url_meta":{"origin":6269,"position":5},"title":"Municipio de Quer\u00e9taro tendr\u00e1 jornada masiva de entrega de cubrebocas e informaci\u00f3n contra el COVID-19","author":"Editorial QNTV","date":"13 agosto, 2020","format":false,"excerpt":"\u2022 Tambi\u00e9n se realizar\u00e1 la quinta jornada de Limpieza en el Centro Hist\u00f3rico. \u2022 Organismos empresariales y Municipio de Quer\u00e9taro unidos por la salud y econom\u00eda de la poblaci\u00f3n. En un esfuerzo coordinado entre la Delegaci\u00f3n Centro Hist\u00f3rico, la C\u00e1mara Nacional de Comercio (CANACO-Quer\u00e9taro), la C\u00e1mara Nacional de la Industria\u2026","rel":"","context":"En &quot;Local&quot;","block_context":{"text":"Local","link":"https:\/\/queretaronetwork.tv\/category\/local\/"},"img":{"alt_text":"","src":"https:\/\/i0.wp.com\/queretaronetwork.tv\/wp-content\/uploads\/2020\/08\/e1db458c-3447-4f19-8d70-f21f558bf49d.jpg?fit=1200%2C799&ssl=1&resize=350%2C200","width":350,"height":200,"srcset":"https:\/\/i0.wp.com\/queretaronetwork.tv\/wp-content\/uploads\/2020\/08\/e1db458c-3447-4f19-8d70-f21f558bf49d.jpg?fit=1200%2C799&ssl=1&resize=350%2C200 1x, https:\/\/i0.wp.com\/queretaronetwork.tv\/wp-content\/uploads\/2020\/08\/e1db458c-3447-4f19-8d70-f21f558bf49d.jpg?fit=1200%2C799&ssl=1&resize=525%2C300 1.5x, https:\/\/i0.wp.com\/queretaronetwork.tv\/wp-content\/uploads\/2020\/08\/e1db458c-3447-4f19-8d70-f21f558bf49d.jpg?fit=1200%2C799&ssl=1&resize=700%2C400 2x, https:\/\/i0.wp.com\/queretaronetwork.tv\/wp-content\/uploads\/2020\/08\/e1db458c-3447-4f19-8d70-f21f558bf49d.jpg?fit=1200%2C799&ssl=1&resize=1050%2C600 3x"},"classes":[]}],"jetpack_sharing_enabled":true,"jetpack_shortlink":"https:\/\/wp.me\/pardhb-1D7","_links":{"self":[{"href":"https:\/\/queretaronetwork.tv\/wp-json\/wp\/v2\/posts\/6269","targetHints":{"allow":["GET"]}}],"collection":[{"href":"https:\/\/queretaronetwork.tv\/wp-json\/wp\/v2\/posts"}],"about":[{"href":"https:\/\/queretaronetwork.tv\/wp-json\/wp\/v2\/types\/post"}],"author":[{"embeddable":true,"href":"https:\/\/queretaronetwork.tv\/wp-json\/wp\/v2\/users\/2"}],"replies":[{"embeddable":true,"href":"https:\/\/queretaronetwork.tv\/wp-json\/wp\/v2\/comments?post=6269"}],"version-history":[{"count":1,"href":"https:\/\/queretaronetwork.tv\/wp-json\/wp\/v2\/posts\/6269\/revisions"}],"predecessor-version":[{"id":6271,"href":"https:\/\/queretaronetwork.tv\/wp-json\/wp\/v2\/posts\/6269\/revisions\/6271"}],"wp:featuredmedia":[{"embeddable":true,"href":"https:\/\/queretaronetwork.tv\/wp-json\/wp\/v2\/media\/6270"}],"wp:attachment":[{"href":"https:\/\/queretaronetwork.tv\/wp-json\/wp\/v2\/media?parent=6269"}],"wp:term":[{"taxonomy":"category","embeddable":true,"href":"https:\/\/queretaronetwork.tv\/wp-json\/wp\/v2\/categories?post=6269"},{"taxonomy":"post_tag","embeddable":true,"href":"https:\/\/queretaronetwork.tv\/wp-json\/wp\/v2\/tags?post=6269"}],"curies":[{"name":"wp","href":"https:\/\/api.w.org\/{rel}","templated":true}]}}