{"id":7668,"date":"2021-03-08T13:10:40","date_gmt":"2021-03-08T19:10:40","guid":{"rendered":"https:\/\/queretaronetwork.tv\/?p=7668"},"modified":"2021-03-08T13:12:20","modified_gmt":"2021-03-08T19:12:20","slug":"nuevo-hospital-general-de-queretaro-esta-listo-para-atender-urgencias","status":"publish","type":"post","link":"https:\/\/queretaronetwork.tv\/nuevo-hospital-general-de-queretaro-esta-listo-para-atender-urgencias\/","title":{"rendered":"Nuevo Hospital General de Quer\u00e9taro est\u00e1 listo para atender urgencias"},"content":{"rendered":"<p>La Secretar\u00eda de Salud del Estado de Quer\u00e9taro informa que a partir de las 8:00 horas del lunes 8 de marzo comenzar\u00e1 el servicio de Urgencias a personas adultas en el nuevo Hospital General de Quer\u00e9taro.<\/p>\n<p>Para recibir esa consulta los pacientes deber\u00e1n presentarse previamente a una prueba r\u00e1pida para detectar posibles indicios de enfermedad respiratoria.<\/p>\n<p>Si la prueba para detectar posibles indicios de infecci\u00f3n respiratoria resulta negativa, el paciente pasar\u00e1 al servicio de Urgencias del nuevo Hospital General, en caso de ser positiva, entonces ser\u00e1 remitido al antiguo Hospital General de Quer\u00e9taro, reconvertido a hospital COVID desde marzo de 2020.<\/p>\n<p>Las pruebas se llevar\u00e1n a cabo a partir del lunes en la unidad m\u00e9dica m\u00f3vil \u201cM\u00f3dulo Respiratorio\u201d, ubicada de forma permanente en la puerta del servicio de Urgencias y operada por personal m\u00e9dico.<\/p>\n<p>Un segundo filtro ser\u00e1 el Triage, donde se valorar\u00e1 y se determinar\u00e1 el nivel de la urgencia.<\/p>\n<p>Urgencias del nuevo Hospital General de Quer\u00e9taro cuenta con un \u00e1rea de acceso para ambulancias; \u00e1rea de descontaminaci\u00f3n, dado que algunos otros pacientes llegan por accidente de car\u00e1cter industrial, y un \u00e1rea de choque para reanimar al paciente grave.<\/p>\n<p>El servicio de Urgencias del Hospital General de Quer\u00e9taro se divide en urgencias mayores y urgencias menores, con un total de 50 camillas, adem\u00e1s de un quir\u00f3fano con tecnolog\u00eda de punta.<\/p>\n","protected":false},"excerpt":{"rendered":"<p>La Secretar\u00eda de Salud del Estado de Quer\u00e9taro informa que a partir de las 8:00 horas del lunes<\/p>\n","protected":false},"author":2,"featured_media":7672,"comment_status":"open","ping_status":"closed","sticky":false,"template":"","format":"standard","meta":{"jetpack_post_was_ever_published":false,"_jetpack_newsletter_access":"","_jetpack_dont_email_post_to_subs":false,"_jetpack_newsletter_tier_id":0,"_jetpack_memberships_contains_paywalled_content":false,"_jetpack_memberships_contains_paid_content":false,"footnotes":"","jetpack_publicize_message":"","jetpack_publicize_feature_enabled":true,"jetpack_social_post_already_shared":true,"jetpack_social_options":{"image_generator_settings":{"template":"highway","default_image_id":0,"font":"","enabled":false},"version":2}},"categories":[2,102],"tags":[2149],"class_list":["post-7668","post","type-post","status-publish","format-standard","has-post-thumbnail","hentry","category-local","category-queretaro","tag-nuevo-hospital-general-de-queretaro-esta-listo-para-atender-urgencias"],"yoast_head":"<!-- This site is optimized with the Yoast SEO plugin v26.4 - https:\/\/yoast.com\/wordpress\/plugins\/seo\/ -->\n<title>Nuevo Hospital General de Quer\u00e9taro est\u00e1 listo para atender urgencias -<\/title>\n<meta name=\"description\" content=\"La Secretar\u00eda de Salud del Estado de Quer\u00e9taro informa que a partir de las 8:00 horas del lunes 8 de marzo comenzar\u00e1 el servicio de Urgencias a personas adultas en el nuevo Hospital General de Quer\u00e9taro.\" \/>\n<meta name=\"robots\" content=\"index, follow, max-snippet:-1, max-image-preview:large, max-video-preview:-1\" \/>\n<link rel=\"canonical\" href=\"https:\/\/queretaronetwork.tv\/nuevo-hospital-general-de-queretaro-esta-listo-para-atender-urgencias\/\" \/>\n<meta property=\"og:locale\" content=\"es_MX\" \/>\n<meta property=\"og:type\" content=\"article\" \/>\n<meta property=\"og:title\" content=\"Nuevo Hospital General de Quer\u00e9taro est\u00e1 listo para atender urgencias -\" \/>\n<meta property=\"og:description\" content=\"La Secretar\u00eda de Salud del Estado de Quer\u00e9taro informa que a partir de las 8:00 horas del lunes 8 de marzo comenzar\u00e1 el servicio de Urgencias a personas adultas en el nuevo Hospital General de Quer\u00e9taro.\" \/>\n<meta property=\"og:url\" content=\"https:\/\/queretaronetwork.tv\/nuevo-hospital-general-de-queretaro-esta-listo-para-atender-urgencias\/\" \/>\n<meta property=\"article:publisher\" content=\"https:\/\/www.facebook.com\/QroNTV\/\" \/>\n<meta property=\"article:published_time\" content=\"2021-03-08T19:10:40+00:00\" \/>\n<meta property=\"article:modified_time\" content=\"2021-03-08T19:12:20+00:00\" \/>\n<meta property=\"og:image\" content=\"https:\/\/i0.wp.com\/queretaronetwork.tv\/wp-content\/uploads\/2021\/03\/71_273_32410_517256917_1A4F0F36-E0F0-4583-85B8-D4212E1D90BD.jpeg?fit=1536%2C1507&ssl=1\" \/>\n\t<meta property=\"og:image:width\" content=\"1536\" \/>\n\t<meta property=\"og:image:height\" content=\"1507\" \/>\n\t<meta property=\"og:image:type\" content=\"image\/jpeg\" \/>\n<meta name=\"author\" content=\"Editorial QNTV\" \/>\n<meta name=\"twitter:card\" content=\"summary_large_image\" \/>\n<meta name=\"twitter:creator\" content=\"@QNTV6\" \/>\n<meta name=\"twitter:site\" content=\"@QNTV6\" \/>\n<meta name=\"twitter:label1\" content=\"Escrito por\" \/>\n\t<meta name=\"twitter:data1\" content=\"Editorial QNTV\" \/>\n\t<meta name=\"twitter:label2\" content=\"Tiempo de lectura\" \/>\n\t<meta name=\"twitter:data2\" content=\"1 minuto\" \/>\n<script type=\"application\/ld+json\" class=\"yoast-schema-graph\">{\"@context\":\"https:\/\/schema.org\",\"@graph\":[{\"@type\":\"Article\",\"@id\":\"https:\/\/queretaronetwork.tv\/nuevo-hospital-general-de-queretaro-esta-listo-para-atender-urgencias\/#article\",\"isPartOf\":{\"@id\":\"https:\/\/queretaronetwork.tv\/nuevo-hospital-general-de-queretaro-esta-listo-para-atender-urgencias\/\"},\"author\":{\"name\":\"Editorial QNTV\",\"@id\":\"https:\/\/queretaronetwork.tv\/#\/schema\/person\/1200b23397cd8ce55a25cb08ca51b5f2\"},\"headline\":\"Nuevo Hospital General de Quer\u00e9taro est\u00e1 listo para atender urgencias\",\"datePublished\":\"2021-03-08T19:10:40+00:00\",\"dateModified\":\"2021-03-08T19:12:20+00:00\",\"mainEntityOfPage\":{\"@id\":\"https:\/\/queretaronetwork.tv\/nuevo-hospital-general-de-queretaro-esta-listo-para-atender-urgencias\/\"},\"wordCount\":247,\"commentCount\":0,\"publisher\":{\"@id\":\"https:\/\/queretaronetwork.tv\/#organization\"},\"image\":{\"@id\":\"https:\/\/queretaronetwork.tv\/nuevo-hospital-general-de-queretaro-esta-listo-para-atender-urgencias\/#primaryimage\"},\"thumbnailUrl\":\"https:\/\/i0.wp.com\/queretaronetwork.tv\/wp-content\/uploads\/2021\/03\/71_273_32410_517256917_1A4F0F36-E0F0-4583-85B8-D4212E1D90BD.jpeg?fit=1536%2C1507&ssl=1\",\"keywords\":[\"Nuevo Hospital General de Quer\u00e9taro est\u00e1 listo para atender urgencias\"],\"articleSection\":[\"Local\",\"Quer\u00e9taro\"],\"inLanguage\":\"es\",\"potentialAction\":[{\"@type\":\"CommentAction\",\"name\":\"Comment\",\"target\":[\"https:\/\/queretaronetwork.tv\/nuevo-hospital-general-de-queretaro-esta-listo-para-atender-urgencias\/#respond\"]}]},{\"@type\":\"WebPage\",\"@id\":\"https:\/\/queretaronetwork.tv\/nuevo-hospital-general-de-queretaro-esta-listo-para-atender-urgencias\/\",\"url\":\"https:\/\/queretaronetwork.tv\/nuevo-hospital-general-de-queretaro-esta-listo-para-atender-urgencias\/\",\"name\":\"Nuevo Hospital General de Quer\u00e9taro est\u00e1 listo para atender urgencias -\",\"isPartOf\":{\"@id\":\"https:\/\/queretaronetwork.tv\/#website\"},\"primaryImageOfPage\":{\"@id\":\"https:\/\/queretaronetwork.tv\/nuevo-hospital-general-de-queretaro-esta-listo-para-atender-urgencias\/#primaryimage\"},\"image\":{\"@id\":\"https:\/\/queretaronetwork.tv\/nuevo-hospital-general-de-queretaro-esta-listo-para-atender-urgencias\/#primaryimage\"},\"thumbnailUrl\":\"https:\/\/i0.wp.com\/queretaronetwork.tv\/wp-content\/uploads\/2021\/03\/71_273_32410_517256917_1A4F0F36-E0F0-4583-85B8-D4212E1D90BD.jpeg?fit=1536%2C1507&ssl=1\",\"datePublished\":\"2021-03-08T19:10:40+00:00\",\"dateModified\":\"2021-03-08T19:12:20+00:00\",\"description\":\"La Secretar\u00eda de Salud del Estado de Quer\u00e9taro informa que a partir de las 8:00 horas del lunes 8 de marzo comenzar\u00e1 el servicio de Urgencias a personas adultas en el nuevo Hospital General de Quer\u00e9taro.\",\"breadcrumb\":{\"@id\":\"https:\/\/queretaronetwork.tv\/nuevo-hospital-general-de-queretaro-esta-listo-para-atender-urgencias\/#breadcrumb\"},\"inLanguage\":\"es\",\"potentialAction\":[{\"@type\":\"ReadAction\",\"target\":[\"https:\/\/queretaronetwork.tv\/nuevo-hospital-general-de-queretaro-esta-listo-para-atender-urgencias\/\"]}]},{\"@type\":\"ImageObject\",\"inLanguage\":\"es\",\"@id\":\"https:\/\/queretaronetwork.tv\/nuevo-hospital-general-de-queretaro-esta-listo-para-atender-urgencias\/#primaryimage\",\"url\":\"https:\/\/i0.wp.com\/queretaronetwork.tv\/wp-content\/uploads\/2021\/03\/71_273_32410_517256917_1A4F0F36-E0F0-4583-85B8-D4212E1D90BD.jpeg?fit=1536%2C1507&ssl=1\",\"contentUrl\":\"https:\/\/i0.wp.com\/queretaronetwork.tv\/wp-content\/uploads\/2021\/03\/71_273_32410_517256917_1A4F0F36-E0F0-4583-85B8-D4212E1D90BD.jpeg?fit=1536%2C1507&ssl=1\",\"width\":1536,\"height\":1507},{\"@type\":\"BreadcrumbList\",\"@id\":\"https:\/\/queretaronetwork.tv\/nuevo-hospital-general-de-queretaro-esta-listo-para-atender-urgencias\/#breadcrumb\",\"itemListElement\":[{\"@type\":\"ListItem\",\"position\":1,\"name\":\"Inicio\",\"item\":\"https:\/\/queretaronetwork.tv\/\"},{\"@type\":\"ListItem\",\"position\":2,\"name\":\"Nuevo Hospital General de Quer\u00e9taro est\u00e1 listo para atender urgencias\"}]},{\"@type\":\"WebSite\",\"@id\":\"https:\/\/queretaronetwork.tv\/#website\",\"url\":\"https:\/\/queretaronetwork.tv\/\",\"name\":\"Quer\u00e9taro Network TV\",\"description\":\"Medio de Comunicaci\u00f3n Digital, Noticias y Canal de Tv ONLine\",\"publisher\":{\"@id\":\"https:\/\/queretaronetwork.tv\/#organization\"},\"potentialAction\":[{\"@type\":\"SearchAction\",\"target\":{\"@type\":\"EntryPoint\",\"urlTemplate\":\"https:\/\/queretaronetwork.tv\/?s={search_term_string}\"},\"query-input\":{\"@type\":\"PropertyValueSpecification\",\"valueRequired\":true,\"valueName\":\"search_term_string\"}}],\"inLanguage\":\"es\"},{\"@type\":\"Organization\",\"@id\":\"https:\/\/queretaronetwork.tv\/#organization\",\"name\":\"Quer\u00e9taro Network TV\",\"url\":\"https:\/\/queretaronetwork.tv\/\",\"logo\":{\"@type\":\"ImageObject\",\"inLanguage\":\"es\",\"@id\":\"https:\/\/queretaronetwork.tv\/#\/schema\/logo\/image\/\",\"url\":\"https:\/\/i0.wp.com\/queretaronetwork.tv\/wp-content\/uploads\/2020\/02\/LOGONUEVOCIRCULARQNTV2020-e1595007713656.png?fit=583%2C564&ssl=1\",\"contentUrl\":\"https:\/\/i0.wp.com\/queretaronetwork.tv\/wp-content\/uploads\/2020\/02\/LOGONUEVOCIRCULARQNTV2020-e1595007713656.png?fit=583%2C564&ssl=1\",\"width\":583,\"height\":564,\"caption\":\"Quer\u00e9taro Network TV\"},\"image\":{\"@id\":\"https:\/\/queretaronetwork.tv\/#\/schema\/logo\/image\/\"},\"sameAs\":[\"https:\/\/www.facebook.com\/QroNTV\/\",\"https:\/\/x.com\/QNTV6\",\"https:\/\/www.instagram.com\/queretaronetworktv\/\",\"https:\/\/www.youtube.com\/channel\/UCav1cE_tCaccVZOLJpqZIyA?view_as=subscriber\"]},{\"@type\":\"Person\",\"@id\":\"https:\/\/queretaronetwork.tv\/#\/schema\/person\/1200b23397cd8ce55a25cb08ca51b5f2\",\"name\":\"Editorial QNTV\",\"image\":{\"@type\":\"ImageObject\",\"inLanguage\":\"es\",\"@id\":\"https:\/\/queretaronetwork.tv\/#\/schema\/person\/image\/\",\"url\":\"https:\/\/secure.gravatar.com\/avatar\/c736b7feb12a69c0911796e1381d5be7aa79cd6ca5a0cb325913d75e4c0cdcbd?s=96&d=mm&r=g\",\"contentUrl\":\"https:\/\/secure.gravatar.com\/avatar\/c736b7feb12a69c0911796e1381d5be7aa79cd6ca5a0cb325913d75e4c0cdcbd?s=96&d=mm&r=g\",\"caption\":\"Editorial QNTV\"},\"url\":\"https:\/\/queretaronetwork.tv\/author\/editorial\/\"}]}<\/script>\n<!-- \/ Yoast SEO plugin. -->","yoast_head_json":{"title":"Nuevo Hospital General de Quer\u00e9taro est\u00e1 listo para atender urgencias -","description":"La Secretar\u00eda de Salud del Estado de Quer\u00e9taro informa que a partir de las 8:00 horas del lunes 8 de marzo comenzar\u00e1 el servicio de Urgencias a personas adultas en el nuevo Hospital General de Quer\u00e9taro.","robots":{"index":"index","follow":"follow","max-snippet":"max-snippet:-1","max-image-preview":"max-image-preview:large","max-video-preview":"max-video-preview:-1"},"canonical":"https:\/\/queretaronetwork.tv\/nuevo-hospital-general-de-queretaro-esta-listo-para-atender-urgencias\/","og_locale":"es_MX","og_type":"article","og_title":"Nuevo Hospital General de Quer\u00e9taro est\u00e1 listo para atender urgencias -","og_description":"La Secretar\u00eda de Salud del Estado de Quer\u00e9taro informa que a partir de las 8:00 horas del lunes 8 de marzo comenzar\u00e1 el servicio de Urgencias a personas adultas en el nuevo Hospital General de Quer\u00e9taro.","og_url":"https:\/\/queretaronetwork.tv\/nuevo-hospital-general-de-queretaro-esta-listo-para-atender-urgencias\/","article_publisher":"https:\/\/www.facebook.com\/QroNTV\/","article_published_time":"2021-03-08T19:10:40+00:00","article_modified_time":"2021-03-08T19:12:20+00:00","og_image":[{"width":1536,"height":1507,"url":"https:\/\/i0.wp.com\/queretaronetwork.tv\/wp-content\/uploads\/2021\/03\/71_273_32410_517256917_1A4F0F36-E0F0-4583-85B8-D4212E1D90BD.jpeg?fit=1536%2C1507&ssl=1","type":"image\/jpeg"}],"author":"Editorial QNTV","twitter_card":"summary_large_image","twitter_creator":"@QNTV6","twitter_site":"@QNTV6","twitter_misc":{"Escrito por":"Editorial QNTV","Tiempo de lectura":"1 minuto"},"schema":{"@context":"https:\/\/schema.org","@graph":[{"@type":"Article","@id":"https:\/\/queretaronetwork.tv\/nuevo-hospital-general-de-queretaro-esta-listo-para-atender-urgencias\/#article","isPartOf":{"@id":"https:\/\/queretaronetwork.tv\/nuevo-hospital-general-de-queretaro-esta-listo-para-atender-urgencias\/"},"author":{"name":"Editorial QNTV","@id":"https:\/\/queretaronetwork.tv\/#\/schema\/person\/1200b23397cd8ce55a25cb08ca51b5f2"},"headline":"Nuevo Hospital General de Quer\u00e9taro est\u00e1 listo para atender urgencias","datePublished":"2021-03-08T19:10:40+00:00","dateModified":"2021-03-08T19:12:20+00:00","mainEntityOfPage":{"@id":"https:\/\/queretaronetwork.tv\/nuevo-hospital-general-de-queretaro-esta-listo-para-atender-urgencias\/"},"wordCount":247,"commentCount":0,"publisher":{"@id":"https:\/\/queretaronetwork.tv\/#organization"},"image":{"@id":"https:\/\/queretaronetwork.tv\/nuevo-hospital-general-de-queretaro-esta-listo-para-atender-urgencias\/#primaryimage"},"thumbnailUrl":"https:\/\/i0.wp.com\/queretaronetwork.tv\/wp-content\/uploads\/2021\/03\/71_273_32410_517256917_1A4F0F36-E0F0-4583-85B8-D4212E1D90BD.jpeg?fit=1536%2C1507&ssl=1","keywords":["Nuevo Hospital General de Quer\u00e9taro est\u00e1 listo para atender urgencias"],"articleSection":["Local","Quer\u00e9taro"],"inLanguage":"es","potentialAction":[{"@type":"CommentAction","name":"Comment","target":["https:\/\/queretaronetwork.tv\/nuevo-hospital-general-de-queretaro-esta-listo-para-atender-urgencias\/#respond"]}]},{"@type":"WebPage","@id":"https:\/\/queretaronetwork.tv\/nuevo-hospital-general-de-queretaro-esta-listo-para-atender-urgencias\/","url":"https:\/\/queretaronetwork.tv\/nuevo-hospital-general-de-queretaro-esta-listo-para-atender-urgencias\/","name":"Nuevo Hospital General de Quer\u00e9taro est\u00e1 listo para atender urgencias -","isPartOf":{"@id":"https:\/\/queretaronetwork.tv\/#website"},"primaryImageOfPage":{"@id":"https:\/\/queretaronetwork.tv\/nuevo-hospital-general-de-queretaro-esta-listo-para-atender-urgencias\/#primaryimage"},"image":{"@id":"https:\/\/queretaronetwork.tv\/nuevo-hospital-general-de-queretaro-esta-listo-para-atender-urgencias\/#primaryimage"},"thumbnailUrl":"https:\/\/i0.wp.com\/queretaronetwork.tv\/wp-content\/uploads\/2021\/03\/71_273_32410_517256917_1A4F0F36-E0F0-4583-85B8-D4212E1D90BD.jpeg?fit=1536%2C1507&ssl=1","datePublished":"2021-03-08T19:10:40+00:00","dateModified":"2021-03-08T19:12:20+00:00","description":"La Secretar\u00eda de Salud del Estado de Quer\u00e9taro informa que a partir de las 8:00 horas del lunes 8 de marzo comenzar\u00e1 el servicio de Urgencias a personas adultas en el nuevo Hospital General de Quer\u00e9taro.","breadcrumb":{"@id":"https:\/\/queretaronetwork.tv\/nuevo-hospital-general-de-queretaro-esta-listo-para-atender-urgencias\/#breadcrumb"},"inLanguage":"es","potentialAction":[{"@type":"ReadAction","target":["https:\/\/queretaronetwork.tv\/nuevo-hospital-general-de-queretaro-esta-listo-para-atender-urgencias\/"]}]},{"@type":"ImageObject","inLanguage":"es","@id":"https:\/\/queretaronetwork.tv\/nuevo-hospital-general-de-queretaro-esta-listo-para-atender-urgencias\/#primaryimage","url":"https:\/\/i0.wp.com\/queretaronetwork.tv\/wp-content\/uploads\/2021\/03\/71_273_32410_517256917_1A4F0F36-E0F0-4583-85B8-D4212E1D90BD.jpeg?fit=1536%2C1507&ssl=1","contentUrl":"https:\/\/i0.wp.com\/queretaronetwork.tv\/wp-content\/uploads\/2021\/03\/71_273_32410_517256917_1A4F0F36-E0F0-4583-85B8-D4212E1D90BD.jpeg?fit=1536%2C1507&ssl=1","width":1536,"height":1507},{"@type":"BreadcrumbList","@id":"https:\/\/queretaronetwork.tv\/nuevo-hospital-general-de-queretaro-esta-listo-para-atender-urgencias\/#breadcrumb","itemListElement":[{"@type":"ListItem","position":1,"name":"Inicio","item":"https:\/\/queretaronetwork.tv\/"},{"@type":"ListItem","position":2,"name":"Nuevo Hospital General de Quer\u00e9taro est\u00e1 listo para atender urgencias"}]},{"@type":"WebSite","@id":"https:\/\/queretaronetwork.tv\/#website","url":"https:\/\/queretaronetwork.tv\/","name":"Quer\u00e9taro Network TV","description":"Medio de Comunicaci\u00f3n Digital, Noticias y Canal de Tv ONLine","publisher":{"@id":"https:\/\/queretaronetwork.tv\/#organization"},"potentialAction":[{"@type":"SearchAction","target":{"@type":"EntryPoint","urlTemplate":"https:\/\/queretaronetwork.tv\/?s={search_term_string}"},"query-input":{"@type":"PropertyValueSpecification","valueRequired":true,"valueName":"search_term_string"}}],"inLanguage":"es"},{"@type":"Organization","@id":"https:\/\/queretaronetwork.tv\/#organization","name":"Quer\u00e9taro Network TV","url":"https:\/\/queretaronetwork.tv\/","logo":{"@type":"ImageObject","inLanguage":"es","@id":"https:\/\/queretaronetwork.tv\/#\/schema\/logo\/image\/","url":"https:\/\/i0.wp.com\/queretaronetwork.tv\/wp-content\/uploads\/2020\/02\/LOGONUEVOCIRCULARQNTV2020-e1595007713656.png?fit=583%2C564&ssl=1","contentUrl":"https:\/\/i0.wp.com\/queretaronetwork.tv\/wp-content\/uploads\/2020\/02\/LOGONUEVOCIRCULARQNTV2020-e1595007713656.png?fit=583%2C564&ssl=1","width":583,"height":564,"caption":"Quer\u00e9taro Network TV"},"image":{"@id":"https:\/\/queretaronetwork.tv\/#\/schema\/logo\/image\/"},"sameAs":["https:\/\/www.facebook.com\/QroNTV\/","https:\/\/x.com\/QNTV6","https:\/\/www.instagram.com\/queretaronetworktv\/","https:\/\/www.youtube.com\/channel\/UCav1cE_tCaccVZOLJpqZIyA?view_as=subscriber"]},{"@type":"Person","@id":"https:\/\/queretaronetwork.tv\/#\/schema\/person\/1200b23397cd8ce55a25cb08ca51b5f2","name":"Editorial QNTV","image":{"@type":"ImageObject","inLanguage":"es","@id":"https:\/\/queretaronetwork.tv\/#\/schema\/person\/image\/","url":"https:\/\/secure.gravatar.com\/avatar\/c736b7feb12a69c0911796e1381d5be7aa79cd6ca5a0cb325913d75e4c0cdcbd?s=96&d=mm&r=g","contentUrl":"https:\/\/secure.gravatar.com\/avatar\/c736b7feb12a69c0911796e1381d5be7aa79cd6ca5a0cb325913d75e4c0cdcbd?s=96&d=mm&r=g","caption":"Editorial QNTV"},"url":"https:\/\/queretaronetwork.tv\/author\/editorial\/"}]}},"jetpack_publicize_connections":[],"featured_image_urls":{"full":["https:\/\/i0.wp.com\/queretaronetwork.tv\/wp-content\/uploads\/2021\/03\/71_273_32410_517256917_1A4F0F36-E0F0-4583-85B8-D4212E1D90BD.jpeg?fit=1536%2C1507&ssl=1",1536,1507,false],"thumbnail":["https:\/\/i0.wp.com\/queretaronetwork.tv\/wp-content\/uploads\/2021\/03\/71_273_32410_517256917_1A4F0F36-E0F0-4583-85B8-D4212E1D90BD.jpeg?resize=150%2C150&ssl=1",150,150,true],"medium":["https:\/\/i0.wp.com\/queretaronetwork.tv\/wp-content\/uploads\/2021\/03\/71_273_32410_517256917_1A4F0F36-E0F0-4583-85B8-D4212E1D90BD.jpeg?fit=300%2C294&ssl=1",300,294,true],"medium_large":["https:\/\/i0.wp.com\/queretaronetwork.tv\/wp-content\/uploads\/2021\/03\/71_273_32410_517256917_1A4F0F36-E0F0-4583-85B8-D4212E1D90BD.jpeg?fit=640%2C628&ssl=1",640,628,true],"large":["https:\/\/i0.wp.com\/queretaronetwork.tv\/wp-content\/uploads\/2021\/03\/71_273_32410_517256917_1A4F0F36-E0F0-4583-85B8-D4212E1D90BD.jpeg?fit=640%2C628&ssl=1",640,628,true],"1536x1536":["https:\/\/i0.wp.com\/queretaronetwork.tv\/wp-content\/uploads\/2021\/03\/71_273_32410_517256917_1A4F0F36-E0F0-4583-85B8-D4212E1D90BD.jpeg?fit=1536%2C1507&ssl=1",1536,1507,true],"2048x2048":["https:\/\/i0.wp.com\/queretaronetwork.tv\/wp-content\/uploads\/2021\/03\/71_273_32410_517256917_1A4F0F36-E0F0-4583-85B8-D4212E1D90BD.jpeg?fit=1536%2C1507&ssl=1",1536,1507,true],"darknews-slider-full":["https:\/\/i0.wp.com\/queretaronetwork.tv\/wp-content\/uploads\/2021\/03\/71_273_32410_517256917_1A4F0F36-E0F0-4583-85B8-D4212E1D90BD.jpeg?resize=1280%2C720&ssl=1",1280,720,true],"darknews-featured":["https:\/\/i0.wp.com\/queretaronetwork.tv\/wp-content\/uploads\/2021\/03\/71_273_32410_517256917_1A4F0F36-E0F0-4583-85B8-D4212E1D90BD.jpeg?fit=1024%2C1005&ssl=1",1024,1005,true],"darknews-medium":["https:\/\/i0.wp.com\/queretaronetwork.tv\/wp-content\/uploads\/2021\/03\/71_273_32410_517256917_1A4F0F36-E0F0-4583-85B8-D4212E1D90BD.jpeg?resize=720%2C530&ssl=1",720,530,true],"darknews-medium-square":["https:\/\/i0.wp.com\/queretaronetwork.tv\/wp-content\/uploads\/2021\/03\/71_273_32410_517256917_1A4F0F36-E0F0-4583-85B8-D4212E1D90BD.jpeg?resize=350%2C350&ssl=1",350,350,true]},"author_info":{"info":["Editorial QNTV"]},"category_info":"<a href=\"https:\/\/queretaronetwork.tv\/category\/local\/\" rel=\"category tag\">Local<\/a> <a href=\"https:\/\/queretaronetwork.tv\/category\/local\/queretaro\/\" rel=\"category tag\">Quer\u00e9taro<\/a>","tag_info":"Quer\u00e9taro","comment_count":"0","jetpack_featured_media_url":"https:\/\/i0.wp.com\/queretaronetwork.tv\/wp-content\/uploads\/2021\/03\/71_273_32410_517256917_1A4F0F36-E0F0-4583-85B8-D4212E1D90BD.jpeg?fit=1536%2C1507&ssl=1","jetpack_likes_enabled":true,"jetpack-related-posts":[{"id":7701,"url":"https:\/\/queretaronetwork.tv\/nuevo-hospital-general-de-queretaro-recibe-a-los-primeros-pacientes-de-urgencias\/","url_meta":{"origin":7668,"position":0},"title":"Nuevo Hospital General de Quer\u00e9taro recibe a los primeros pacientes de Urgencias","author":"Editorial QNTV","date":"9 marzo, 2021","format":false,"excerpt":"El servicio de Urgencias del nuevo Hospital General de Quer\u00e9taro recibi\u00f3 a los primeros 14 pacientes adultos, quienes este lunes 8 de marzo fueron trasladados en ambulancias desde el Hospital de Especialidades del Ni\u00f1o y la Mujer. \u00a0 El secretario de Salud, Julio C\u00e9sar Ram\u00edrez Arg\u00fcello, y el director de\u2026","rel":"","context":"En &quot;Local&quot;","block_context":{"text":"Local","link":"https:\/\/queretaronetwork.tv\/category\/local\/"},"img":{"alt_text":"","src":"https:\/\/i0.wp.com\/queretaronetwork.tv\/wp-content\/uploads\/2021\/03\/71_273_32426_1817332335_3.jpg?fit=1200%2C800&ssl=1&resize=350%2C200","width":350,"height":200,"srcset":"https:\/\/i0.wp.com\/queretaronetwork.tv\/wp-content\/uploads\/2021\/03\/71_273_32426_1817332335_3.jpg?fit=1200%2C800&ssl=1&resize=350%2C200 1x, https:\/\/i0.wp.com\/queretaronetwork.tv\/wp-content\/uploads\/2021\/03\/71_273_32426_1817332335_3.jpg?fit=1200%2C800&ssl=1&resize=525%2C300 1.5x, https:\/\/i0.wp.com\/queretaronetwork.tv\/wp-content\/uploads\/2021\/03\/71_273_32426_1817332335_3.jpg?fit=1200%2C800&ssl=1&resize=700%2C400 2x, https:\/\/i0.wp.com\/queretaronetwork.tv\/wp-content\/uploads\/2021\/03\/71_273_32426_1817332335_3.jpg?fit=1200%2C800&ssl=1&resize=1050%2C600 3x"},"classes":[]},{"id":7455,"url":"https:\/\/queretaronetwork.tv\/el-nuevo-hospital-general-de-queretaro-una-realidad-en-beneficio-de-muchas-generaciones\/","url_meta":{"origin":7668,"position":1},"title":"El nuevo Hospital General de Quer\u00e9taro, una realidad en beneficio de muchas generaciones","author":"Editorial QNTV","date":"1 marzo, 2021","format":false,"excerpt":"Con la visi\u00f3n de mejorar los servicios de salud, el gobierno del estado, con participaci\u00f3n del gobierno federal, construy\u00f3 el nuevo Hospital General de Quer\u00e9taro, que contar\u00e1 con 33 especialidades y comenzar\u00e1 a dar servicio este lunes 1 de marzo. \u00a0 El terreno donde se edific\u00f3 es de m\u00e1s de\u2026","rel":"","context":"En &quot;Local&quot;","block_context":{"text":"Local","link":"https:\/\/queretaronetwork.tv\/category\/local\/"},"img":{"alt_text":"","src":"https:\/\/i0.wp.com\/queretaronetwork.tv\/wp-content\/uploads\/2021\/03\/71_273_32329_1176916738_NHG_ALBERGUE_NUEVO_HOSPITAL_GENERAL_24-scaled.jpg?fit=1200%2C800&ssl=1&resize=350%2C200","width":350,"height":200,"srcset":"https:\/\/i0.wp.com\/queretaronetwork.tv\/wp-content\/uploads\/2021\/03\/71_273_32329_1176916738_NHG_ALBERGUE_NUEVO_HOSPITAL_GENERAL_24-scaled.jpg?fit=1200%2C800&ssl=1&resize=350%2C200 1x, https:\/\/i0.wp.com\/queretaronetwork.tv\/wp-content\/uploads\/2021\/03\/71_273_32329_1176916738_NHG_ALBERGUE_NUEVO_HOSPITAL_GENERAL_24-scaled.jpg?fit=1200%2C800&ssl=1&resize=525%2C300 1.5x, https:\/\/i0.wp.com\/queretaronetwork.tv\/wp-content\/uploads\/2021\/03\/71_273_32329_1176916738_NHG_ALBERGUE_NUEVO_HOSPITAL_GENERAL_24-scaled.jpg?fit=1200%2C800&ssl=1&resize=700%2C400 2x, https:\/\/i0.wp.com\/queretaronetwork.tv\/wp-content\/uploads\/2021\/03\/71_273_32329_1176916738_NHG_ALBERGUE_NUEVO_HOSPITAL_GENERAL_24-scaled.jpg?fit=1200%2C800&ssl=1&resize=1050%2C600 3x"},"classes":[]},{"id":7499,"url":"https:\/\/queretaronetwork.tv\/nuevo-hospital-general-de-queretaro-inicia-labores-de-consulta-externa\/","url_meta":{"origin":7668,"position":2},"title":"Nuevo Hospital General de Quer\u00e9taro inicia labores de consulta externa","author":"Editorial QNTV","date":"2 marzo, 2021","format":false,"excerpt":"El nuevo Hospital General de Quer\u00e9taro inici\u00f3 labores este lunes, con la atenci\u00f3n \u00a0de consulta externa y a partir del 8 de marzo comenzar\u00e1 el servicio de hospitalizaci\u00f3n, adem\u00e1s de que ya puede tramitarse el resurtido de recetas y cita de primera vez. \u00a0 El horario de consulta es de\u2026","rel":"","context":"En &quot;Local&quot;","block_context":{"text":"Local","link":"https:\/\/queretaronetwork.tv\/category\/local\/"},"img":{"alt_text":"","src":"https:\/\/i0.wp.com\/queretaronetwork.tv\/wp-content\/uploads\/2021\/03\/71_273_32348_1189156755_2_2-scaled.jpg?fit=1200%2C800&ssl=1&resize=350%2C200","width":350,"height":200,"srcset":"https:\/\/i0.wp.com\/queretaronetwork.tv\/wp-content\/uploads\/2021\/03\/71_273_32348_1189156755_2_2-scaled.jpg?fit=1200%2C800&ssl=1&resize=350%2C200 1x, https:\/\/i0.wp.com\/queretaronetwork.tv\/wp-content\/uploads\/2021\/03\/71_273_32348_1189156755_2_2-scaled.jpg?fit=1200%2C800&ssl=1&resize=525%2C300 1.5x, https:\/\/i0.wp.com\/queretaronetwork.tv\/wp-content\/uploads\/2021\/03\/71_273_32348_1189156755_2_2-scaled.jpg?fit=1200%2C800&ssl=1&resize=700%2C400 2x, https:\/\/i0.wp.com\/queretaronetwork.tv\/wp-content\/uploads\/2021\/03\/71_273_32348_1189156755_2_2-scaled.jpg?fit=1200%2C800&ssl=1&resize=1050%2C600 3x"},"classes":[]},{"id":4783,"url":"https:\/\/queretaronetwork.tv\/queretaro-pionero-en-reconversion-hospitalaria-para-atender-pacientes-con-covid-19\/","url_meta":{"origin":7668,"position":3},"title":"Quer\u00e9taro pionero en reconversi\u00f3n hospitalaria para atender pacientes con COVID-19","author":"Editorial QNTV","date":"24 marzo, 2020","format":false,"excerpt":"El gobernador del estado, Francisco Dom\u00ednguez Servi\u00e9n, realiz\u00f3 un recorrido por el albergue del Hospital General de Quer\u00e9taro y el Hospital de Especialidades del Ni\u00f1o y la Mujer, espacios que se habilitar\u00e1n para atenci\u00f3n m\u00e9dica, con lo cual Quer\u00e9taro es pionero en reconvertir sus instalaciones hospitalarias y garantizar la atenci\u00f3n\u2026","rel":"","context":"En &quot;Estado&quot;","block_context":{"text":"Estado","link":"https:\/\/queretaronetwork.tv\/category\/estado\/"},"img":{"alt_text":"","src":"https:\/\/i0.wp.com\/queretaronetwork.tv\/wp-content\/uploads\/2020\/03\/Captura-de-pantalla-2020-03-24-a-las-14.06.01.png?fit=1200%2C783&ssl=1&resize=350%2C200","width":350,"height":200,"srcset":"https:\/\/i0.wp.com\/queretaronetwork.tv\/wp-content\/uploads\/2020\/03\/Captura-de-pantalla-2020-03-24-a-las-14.06.01.png?fit=1200%2C783&ssl=1&resize=350%2C200 1x, https:\/\/i0.wp.com\/queretaronetwork.tv\/wp-content\/uploads\/2020\/03\/Captura-de-pantalla-2020-03-24-a-las-14.06.01.png?fit=1200%2C783&ssl=1&resize=525%2C300 1.5x, https:\/\/i0.wp.com\/queretaronetwork.tv\/wp-content\/uploads\/2020\/03\/Captura-de-pantalla-2020-03-24-a-las-14.06.01.png?fit=1200%2C783&ssl=1&resize=700%2C400 2x, https:\/\/i0.wp.com\/queretaronetwork.tv\/wp-content\/uploads\/2020\/03\/Captura-de-pantalla-2020-03-24-a-las-14.06.01.png?fit=1200%2C783&ssl=1&resize=1050%2C600 3x"},"classes":[]},{"id":7464,"url":"https:\/\/queretaronetwork.tv\/es-el-nuevo-hospital-general-de-queretaro-referente-a-nivel-nacional-en-salud-publica-gobernador\/","url_meta":{"origin":7668,"position":4},"title":"Es el nuevo Hospital General de Quer\u00e9taro referente a nivel nacional en salud p\u00fablica: Gobernador","author":"Editorial QNTV","date":"1 marzo, 2021","format":false,"excerpt":"El presidente de M\u00e9xico, Andr\u00e9s Manuel L\u00f3pez Obrador, inaugur\u00f3 las instalaciones del nuevo Hospital General de Quer\u00e9taro, cuya inversi\u00f3n en obra y equipamiento asciende a mil 690 millones de pesos, complejo que, a decir del gobernador Francisco Dom\u00ednguez Servi\u00e9n ser\u00e1 un referente nacional de salud p\u00fablica. \u00a0 Con esta acci\u00f3n,\u2026","rel":"","context":"En &quot;Local&quot;","block_context":{"text":"Local","link":"https:\/\/queretaronetwork.tv\/category\/local\/"},"img":{"alt_text":"","src":"https:\/\/i0.wp.com\/queretaronetwork.tv\/wp-content\/uploads\/2021\/03\/71_273_32313_860996072_26_02_2021_INAUGURACION_NHGQ00029-scaled.jpg?fit=1200%2C800&ssl=1&resize=350%2C200","width":350,"height":200,"srcset":"https:\/\/i0.wp.com\/queretaronetwork.tv\/wp-content\/uploads\/2021\/03\/71_273_32313_860996072_26_02_2021_INAUGURACION_NHGQ00029-scaled.jpg?fit=1200%2C800&ssl=1&resize=350%2C200 1x, https:\/\/i0.wp.com\/queretaronetwork.tv\/wp-content\/uploads\/2021\/03\/71_273_32313_860996072_26_02_2021_INAUGURACION_NHGQ00029-scaled.jpg?fit=1200%2C800&ssl=1&resize=525%2C300 1.5x, https:\/\/i0.wp.com\/queretaronetwork.tv\/wp-content\/uploads\/2021\/03\/71_273_32313_860996072_26_02_2021_INAUGURACION_NHGQ00029-scaled.jpg?fit=1200%2C800&ssl=1&resize=700%2C400 2x, https:\/\/i0.wp.com\/queretaronetwork.tv\/wp-content\/uploads\/2021\/03\/71_273_32313_860996072_26_02_2021_INAUGURACION_NHGQ00029-scaled.jpg?fit=1200%2C800&ssl=1&resize=1050%2C600 3x"},"classes":[]},{"id":4888,"url":"https:\/\/queretaronetwork.tv\/hospital-general-de-queretaro-listo-para-atender-a-pacientes-con-enfermedades-respiratorias-incluida-covid-19\/","url_meta":{"origin":7668,"position":5},"title":"Hospital General de Quer\u00e9taro listo para atender a pacientes con enfermedades respiratorias, incluida COVID-19","author":"Editorial QNTV","date":"29 marzo, 2020","format":false,"excerpt":"La Secretar\u00eda de Salud del estado de Quer\u00e9taro informa que, de acuerdo con el Lineamiento para la atenci\u00f3n de pacientes de COVID-19, se llev\u00f3 a cabo la reconversi\u00f3n del Hospital General de Quer\u00e9taro para la atenci\u00f3n integral de pacientes con enfermedad respiratoria aguda, incluyendo Covid-19. Las citas para cirug\u00eda o\u2026","rel":"","context":"En &quot;Covid-19&quot;","block_context":{"text":"Covid-19","link":"https:\/\/queretaronetwork.tv\/category\/covid-19\/"},"img":{"alt_text":"","src":"https:\/\/i0.wp.com\/queretaronetwork.tv\/wp-content\/uploads\/2020\/03\/img_8884.jpg?fit=980%2C550&ssl=1&resize=350%2C200","width":350,"height":200,"srcset":"https:\/\/i0.wp.com\/queretaronetwork.tv\/wp-content\/uploads\/2020\/03\/img_8884.jpg?fit=980%2C550&ssl=1&resize=350%2C200 1x, https:\/\/i0.wp.com\/queretaronetwork.tv\/wp-content\/uploads\/2020\/03\/img_8884.jpg?fit=980%2C550&ssl=1&resize=525%2C300 1.5x, https:\/\/i0.wp.com\/queretaronetwork.tv\/wp-content\/uploads\/2020\/03\/img_8884.jpg?fit=980%2C550&ssl=1&resize=700%2C400 2x"},"classes":[]}],"jetpack_sharing_enabled":true,"jetpack_shortlink":"https:\/\/wp.me\/pardhb-1ZG","_links":{"self":[{"href":"https:\/\/queretaronetwork.tv\/wp-json\/wp\/v2\/posts\/7668","targetHints":{"allow":["GET"]}}],"collection":[{"href":"https:\/\/queretaronetwork.tv\/wp-json\/wp\/v2\/posts"}],"about":[{"href":"https:\/\/queretaronetwork.tv\/wp-json\/wp\/v2\/types\/post"}],"author":[{"embeddable":true,"href":"https:\/\/queretaronetwork.tv\/wp-json\/wp\/v2\/users\/2"}],"replies":[{"embeddable":true,"href":"https:\/\/queretaronetwork.tv\/wp-json\/wp\/v2\/comments?post=7668"}],"version-history":[{"count":2,"href":"https:\/\/queretaronetwork.tv\/wp-json\/wp\/v2\/posts\/7668\/revisions"}],"predecessor-version":[{"id":7671,"href":"https:\/\/queretaronetwork.tv\/wp-json\/wp\/v2\/posts\/7668\/revisions\/7671"}],"wp:featuredmedia":[{"embeddable":true,"href":"https:\/\/queretaronetwork.tv\/wp-json\/wp\/v2\/media\/7672"}],"wp:attachment":[{"href":"https:\/\/queretaronetwork.tv\/wp-json\/wp\/v2\/media?parent=7668"}],"wp:term":[{"taxonomy":"category","embeddable":true,"href":"https:\/\/queretaronetwork.tv\/wp-json\/wp\/v2\/categories?post=7668"},{"taxonomy":"post_tag","embeddable":true,"href":"https:\/\/queretaronetwork.tv\/wp-json\/wp\/v2\/tags?post=7668"}],"curies":[{"name":"wp","href":"https:\/\/api.w.org\/{rel}","templated":true}]}}